{"id":155002,"date":"2023-12-07T07:39:43","date_gmt":"2023-12-07T12:39:43","guid":{"rendered":"https:\/\/news.canadamotorjobs.com\/?p=155002"},"modified":"2023-12-07T07:44:32","modified_gmt":"2023-12-07T12:44:32","slug":"apercu-de-laudi-q6-e-tron-2025","status":"publish","type":"post","link":"https:\/\/news.canadamotorjobs.com\/fr\/apercu-de-laudi-q6-e-tron-2025\/","title":{"rendered":"Aper\u00e7u de l\u2019Audi Q6 e-tron 2025"},"content":{"rendered":"<\/p>\n<h3><strong>Prototype sans camouflage<\/strong><\/h3>\n<p>\nLes images des prototypes du tout nouvel Audi Q6 e-tron ont \u00e9t\u00e9 captur\u00e9es r\u00e9cemment, nous donnant un aper\u00e7u d\u00e9taill\u00e9 de son ext\u00e9rieur. Les SUV blancs, d\u00e9couverts \u00e0 l&#8217;exception de petits d\u00e9tails dissimul\u00e9s, r\u00e9v\u00e8lent une carrosserie sculpt\u00e9e, des phares Matrix LED technologiques et des feux arri\u00e8re OLED s&#8217;\u00e9tendant sur toute la largeur. La calandre argent\u00e9e, entour\u00e9e d&#8217;une garniture noire, offre un contraste saisissant sur la carrosserie blanche, cr\u00e9ant une esth\u00e9tique sophistiqu\u00e9e rappelant le Q4 e-tron.<\/p>\n<h3><strong>Versions et styles : VUS et Sportback<\/strong><\/h3>\n<p>\nAudi proposera, comme \u00e0 son habitude, une version Sportback du Q6 e-tron pour les amateurs de SUV avec un style coup\u00e9. Le dernier prototype conserve un camouflage partiel \u00e0 l&#8217;arri\u00e8re, cachant les montants C distinctifs du Sportback, la vitre arri\u00e8re inclin\u00e9e et l&#8217;aileron int\u00e9gr\u00e9.<\/p>\n<h3><strong>Technologie de pointe \u00e0 l&#8217;int\u00e9rieur<\/strong><\/h3>\n<p>\nL&#8217;int\u00e9rieur, d\u00e9voil\u00e9 lors du salon de l&#8217;automobile de Munich, promet une exp\u00e9rience high-tech. Avec un tableau de bord riche en technologie comprenant un combin\u00e9 d&#8217;instruments num\u00e9riques, un \u00e9cran d&#8217;infodivertissement, un \u00e9cran passager et une option d&#8217;affichage t\u00eate haute \u00e0 r\u00e9alit\u00e9 augment\u00e9e, l&#8217;habitacle sera \u00e0 la pointe de l&#8217;innovation. Des finitions durables pour les si\u00e8ges et un syst\u00e8me audio haut de gamme Bang &amp; Olufsen agr\u00e9menteront le confort des passagers.<\/p>\n<h3><strong>Puissance et performance \u00e9lectriques<\/strong><\/h3>\n<p>\nLe Q6 e-tron sera le premier mod\u00e8le d&#8217;Audi bas\u00e9 sur l&#8217;architecture PPE, offrant un syst\u00e8me \u00e9lectrique 800 volts. Dot\u00e9 d&#8217;une batterie de 100 kWh pour une autonomie de 600 km et une charge rapide de 270 kW, il sera propuls\u00e9 par deux moteurs \u00e9lectriques, offrant jusqu&#8217;\u00e0 396 ch pour la version 55 Quattro et jusqu&#8217;\u00e0 510 ch pour le SQ6 e-Tron. Une version RS encore plus puissante est envisag\u00e9e pour l&#8217;avenir.<\/p>\n<h3><strong>Production et date de sortie<\/strong><\/h3>\n<p>\nLa production du Q6 e-tron se d\u00e9roulera \u00e0 l&#8217;usine Audi d&#8217;Ingolstadt. Pr\u00e9vu pour d\u00e9buter en 2024, ce VUS \u00e9lectrique devrait arriver sur le march\u00e9 peu de temps apr\u00e8s son d\u00e9voilement initial. Cette derni\u00e8re cr\u00e9ation \u00e9lectrique d&#8217;Audi, le Q6 e-tron, promet d&#8217;offrir une combinaison de design innovant, de performances \u00e9lectriques de pointe et de technologies de pointe dans un ensemble \u00e9l\u00e9gant et \u00e9co-responsable.<\/p>\n<p>\u00a0<\/p>\n<p>Le texte <a rel=\"nofollow\" href=\"https:\/\/annuelauto.ca\/apercu-de-laudi-q6-e-tron-2025\/\">Aper\u00e7u de l\u2019Audi Q6 e-tron 2025<\/a> provient de <a rel=\"nofollow\" href=\"https:\/\/annuelauto.ca\">L&#8217;annuel de l&#8217;automobile &#8211; Actualit\u00e9 automobile<\/a><\/p>\n<p><\/p>\n","protected":false},"excerpt":{"rendered":"<p>Prototype sans camouflage Les images des prototypes du tout nouvel Audi Q6 e-tron ont \u00e9t\u00e9 captur\u00e9es r\u00e9cemment, nous donnant un aper\u00e7u d\u00e9taill\u00e9 de son ext\u00e9rieur. Les SUV blancs, d\u00e9couverts \u00e0 l&#8217;exception de petits d\u00e9tails dissimul\u00e9s, r\u00e9v\u00e8lent une carrosserie sculpt\u00e9e, des phares Matrix LED technologiques et des feux arri\u00e8re OLED s&#8217;\u00e9tendant sur toute la largeur. La [&hellip;]<\/p>\n","protected":false},"author":8,"featured_media":155004,"comment_status":"close","ping_status":"closed","sticky":false,"template":"","format":"standard","meta":{"_monsterinsights_skip_tracking":false,"_monsterinsights_sitenote_active":false,"_monsterinsights_sitenote_note":"","_monsterinsights_sitenote_category":0,"footnotes":""},"categories":[101],"tags":[],"yoast_head":"<!-- This site is optimized with the Yoast SEO plugin v23.2 - https:\/\/yoast.com\/wordpress\/plugins\/seo\/ -->\n<title>Aper\u00e7u de l\u2019Audi Q6 e-tron 2025 - CanadaMotorJobs.com<\/title>\n<meta name=\"description\" content=\"Aper\u00e7u de l\u2019Audi Q6 e-tron 2025 - Benoit Charette - Annuel automobile - CanadaMotorJobs.com.\" \/>\n<meta name=\"robots\" content=\"index, follow, max-snippet:-1, max-image-preview:large, max-video-preview:-1\" \/>\n<meta property=\"og:locale\" content=\"fr_CA\" \/>\n<meta property=\"og:type\" content=\"article\" \/>\n<meta property=\"og:title\" content=\"Aper\u00e7u de l\u2019Audi Q6 e-tron 2025 - CanadaMotorJobs.com\" \/>\n<meta property=\"og:description\" content=\"Aper\u00e7u de l\u2019Audi Q6 e-tron 2025 - Benoit Charette - Annuel automobile - CanadaMotorJobs.com.\" \/>\n<meta property=\"og:url\" content=\"https:\/\/news.canadamotorjobs.com\/fr\/apercu-de-laudi-q6-e-tron-2025\/\" \/>\n<meta property=\"og:site_name\" content=\"CanadaMotorJobs.com\" \/>\n<meta property=\"article:publisher\" content=\"https:\/\/www.facebook.com\/canadamotorjobs\/\" \/>\n<meta property=\"article:published_time\" content=\"2023-12-07T12:39:43+00:00\" \/>\n<meta property=\"article:modified_time\" content=\"2023-12-07T12:44:32+00:00\" \/>\n<meta property=\"og:image\" content=\"https:\/\/news.canadamotorjobs.com\/wp-content\/uploads\/2023\/12\/audi-q6-e-tron-2023-02-min-1400x700-1.jpg\" \/>\n\t<meta property=\"og:image:width\" content=\"1400\" \/>\n\t<meta property=\"og:image:height\" content=\"700\" \/>\n\t<meta property=\"og:image:type\" content=\"image\/jpeg\" \/>\n<meta name=\"author\" content=\"Benoit Charette\" \/>\n<meta name=\"twitter:card\" content=\"summary_large_image\" \/>\n<meta name=\"twitter:creator\" content=\"@canadamotorjobs\" \/>\n<meta name=\"twitter:site\" content=\"@canadamotorjobs\" \/>\n<meta name=\"twitter:label1\" content=\"\u00c9crit par\" \/>\n\t<meta name=\"twitter:data1\" content=\"Benoit Charette\" \/>\n\t<meta name=\"twitter:label2\" content=\"Estimation du temps de lecture\" \/>\n\t<meta name=\"twitter:data2\" content=\"2 minutes\" \/>\n<!-- \/ Yoast SEO plugin. -->","yoast_head_json":{"title":"Aper\u00e7u de l\u2019Audi Q6 e-tron 2025 - CanadaMotorJobs.com","description":"Aper\u00e7u de l\u2019Audi Q6 e-tron 2025 - Benoit Charette - Annuel automobile - CanadaMotorJobs.com.","robots":{"index":"index","follow":"follow","max-snippet":"max-snippet:-1","max-image-preview":"max-image-preview:large","max-video-preview":"max-video-preview:-1"},"og_locale":"fr_CA","og_type":"article","og_title":"Aper\u00e7u de l\u2019Audi Q6 e-tron 2025 - CanadaMotorJobs.com","og_description":"Aper\u00e7u de l\u2019Audi Q6 e-tron 2025 - Benoit Charette - Annuel automobile - CanadaMotorJobs.com.","og_url":"https:\/\/news.canadamotorjobs.com\/fr\/apercu-de-laudi-q6-e-tron-2025\/","og_site_name":"CanadaMotorJobs.com","article_publisher":"https:\/\/www.facebook.com\/canadamotorjobs\/","article_published_time":"2023-12-07T12:39:43+00:00","article_modified_time":"2023-12-07T12:44:32+00:00","og_image":[{"width":1400,"height":700,"url":"https:\/\/news.canadamotorjobs.com\/wp-content\/uploads\/2023\/12\/audi-q6-e-tron-2023-02-min-1400x700-1.jpg","type":"image\/jpeg"}],"author":"Benoit Charette","twitter_card":"summary_large_image","twitter_creator":"@canadamotorjobs","twitter_site":"@canadamotorjobs","twitter_misc":{"\u00c9crit par":"Benoit Charette","Estimation du temps de lecture":"2 minutes"},"schema":{"@context":"https:\/\/schema.org","@graph":[{"@type":"Article","@id":"https:\/\/news.canadamotorjobs.com\/fr\/apercu-de-laudi-q6-e-tron-2025\/#article","isPartOf":{"@id":"https:\/\/news.canadamotorjobs.com\/fr\/apercu-de-laudi-q6-e-tron-2025\/"},"author":{"name":"Benoit Charette","@id":"https:\/\/news.canadamotorjobs.com\/#\/schema\/person\/51793d1f87d44011d7bcc2ed99269a90"},"headline":"Aper\u00e7u de l\u2019Audi Q6 e-tron 2025","datePublished":"2023-12-07T12:39:43+00:00","dateModified":"2023-12-07T12:44:32+00:00","mainEntityOfPage":{"@id":"https:\/\/news.canadamotorjobs.com\/fr\/apercu-de-laudi-q6-e-tron-2025\/"},"wordCount":418,"publisher":{"@id":"https:\/\/news.canadamotorjobs.com\/#organization"},"image":{"@id":"https:\/\/news.canadamotorjobs.com\/fr\/apercu-de-laudi-q6-e-tron-2025\/#primaryimage"},"thumbnailUrl":"https:\/\/news.canadamotorjobs.com\/wp-content\/uploads\/2023\/12\/audi-q6-e-tron-2023-02-min-1400x700-1.jpg","articleSection":["Annuel automobile"],"inLanguage":"fr-CA"},{"@type":"WebPage","@id":"https:\/\/news.canadamotorjobs.com\/fr\/apercu-de-laudi-q6-e-tron-2025\/","url":"https:\/\/news.canadamotorjobs.com\/fr\/apercu-de-laudi-q6-e-tron-2025\/","name":"Aper\u00e7u de l\u2019Audi Q6 e-tron 2025 - CanadaMotorJobs.com","isPartOf":{"@id":"https:\/\/news.canadamotorjobs.com\/#website"},"primaryImageOfPage":{"@id":"https:\/\/news.canadamotorjobs.com\/fr\/apercu-de-laudi-q6-e-tron-2025\/#primaryimage"},"image":{"@id":"https:\/\/news.canadamotorjobs.com\/fr\/apercu-de-laudi-q6-e-tron-2025\/#primaryimage"},"thumbnailUrl":"https:\/\/news.canadamotorjobs.com\/wp-content\/uploads\/2023\/12\/audi-q6-e-tron-2023-02-min-1400x700-1.jpg","datePublished":"2023-12-07T12:39:43+00:00","dateModified":"2023-12-07T12:44:32+00:00","description":"Aper\u00e7u de l\u2019Audi Q6 e-tron 2025 - Benoit Charette - Annuel automobile - CanadaMotorJobs.com.","breadcrumb":{"@id":"https:\/\/news.canadamotorjobs.com\/fr\/apercu-de-laudi-q6-e-tron-2025\/#breadcrumb"},"inLanguage":"fr-CA","potentialAction":[{"@type":"ReadAction","target":["https:\/\/news.canadamotorjobs.com\/fr\/apercu-de-laudi-q6-e-tron-2025\/"]}]},{"@type":"ImageObject","inLanguage":"fr-CA","@id":"https:\/\/news.canadamotorjobs.com\/fr\/apercu-de-laudi-q6-e-tron-2025\/#primaryimage","url":"https:\/\/news.canadamotorjobs.com\/wp-content\/uploads\/2023\/12\/audi-q6-e-tron-2023-02-min-1400x700-1.jpg","contentUrl":"https:\/\/news.canadamotorjobs.com\/wp-content\/uploads\/2023\/12\/audi-q6-e-tron-2023-02-min-1400x700-1.jpg","width":1400,"height":700},{"@type":"BreadcrumbList","@id":"https:\/\/news.canadamotorjobs.com\/fr\/apercu-de-laudi-q6-e-tron-2025\/#breadcrumb","itemListElement":[{"@type":"ListItem","position":1,"name":"Home","item":"https:\/\/news.canadamotorjobs.com\/fr\/blog\/"},{"@type":"ListItem","position":2,"name":"Aper\u00e7u de l\u2019Audi Q6 e-tron 2025"}]},{"@type":"WebSite","@id":"https:\/\/news.canadamotorjobs.com\/#website","url":"https:\/\/news.canadamotorjobs.com\/","name":"CanadaMotorJobs.com","description":"Automotive Jobs","publisher":{"@id":"https:\/\/news.canadamotorjobs.com\/#organization"},"potentialAction":[{"@type":"SearchAction","target":{"@type":"EntryPoint","urlTemplate":"https:\/\/news.canadamotorjobs.com\/?s={search_term_string}"},"query-input":"required name=search_term_string"}],"inLanguage":"fr-CA"},{"@type":"Organization","@id":"https:\/\/news.canadamotorjobs.com\/#organization","name":"Canada Motor Jobs","url":"https:\/\/news.canadamotorjobs.com\/","logo":{"@type":"ImageObject","inLanguage":"fr-CA","@id":"https:\/\/news.canadamotorjobs.com\/#\/schema\/logo\/image\/","url":"https:\/\/news.canadamotorjobs.com\/wp-content\/uploads\/2022\/10\/logo-canada-motor-jobs-1.png","contentUrl":"https:\/\/news.canadamotorjobs.com\/wp-content\/uploads\/2022\/10\/logo-canada-motor-jobs-1.png","width":800,"height":400,"caption":"Canada Motor Jobs"},"image":{"@id":"https:\/\/news.canadamotorjobs.com\/#\/schema\/logo\/image\/"},"sameAs":["https:\/\/www.facebook.com\/canadamotorjobs\/","https:\/\/x.com\/canadamotorjobs","https:\/\/www.instagram.com\/canadamotorjobs\/","https:\/\/www.linkedin.com\/company\/canadamotorjobs"]},{"@type":"Person","@id":"https:\/\/news.canadamotorjobs.com\/#\/schema\/person\/51793d1f87d44011d7bcc2ed99269a90","name":"Benoit Charette","image":{"@type":"ImageObject","inLanguage":"fr-CA","@id":"https:\/\/news.canadamotorjobs.com\/#\/schema\/person\/image\/","url":"https:\/\/secure.gravatar.com\/avatar\/45f3d2eebcccd909668d7ce7ea7267b6?s=96&d=mm&r=g","contentUrl":"https:\/\/secure.gravatar.com\/avatar\/45f3d2eebcccd909668d7ce7ea7267b6?s=96&d=mm&r=g","caption":"Benoit Charette"},"description":"Benoit Charette \/ Propri\u00e9taire et r\u00e9dacteur en chef Benoit Charette pratique le journalisme automobile depuis bient\u00f4t 30 ans. Il a fait ses classes au c\u00f4t\u00e9 de Daniel H\u00e9raud et au Carnet de route de 1992 \u00e0 2001. Il est fondateur, copropri\u00e9taire et r\u00e9dacteur en chef de L\u2019Annuel de l\u2019automobile, qu\u2019il publie depuis 2001. Il a anim\u00e9 les \u00e9missions RPM et RPM+ sur V et les L\u00e9gendes de la route sur Historia. \u00c0 la radio depuis 1986, il reprend l\u2019antenne cette ann\u00e9e sur les ondes de Cogeco et participe pour la deuxi\u00e8me ann\u00e9e \u00e0 l\u2019\u00e9mission Passion Auto sur RDS en plus de mettre en ligne le site Web officiel de L\u2019Annuel de l\u2019automobile sur annuelauto.ca.","sameAs":["https:\/\/annuelauto.ca\/"],"url":"https:\/\/news.canadamotorjobs.com\/fr\/author\/benoit-charette\/"}]}},"_links":{"self":[{"href":"https:\/\/news.canadamotorjobs.com\/fr\/wp-json\/wp\/v2\/posts\/155002"}],"collection":[{"href":"https:\/\/news.canadamotorjobs.com\/fr\/wp-json\/wp\/v2\/posts"}],"about":[{"href":"https:\/\/news.canadamotorjobs.com\/fr\/wp-json\/wp\/v2\/types\/post"}],"author":[{"embeddable":true,"href":"https:\/\/news.canadamotorjobs.com\/fr\/wp-json\/wp\/v2\/users\/8"}],"replies":[{"embeddable":true,"href":"https:\/\/news.canadamotorjobs.com\/fr\/wp-json\/wp\/v2\/comments?post=155002"}],"version-history":[{"count":2,"href":"https:\/\/news.canadamotorjobs.com\/fr\/wp-json\/wp\/v2\/posts\/155002\/revisions"}],"predecessor-version":[{"id":155006,"href":"https:\/\/news.canadamotorjobs.com\/fr\/wp-json\/wp\/v2\/posts\/155002\/revisions\/155006"}],"wp:featuredmedia":[{"embeddable":true,"href":"https:\/\/news.canadamotorjobs.com\/fr\/wp-json\/wp\/v2\/media\/155004"}],"wp:attachment":[{"href":"https:\/\/news.canadamotorjobs.com\/fr\/wp-json\/wp\/v2\/media?parent=155002"}],"wp:term":[{"taxonomy":"category","embeddable":true,"href":"https:\/\/news.canadamotorjobs.com\/fr\/wp-json\/wp\/v2\/categories?post=155002"},{"taxonomy":"post_tag","embeddable":true,"href":"https:\/\/news.canadamotorjobs.com\/fr\/wp-json\/wp\/v2\/tags?post=155002"}],"curies":[{"name":"wp","href":"https:\/\/api.w.org\/{rel}","templated":true}]}}