{"id":154964,"date":"2023-12-06T12:05:59","date_gmt":"2023-12-06T17:05:59","guid":{"rendered":"https:\/\/news.canadamotorjobs.com\/?p=154964"},"modified":"2023-12-06T12:07:04","modified_gmt":"2023-12-06T17:07:04","slug":"chrysler-rappelle-142-150-camions-ram","status":"publish","type":"post","link":"https:\/\/news.canadamotorjobs.com\/fr\/chrysler-rappelle-142-150-camions-ram\/","title":{"rendered":"Chrysler rappelle 142 150 camions Ram"},"content":{"rendered":"<\/p>\n<p>La NHTSA a publi\u00e9 un rappel de s\u00e9curit\u00e9 pour pas moins de 142 150 camions Ram. \u00a0Les v\u00e9hicules concern\u00e9s vont du Ram 1500 Classic 2023 au Ram Cab Chassis 2024 dans les versions 4500 et 5500. Selon les documents d\u00e9pos\u00e9s par Chrysler aupr\u00e8s de la NHTSA, le module de commande de la colonne de direction pourrait avoir \u00e9t\u00e9 produit avec un composant anti-blocage des clignotants hors sp\u00e9cifications. Ces modules pourraient \u00e9galement avoir \u00e9t\u00e9 produits avec une carte de circuit imprim\u00e9 court-circuit\u00e9e.<\/p>\n<h3>C\u2019est quoi le probl\u00e8me<\/h3>\n<p>\nEn termes simples, il s&#8217;agit d&#8217;une d\u00e9faillance de l&#8217;auto-annulation des clignotants ou de l&#8217;activation des clignotants lors de l&#8217;utilisation des feux de route. En d&#8217;autres termes, Chrysler a identifi\u00e9 un cas de non-conformit\u00e9 \u00e0 la norme 108 de la Federal Motor Vehicle Safety Standard. Le constructeur automobile bas\u00e9 \u00e0 Auburn Hills a d\u00e9cid\u00e9 de proc\u00e9der \u00e0 un rappel de s\u00e9curit\u00e9 pour rem\u00e9dier \u00e0 cette situation. Quoi qu&#8217;il en soit, les concessionnaires et les propri\u00e9taires seront inform\u00e9s vers le 17 janvier de l&#8217;ann\u00e9e prochaine.<\/p>\n<h3>20 pi\u00e8ces concern\u00e9es<\/h3>\n<p>\nPas moins de 20 num\u00e9ros de pi\u00e8ces ont \u00e9t\u00e9 d\u00e9pos\u00e9s aupr\u00e8s de la NHTSA pour les modules d\u00e9fectueux, \u00e0 savoir 12 pour les camions de l&#8217;ann\u00e9e 2023 et 8 pour les camions de l&#8217;ann\u00e9e 2024. De toute \u00e9vidence, le rem\u00e8de se pr\u00e9sente sous la forme d&#8217;un module redessin\u00e9 dot\u00e9 d&#8217;un composant anti-blocage conforme et d&#8217;une carte de circuit imprim\u00e9 r\u00e9vis\u00e9e. Bas\u00e9 sur le pick-up Ram de la g\u00e9n\u00e9ration pr\u00e9c\u00e9dente, le 1500 Classic est rappel\u00e9 \u00e0 hauteur de 23 030 unit\u00e9s fabriqu\u00e9es pour le march\u00e9 am\u00e9ricain entre septembre 2022 et juin 2023. Le pick-up demi-tonne est rejoint par les mod\u00e8les 2500 (73 739 unit\u00e9s), 3500 (25 799 unit\u00e9s), 3500 Cab Chassis (6 149 unit\u00e9s), ainsi que les mod\u00e8les 4500 Cab Chassis et 5500 Cab Chassis (13 433 exemplaires au total).<\/p>\n<h3>Comment on r\u00e8gle le probl\u00e8me<\/h3>\n<p>\nTous les v\u00e9hicules rappel\u00e9s sont cens\u00e9s n\u00e9cessiter le nouveau module, les concessionnaires \u00e9tant invit\u00e9s \u00e0 inspecter d&#8217;abord le module de commande de la colonne de direction, puis \u00e0 le remplacer si n\u00e9cessaire.<\/p>\n<p>Avec des renseignements d&#8217;Auto-evolution<\/p>\n<p>\u00a0<\/p>\n<p>\u00a0<\/p>\n<p>Le texte <a rel=\"nofollow\" href=\"https:\/\/annuelauto.ca\/chrysler-rappelle-142-150-camions-ram\/\">Chrysler rappelle 142 150 camions Ram<\/a> provient de <a rel=\"nofollow\" href=\"https:\/\/annuelauto.ca\">L&#8217;annuel de l&#8217;automobile &#8211; Actualit\u00e9 automobile<\/a><\/p>\n<p><\/p>\n","protected":false},"excerpt":{"rendered":"<p>La NHTSA a publi\u00e9 un rappel de s\u00e9curit\u00e9 pour pas moins de 142 150 camions Ram. \u00a0Les v\u00e9hicules concern\u00e9s vont du Ram 1500 Classic 2023 au Ram Cab Chassis 2024 dans les versions 4500 et 5500. Selon les documents d\u00e9pos\u00e9s par Chrysler aupr\u00e8s de la NHTSA, le module de commande de la colonne de direction [&hellip;]<\/p>\n","protected":false},"author":8,"featured_media":154966,"comment_status":"close","ping_status":"closed","sticky":false,"template":"","format":"standard","meta":{"_monsterinsights_skip_tracking":false,"_monsterinsights_sitenote_active":false,"_monsterinsights_sitenote_note":"","_monsterinsights_sitenote_category":0,"footnotes":""},"categories":[101],"tags":[],"yoast_head":"<!-- This site is optimized with the Yoast SEO plugin v23.2 - https:\/\/yoast.com\/wordpress\/plugins\/seo\/ -->\n<title>Chrysler rappelle 142 150 camions Ram - CanadaMotorJobs.com<\/title>\n<meta name=\"description\" content=\"Chrysler rappelle 142 150 camions Ram - Benoit Charette - Annuel automobile - CanadaMotorJobs.com.\" \/>\n<meta name=\"robots\" content=\"index, follow, max-snippet:-1, max-image-preview:large, max-video-preview:-1\" \/>\n<meta property=\"og:locale\" content=\"fr_CA\" \/>\n<meta property=\"og:type\" content=\"article\" \/>\n<meta property=\"og:title\" content=\"Chrysler rappelle 142 150 camions Ram - CanadaMotorJobs.com\" \/>\n<meta property=\"og:description\" content=\"Chrysler rappelle 142 150 camions Ram - Benoit Charette - Annuel automobile - CanadaMotorJobs.com.\" \/>\n<meta property=\"og:url\" content=\"https:\/\/news.canadamotorjobs.com\/fr\/chrysler-rappelle-142-150-camions-ram\/\" \/>\n<meta property=\"og:site_name\" content=\"CanadaMotorJobs.com\" \/>\n<meta property=\"article:publisher\" content=\"https:\/\/www.facebook.com\/canadamotorjobs\/\" \/>\n<meta property=\"article:published_time\" content=\"2023-12-06T17:05:59+00:00\" \/>\n<meta property=\"article:modified_time\" content=\"2023-12-06T17:07:04+00:00\" \/>\n<meta property=\"og:image\" content=\"https:\/\/news.canadamotorjobs.com\/wp-content\/uploads\/2023\/12\/RAM-1500-Classic-Night-Edition-noir-f01.jpg\" \/>\n\t<meta property=\"og:image:width\" content=\"1024\" \/>\n\t<meta property=\"og:image:height\" content=\"768\" \/>\n\t<meta property=\"og:image:type\" content=\"image\/jpeg\" \/>\n<meta name=\"author\" content=\"Benoit Charette\" \/>\n<meta name=\"twitter:card\" content=\"summary_large_image\" \/>\n<meta name=\"twitter:creator\" content=\"@canadamotorjobs\" \/>\n<meta name=\"twitter:site\" content=\"@canadamotorjobs\" \/>\n<meta name=\"twitter:label1\" content=\"\u00c9crit par\" \/>\n\t<meta name=\"twitter:data1\" content=\"Benoit Charette\" \/>\n\t<meta name=\"twitter:label2\" content=\"Estimation du temps de lecture\" \/>\n\t<meta name=\"twitter:data2\" content=\"2 minutes\" \/>\n<!-- \/ Yoast SEO plugin. -->","yoast_head_json":{"title":"Chrysler rappelle 142 150 camions Ram - CanadaMotorJobs.com","description":"Chrysler rappelle 142 150 camions Ram - Benoit Charette - Annuel automobile - CanadaMotorJobs.com.","robots":{"index":"index","follow":"follow","max-snippet":"max-snippet:-1","max-image-preview":"max-image-preview:large","max-video-preview":"max-video-preview:-1"},"og_locale":"fr_CA","og_type":"article","og_title":"Chrysler rappelle 142 150 camions Ram - CanadaMotorJobs.com","og_description":"Chrysler rappelle 142 150 camions Ram - Benoit Charette - Annuel automobile - CanadaMotorJobs.com.","og_url":"https:\/\/news.canadamotorjobs.com\/fr\/chrysler-rappelle-142-150-camions-ram\/","og_site_name":"CanadaMotorJobs.com","article_publisher":"https:\/\/www.facebook.com\/canadamotorjobs\/","article_published_time":"2023-12-06T17:05:59+00:00","article_modified_time":"2023-12-06T17:07:04+00:00","og_image":[{"width":1024,"height":768,"url":"https:\/\/news.canadamotorjobs.com\/wp-content\/uploads\/2023\/12\/RAM-1500-Classic-Night-Edition-noir-f01.jpg","type":"image\/jpeg"}],"author":"Benoit Charette","twitter_card":"summary_large_image","twitter_creator":"@canadamotorjobs","twitter_site":"@canadamotorjobs","twitter_misc":{"\u00c9crit par":"Benoit Charette","Estimation du temps de lecture":"2 minutes"},"schema":{"@context":"https:\/\/schema.org","@graph":[{"@type":"Article","@id":"https:\/\/news.canadamotorjobs.com\/fr\/chrysler-rappelle-142-150-camions-ram\/#article","isPartOf":{"@id":"https:\/\/news.canadamotorjobs.com\/fr\/chrysler-rappelle-142-150-camions-ram\/"},"author":{"name":"Benoit Charette","@id":"https:\/\/news.canadamotorjobs.com\/#\/schema\/person\/51793d1f87d44011d7bcc2ed99269a90"},"headline":"Chrysler rappelle 142 150 camions Ram","datePublished":"2023-12-06T17:05:59+00:00","dateModified":"2023-12-06T17:07:04+00:00","mainEntityOfPage":{"@id":"https:\/\/news.canadamotorjobs.com\/fr\/chrysler-rappelle-142-150-camions-ram\/"},"wordCount":387,"publisher":{"@id":"https:\/\/news.canadamotorjobs.com\/#organization"},"image":{"@id":"https:\/\/news.canadamotorjobs.com\/fr\/chrysler-rappelle-142-150-camions-ram\/#primaryimage"},"thumbnailUrl":"https:\/\/news.canadamotorjobs.com\/wp-content\/uploads\/2023\/12\/RAM-1500-Classic-Night-Edition-noir-f01.jpg","articleSection":["Annuel automobile"],"inLanguage":"fr-CA"},{"@type":"WebPage","@id":"https:\/\/news.canadamotorjobs.com\/fr\/chrysler-rappelle-142-150-camions-ram\/","url":"https:\/\/news.canadamotorjobs.com\/fr\/chrysler-rappelle-142-150-camions-ram\/","name":"Chrysler rappelle 142 150 camions Ram - CanadaMotorJobs.com","isPartOf":{"@id":"https:\/\/news.canadamotorjobs.com\/#website"},"primaryImageOfPage":{"@id":"https:\/\/news.canadamotorjobs.com\/fr\/chrysler-rappelle-142-150-camions-ram\/#primaryimage"},"image":{"@id":"https:\/\/news.canadamotorjobs.com\/fr\/chrysler-rappelle-142-150-camions-ram\/#primaryimage"},"thumbnailUrl":"https:\/\/news.canadamotorjobs.com\/wp-content\/uploads\/2023\/12\/RAM-1500-Classic-Night-Edition-noir-f01.jpg","datePublished":"2023-12-06T17:05:59+00:00","dateModified":"2023-12-06T17:07:04+00:00","description":"Chrysler rappelle 142 150 camions Ram - Benoit Charette - Annuel automobile - CanadaMotorJobs.com.","breadcrumb":{"@id":"https:\/\/news.canadamotorjobs.com\/fr\/chrysler-rappelle-142-150-camions-ram\/#breadcrumb"},"inLanguage":"fr-CA","potentialAction":[{"@type":"ReadAction","target":["https:\/\/news.canadamotorjobs.com\/fr\/chrysler-rappelle-142-150-camions-ram\/"]}]},{"@type":"ImageObject","inLanguage":"fr-CA","@id":"https:\/\/news.canadamotorjobs.com\/fr\/chrysler-rappelle-142-150-camions-ram\/#primaryimage","url":"https:\/\/news.canadamotorjobs.com\/wp-content\/uploads\/2023\/12\/RAM-1500-Classic-Night-Edition-noir-f01.jpg","contentUrl":"https:\/\/news.canadamotorjobs.com\/wp-content\/uploads\/2023\/12\/RAM-1500-Classic-Night-Edition-noir-f01.jpg","width":1024,"height":768},{"@type":"BreadcrumbList","@id":"https:\/\/news.canadamotorjobs.com\/fr\/chrysler-rappelle-142-150-camions-ram\/#breadcrumb","itemListElement":[{"@type":"ListItem","position":1,"name":"Home","item":"https:\/\/news.canadamotorjobs.com\/fr\/blog\/"},{"@type":"ListItem","position":2,"name":"Chrysler rappelle 142 150 camions Ram"}]},{"@type":"WebSite","@id":"https:\/\/news.canadamotorjobs.com\/#website","url":"https:\/\/news.canadamotorjobs.com\/","name":"CanadaMotorJobs.com","description":"Automotive Jobs","publisher":{"@id":"https:\/\/news.canadamotorjobs.com\/#organization"},"potentialAction":[{"@type":"SearchAction","target":{"@type":"EntryPoint","urlTemplate":"https:\/\/news.canadamotorjobs.com\/?s={search_term_string}"},"query-input":"required name=search_term_string"}],"inLanguage":"fr-CA"},{"@type":"Organization","@id":"https:\/\/news.canadamotorjobs.com\/#organization","name":"Canada Motor Jobs","url":"https:\/\/news.canadamotorjobs.com\/","logo":{"@type":"ImageObject","inLanguage":"fr-CA","@id":"https:\/\/news.canadamotorjobs.com\/#\/schema\/logo\/image\/","url":"https:\/\/news.canadamotorjobs.com\/wp-content\/uploads\/2022\/10\/logo-canada-motor-jobs-1.png","contentUrl":"https:\/\/news.canadamotorjobs.com\/wp-content\/uploads\/2022\/10\/logo-canada-motor-jobs-1.png","width":800,"height":400,"caption":"Canada Motor Jobs"},"image":{"@id":"https:\/\/news.canadamotorjobs.com\/#\/schema\/logo\/image\/"},"sameAs":["https:\/\/www.facebook.com\/canadamotorjobs\/","https:\/\/x.com\/canadamotorjobs","https:\/\/www.instagram.com\/canadamotorjobs\/","https:\/\/www.linkedin.com\/company\/canadamotorjobs"]},{"@type":"Person","@id":"https:\/\/news.canadamotorjobs.com\/#\/schema\/person\/51793d1f87d44011d7bcc2ed99269a90","name":"Benoit Charette","image":{"@type":"ImageObject","inLanguage":"fr-CA","@id":"https:\/\/news.canadamotorjobs.com\/#\/schema\/person\/image\/","url":"https:\/\/secure.gravatar.com\/avatar\/45f3d2eebcccd909668d7ce7ea7267b6?s=96&d=mm&r=g","contentUrl":"https:\/\/secure.gravatar.com\/avatar\/45f3d2eebcccd909668d7ce7ea7267b6?s=96&d=mm&r=g","caption":"Benoit Charette"},"description":"Benoit Charette \/ Propri\u00e9taire et r\u00e9dacteur en chef Benoit Charette pratique le journalisme automobile depuis bient\u00f4t 30 ans. Il a fait ses classes au c\u00f4t\u00e9 de Daniel H\u00e9raud et au Carnet de route de 1992 \u00e0 2001. Il est fondateur, copropri\u00e9taire et r\u00e9dacteur en chef de L\u2019Annuel de l\u2019automobile, qu\u2019il publie depuis 2001. Il a anim\u00e9 les \u00e9missions RPM et RPM+ sur V et les L\u00e9gendes de la route sur Historia. \u00c0 la radio depuis 1986, il reprend l\u2019antenne cette ann\u00e9e sur les ondes de Cogeco et participe pour la deuxi\u00e8me ann\u00e9e \u00e0 l\u2019\u00e9mission Passion Auto sur RDS en plus de mettre en ligne le site Web officiel de L\u2019Annuel de l\u2019automobile sur annuelauto.ca.","sameAs":["https:\/\/annuelauto.ca\/"],"url":"https:\/\/news.canadamotorjobs.com\/fr\/author\/benoit-charette\/"}]}},"_links":{"self":[{"href":"https:\/\/news.canadamotorjobs.com\/fr\/wp-json\/wp\/v2\/posts\/154964"}],"collection":[{"href":"https:\/\/news.canadamotorjobs.com\/fr\/wp-json\/wp\/v2\/posts"}],"about":[{"href":"https:\/\/news.canadamotorjobs.com\/fr\/wp-json\/wp\/v2\/types\/post"}],"author":[{"embeddable":true,"href":"https:\/\/news.canadamotorjobs.com\/fr\/wp-json\/wp\/v2\/users\/8"}],"replies":[{"embeddable":true,"href":"https:\/\/news.canadamotorjobs.com\/fr\/wp-json\/wp\/v2\/comments?post=154964"}],"version-history":[{"count":2,"href":"https:\/\/news.canadamotorjobs.com\/fr\/wp-json\/wp\/v2\/posts\/154964\/revisions"}],"predecessor-version":[{"id":154968,"href":"https:\/\/news.canadamotorjobs.com\/fr\/wp-json\/wp\/v2\/posts\/154964\/revisions\/154968"}],"wp:featuredmedia":[{"embeddable":true,"href":"https:\/\/news.canadamotorjobs.com\/fr\/wp-json\/wp\/v2\/media\/154966"}],"wp:attachment":[{"href":"https:\/\/news.canadamotorjobs.com\/fr\/wp-json\/wp\/v2\/media?parent=154964"}],"wp:term":[{"taxonomy":"category","embeddable":true,"href":"https:\/\/news.canadamotorjobs.com\/fr\/wp-json\/wp\/v2\/categories?post=154964"},{"taxonomy":"post_tag","embeddable":true,"href":"https:\/\/news.canadamotorjobs.com\/fr\/wp-json\/wp\/v2\/tags?post=154964"}],"curies":[{"name":"wp","href":"https:\/\/api.w.org\/{rel}","templated":true}]}}