{"id":154937,"date":"2023-12-06T11:06:58","date_gmt":"2023-12-06T16:06:58","guid":{"rendered":"https:\/\/news.canadamotorjobs.com\/?p=154937"},"modified":"2023-12-06T11:15:42","modified_gmt":"2023-12-06T16:15:42","slug":"la-prochaine-bmw-m5-empruntera-le-moteur-du-xm","status":"publish","type":"post","link":"https:\/\/news.canadamotorjobs.com\/fr\/la-prochaine-bmw-m5-empruntera-le-moteur-du-xm\/","title":{"rendered":"La prochaine BMW M5 empruntera le moteur du XM"},"content":{"rendered":"<\/p>\n<p>C\u2019est maintenant officiel, le directeur g\u00e9n\u00e9ral de BMW M, Frank van Meel, a confirm\u00e9 que la prochaine M5 sera \u00e9quip\u00e9e d&#8217;un groupe motopropulseur hybride \u00e9lectrique rechargeable (PHEV) avec un moteur V8. M. Van Meel a ajout\u00e9 que ce syst\u00e8me de propulsion est d\u00e9riv\u00e9 de celui actuellement utilis\u00e9 sur la XM et qu&#8217;il \u00e9quipera \u00e9galement la prochaine M5 Touring vendue en Europe.<\/p>\n<h3>Jusqu&#8217;\u00e0 738 chevaux<\/h3>\n<p>\nLa confirmation de Van Meel, faite lors d&#8217;une interview avec le site web australien CarExpert, r\u00e9fute \u00e9galement les sp\u00e9culations selon lesquelles les prochains mod\u00e8les M5 recevront des moteurs de taille r\u00e9duite. Pour m\u00e9moire, la XM utilise un V8 PHEV biturbo de 4,4 litres d\u00e9veloppant 644 chevaux et 590 lb-pi de couple. La version la plus puissante est celle de la XM Label, qui d\u00e9veloppe jusqu&#8217;\u00e0 738 ch et 738 lb-pi de couple. Il n&#8217;est pas exag\u00e9r\u00e9 de penser que la M5 recevra cette derni\u00e8re version. En prime, vous aurex quelques 50 km d&#8217;autonomie \u00e9lectrique.<\/p>\n<h3>Les puristes seront heureux<\/h3>\n<p>\nLa d\u00e9cision de conserver le V8 contraste avec l&#8217;approche de Mercedes-AMG qui est pass\u00e9 en mode 4 cylindres avec ses plus r\u00e9cents mod\u00e8les. La prochaine Mercedes-AMG CLE 63 en est un exemple : elle a abandonn\u00e9 son ancien V8 au profit d&#8217;un moteur hybride \u00e0 quatre cylindres en ligne. La puissance est l\u00e0, mais les sensations ont fortement diminu\u00e9s. BMW veut garder l\u2019exp\u00e9rience au volant intacte.<\/p>\n<p>Avec des renseignements de Carbuzz<\/p>\n<p>Le texte <a rel=\"nofollow\" href=\"https:\/\/annuelauto.ca\/la-prochaine-bmw-m5-empruntera-le-moteur-du-xm\/\">La prochaine BMW M5 empruntera le moteur du XM<\/a> provient de <a rel=\"nofollow\" href=\"https:\/\/annuelauto.ca\">L&#8217;annuel de l&#8217;automobile &#8211; Actualit\u00e9 automobile<\/a><\/p>\n<p><\/p>\n","protected":false},"excerpt":{"rendered":"<p>C\u2019est maintenant officiel, le directeur g\u00e9n\u00e9ral de BMW M, Frank van Meel, a confirm\u00e9 que la prochaine M5 sera \u00e9quip\u00e9e d&#8217;un groupe motopropulseur hybride \u00e9lectrique rechargeable (PHEV) avec un moteur V8. M. Van Meel a ajout\u00e9 que ce syst\u00e8me de propulsion est d\u00e9riv\u00e9 de celui actuellement utilis\u00e9 sur la XM et qu&#8217;il \u00e9quipera \u00e9galement la [&hellip;]<\/p>\n","protected":false},"author":8,"featured_media":154939,"comment_status":"close","ping_status":"closed","sticky":false,"template":"","format":"standard","meta":{"_monsterinsights_skip_tracking":false,"_monsterinsights_sitenote_active":false,"_monsterinsights_sitenote_note":"","_monsterinsights_sitenote_category":0,"footnotes":""},"categories":[101],"tags":[],"yoast_head":"<!-- This site is optimized with the Yoast SEO plugin v23.2 - https:\/\/yoast.com\/wordpress\/plugins\/seo\/ -->\n<title>La prochaine BMW M5 empruntera le moteur du XM - CanadaMotorJobs.com<\/title>\n<meta name=\"description\" content=\"La prochaine BMW M5 empruntera le moteur du XM - Benoit Charette - Annuel automobile - CanadaMotorJobs.com.\" \/>\n<meta name=\"robots\" content=\"index, follow, max-snippet:-1, max-image-preview:large, max-video-preview:-1\" \/>\n<meta property=\"og:locale\" content=\"fr_CA\" \/>\n<meta property=\"og:type\" content=\"article\" \/>\n<meta property=\"og:title\" content=\"La prochaine BMW M5 empruntera le moteur du XM - CanadaMotorJobs.com\" \/>\n<meta property=\"og:description\" content=\"La prochaine BMW M5 empruntera le moteur du XM - Benoit Charette - Annuel automobile - CanadaMotorJobs.com.\" \/>\n<meta property=\"og:url\" content=\"https:\/\/news.canadamotorjobs.com\/fr\/la-prochaine-bmw-m5-empruntera-le-moteur-du-xm\/\" \/>\n<meta property=\"og:site_name\" content=\"CanadaMotorJobs.com\" \/>\n<meta property=\"article:publisher\" content=\"https:\/\/www.facebook.com\/canadamotorjobs\/\" \/>\n<meta property=\"article:published_time\" content=\"2023-12-06T16:06:58+00:00\" \/>\n<meta property=\"article:modified_time\" content=\"2023-12-06T16:15:42+00:00\" \/>\n<meta property=\"og:image\" content=\"https:\/\/news.canadamotorjobs.com\/wp-content\/uploads\/2023\/12\/BMW-M5-1m.jpg\" \/>\n\t<meta property=\"og:image:width\" content=\"1920\" \/>\n\t<meta property=\"og:image:height\" content=\"1040\" \/>\n\t<meta property=\"og:image:type\" content=\"image\/jpeg\" \/>\n<meta name=\"author\" content=\"Benoit Charette\" \/>\n<meta name=\"twitter:card\" content=\"summary_large_image\" \/>\n<meta name=\"twitter:creator\" content=\"@canadamotorjobs\" \/>\n<meta name=\"twitter:site\" content=\"@canadamotorjobs\" \/>\n<meta name=\"twitter:label1\" content=\"\u00c9crit par\" \/>\n\t<meta name=\"twitter:data1\" content=\"Benoit Charette\" \/>\n\t<meta name=\"twitter:label2\" content=\"Estimation du temps de lecture\" \/>\n\t<meta name=\"twitter:data2\" content=\"1 minute\" \/>\n<!-- \/ Yoast SEO plugin. -->","yoast_head_json":{"title":"La prochaine BMW M5 empruntera le moteur du XM - CanadaMotorJobs.com","description":"La prochaine BMW M5 empruntera le moteur du XM - Benoit Charette - Annuel automobile - CanadaMotorJobs.com.","robots":{"index":"index","follow":"follow","max-snippet":"max-snippet:-1","max-image-preview":"max-image-preview:large","max-video-preview":"max-video-preview:-1"},"og_locale":"fr_CA","og_type":"article","og_title":"La prochaine BMW M5 empruntera le moteur du XM - CanadaMotorJobs.com","og_description":"La prochaine BMW M5 empruntera le moteur du XM - Benoit Charette - Annuel automobile - CanadaMotorJobs.com.","og_url":"https:\/\/news.canadamotorjobs.com\/fr\/la-prochaine-bmw-m5-empruntera-le-moteur-du-xm\/","og_site_name":"CanadaMotorJobs.com","article_publisher":"https:\/\/www.facebook.com\/canadamotorjobs\/","article_published_time":"2023-12-06T16:06:58+00:00","article_modified_time":"2023-12-06T16:15:42+00:00","og_image":[{"width":1920,"height":1040,"url":"https:\/\/news.canadamotorjobs.com\/wp-content\/uploads\/2023\/12\/BMW-M5-1m.jpg","type":"image\/jpeg"}],"author":"Benoit Charette","twitter_card":"summary_large_image","twitter_creator":"@canadamotorjobs","twitter_site":"@canadamotorjobs","twitter_misc":{"\u00c9crit par":"Benoit Charette","Estimation du temps de lecture":"1 minute"},"schema":{"@context":"https:\/\/schema.org","@graph":[{"@type":"Article","@id":"https:\/\/news.canadamotorjobs.com\/fr\/la-prochaine-bmw-m5-empruntera-le-moteur-du-xm\/#article","isPartOf":{"@id":"https:\/\/news.canadamotorjobs.com\/fr\/la-prochaine-bmw-m5-empruntera-le-moteur-du-xm\/"},"author":{"name":"Benoit Charette","@id":"https:\/\/news.canadamotorjobs.com\/#\/schema\/person\/51793d1f87d44011d7bcc2ed99269a90"},"headline":"La prochaine BMW M5 empruntera le moteur du XM","datePublished":"2023-12-06T16:06:58+00:00","dateModified":"2023-12-06T16:15:42+00:00","mainEntityOfPage":{"@id":"https:\/\/news.canadamotorjobs.com\/fr\/la-prochaine-bmw-m5-empruntera-le-moteur-du-xm\/"},"wordCount":279,"publisher":{"@id":"https:\/\/news.canadamotorjobs.com\/#organization"},"image":{"@id":"https:\/\/news.canadamotorjobs.com\/fr\/la-prochaine-bmw-m5-empruntera-le-moteur-du-xm\/#primaryimage"},"thumbnailUrl":"https:\/\/news.canadamotorjobs.com\/wp-content\/uploads\/2023\/12\/BMW-M5-1m.jpg","articleSection":["Annuel automobile"],"inLanguage":"fr-CA"},{"@type":"WebPage","@id":"https:\/\/news.canadamotorjobs.com\/fr\/la-prochaine-bmw-m5-empruntera-le-moteur-du-xm\/","url":"https:\/\/news.canadamotorjobs.com\/fr\/la-prochaine-bmw-m5-empruntera-le-moteur-du-xm\/","name":"La prochaine BMW M5 empruntera le moteur du XM - CanadaMotorJobs.com","isPartOf":{"@id":"https:\/\/news.canadamotorjobs.com\/#website"},"primaryImageOfPage":{"@id":"https:\/\/news.canadamotorjobs.com\/fr\/la-prochaine-bmw-m5-empruntera-le-moteur-du-xm\/#primaryimage"},"image":{"@id":"https:\/\/news.canadamotorjobs.com\/fr\/la-prochaine-bmw-m5-empruntera-le-moteur-du-xm\/#primaryimage"},"thumbnailUrl":"https:\/\/news.canadamotorjobs.com\/wp-content\/uploads\/2023\/12\/BMW-M5-1m.jpg","datePublished":"2023-12-06T16:06:58+00:00","dateModified":"2023-12-06T16:15:42+00:00","description":"La prochaine BMW M5 empruntera le moteur du XM - Benoit Charette - Annuel automobile - CanadaMotorJobs.com.","breadcrumb":{"@id":"https:\/\/news.canadamotorjobs.com\/fr\/la-prochaine-bmw-m5-empruntera-le-moteur-du-xm\/#breadcrumb"},"inLanguage":"fr-CA","potentialAction":[{"@type":"ReadAction","target":["https:\/\/news.canadamotorjobs.com\/fr\/la-prochaine-bmw-m5-empruntera-le-moteur-du-xm\/"]}]},{"@type":"ImageObject","inLanguage":"fr-CA","@id":"https:\/\/news.canadamotorjobs.com\/fr\/la-prochaine-bmw-m5-empruntera-le-moteur-du-xm\/#primaryimage","url":"https:\/\/news.canadamotorjobs.com\/wp-content\/uploads\/2023\/12\/BMW-M5-1m.jpg","contentUrl":"https:\/\/news.canadamotorjobs.com\/wp-content\/uploads\/2023\/12\/BMW-M5-1m.jpg","width":1920,"height":1040},{"@type":"BreadcrumbList","@id":"https:\/\/news.canadamotorjobs.com\/fr\/la-prochaine-bmw-m5-empruntera-le-moteur-du-xm\/#breadcrumb","itemListElement":[{"@type":"ListItem","position":1,"name":"Home","item":"https:\/\/news.canadamotorjobs.com\/fr\/blog\/"},{"@type":"ListItem","position":2,"name":"La prochaine BMW M5 empruntera le moteur du XM"}]},{"@type":"WebSite","@id":"https:\/\/news.canadamotorjobs.com\/#website","url":"https:\/\/news.canadamotorjobs.com\/","name":"CanadaMotorJobs.com","description":"Automotive Jobs","publisher":{"@id":"https:\/\/news.canadamotorjobs.com\/#organization"},"potentialAction":[{"@type":"SearchAction","target":{"@type":"EntryPoint","urlTemplate":"https:\/\/news.canadamotorjobs.com\/?s={search_term_string}"},"query-input":"required name=search_term_string"}],"inLanguage":"fr-CA"},{"@type":"Organization","@id":"https:\/\/news.canadamotorjobs.com\/#organization","name":"Canada Motor Jobs","url":"https:\/\/news.canadamotorjobs.com\/","logo":{"@type":"ImageObject","inLanguage":"fr-CA","@id":"https:\/\/news.canadamotorjobs.com\/#\/schema\/logo\/image\/","url":"https:\/\/news.canadamotorjobs.com\/wp-content\/uploads\/2022\/10\/logo-canada-motor-jobs-1.png","contentUrl":"https:\/\/news.canadamotorjobs.com\/wp-content\/uploads\/2022\/10\/logo-canada-motor-jobs-1.png","width":800,"height":400,"caption":"Canada Motor Jobs"},"image":{"@id":"https:\/\/news.canadamotorjobs.com\/#\/schema\/logo\/image\/"},"sameAs":["https:\/\/www.facebook.com\/canadamotorjobs\/","https:\/\/x.com\/canadamotorjobs","https:\/\/www.instagram.com\/canadamotorjobs\/","https:\/\/www.linkedin.com\/company\/canadamotorjobs"]},{"@type":"Person","@id":"https:\/\/news.canadamotorjobs.com\/#\/schema\/person\/51793d1f87d44011d7bcc2ed99269a90","name":"Benoit Charette","image":{"@type":"ImageObject","inLanguage":"fr-CA","@id":"https:\/\/news.canadamotorjobs.com\/#\/schema\/person\/image\/","url":"https:\/\/secure.gravatar.com\/avatar\/45f3d2eebcccd909668d7ce7ea7267b6?s=96&d=mm&r=g","contentUrl":"https:\/\/secure.gravatar.com\/avatar\/45f3d2eebcccd909668d7ce7ea7267b6?s=96&d=mm&r=g","caption":"Benoit Charette"},"description":"Benoit Charette \/ Propri\u00e9taire et r\u00e9dacteur en chef Benoit Charette pratique le journalisme automobile depuis bient\u00f4t 30 ans. Il a fait ses classes au c\u00f4t\u00e9 de Daniel H\u00e9raud et au Carnet de route de 1992 \u00e0 2001. Il est fondateur, copropri\u00e9taire et r\u00e9dacteur en chef de L\u2019Annuel de l\u2019automobile, qu\u2019il publie depuis 2001. Il a anim\u00e9 les \u00e9missions RPM et RPM+ sur V et les L\u00e9gendes de la route sur Historia. \u00c0 la radio depuis 1986, il reprend l\u2019antenne cette ann\u00e9e sur les ondes de Cogeco et participe pour la deuxi\u00e8me ann\u00e9e \u00e0 l\u2019\u00e9mission Passion Auto sur RDS en plus de mettre en ligne le site Web officiel de L\u2019Annuel de l\u2019automobile sur annuelauto.ca.","sameAs":["https:\/\/annuelauto.ca\/"],"url":"https:\/\/news.canadamotorjobs.com\/fr\/author\/benoit-charette\/"}]}},"_links":{"self":[{"href":"https:\/\/news.canadamotorjobs.com\/fr\/wp-json\/wp\/v2\/posts\/154937"}],"collection":[{"href":"https:\/\/news.canadamotorjobs.com\/fr\/wp-json\/wp\/v2\/posts"}],"about":[{"href":"https:\/\/news.canadamotorjobs.com\/fr\/wp-json\/wp\/v2\/types\/post"}],"author":[{"embeddable":true,"href":"https:\/\/news.canadamotorjobs.com\/fr\/wp-json\/wp\/v2\/users\/8"}],"replies":[{"embeddable":true,"href":"https:\/\/news.canadamotorjobs.com\/fr\/wp-json\/wp\/v2\/comments?post=154937"}],"version-history":[{"count":2,"href":"https:\/\/news.canadamotorjobs.com\/fr\/wp-json\/wp\/v2\/posts\/154937\/revisions"}],"predecessor-version":[{"id":154941,"href":"https:\/\/news.canadamotorjobs.com\/fr\/wp-json\/wp\/v2\/posts\/154937\/revisions\/154941"}],"wp:featuredmedia":[{"embeddable":true,"href":"https:\/\/news.canadamotorjobs.com\/fr\/wp-json\/wp\/v2\/media\/154939"}],"wp:attachment":[{"href":"https:\/\/news.canadamotorjobs.com\/fr\/wp-json\/wp\/v2\/media?parent=154937"}],"wp:term":[{"taxonomy":"category","embeddable":true,"href":"https:\/\/news.canadamotorjobs.com\/fr\/wp-json\/wp\/v2\/categories?post=154937"},{"taxonomy":"post_tag","embeddable":true,"href":"https:\/\/news.canadamotorjobs.com\/fr\/wp-json\/wp\/v2\/tags?post=154937"}],"curies":[{"name":"wp","href":"https:\/\/api.w.org\/{rel}","templated":true}]}}