{"id":154868,"date":"2023-12-05T08:34:10","date_gmt":"2023-12-05T13:34:10","guid":{"rendered":"https:\/\/news.canadamotorjobs.com\/?p=154868"},"modified":"2023-12-05T08:51:02","modified_gmt":"2023-12-05T13:51:02","slug":"la-fiat-500e-debarque-au-canada","status":"publish","type":"post","link":"https:\/\/news.canadamotorjobs.com\/fr\/la-fiat-500e-debarque-au-canada\/","title":{"rendered":"La Fiat 500e d\u00e9barque au Canada"},"content":{"rendered":"<\/p>\n<p>C&#8217;est officiel : la FIAT 500 e RED 2024 d\u00e9barque au Canada. Ce mod\u00e8le enti\u00e8rement \u00e9lectrique \u00e0 deux portes arrivera de ce c\u00f4t\u00e9 de l&#8217;Atlantique en tant que premi\u00e8re offre de v\u00e9hicule \u00e9lectrique \u00e0 batterie (BEV) de Stellantis. Le v\u00e9hicule de passagers le plus l\u00e9ger du march\u00e9 offre une autonomie estim\u00e9e de 240 kilom\u00e8tres gr\u00e2ce \u00e0 une batterie de 42 kWh avec un temps de charge de niveau 2 (11 kW) de 4 heures et 15 minutes. Le Fiat 500e sera initialement disponible chez les concessionnaires au Qu\u00e9bec et en Colombie-Britannique, puis s&#8217;\u00e9tendra \u00e0 d&#8217;autres march\u00e9s \u00e0 mesure que la production augmentera.<\/p>\n<h3>Style accrocheur<\/h3>\n<p>\nLa 500e affiche une pr\u00e9sence notable tout en restant fid\u00e8le aux lignes historiques qui ont fait de la 500 une ic\u00f4ne. Des dimensions plus grandes offrent aux conducteurs une vue confiante de la route devant eux. L&#8217;ext\u00e9rieur pr\u00e9sente de nouveaux feux avant et arri\u00e8re \u00e0 DEL, des poign\u00e9es de porte a\u00e9rodynamiques et une calandre avant mise \u00e0 jour pour donner au v\u00e9hicule une apparence fra\u00eeche et \u00e9l\u00e9gante. Ces caract\u00e9ristiques combinent mode et fonction, contribuant \u00e0 une am\u00e9lioration de l&#8217;a\u00e9rodynamique, ce qui augmente l&#8217;autonomie \u00e9lectrique. Le 500e repose sur des roues de 17 pouces taill\u00e9es en diamant pour une pr\u00e9sentation audacieuse et dynamique.<\/p>\n<h3>\u00c0 l\u2019int\u00e9rieur<\/h3>\n<p>\nL\u2019habitacle a \u00e9t\u00e9 pens\u00e9 pour une interpr\u00e9tation moderne du style italien intemporel. Les passionn\u00e9s de FIAT reconna\u00eetront imm\u00e9diatement l&#8217;insertion du tableau de bord, le groupe d&#8217;instruments arrondi et le volant \u00e0 deux branches, comme un hommage \u00e0 la 500 originale de 1957. Le classique rencontre le contemporain avec un \u00e9cran central de 10,25 pouces avec les services Uconnect 5, combin\u00e9 \u00e0 un groupe d&#8217;instruments enti\u00e8rement num\u00e9rique de 7 pouces pour une exp\u00e9rience utilisateur harmonieuse. Les clients disposent \u00e9galement de plus d&#8217;espace de rangement avec une console centrale et des panneaux de porte nouvellement con\u00e7us, offrant \u00e0 tous les conducteurs tout l&#8217;espace n\u00e9cessaire pour transporter leurs essentiels quotidiens. Les si\u00e8ges pr\u00e9sentent \u00e9galement un design frais, avec un r\u00e9glage du si\u00e8ge conducteur sur 6 positions, y compris un r\u00e9glage de hauteur pour une position de conduite am\u00e9lior\u00e9e et des si\u00e8ges avant chauffants pour le confort du conducteur et du passager. Tous les si\u00e8ges utilisent judicieusement des mat\u00e9riaux recycl\u00e9s.<\/p>\n<h3>Trois modes de conduites<\/h3>\n<p>\nTrois modes de conduite sont disponibles avec le FIAT 500e pour s&#8217;adapter \u00e0 tout style de conduite.<\/p>\n<ul><\/p>\n<li>Normal &#8211; Ce mode ressemble \u00e9troitement aux caract\u00e9ristiques de conduite famili\u00e8res, comme l&#8217;exp\u00e9rience de la d\u00e9c\u00e9l\u00e9ration d&#8217;un moteur \u00e0 combustion interne.<\/li>\n<p><\/p>\n<li>Range &#8211; Active la fonction de conduite \u00e0 une p\u00e9dale, qui optimise le freinage r\u00e9g\u00e9n\u00e9ratif pour capturer plus d&#8217;\u00e9nergie lorsque l&#8217;acc\u00e9l\u00e9rateur est rel\u00e2ch\u00e9.<\/li>\n<p><\/p>\n<li>Sherpa &#8211; Maximise l&#8217;efficacit\u00e9 \u00e9nerg\u00e9tique pour garantir que le conducteur atteigne sa destination entr\u00e9e ou la station de charge la plus proche. Ce mode ajuste divers param\u00e8tres, tels que la limitation de la vitesse maximale du v\u00e9hicule \u00e0 80 km<\/li>\n<p>\n<\/ul>\n<p>\nLe prix de d\u00e9part est annonc\u00e9 39\u00a0995 $ et \u00e0 cela s\u2019ajoute 12\u00a0000 $ de subventions<\/p>\n<p>Le texte <a rel=\"nofollow\" href=\"https:\/\/annuelauto.ca\/la-fiat-500e-debarque-au-canada\/\">La Fiat 500e d\u00e9barque au Canada<\/a> provient de <a rel=\"nofollow\" href=\"https:\/\/annuelauto.ca\">L&#8217;annuel de l&#8217;automobile &#8211; Actualit\u00e9 automobile<\/a><\/p>\n<p><\/p>\n","protected":false},"excerpt":{"rendered":"<p>C&#8217;est officiel : la FIAT 500 e RED 2024 d\u00e9barque au Canada. Ce mod\u00e8le enti\u00e8rement \u00e9lectrique \u00e0 deux portes arrivera de ce c\u00f4t\u00e9 de l&#8217;Atlantique en tant que premi\u00e8re offre de v\u00e9hicule \u00e9lectrique \u00e0 batterie (BEV) de Stellantis. Le v\u00e9hicule de passagers le plus l\u00e9ger du march\u00e9 offre une autonomie estim\u00e9e de 240 kilom\u00e8tres gr\u00e2ce [&hellip;]<\/p>\n","protected":false},"author":8,"featured_media":154870,"comment_status":"close","ping_status":"closed","sticky":false,"template":"","format":"standard","meta":{"_monsterinsights_skip_tracking":false,"_monsterinsights_sitenote_active":false,"_monsterinsights_sitenote_note":"","_monsterinsights_sitenote_category":0,"footnotes":""},"categories":[101],"tags":[],"yoast_head":"<!-- This site is optimized with the Yoast SEO plugin v23.2 - https:\/\/yoast.com\/wordpress\/plugins\/seo\/ -->\n<title>La Fiat 500e d\u00e9barque au Canada - CanadaMotorJobs.com<\/title>\n<meta name=\"description\" content=\"La Fiat 500e d\u00e9barque au Canada - Benoit Charette - Annuel automobile - CanadaMotorJobs.com.\" \/>\n<meta name=\"robots\" content=\"index, follow, max-snippet:-1, max-image-preview:large, max-video-preview:-1\" \/>\n<meta property=\"og:locale\" content=\"fr_CA\" \/>\n<meta property=\"og:type\" content=\"article\" \/>\n<meta property=\"og:title\" content=\"La Fiat 500e d\u00e9barque au Canada - CanadaMotorJobs.com\" \/>\n<meta property=\"og:description\" content=\"La Fiat 500e d\u00e9barque au Canada - Benoit Charette - Annuel automobile - CanadaMotorJobs.com.\" \/>\n<meta property=\"og:url\" content=\"https:\/\/news.canadamotorjobs.com\/fr\/la-fiat-500e-debarque-au-canada\/\" \/>\n<meta property=\"og:site_name\" content=\"CanadaMotorJobs.com\" \/>\n<meta property=\"article:publisher\" content=\"https:\/\/www.facebook.com\/canadamotorjobs\/\" \/>\n<meta property=\"article:published_time\" content=\"2023-12-05T13:34:10+00:00\" \/>\n<meta property=\"article:modified_time\" content=\"2023-12-05T13:51:02+00:00\" \/>\n<meta property=\"og:image\" content=\"https:\/\/news.canadamotorjobs.com\/wp-content\/uploads\/2023\/12\/FT024_001FH.jpg\" \/>\n\t<meta property=\"og:image:width\" content=\"1200\" \/>\n\t<meta property=\"og:image:height\" content=\"800\" \/>\n\t<meta property=\"og:image:type\" content=\"image\/jpeg\" \/>\n<meta name=\"author\" content=\"Benoit Charette\" \/>\n<meta name=\"twitter:card\" content=\"summary_large_image\" \/>\n<meta name=\"twitter:creator\" content=\"@canadamotorjobs\" \/>\n<meta name=\"twitter:site\" content=\"@canadamotorjobs\" \/>\n<meta name=\"twitter:label1\" content=\"\u00c9crit par\" \/>\n\t<meta name=\"twitter:data1\" content=\"Benoit Charette\" \/>\n\t<meta name=\"twitter:label2\" content=\"Estimation du temps de lecture\" \/>\n\t<meta name=\"twitter:data2\" content=\"3 minutes\" \/>\n<!-- \/ Yoast SEO plugin. -->","yoast_head_json":{"title":"La Fiat 500e d\u00e9barque au Canada - CanadaMotorJobs.com","description":"La Fiat 500e d\u00e9barque au Canada - Benoit Charette - Annuel automobile - CanadaMotorJobs.com.","robots":{"index":"index","follow":"follow","max-snippet":"max-snippet:-1","max-image-preview":"max-image-preview:large","max-video-preview":"max-video-preview:-1"},"og_locale":"fr_CA","og_type":"article","og_title":"La Fiat 500e d\u00e9barque au Canada - CanadaMotorJobs.com","og_description":"La Fiat 500e d\u00e9barque au Canada - Benoit Charette - Annuel automobile - CanadaMotorJobs.com.","og_url":"https:\/\/news.canadamotorjobs.com\/fr\/la-fiat-500e-debarque-au-canada\/","og_site_name":"CanadaMotorJobs.com","article_publisher":"https:\/\/www.facebook.com\/canadamotorjobs\/","article_published_time":"2023-12-05T13:34:10+00:00","article_modified_time":"2023-12-05T13:51:02+00:00","og_image":[{"width":1200,"height":800,"url":"https:\/\/news.canadamotorjobs.com\/wp-content\/uploads\/2023\/12\/FT024_001FH.jpg","type":"image\/jpeg"}],"author":"Benoit Charette","twitter_card":"summary_large_image","twitter_creator":"@canadamotorjobs","twitter_site":"@canadamotorjobs","twitter_misc":{"\u00c9crit par":"Benoit Charette","Estimation du temps de lecture":"3 minutes"},"schema":{"@context":"https:\/\/schema.org","@graph":[{"@type":"Article","@id":"https:\/\/news.canadamotorjobs.com\/fr\/la-fiat-500e-debarque-au-canada\/#article","isPartOf":{"@id":"https:\/\/news.canadamotorjobs.com\/fr\/la-fiat-500e-debarque-au-canada\/"},"author":{"name":"Benoit Charette","@id":"https:\/\/news.canadamotorjobs.com\/#\/schema\/person\/51793d1f87d44011d7bcc2ed99269a90"},"headline":"La Fiat 500e d\u00e9barque au Canada","datePublished":"2023-12-05T13:34:10+00:00","dateModified":"2023-12-05T13:51:02+00:00","mainEntityOfPage":{"@id":"https:\/\/news.canadamotorjobs.com\/fr\/la-fiat-500e-debarque-au-canada\/"},"wordCount":559,"publisher":{"@id":"https:\/\/news.canadamotorjobs.com\/#organization"},"image":{"@id":"https:\/\/news.canadamotorjobs.com\/fr\/la-fiat-500e-debarque-au-canada\/#primaryimage"},"thumbnailUrl":"https:\/\/news.canadamotorjobs.com\/wp-content\/uploads\/2023\/12\/FT024_001FH.jpg","articleSection":["Annuel automobile"],"inLanguage":"fr-CA"},{"@type":"WebPage","@id":"https:\/\/news.canadamotorjobs.com\/fr\/la-fiat-500e-debarque-au-canada\/","url":"https:\/\/news.canadamotorjobs.com\/fr\/la-fiat-500e-debarque-au-canada\/","name":"La Fiat 500e d\u00e9barque au Canada - CanadaMotorJobs.com","isPartOf":{"@id":"https:\/\/news.canadamotorjobs.com\/#website"},"primaryImageOfPage":{"@id":"https:\/\/news.canadamotorjobs.com\/fr\/la-fiat-500e-debarque-au-canada\/#primaryimage"},"image":{"@id":"https:\/\/news.canadamotorjobs.com\/fr\/la-fiat-500e-debarque-au-canada\/#primaryimage"},"thumbnailUrl":"https:\/\/news.canadamotorjobs.com\/wp-content\/uploads\/2023\/12\/FT024_001FH.jpg","datePublished":"2023-12-05T13:34:10+00:00","dateModified":"2023-12-05T13:51:02+00:00","description":"La Fiat 500e d\u00e9barque au Canada - Benoit Charette - Annuel automobile - CanadaMotorJobs.com.","breadcrumb":{"@id":"https:\/\/news.canadamotorjobs.com\/fr\/la-fiat-500e-debarque-au-canada\/#breadcrumb"},"inLanguage":"fr-CA","potentialAction":[{"@type":"ReadAction","target":["https:\/\/news.canadamotorjobs.com\/fr\/la-fiat-500e-debarque-au-canada\/"]}]},{"@type":"ImageObject","inLanguage":"fr-CA","@id":"https:\/\/news.canadamotorjobs.com\/fr\/la-fiat-500e-debarque-au-canada\/#primaryimage","url":"https:\/\/news.canadamotorjobs.com\/wp-content\/uploads\/2023\/12\/FT024_001FH.jpg","contentUrl":"https:\/\/news.canadamotorjobs.com\/wp-content\/uploads\/2023\/12\/FT024_001FH.jpg","width":1200,"height":800},{"@type":"BreadcrumbList","@id":"https:\/\/news.canadamotorjobs.com\/fr\/la-fiat-500e-debarque-au-canada\/#breadcrumb","itemListElement":[{"@type":"ListItem","position":1,"name":"Home","item":"https:\/\/news.canadamotorjobs.com\/fr\/blog\/"},{"@type":"ListItem","position":2,"name":"La Fiat 500e d\u00e9barque au Canada"}]},{"@type":"WebSite","@id":"https:\/\/news.canadamotorjobs.com\/#website","url":"https:\/\/news.canadamotorjobs.com\/","name":"CanadaMotorJobs.com","description":"Automotive Jobs","publisher":{"@id":"https:\/\/news.canadamotorjobs.com\/#organization"},"potentialAction":[{"@type":"SearchAction","target":{"@type":"EntryPoint","urlTemplate":"https:\/\/news.canadamotorjobs.com\/?s={search_term_string}"},"query-input":"required name=search_term_string"}],"inLanguage":"fr-CA"},{"@type":"Organization","@id":"https:\/\/news.canadamotorjobs.com\/#organization","name":"Canada Motor Jobs","url":"https:\/\/news.canadamotorjobs.com\/","logo":{"@type":"ImageObject","inLanguage":"fr-CA","@id":"https:\/\/news.canadamotorjobs.com\/#\/schema\/logo\/image\/","url":"https:\/\/news.canadamotorjobs.com\/wp-content\/uploads\/2022\/10\/logo-canada-motor-jobs-1.png","contentUrl":"https:\/\/news.canadamotorjobs.com\/wp-content\/uploads\/2022\/10\/logo-canada-motor-jobs-1.png","width":800,"height":400,"caption":"Canada Motor Jobs"},"image":{"@id":"https:\/\/news.canadamotorjobs.com\/#\/schema\/logo\/image\/"},"sameAs":["https:\/\/www.facebook.com\/canadamotorjobs\/","https:\/\/x.com\/canadamotorjobs","https:\/\/www.instagram.com\/canadamotorjobs\/","https:\/\/www.linkedin.com\/company\/canadamotorjobs"]},{"@type":"Person","@id":"https:\/\/news.canadamotorjobs.com\/#\/schema\/person\/51793d1f87d44011d7bcc2ed99269a90","name":"Benoit Charette","image":{"@type":"ImageObject","inLanguage":"fr-CA","@id":"https:\/\/news.canadamotorjobs.com\/#\/schema\/person\/image\/","url":"https:\/\/secure.gravatar.com\/avatar\/45f3d2eebcccd909668d7ce7ea7267b6?s=96&d=mm&r=g","contentUrl":"https:\/\/secure.gravatar.com\/avatar\/45f3d2eebcccd909668d7ce7ea7267b6?s=96&d=mm&r=g","caption":"Benoit Charette"},"description":"Benoit Charette \/ Propri\u00e9taire et r\u00e9dacteur en chef Benoit Charette pratique le journalisme automobile depuis bient\u00f4t 30 ans. Il a fait ses classes au c\u00f4t\u00e9 de Daniel H\u00e9raud et au Carnet de route de 1992 \u00e0 2001. Il est fondateur, copropri\u00e9taire et r\u00e9dacteur en chef de L\u2019Annuel de l\u2019automobile, qu\u2019il publie depuis 2001. Il a anim\u00e9 les \u00e9missions RPM et RPM+ sur V et les L\u00e9gendes de la route sur Historia. \u00c0 la radio depuis 1986, il reprend l\u2019antenne cette ann\u00e9e sur les ondes de Cogeco et participe pour la deuxi\u00e8me ann\u00e9e \u00e0 l\u2019\u00e9mission Passion Auto sur RDS en plus de mettre en ligne le site Web officiel de L\u2019Annuel de l\u2019automobile sur annuelauto.ca.","sameAs":["https:\/\/annuelauto.ca\/"],"url":"https:\/\/news.canadamotorjobs.com\/fr\/author\/benoit-charette\/"}]}},"_links":{"self":[{"href":"https:\/\/news.canadamotorjobs.com\/fr\/wp-json\/wp\/v2\/posts\/154868"}],"collection":[{"href":"https:\/\/news.canadamotorjobs.com\/fr\/wp-json\/wp\/v2\/posts"}],"about":[{"href":"https:\/\/news.canadamotorjobs.com\/fr\/wp-json\/wp\/v2\/types\/post"}],"author":[{"embeddable":true,"href":"https:\/\/news.canadamotorjobs.com\/fr\/wp-json\/wp\/v2\/users\/8"}],"replies":[{"embeddable":true,"href":"https:\/\/news.canadamotorjobs.com\/fr\/wp-json\/wp\/v2\/comments?post=154868"}],"version-history":[{"count":2,"href":"https:\/\/news.canadamotorjobs.com\/fr\/wp-json\/wp\/v2\/posts\/154868\/revisions"}],"predecessor-version":[{"id":154872,"href":"https:\/\/news.canadamotorjobs.com\/fr\/wp-json\/wp\/v2\/posts\/154868\/revisions\/154872"}],"wp:featuredmedia":[{"embeddable":true,"href":"https:\/\/news.canadamotorjobs.com\/fr\/wp-json\/wp\/v2\/media\/154870"}],"wp:attachment":[{"href":"https:\/\/news.canadamotorjobs.com\/fr\/wp-json\/wp\/v2\/media?parent=154868"}],"wp:term":[{"taxonomy":"category","embeddable":true,"href":"https:\/\/news.canadamotorjobs.com\/fr\/wp-json\/wp\/v2\/categories?post=154868"},{"taxonomy":"post_tag","embeddable":true,"href":"https:\/\/news.canadamotorjobs.com\/fr\/wp-json\/wp\/v2\/tags?post=154868"}],"curies":[{"name":"wp","href":"https:\/\/api.w.org\/{rel}","templated":true}]}}