{"id":154826,"date":"2023-12-04T15:37:03","date_gmt":"2023-12-04T20:37:03","guid":{"rendered":"https:\/\/news.canadamotorjobs.com\/?p=154826"},"modified":"2023-12-04T15:48:59","modified_gmt":"2023-12-04T20:48:59","slug":"le-jeep-renegade-ne-sera-plus-vendu-au-canada-et-aux-etats-unis","status":"publish","type":"post","link":"https:\/\/news.canadamotorjobs.com\/fr\/le-jeep-renegade-ne-sera-plus-vendu-au-canada-et-aux-etats-unis\/","title":{"rendered":"Le Jeep Renegade ne sera plus vendu au Canada et aux \u00c9tats-Unis"},"content":{"rendered":"<\/p>\n<p>Le Renegade peut \u00eatre consid\u00e9rer comme un flop. Les ventes sont en baisse constante depuis 2016. Jeep a donc d\u00e9cid\u00e9 de ne pas remettre le v\u00e9hicule sur la route pour 2024.<\/p>\n<h3>Pas cher, mais pas bon non plus<\/h3>\n<p>\nLe Renegade, dont le prix de d\u00e9part est de 36 000 $ repr\u00e9sente le mod\u00e8le le plus abordable chez Jeep. Ilfaudra maintenant s\u2019en remettre au Compass, qui commence \u00e0 un plus de 37\u00a0000 $ comme offre de base.<\/p>\n<h3>Un \u00e9chec commercial<\/h3>\n<p>\nLe Renegade a \u00e9t\u00e9 lanc\u00e9 en Am\u00e9rique du Nord en 2015 et a connu sa meilleure ann\u00e9e en 2016, avec 106 606 ventes aux \u00c9tats-Unis et 3 964 unit\u00e9s au Canada. Les ventes ont diminu\u00e9 chaque ann\u00e9e depuis lors, tombant \u00e0 seulement 345 ventes au Canada en 2022. Il quittera les \u00c9tats-Unis et le Canada &#8220;car la marque concentre ses ressources sur les segments de VUS en Am\u00e9rique du Nord qui continuent de cro\u00eetre&#8221;, a d\u00e9clar\u00e9 un porte-parole de Jeep \u00e0 Automotive News. Le Renegade est construit en Italie sur la m\u00eame plateforme que celle utilis\u00e9e pour le Fiat 500X qui est aussi un \u00e9chec commercial.<\/p>\n<h3>Les ventes continuent ailleurs<\/h3>\n<p>\nLes ventes du Renegade se poursuivront sur d&#8217;autres march\u00e9s tels que le Mexique, l&#8217;Europe, l&#8217;Am\u00e9rique du Sud et l&#8217;Asie-Pacifique, Le retrait du Renegade des \u00c9tats-Unis fait suite au d\u00e9part du Cherokee, qui \u00e9tait fabriqu\u00e9 \u00e0 l&#8217;usine d&#8217;assemblage de Belvidere, dans l&#8217;Illinois, jusqu&#8217;\u00e0 ce qu&#8217;elle soit mise hors service en f\u00e9vrier.<\/p>\n<h3>Un pick-up et des V\u00c9S<\/h3>\n<p>\nStellantis, la soci\u00e9t\u00e9 m\u00e8re de Jeep, a accept\u00e9 dans son nouveau contrat avec l&#8217;UAW de rouvrir l&#8217;usine pour la production d\u2019un pick-up de taille moyenne \u00e0 partir de 2027. Jeep commencera \u00e0 reconstituer son portefeuille avec des offres \u00e9lectrique en 2024, lorsque le Wagoneer S et le Recon inspir\u00e9 du Wrangler devraient arriver. La marque pr\u00e9voit de proposer des variantes \u00e9lectrifi\u00e9es de tous les mod\u00e8les de sa gamme nord-am\u00e9ricaine d&#8217;ici 2025.<\/p>\n<p>\u00a0<\/p>\n<p>Avec des renseignements d\u2019Automotive News<\/p>\n<p>Le texte <a rel=\"nofollow\" href=\"https:\/\/annuelauto.ca\/le-jeep-renegade-ne-sera-plus-vendu-au-canada-et-aux-etats-unis\/\">Le Jeep Renegade ne sera plus vendu au Canada et aux \u00c9tats-Unis<\/a> provient de <a rel=\"nofollow\" href=\"https:\/\/annuelauto.ca\">L&#8217;annuel de l&#8217;automobile &#8211; Actualit\u00e9 automobile<\/a><\/p>\n<p><\/p>\n","protected":false},"excerpt":{"rendered":"<p>Le Renegade peut \u00eatre consid\u00e9rer comme un flop. Les ventes sont en baisse constante depuis 2016. Jeep a donc d\u00e9cid\u00e9 de ne pas remettre le v\u00e9hicule sur la route pour 2024. Pas cher, mais pas bon non plus Le Renegade, dont le prix de d\u00e9part est de 36 000 $ repr\u00e9sente le mod\u00e8le le plus [&hellip;]<\/p>\n","protected":false},"author":8,"featured_media":154828,"comment_status":"close","ping_status":"closed","sticky":false,"template":"","format":"standard","meta":{"_monsterinsights_skip_tracking":false,"_monsterinsights_sitenote_active":false,"_monsterinsights_sitenote_note":"","_monsterinsights_sitenote_category":0,"footnotes":""},"categories":[101],"tags":[],"yoast_head":"<!-- This site is optimized with the Yoast SEO plugin v23.2 - https:\/\/yoast.com\/wordpress\/plugins\/seo\/ -->\n<title>Le Jeep Renegade ne sera plus vendu au Canada et aux \u00c9tats-Unis - CanadaMotorJobs.com<\/title>\n<meta name=\"description\" content=\"Le Jeep Renegade ne sera plus vendu au Canada et aux \u00c9tats-Unis - Benoit Charette - Annuel automobile - CanadaMotorJobs.com.\" \/>\n<meta name=\"robots\" content=\"index, follow, max-snippet:-1, max-image-preview:large, max-video-preview:-1\" \/>\n<meta property=\"og:locale\" content=\"fr_CA\" \/>\n<meta property=\"og:type\" content=\"article\" \/>\n<meta property=\"og:title\" content=\"Le Jeep Renegade ne sera plus vendu au Canada et aux \u00c9tats-Unis - CanadaMotorJobs.com\" \/>\n<meta property=\"og:description\" content=\"Le Jeep Renegade ne sera plus vendu au Canada et aux \u00c9tats-Unis - Benoit Charette - Annuel automobile - CanadaMotorJobs.com.\" \/>\n<meta property=\"og:url\" content=\"https:\/\/news.canadamotorjobs.com\/fr\/le-jeep-renegade-ne-sera-plus-vendu-au-canada-et-aux-etats-unis\/\" \/>\n<meta property=\"og:site_name\" content=\"CanadaMotorJobs.com\" \/>\n<meta property=\"article:publisher\" content=\"https:\/\/www.facebook.com\/canadamotorjobs\/\" \/>\n<meta property=\"article:published_time\" content=\"2023-12-04T20:37:03+00:00\" \/>\n<meta property=\"article:modified_time\" content=\"2023-12-04T20:48:59+00:00\" \/>\n<meta property=\"og:image\" content=\"https:\/\/news.canadamotorjobs.com\/wp-content\/uploads\/2023\/12\/jee-ren-03.jpg\" \/>\n\t<meta property=\"og:image:width\" content=\"1024\" \/>\n\t<meta property=\"og:image:height\" content=\"683\" \/>\n\t<meta property=\"og:image:type\" content=\"image\/jpeg\" \/>\n<meta name=\"author\" content=\"Benoit Charette\" \/>\n<meta name=\"twitter:card\" content=\"summary_large_image\" \/>\n<meta name=\"twitter:creator\" content=\"@canadamotorjobs\" \/>\n<meta name=\"twitter:site\" content=\"@canadamotorjobs\" \/>\n<meta name=\"twitter:label1\" content=\"\u00c9crit par\" \/>\n\t<meta name=\"twitter:data1\" content=\"Benoit Charette\" \/>\n\t<meta name=\"twitter:label2\" content=\"Estimation du temps de lecture\" \/>\n\t<meta name=\"twitter:data2\" content=\"2 minutes\" \/>\n<!-- \/ Yoast SEO plugin. -->","yoast_head_json":{"title":"Le Jeep Renegade ne sera plus vendu au Canada et aux \u00c9tats-Unis - CanadaMotorJobs.com","description":"Le Jeep Renegade ne sera plus vendu au Canada et aux \u00c9tats-Unis - Benoit Charette - Annuel automobile - CanadaMotorJobs.com.","robots":{"index":"index","follow":"follow","max-snippet":"max-snippet:-1","max-image-preview":"max-image-preview:large","max-video-preview":"max-video-preview:-1"},"og_locale":"fr_CA","og_type":"article","og_title":"Le Jeep Renegade ne sera plus vendu au Canada et aux \u00c9tats-Unis - CanadaMotorJobs.com","og_description":"Le Jeep Renegade ne sera plus vendu au Canada et aux \u00c9tats-Unis - Benoit Charette - Annuel automobile - CanadaMotorJobs.com.","og_url":"https:\/\/news.canadamotorjobs.com\/fr\/le-jeep-renegade-ne-sera-plus-vendu-au-canada-et-aux-etats-unis\/","og_site_name":"CanadaMotorJobs.com","article_publisher":"https:\/\/www.facebook.com\/canadamotorjobs\/","article_published_time":"2023-12-04T20:37:03+00:00","article_modified_time":"2023-12-04T20:48:59+00:00","og_image":[{"width":1024,"height":683,"url":"https:\/\/news.canadamotorjobs.com\/wp-content\/uploads\/2023\/12\/jee-ren-03.jpg","type":"image\/jpeg"}],"author":"Benoit Charette","twitter_card":"summary_large_image","twitter_creator":"@canadamotorjobs","twitter_site":"@canadamotorjobs","twitter_misc":{"\u00c9crit par":"Benoit Charette","Estimation du temps de lecture":"2 minutes"},"schema":{"@context":"https:\/\/schema.org","@graph":[{"@type":"Article","@id":"https:\/\/news.canadamotorjobs.com\/fr\/le-jeep-renegade-ne-sera-plus-vendu-au-canada-et-aux-etats-unis\/#article","isPartOf":{"@id":"https:\/\/news.canadamotorjobs.com\/fr\/le-jeep-renegade-ne-sera-plus-vendu-au-canada-et-aux-etats-unis\/"},"author":{"name":"Benoit Charette","@id":"https:\/\/news.canadamotorjobs.com\/#\/schema\/person\/51793d1f87d44011d7bcc2ed99269a90"},"headline":"Le Jeep Renegade ne sera plus vendu au Canada et aux \u00c9tats-Unis","datePublished":"2023-12-04T20:37:03+00:00","dateModified":"2023-12-04T20:48:59+00:00","mainEntityOfPage":{"@id":"https:\/\/news.canadamotorjobs.com\/fr\/le-jeep-renegade-ne-sera-plus-vendu-au-canada-et-aux-etats-unis\/"},"wordCount":371,"publisher":{"@id":"https:\/\/news.canadamotorjobs.com\/#organization"},"image":{"@id":"https:\/\/news.canadamotorjobs.com\/fr\/le-jeep-renegade-ne-sera-plus-vendu-au-canada-et-aux-etats-unis\/#primaryimage"},"thumbnailUrl":"https:\/\/news.canadamotorjobs.com\/wp-content\/uploads\/2023\/12\/jee-ren-03.jpg","articleSection":["Annuel automobile"],"inLanguage":"fr-CA"},{"@type":"WebPage","@id":"https:\/\/news.canadamotorjobs.com\/fr\/le-jeep-renegade-ne-sera-plus-vendu-au-canada-et-aux-etats-unis\/","url":"https:\/\/news.canadamotorjobs.com\/fr\/le-jeep-renegade-ne-sera-plus-vendu-au-canada-et-aux-etats-unis\/","name":"Le Jeep Renegade ne sera plus vendu au Canada et aux \u00c9tats-Unis - CanadaMotorJobs.com","isPartOf":{"@id":"https:\/\/news.canadamotorjobs.com\/#website"},"primaryImageOfPage":{"@id":"https:\/\/news.canadamotorjobs.com\/fr\/le-jeep-renegade-ne-sera-plus-vendu-au-canada-et-aux-etats-unis\/#primaryimage"},"image":{"@id":"https:\/\/news.canadamotorjobs.com\/fr\/le-jeep-renegade-ne-sera-plus-vendu-au-canada-et-aux-etats-unis\/#primaryimage"},"thumbnailUrl":"https:\/\/news.canadamotorjobs.com\/wp-content\/uploads\/2023\/12\/jee-ren-03.jpg","datePublished":"2023-12-04T20:37:03+00:00","dateModified":"2023-12-04T20:48:59+00:00","description":"Le Jeep Renegade ne sera plus vendu au Canada et aux \u00c9tats-Unis - Benoit Charette - Annuel automobile - CanadaMotorJobs.com.","breadcrumb":{"@id":"https:\/\/news.canadamotorjobs.com\/fr\/le-jeep-renegade-ne-sera-plus-vendu-au-canada-et-aux-etats-unis\/#breadcrumb"},"inLanguage":"fr-CA","potentialAction":[{"@type":"ReadAction","target":["https:\/\/news.canadamotorjobs.com\/fr\/le-jeep-renegade-ne-sera-plus-vendu-au-canada-et-aux-etats-unis\/"]}]},{"@type":"ImageObject","inLanguage":"fr-CA","@id":"https:\/\/news.canadamotorjobs.com\/fr\/le-jeep-renegade-ne-sera-plus-vendu-au-canada-et-aux-etats-unis\/#primaryimage","url":"https:\/\/news.canadamotorjobs.com\/wp-content\/uploads\/2023\/12\/jee-ren-03.jpg","contentUrl":"https:\/\/news.canadamotorjobs.com\/wp-content\/uploads\/2023\/12\/jee-ren-03.jpg","width":1024,"height":683},{"@type":"BreadcrumbList","@id":"https:\/\/news.canadamotorjobs.com\/fr\/le-jeep-renegade-ne-sera-plus-vendu-au-canada-et-aux-etats-unis\/#breadcrumb","itemListElement":[{"@type":"ListItem","position":1,"name":"Home","item":"https:\/\/news.canadamotorjobs.com\/fr\/blog\/"},{"@type":"ListItem","position":2,"name":"Le Jeep Renegade ne sera plus vendu au Canada et aux \u00c9tats-Unis"}]},{"@type":"WebSite","@id":"https:\/\/news.canadamotorjobs.com\/#website","url":"https:\/\/news.canadamotorjobs.com\/","name":"CanadaMotorJobs.com","description":"Automotive Jobs","publisher":{"@id":"https:\/\/news.canadamotorjobs.com\/#organization"},"potentialAction":[{"@type":"SearchAction","target":{"@type":"EntryPoint","urlTemplate":"https:\/\/news.canadamotorjobs.com\/?s={search_term_string}"},"query-input":"required name=search_term_string"}],"inLanguage":"fr-CA"},{"@type":"Organization","@id":"https:\/\/news.canadamotorjobs.com\/#organization","name":"Canada Motor Jobs","url":"https:\/\/news.canadamotorjobs.com\/","logo":{"@type":"ImageObject","inLanguage":"fr-CA","@id":"https:\/\/news.canadamotorjobs.com\/#\/schema\/logo\/image\/","url":"https:\/\/news.canadamotorjobs.com\/wp-content\/uploads\/2022\/10\/logo-canada-motor-jobs-1.png","contentUrl":"https:\/\/news.canadamotorjobs.com\/wp-content\/uploads\/2022\/10\/logo-canada-motor-jobs-1.png","width":800,"height":400,"caption":"Canada Motor Jobs"},"image":{"@id":"https:\/\/news.canadamotorjobs.com\/#\/schema\/logo\/image\/"},"sameAs":["https:\/\/www.facebook.com\/canadamotorjobs\/","https:\/\/x.com\/canadamotorjobs","https:\/\/www.instagram.com\/canadamotorjobs\/","https:\/\/www.linkedin.com\/company\/canadamotorjobs"]},{"@type":"Person","@id":"https:\/\/news.canadamotorjobs.com\/#\/schema\/person\/51793d1f87d44011d7bcc2ed99269a90","name":"Benoit Charette","image":{"@type":"ImageObject","inLanguage":"fr-CA","@id":"https:\/\/news.canadamotorjobs.com\/#\/schema\/person\/image\/","url":"https:\/\/secure.gravatar.com\/avatar\/45f3d2eebcccd909668d7ce7ea7267b6?s=96&d=mm&r=g","contentUrl":"https:\/\/secure.gravatar.com\/avatar\/45f3d2eebcccd909668d7ce7ea7267b6?s=96&d=mm&r=g","caption":"Benoit Charette"},"description":"Benoit Charette \/ Propri\u00e9taire et r\u00e9dacteur en chef Benoit Charette pratique le journalisme automobile depuis bient\u00f4t 30 ans. Il a fait ses classes au c\u00f4t\u00e9 de Daniel H\u00e9raud et au Carnet de route de 1992 \u00e0 2001. Il est fondateur, copropri\u00e9taire et r\u00e9dacteur en chef de L\u2019Annuel de l\u2019automobile, qu\u2019il publie depuis 2001. Il a anim\u00e9 les \u00e9missions RPM et RPM+ sur V et les L\u00e9gendes de la route sur Historia. \u00c0 la radio depuis 1986, il reprend l\u2019antenne cette ann\u00e9e sur les ondes de Cogeco et participe pour la deuxi\u00e8me ann\u00e9e \u00e0 l\u2019\u00e9mission Passion Auto sur RDS en plus de mettre en ligne le site Web officiel de L\u2019Annuel de l\u2019automobile sur annuelauto.ca.","sameAs":["https:\/\/annuelauto.ca\/"],"url":"https:\/\/news.canadamotorjobs.com\/fr\/author\/benoit-charette\/"}]}},"_links":{"self":[{"href":"https:\/\/news.canadamotorjobs.com\/fr\/wp-json\/wp\/v2\/posts\/154826"}],"collection":[{"href":"https:\/\/news.canadamotorjobs.com\/fr\/wp-json\/wp\/v2\/posts"}],"about":[{"href":"https:\/\/news.canadamotorjobs.com\/fr\/wp-json\/wp\/v2\/types\/post"}],"author":[{"embeddable":true,"href":"https:\/\/news.canadamotorjobs.com\/fr\/wp-json\/wp\/v2\/users\/8"}],"replies":[{"embeddable":true,"href":"https:\/\/news.canadamotorjobs.com\/fr\/wp-json\/wp\/v2\/comments?post=154826"}],"version-history":[{"count":2,"href":"https:\/\/news.canadamotorjobs.com\/fr\/wp-json\/wp\/v2\/posts\/154826\/revisions"}],"predecessor-version":[{"id":154830,"href":"https:\/\/news.canadamotorjobs.com\/fr\/wp-json\/wp\/v2\/posts\/154826\/revisions\/154830"}],"wp:featuredmedia":[{"embeddable":true,"href":"https:\/\/news.canadamotorjobs.com\/fr\/wp-json\/wp\/v2\/media\/154828"}],"wp:attachment":[{"href":"https:\/\/news.canadamotorjobs.com\/fr\/wp-json\/wp\/v2\/media?parent=154826"}],"wp:term":[{"taxonomy":"category","embeddable":true,"href":"https:\/\/news.canadamotorjobs.com\/fr\/wp-json\/wp\/v2\/categories?post=154826"},{"taxonomy":"post_tag","embeddable":true,"href":"https:\/\/news.canadamotorjobs.com\/fr\/wp-json\/wp\/v2\/tags?post=154826"}],"curies":[{"name":"wp","href":"https:\/\/api.w.org\/{rel}","templated":true}]}}