{"id":154774,"date":"2023-12-02T10:27:47","date_gmt":"2023-12-02T15:27:47","guid":{"rendered":"https:\/\/news.canadamotorjobs.com\/?p=154774"},"modified":"2023-12-02T10:29:41","modified_gmt":"2023-12-02T15:29:41","slug":"la-nevs-emily-gt-concue-par-saab-sauvee-par-une-compagnie-canadienne","status":"publish","type":"post","link":"https:\/\/news.canadamotorjobs.com\/fr\/la-nevs-emily-gt-concue-par-saab-sauvee-par-une-compagnie-canadienne\/","title":{"rendered":"La Nevs Emily GT, con\u00e7ue par Saab, sauv\u00e9e par une compagnie canadienne"},"content":{"rendered":"<\/p>\n<p>La Nevs Emily GT, une berline \u00e9lectrique avec 1\u00a0000 km d\u2019autonomie d\u00e9velopp\u00e9e par des ing\u00e9nieurs de Saab, a fait un pas de plus vers la production apr\u00e8s que le projet a \u00e9t\u00e9 rachet\u00e9 par la jeune pousse canadienne EV Electra.<\/p>\n<h3>Le Canada \u00e0 la rescousse des chinois<\/h3>\n<p>\nNevs est la propri\u00e9t\u00e9 du groupe Chinois Evergrande. Les ing\u00e9nieurs de la marque ont d\u00e9voil\u00e9 au monde entier cette \u00e9tonnante voiture \u00e9lectrique en avril dernier. Nevs a acquis les droits sur de nombreux actifs de Saab lorsque la marque historique a \u00e9t\u00e9 mise en faillite en 2012 et est bas\u00e9e \u00e0 Trollh\u00e4ttan, l&#8217;ancienne ville d&#8217;origine de Saab.<\/p>\n<h3>EV Electra r\u00e9cup\u00e8re le projet<\/h3>\n<p>\nDans une d\u00e9claration, Nina Selander, PDG de Nevs, a salu\u00e9 l&#8217;acquisition par EV Electra de l&#8217;Emily GT. Le fondateur et PDG d&#8217;EV Electra, Jihad Mohammad, a d\u00e9clar\u00e9 : &#8220;Nous aurons des voitures qui sortiront de l&#8217;usine en Turquie : &#8220;Nous aurons \u00e0 nouveau des voitures sortant de Trollh\u00e4ttan.<\/p>\n<h3>Les sp\u00e9cifications<\/h3>\n<p>\nLa Nevs Emily GT est une voiture \u00e9lectrique \u00e0 quatre portes et cinq places qui rivalise avec la Mercedes-Benz EQS et la Tesla Model S. Elle est cens\u00e9e pouvoir parcourir plus de 1 000 km entre deux charges, gr\u00e2ce \u00e0 une \u00e9norme batterie de 175 kWh. Des batteries de 140 kWh et 105 kWh \u00e9taient \u00e9galement pr\u00e9vues \u00e0 l&#8217;origine, ainsi qu&#8217;un syst\u00e8me de recharge sans fil de 11 kW via une tablette reli\u00e9e \u00e0 un concentrateur fixe. Des moteurs de 121 chevaux sont mont\u00e9s dans les roues \u00e0 chaque coin, ce qui donne \u00e0 l&#8217;Emily GT une puissance totale de 484 ch. Chaque moteur prend en sandwich une unit\u00e9 d&#8217;entra\u00eenement entre la roue en alliage et le disque de frein en aluminium, ce qui permet, para\u00eet-il, de contr\u00f4ler plus finement la vectorisation du couple.<\/p>\n<h3>Une conduite unique<\/h3>\n<p>\nL&#8217;\u00e9tendue de la vectorisation est telle que la voiture peut tourner sans utiliser le volant. Un syst\u00e8me de suspension pneumatique avec amortisseurs actifs a \u00e9t\u00e9 utilis\u00e9 pour compenser l&#8217;effet n\u00e9gatif sur la qualit\u00e9 de la conduite caus\u00e9 par l&#8217;augmentation du poids non suspendu des moteurs aux roues. Une variante haute performance de l&#8217;Emily GT \u00e9tait \u00e9galement en pr\u00e9paration, avec une puissance pr\u00e9vue de 653 chevaux et 1623 lb-pi. Cela permettrait de r\u00e9duire le temps de parcours de 0 \u00e0 100 km\/h de 4,6 \u00e0 3,2 secondes.<\/p>\n<h3>Une \u00e9mule de Saab<\/h3>\n<p>\nLe style saisissant &#8211; qui ressemble beaucoup \u00e0 la Saab 9-3 et \u00e0 la Saab 9-5 finales &#8211; aurait \u00e9t\u00e9 con\u00e7u par un Italien qui reste anonyme et peaufin\u00e9 par d&#8217;anciens designers de Saab. Le propri\u00e9taire de Nevs, le groupe Evergrande, avait initialement sign\u00e9 une s\u00e9rie de 20 prototypes. Cependant, Evergrande &#8211; qui a fait fortune en tant que l&#8217;un des promoteurs immobiliers les plus prolifiques de Chine &#8211; a connu des probl\u00e8mes financiers en 2020, et seuls six prototypes ont \u00e9t\u00e9 construits. En avril 2023, la phase de production \u00e9tait pr\u00eate, \u00e0 l&#8217;exception des coussins gonflables et des syst\u00e8mes de freinage qui manquent.<\/p>\n<h3>D\u2019ici un an et demi<\/h3>\n<p>\nSelon les responsables d\u2019EV Electra , il reste environ un an et demi avant que le projet ne soit achev\u00e9. Evergrande a mis Nevs en &#8220;hibernation&#8221; en avril, faute d&#8217;avoir trouv\u00e9 un acheteur. Sur les 340 employ\u00e9s de l&#8217;entreprise su\u00e9doise, 320 ont \u00e9t\u00e9 licenci\u00e9s. Le m\u00eame mois, Polestar a sign\u00e9 un bail pour une partie de l&#8217;usine Nevs de Trollh\u00e4ttan. L&#8217;entreprise d\u00e9riv\u00e9e de Volvo utilisera le site comme base de recherche et d\u00e9veloppement pour ses futurs v\u00e9hicules \u00e9lectriques.<\/p>\n<p>\u00a0<\/p>\n<p>Avec des renseignements d\u2019Autocar<\/p>\n<p>Le texte <a rel=\"nofollow\" href=\"https:\/\/annuelauto.ca\/la-nevs-emily-gt-concue-par-saab-sauvee-par-une-compagnie-canadienne\/\">La Nevs Emily GT, con\u00e7ue par Saab, sauv\u00e9e par une compagnie canadienne<\/a> provient de <a rel=\"nofollow\" href=\"https:\/\/annuelauto.ca\">L&#8217;annuel de l&#8217;automobile &#8211; Actualit\u00e9 automobile<\/a><\/p>\n<p><\/p>\n","protected":false},"excerpt":{"rendered":"<p>La Nevs Emily GT, une berline \u00e9lectrique avec 1\u00a0000 km d\u2019autonomie d\u00e9velopp\u00e9e par des ing\u00e9nieurs de Saab, a fait un pas de plus vers la production apr\u00e8s que le projet a \u00e9t\u00e9 rachet\u00e9 par la jeune pousse canadienne EV Electra. Le Canada \u00e0 la rescousse des chinois Nevs est la propri\u00e9t\u00e9 du groupe Chinois Evergrande. [&hellip;]<\/p>\n","protected":false},"author":8,"featured_media":154776,"comment_status":"close","ping_status":"closed","sticky":false,"template":"","format":"standard","meta":{"_monsterinsights_skip_tracking":false,"_monsterinsights_sitenote_active":false,"_monsterinsights_sitenote_note":"","_monsterinsights_sitenote_category":0,"footnotes":""},"categories":[101],"tags":[],"yoast_head":"<!-- This site is optimized with the Yoast SEO plugin v23.2 - https:\/\/yoast.com\/wordpress\/plugins\/seo\/ -->\n<title>La Nevs Emily GT, con\u00e7ue par Saab, sauv\u00e9e par une compagnie canadienne - CanadaMotorJobs.com<\/title>\n<meta name=\"description\" content=\"La Nevs Emily GT, con\u00e7ue par Saab, sauv\u00e9e par une compagnie canadienne - Benoit Charette - Annuel automobile - CanadaMotorJobs.com.\" \/>\n<meta name=\"robots\" content=\"index, follow, max-snippet:-1, max-image-preview:large, max-video-preview:-1\" \/>\n<meta property=\"og:locale\" content=\"fr_CA\" \/>\n<meta property=\"og:type\" content=\"article\" \/>\n<meta property=\"og:title\" content=\"La Nevs Emily GT, con\u00e7ue par Saab, sauv\u00e9e par une compagnie canadienne - CanadaMotorJobs.com\" \/>\n<meta property=\"og:description\" content=\"La Nevs Emily GT, con\u00e7ue par Saab, sauv\u00e9e par une compagnie canadienne - Benoit Charette - Annuel automobile - CanadaMotorJobs.com.\" \/>\n<meta property=\"og:url\" content=\"https:\/\/news.canadamotorjobs.com\/fr\/la-nevs-emily-gt-concue-par-saab-sauvee-par-une-compagnie-canadienne\/\" \/>\n<meta property=\"og:site_name\" content=\"CanadaMotorJobs.com\" \/>\n<meta property=\"article:publisher\" content=\"https:\/\/www.facebook.com\/canadamotorjobs\/\" \/>\n<meta property=\"article:published_time\" content=\"2023-12-02T15:27:47+00:00\" \/>\n<meta property=\"article:modified_time\" content=\"2023-12-02T15:29:41+00:00\" \/>\n<meta property=\"og:image\" content=\"https:\/\/news.canadamotorjobs.com\/wp-content\/uploads\/2023\/12\/nevs-emily-gt-side-view.jpg\" \/>\n\t<meta property=\"og:image:width\" content=\"1920\" \/>\n\t<meta property=\"og:image:height\" content=\"1080\" \/>\n\t<meta property=\"og:image:type\" content=\"image\/jpeg\" \/>\n<meta name=\"author\" content=\"Benoit Charette\" \/>\n<meta name=\"twitter:card\" content=\"summary_large_image\" \/>\n<meta name=\"twitter:creator\" content=\"@canadamotorjobs\" \/>\n<meta name=\"twitter:site\" content=\"@canadamotorjobs\" \/>\n<meta name=\"twitter:label1\" content=\"\u00c9crit par\" \/>\n\t<meta name=\"twitter:data1\" content=\"Benoit Charette\" \/>\n\t<meta name=\"twitter:label2\" content=\"Estimation du temps de lecture\" \/>\n\t<meta name=\"twitter:data2\" content=\"3 minutes\" \/>\n<!-- \/ Yoast SEO plugin. -->","yoast_head_json":{"title":"La Nevs Emily GT, con\u00e7ue par Saab, sauv\u00e9e par une compagnie canadienne - CanadaMotorJobs.com","description":"La Nevs Emily GT, con\u00e7ue par Saab, sauv\u00e9e par une compagnie canadienne - Benoit Charette - Annuel automobile - CanadaMotorJobs.com.","robots":{"index":"index","follow":"follow","max-snippet":"max-snippet:-1","max-image-preview":"max-image-preview:large","max-video-preview":"max-video-preview:-1"},"og_locale":"fr_CA","og_type":"article","og_title":"La Nevs Emily GT, con\u00e7ue par Saab, sauv\u00e9e par une compagnie canadienne - CanadaMotorJobs.com","og_description":"La Nevs Emily GT, con\u00e7ue par Saab, sauv\u00e9e par une compagnie canadienne - Benoit Charette - Annuel automobile - CanadaMotorJobs.com.","og_url":"https:\/\/news.canadamotorjobs.com\/fr\/la-nevs-emily-gt-concue-par-saab-sauvee-par-une-compagnie-canadienne\/","og_site_name":"CanadaMotorJobs.com","article_publisher":"https:\/\/www.facebook.com\/canadamotorjobs\/","article_published_time":"2023-12-02T15:27:47+00:00","article_modified_time":"2023-12-02T15:29:41+00:00","og_image":[{"width":1920,"height":1080,"url":"https:\/\/news.canadamotorjobs.com\/wp-content\/uploads\/2023\/12\/nevs-emily-gt-side-view.jpg","type":"image\/jpeg"}],"author":"Benoit Charette","twitter_card":"summary_large_image","twitter_creator":"@canadamotorjobs","twitter_site":"@canadamotorjobs","twitter_misc":{"\u00c9crit par":"Benoit Charette","Estimation du temps de lecture":"3 minutes"},"schema":{"@context":"https:\/\/schema.org","@graph":[{"@type":"Article","@id":"https:\/\/news.canadamotorjobs.com\/fr\/la-nevs-emily-gt-concue-par-saab-sauvee-par-une-compagnie-canadienne\/#article","isPartOf":{"@id":"https:\/\/news.canadamotorjobs.com\/fr\/la-nevs-emily-gt-concue-par-saab-sauvee-par-une-compagnie-canadienne\/"},"author":{"name":"Benoit Charette","@id":"https:\/\/news.canadamotorjobs.com\/#\/schema\/person\/51793d1f87d44011d7bcc2ed99269a90"},"headline":"La Nevs Emily GT, con\u00e7ue par Saab, sauv\u00e9e par une compagnie canadienne","datePublished":"2023-12-02T15:27:47+00:00","dateModified":"2023-12-02T15:29:41+00:00","mainEntityOfPage":{"@id":"https:\/\/news.canadamotorjobs.com\/fr\/la-nevs-emily-gt-concue-par-saab-sauvee-par-une-compagnie-canadienne\/"},"wordCount":648,"publisher":{"@id":"https:\/\/news.canadamotorjobs.com\/#organization"},"image":{"@id":"https:\/\/news.canadamotorjobs.com\/fr\/la-nevs-emily-gt-concue-par-saab-sauvee-par-une-compagnie-canadienne\/#primaryimage"},"thumbnailUrl":"https:\/\/news.canadamotorjobs.com\/wp-content\/uploads\/2023\/12\/nevs-emily-gt-side-view.jpg","articleSection":["Annuel automobile"],"inLanguage":"fr-CA"},{"@type":"WebPage","@id":"https:\/\/news.canadamotorjobs.com\/fr\/la-nevs-emily-gt-concue-par-saab-sauvee-par-une-compagnie-canadienne\/","url":"https:\/\/news.canadamotorjobs.com\/fr\/la-nevs-emily-gt-concue-par-saab-sauvee-par-une-compagnie-canadienne\/","name":"La Nevs Emily GT, con\u00e7ue par Saab, sauv\u00e9e par une compagnie canadienne - CanadaMotorJobs.com","isPartOf":{"@id":"https:\/\/news.canadamotorjobs.com\/#website"},"primaryImageOfPage":{"@id":"https:\/\/news.canadamotorjobs.com\/fr\/la-nevs-emily-gt-concue-par-saab-sauvee-par-une-compagnie-canadienne\/#primaryimage"},"image":{"@id":"https:\/\/news.canadamotorjobs.com\/fr\/la-nevs-emily-gt-concue-par-saab-sauvee-par-une-compagnie-canadienne\/#primaryimage"},"thumbnailUrl":"https:\/\/news.canadamotorjobs.com\/wp-content\/uploads\/2023\/12\/nevs-emily-gt-side-view.jpg","datePublished":"2023-12-02T15:27:47+00:00","dateModified":"2023-12-02T15:29:41+00:00","description":"La Nevs Emily GT, con\u00e7ue par Saab, sauv\u00e9e par une compagnie canadienne - Benoit Charette - Annuel automobile - CanadaMotorJobs.com.","breadcrumb":{"@id":"https:\/\/news.canadamotorjobs.com\/fr\/la-nevs-emily-gt-concue-par-saab-sauvee-par-une-compagnie-canadienne\/#breadcrumb"},"inLanguage":"fr-CA","potentialAction":[{"@type":"ReadAction","target":["https:\/\/news.canadamotorjobs.com\/fr\/la-nevs-emily-gt-concue-par-saab-sauvee-par-une-compagnie-canadienne\/"]}]},{"@type":"ImageObject","inLanguage":"fr-CA","@id":"https:\/\/news.canadamotorjobs.com\/fr\/la-nevs-emily-gt-concue-par-saab-sauvee-par-une-compagnie-canadienne\/#primaryimage","url":"https:\/\/news.canadamotorjobs.com\/wp-content\/uploads\/2023\/12\/nevs-emily-gt-side-view.jpg","contentUrl":"https:\/\/news.canadamotorjobs.com\/wp-content\/uploads\/2023\/12\/nevs-emily-gt-side-view.jpg","width":1920,"height":1080},{"@type":"BreadcrumbList","@id":"https:\/\/news.canadamotorjobs.com\/fr\/la-nevs-emily-gt-concue-par-saab-sauvee-par-une-compagnie-canadienne\/#breadcrumb","itemListElement":[{"@type":"ListItem","position":1,"name":"Home","item":"https:\/\/news.canadamotorjobs.com\/fr\/blog\/"},{"@type":"ListItem","position":2,"name":"La Nevs Emily GT, con\u00e7ue par Saab, sauv\u00e9e par une compagnie canadienne"}]},{"@type":"WebSite","@id":"https:\/\/news.canadamotorjobs.com\/#website","url":"https:\/\/news.canadamotorjobs.com\/","name":"CanadaMotorJobs.com","description":"Automotive Jobs","publisher":{"@id":"https:\/\/news.canadamotorjobs.com\/#organization"},"potentialAction":[{"@type":"SearchAction","target":{"@type":"EntryPoint","urlTemplate":"https:\/\/news.canadamotorjobs.com\/?s={search_term_string}"},"query-input":"required name=search_term_string"}],"inLanguage":"fr-CA"},{"@type":"Organization","@id":"https:\/\/news.canadamotorjobs.com\/#organization","name":"Canada Motor Jobs","url":"https:\/\/news.canadamotorjobs.com\/","logo":{"@type":"ImageObject","inLanguage":"fr-CA","@id":"https:\/\/news.canadamotorjobs.com\/#\/schema\/logo\/image\/","url":"https:\/\/news.canadamotorjobs.com\/wp-content\/uploads\/2022\/10\/logo-canada-motor-jobs-1.png","contentUrl":"https:\/\/news.canadamotorjobs.com\/wp-content\/uploads\/2022\/10\/logo-canada-motor-jobs-1.png","width":800,"height":400,"caption":"Canada Motor Jobs"},"image":{"@id":"https:\/\/news.canadamotorjobs.com\/#\/schema\/logo\/image\/"},"sameAs":["https:\/\/www.facebook.com\/canadamotorjobs\/","https:\/\/x.com\/canadamotorjobs","https:\/\/www.instagram.com\/canadamotorjobs\/","https:\/\/www.linkedin.com\/company\/canadamotorjobs"]},{"@type":"Person","@id":"https:\/\/news.canadamotorjobs.com\/#\/schema\/person\/51793d1f87d44011d7bcc2ed99269a90","name":"Benoit Charette","image":{"@type":"ImageObject","inLanguage":"fr-CA","@id":"https:\/\/news.canadamotorjobs.com\/#\/schema\/person\/image\/","url":"https:\/\/secure.gravatar.com\/avatar\/45f3d2eebcccd909668d7ce7ea7267b6?s=96&d=mm&r=g","contentUrl":"https:\/\/secure.gravatar.com\/avatar\/45f3d2eebcccd909668d7ce7ea7267b6?s=96&d=mm&r=g","caption":"Benoit Charette"},"description":"Benoit Charette \/ Propri\u00e9taire et r\u00e9dacteur en chef Benoit Charette pratique le journalisme automobile depuis bient\u00f4t 30 ans. Il a fait ses classes au c\u00f4t\u00e9 de Daniel H\u00e9raud et au Carnet de route de 1992 \u00e0 2001. Il est fondateur, copropri\u00e9taire et r\u00e9dacteur en chef de L\u2019Annuel de l\u2019automobile, qu\u2019il publie depuis 2001. Il a anim\u00e9 les \u00e9missions RPM et RPM+ sur V et les L\u00e9gendes de la route sur Historia. \u00c0 la radio depuis 1986, il reprend l\u2019antenne cette ann\u00e9e sur les ondes de Cogeco et participe pour la deuxi\u00e8me ann\u00e9e \u00e0 l\u2019\u00e9mission Passion Auto sur RDS en plus de mettre en ligne le site Web officiel de L\u2019Annuel de l\u2019automobile sur annuelauto.ca.","sameAs":["https:\/\/annuelauto.ca\/"],"url":"https:\/\/news.canadamotorjobs.com\/fr\/author\/benoit-charette\/"}]}},"_links":{"self":[{"href":"https:\/\/news.canadamotorjobs.com\/fr\/wp-json\/wp\/v2\/posts\/154774"}],"collection":[{"href":"https:\/\/news.canadamotorjobs.com\/fr\/wp-json\/wp\/v2\/posts"}],"about":[{"href":"https:\/\/news.canadamotorjobs.com\/fr\/wp-json\/wp\/v2\/types\/post"}],"author":[{"embeddable":true,"href":"https:\/\/news.canadamotorjobs.com\/fr\/wp-json\/wp\/v2\/users\/8"}],"replies":[{"embeddable":true,"href":"https:\/\/news.canadamotorjobs.com\/fr\/wp-json\/wp\/v2\/comments?post=154774"}],"version-history":[{"count":2,"href":"https:\/\/news.canadamotorjobs.com\/fr\/wp-json\/wp\/v2\/posts\/154774\/revisions"}],"predecessor-version":[{"id":154778,"href":"https:\/\/news.canadamotorjobs.com\/fr\/wp-json\/wp\/v2\/posts\/154774\/revisions\/154778"}],"wp:featuredmedia":[{"embeddable":true,"href":"https:\/\/news.canadamotorjobs.com\/fr\/wp-json\/wp\/v2\/media\/154776"}],"wp:attachment":[{"href":"https:\/\/news.canadamotorjobs.com\/fr\/wp-json\/wp\/v2\/media?parent=154774"}],"wp:term":[{"taxonomy":"category","embeddable":true,"href":"https:\/\/news.canadamotorjobs.com\/fr\/wp-json\/wp\/v2\/categories?post=154774"},{"taxonomy":"post_tag","embeddable":true,"href":"https:\/\/news.canadamotorjobs.com\/fr\/wp-json\/wp\/v2\/tags?post=154774"}],"curies":[{"name":"wp","href":"https:\/\/api.w.org\/{rel}","templated":true}]}}