{"id":154735,"date":"2023-11-30T13:53:21","date_gmt":"2023-11-30T18:53:21","guid":{"rendered":"https:\/\/news.canadamotorjobs.com\/?p=154735"},"modified":"2023-11-30T14:17:52","modified_gmt":"2023-11-30T19:17:52","slug":"une-laffite-lm1-vendue-26-m-us-au-profit-de-la-fondation-one-drop-de-guy-laliberte","status":"publish","type":"post","link":"https:\/\/news.canadamotorjobs.com\/fr\/une-laffite-lm1-vendue-26-m-us-au-profit-de-la-fondation-one-drop-de-guy-laliberte\/","title":{"rendered":"Une Laffite LM1 vendue 2,6\u00a0M$\u00a0US au profit de la fondation One\u00a0Drop de Guy Lalibert\u00e9"},"content":{"rendered":"<\/p>\n<p>La premi\u00e8re Laffite\u00a0LM1 a \u00e9t\u00e9 vendue pour la somme de 2,6 millions de dollars\u00a0US lors d\u2019une vente aux ench\u00e8res au profit de la fondation One\u00a0Drop cr\u00e9\u00e9e par le Qu\u00e9b\u00e9cois Guy Lalibert\u00e9, fondateur du Cirque du Soleil. Cet encan a eu lieu durant la soir\u00e9e \u00ab\u00a0One Night for One Drop\u00a0\u00bb, un \u00e9v\u00e9nement caritatif organis\u00e9 le 15\u00a0novembre dernier dans le cadre de la fin de semaine de Formule\u00a01 \u00e0 Las Vegas.<\/p>\n<p>Dans un communiqu\u00e9 publi\u00e9 aujourd\u2019hui par Laffite, M.\u00a0Lalibert\u00e9 se dit ravi des r\u00e9sultats de cette vente et rappelle que \u00ab\u00a0le but de l&#8217;\u00e9v\u00e9nement \u00e9tait d&#8217;amasser des fonds pour donner un acc\u00e8s durable \u00e0 l&#8217;eau potable, \u00e0 l&#8217;assainissement et \u00e0 l&#8217;hygi\u00e8ne dans les communaut\u00e9s les plus pauvres. Notre partenariat avec Laffite Automobili pour cette semaine \u00e0 Las Vegas a \u00e9t\u00e9 un vrai succ\u00e8s !\u00a0\u00bb<\/p>\n<p>Pour sa part, Bruno Laffite, cofondateur de Laffite Automobili, se dit satisfait du partenariat avec cette fondation, dont le message a s\u00e9duit toute son \u00e9quipe\u00a0: \u00ab One Drop et Laffite Automobili avaient besoin d&#8217;un cadre et d&#8217;un \u00e9v\u00e9nement exceptionnels pour lancer leur collaboration. Nous pouvons tous \u00eatre fiers de nous. Cette semaine \u00e0 Las Vegas a \u00e9t\u00e9 incroyable\u00a0!\u00a0\u00bb<\/p>\n<h3><strong>Un \u00e9v\u00e9nement qui a attir\u00e9 les vedettes<\/strong><\/h3>\n<p>\nCopr\u00e9sid\u00e9 par le fondateur de la fondation One Drop et du Cirque du Soleil, Guy Lalibert\u00e9, par le PDG de MGM Resorts Internaonal, Bill Hornbuckle, et par le pr\u00e9sident de la division des spectacles r\u00e9sidents et affili\u00e9s du Cirque du Soleil, Eric Grilly, cet \u00e9v\u00e9nement a naturellement attir\u00e9 une pl\u00e9thore de vedettes et de personnalit\u00e9s.<\/p>\n<p>Parmi ceux-ci, on a vu, notamment, Perez Hilton, des membres du groupe de rock Journey, Kevin O\u2019Leary de l\u2019\u00e9mission <em>Shark Tank<\/em>, l&#8217;acteur britannique Damian Lewis, la chanteuse et compositrice Alison Mosshart, le pr\u00e9sident du Groupe de divertissement du Cirque du Soleil St\u00e9phane Lefebvre, de m\u00eame que quelques grands pilotes : le champion d\u2019IndyCar Dario Franchi, l\u2019ancien pilote de Tyrrell Danny Sullivan et Jack Doohan, pilote r\u00e9serviste de BWT Alpine.<\/p>\n<p>La Laffite\u00a0LM1 a \u00e9t\u00e9 vendue en pr\u00e9sence des cofondateurs de la marque\u00a0: Pascal Cohen et Bruno Laffite, neveu du grand pilote de Formule\u00a01 <a href=\"https:\/\/annuelauto.ca\/21-novembre-jacques-laffitte-celebre-ses-75-ans\/\" target=\"_blank\" rel=\"noopener noreferrer\">Jacques Laffite<\/a>. Ils \u00e9taient en compagnie d\u2019une autre c\u00e9l\u00e9brit\u00e9 de la F1\u00a0: <a href=\"https:\/\/annuelauto.ca\/14-octobre-1973-jackie-stewart-annonce-son-retrait-de-la-formule-1\/\" target=\"_blank\" rel=\"noopener noreferrer\">Sir Jackie Stewart<\/a>. Vainqueur de 27\u00a0Grand\u00a0Prix et de 3\u00a0titres de Champion du monde des pilotes, celui qu\u2019on surnommait l\u2019\u00c9cossais volant agissait \u00e0 titre de pr\u00e9sident d\u2019honneur de cette soir\u00e9e-b\u00e9n\u00e9fice.<\/p>\n<h3><strong>Grosse goutte d\u2019eau pour One Drop<\/strong><\/h3>\n<p>\nDepuis sa cr\u00e9ation en 2013, l\u2019\u00e9v\u00e9nement \u00ab\u00a0One Night for One Drop\u00a0\u00bb a permis \u00e0 la fondation One\u00a0Drop d\u2019amasser plus de 40\u00a0millions de dollars\u00a0US pour divers projets servant \u00e0 am\u00e9liorer les conditions de vie des communaut\u00e9s confront\u00e9es \u00e0 des changements extr\u00eames et pour soutenir des projets li\u00e9s \u00e0 l\u2019acc\u00e8s \u00e0 l\u2019eau potable dans le monde. Un communiqu\u00e9 de la fondation nous apprend, par ailleurs, que cet \u00e9v\u00e9nement alimente \u00e9galement des initiatives en mati\u00e8re d\u2019eau potable \u00e0 Las\u00a0Vegas m\u00eame\u00a0!<\/p>\n<p>Or, sur la base de toutes ces informations, on peut conclure que le r\u00e9sultat de la vente de la Laffite\u00a0LM1 ne repr\u00e9sente pas une simple goutte d\u2019eau (!) pour les projets de cette fondation. En revanche, on peut s\u2019interroger sur l\u2019endroit o\u00f9 cet argent sera investi\u00a0: dans un pays d\u00e9favoris\u00e9\u2026 ou \u00e0 Las\u00a0Vegas\u00a0?<\/p>\n<h3><strong>Premier mod\u00e8le de s\u00e9rie promis par Laffite<\/strong><\/h3>\n<p>\nRappelons qu\u2019en mai dernier, Laffite Automobili a d\u00e9voil\u00e9 ses trois premiers v\u00e9hicules \u00e0 l\u2019occasion du Grand\u00a0Prix de Formule\u00a01 de Miami. On a alors vu pour la premi\u00e8re fois la LM1, mais aussi deux voitures-concepts\u00a0L: l\u2019utilitaire de haute performance Atrax Stradale et le coup\u00e9 de performance Barchetta. Tous ces v\u00e9hicules ont en commun un design sign\u00e9 GFG Style, l\u2019entreprise fond\u00e9e par Giorgetto et Fabrizio <a href=\"https:\/\/annuelauto.ca\/le-concept-de-la-pony-revisite-50-ans-plus-tard\/\" target=\"_blank\" rel=\"noopener noreferrer\">Giugiaro<\/a> en 2015.<\/p>\n<p>Cr\u00e9\u00e9 sous la direction de Laffite et Cohen, la LM1 ne p\u00e8se que 1\u00a0250\u00a0kg et elle est anim\u00e9e par une V8 hybride non branchable de 1000\u00a0ch. Mis au point par Autotecnica Motori pour Laffite, ce moteur lui permettrait d\u2019atteindre une vitesse de pointe de 350\u00a0km\/h. Qualifi\u00e9e \u00ab\u00a0d\u2019hypercar de style Le\u00a0Mans\u00a0\u00bb par son constructeur, cette biplace vise la client\u00e8le int\u00e9ress\u00e9e par des voitures comme la Koenigsegg Regera et la Mercedes-AMG One.<\/p>\n<h3>Fabriqu\u00e9e au compte-gouttes<\/h3>\n<p>\nConstruite \u00e0 Turin, \u00e0 l\u2019instar des deux autres mod\u00e8les Laffite qui sont en devenir, la LM1 sera produite en qualit\u00e9 tr\u00e8s limit\u00e9e (24 exemplaires).<\/p>\n<p>Un communiqu\u00e9 publi\u00e9 par l\u2019entreprise italienne lors du d\u00e9voilement qui a eu lieu \u00e0 Miami promettait la livraison des premiers mod\u00e8les de s\u00e9rie au cours de l&#8217;hiver 2024. On ignore si cette information tient toujours.<\/p>\n<p>Laffite Automobili nous apprend, par contre, que sa premi\u00e8re LM1 fera une apparition publique \u00e0 l\u2019occasion du Grand-Prix historique de Monaco, en mai 2024; une principaut\u00e9 o\u00f9 l\u2019entreprise ouvrira d\u2019ailleurs sa premi\u00e8re salle d\u2019exposition au d\u00e9but de l\u2019ann\u00e9e prochaine.<\/p>\n<p><em>Photos : Laffite et Greg Doherty\/Getty Images pour One Night for One Drop<br \/>\n<\/em><\/p>\n<p>Le texte <a rel=\"nofollow\" href=\"https:\/\/annuelauto.ca\/une-laffite-lm1-vendue-26-m-us-au-profit-de-la-fondation-one-drop-de-guy-laliberte\/\">Une Laffite LM1 vendue 2,6\u00a0M$\u00a0US au profit de la fondation One\u00a0Drop de Guy Lalibert\u00e9<\/a> provient de <a rel=\"nofollow\" href=\"https:\/\/annuelauto.ca\">L&#8217;annuel de l&#8217;automobile &#8211; Actualit\u00e9 automobile<\/a><\/p>\n<p><\/p>\n","protected":false},"excerpt":{"rendered":"<p>La premi\u00e8re Laffite\u00a0LM1 a \u00e9t\u00e9 vendue pour la somme de 2,6 millions de dollars\u00a0US lors d\u2019une vente aux ench\u00e8res au profit de la fondation One\u00a0Drop cr\u00e9\u00e9e par le Qu\u00e9b\u00e9cois Guy Lalibert\u00e9, fondateur du Cirque du Soleil. Cet encan a eu lieu durant la soir\u00e9e \u00ab\u00a0One Night for One Drop\u00a0\u00bb, un \u00e9v\u00e9nement caritatif organis\u00e9 le 15\u00a0novembre [&hellip;]<\/p>\n","protected":false},"author":8,"featured_media":154737,"comment_status":"close","ping_status":"closed","sticky":false,"template":"","format":"standard","meta":{"_monsterinsights_skip_tracking":false,"_monsterinsights_sitenote_active":false,"_monsterinsights_sitenote_note":"","_monsterinsights_sitenote_category":0,"footnotes":""},"categories":[101],"tags":[],"yoast_head":"<!-- This site is optimized with the Yoast SEO plugin v23.2 - https:\/\/yoast.com\/wordpress\/plugins\/seo\/ -->\n<title>Une Laffite LM1 vendue 2,6\u00a0M$\u00a0US au profit de la fondation One\u00a0Drop de Guy Lalibert\u00e9 - CanadaMotorJobs.com<\/title>\n<meta name=\"description\" content=\"Une Laffite LM1 vendue 2,6\u00a0M$\u00a0US au profit de la fondation One\u00a0Drop de Guy Lalibert\u00e9 - Benoit Charette - Annuel automobile - CanadaMotorJobs.com.\" \/>\n<meta name=\"robots\" content=\"index, follow, max-snippet:-1, max-image-preview:large, max-video-preview:-1\" \/>\n<meta property=\"og:locale\" content=\"fr_CA\" \/>\n<meta property=\"og:type\" content=\"article\" \/>\n<meta property=\"og:title\" content=\"Une Laffite LM1 vendue 2,6\u00a0M$\u00a0US au profit de la fondation One\u00a0Drop de Guy Lalibert\u00e9 - CanadaMotorJobs.com\" \/>\n<meta property=\"og:description\" content=\"Une Laffite LM1 vendue 2,6\u00a0M$\u00a0US au profit de la fondation One\u00a0Drop de Guy Lalibert\u00e9 - Benoit Charette - Annuel automobile - CanadaMotorJobs.com.\" \/>\n<meta property=\"og:url\" content=\"https:\/\/news.canadamotorjobs.com\/fr\/une-laffite-lm1-vendue-26-m-us-au-profit-de-la-fondation-one-drop-de-guy-laliberte\/\" \/>\n<meta property=\"og:site_name\" content=\"CanadaMotorJobs.com\" \/>\n<meta property=\"article:publisher\" content=\"https:\/\/www.facebook.com\/canadamotorjobs\/\" \/>\n<meta property=\"article:published_time\" content=\"2023-11-30T18:53:21+00:00\" \/>\n<meta property=\"article:modified_time\" content=\"2023-11-30T19:17:52+00:00\" \/>\n<meta property=\"og:image\" content=\"https:\/\/news.canadamotorjobs.com\/wp-content\/uploads\/2023\/11\/MONTECARLO-5-V2-1.jpg\" \/>\n\t<meta property=\"og:image:width\" content=\"1024\" \/>\n\t<meta property=\"og:image:height\" content=\"683\" \/>\n\t<meta property=\"og:image:type\" content=\"image\/jpeg\" \/>\n<meta name=\"author\" content=\"Benoit Charette\" \/>\n<meta name=\"twitter:card\" content=\"summary_large_image\" \/>\n<meta name=\"twitter:creator\" content=\"@canadamotorjobs\" \/>\n<meta name=\"twitter:site\" content=\"@canadamotorjobs\" \/>\n<meta name=\"twitter:label1\" content=\"\u00c9crit par\" \/>\n\t<meta name=\"twitter:data1\" content=\"Benoit Charette\" \/>\n\t<meta name=\"twitter:label2\" content=\"Estimation du temps de lecture\" \/>\n\t<meta name=\"twitter:data2\" content=\"4 minutes\" \/>\n<!-- \/ Yoast SEO plugin. -->","yoast_head_json":{"title":"Une Laffite LM1 vendue 2,6\u00a0M$\u00a0US au profit de la fondation One\u00a0Drop de Guy Lalibert\u00e9 - CanadaMotorJobs.com","description":"Une Laffite LM1 vendue 2,6\u00a0M$\u00a0US au profit de la fondation One\u00a0Drop de Guy Lalibert\u00e9 - Benoit Charette - Annuel automobile - CanadaMotorJobs.com.","robots":{"index":"index","follow":"follow","max-snippet":"max-snippet:-1","max-image-preview":"max-image-preview:large","max-video-preview":"max-video-preview:-1"},"og_locale":"fr_CA","og_type":"article","og_title":"Une Laffite LM1 vendue 2,6\u00a0M$\u00a0US au profit de la fondation One\u00a0Drop de Guy Lalibert\u00e9 - CanadaMotorJobs.com","og_description":"Une Laffite LM1 vendue 2,6\u00a0M$\u00a0US au profit de la fondation One\u00a0Drop de Guy Lalibert\u00e9 - Benoit Charette - Annuel automobile - CanadaMotorJobs.com.","og_url":"https:\/\/news.canadamotorjobs.com\/fr\/une-laffite-lm1-vendue-26-m-us-au-profit-de-la-fondation-one-drop-de-guy-laliberte\/","og_site_name":"CanadaMotorJobs.com","article_publisher":"https:\/\/www.facebook.com\/canadamotorjobs\/","article_published_time":"2023-11-30T18:53:21+00:00","article_modified_time":"2023-11-30T19:17:52+00:00","og_image":[{"width":1024,"height":683,"url":"https:\/\/news.canadamotorjobs.com\/wp-content\/uploads\/2023\/11\/MONTECARLO-5-V2-1.jpg","type":"image\/jpeg"}],"author":"Benoit Charette","twitter_card":"summary_large_image","twitter_creator":"@canadamotorjobs","twitter_site":"@canadamotorjobs","twitter_misc":{"\u00c9crit par":"Benoit Charette","Estimation du temps de lecture":"4 minutes"},"schema":{"@context":"https:\/\/schema.org","@graph":[{"@type":"Article","@id":"https:\/\/news.canadamotorjobs.com\/fr\/une-laffite-lm1-vendue-26-m-us-au-profit-de-la-fondation-one-drop-de-guy-laliberte\/#article","isPartOf":{"@id":"https:\/\/news.canadamotorjobs.com\/fr\/une-laffite-lm1-vendue-26-m-us-au-profit-de-la-fondation-one-drop-de-guy-laliberte\/"},"author":{"name":"Benoit Charette","@id":"https:\/\/news.canadamotorjobs.com\/#\/schema\/person\/51793d1f87d44011d7bcc2ed99269a90"},"headline":"Une Laffite LM1 vendue 2,6\u00a0M$\u00a0US au profit de la fondation One\u00a0Drop de Guy Lalibert\u00e9","datePublished":"2023-11-30T18:53:21+00:00","dateModified":"2023-11-30T19:17:52+00:00","mainEntityOfPage":{"@id":"https:\/\/news.canadamotorjobs.com\/fr\/une-laffite-lm1-vendue-26-m-us-au-profit-de-la-fondation-one-drop-de-guy-laliberte\/"},"wordCount":921,"publisher":{"@id":"https:\/\/news.canadamotorjobs.com\/#organization"},"image":{"@id":"https:\/\/news.canadamotorjobs.com\/fr\/une-laffite-lm1-vendue-26-m-us-au-profit-de-la-fondation-one-drop-de-guy-laliberte\/#primaryimage"},"thumbnailUrl":"https:\/\/news.canadamotorjobs.com\/wp-content\/uploads\/2023\/11\/MONTECARLO-5-V2-1.jpg","articleSection":["Annuel automobile"],"inLanguage":"fr-CA"},{"@type":"WebPage","@id":"https:\/\/news.canadamotorjobs.com\/fr\/une-laffite-lm1-vendue-26-m-us-au-profit-de-la-fondation-one-drop-de-guy-laliberte\/","url":"https:\/\/news.canadamotorjobs.com\/fr\/une-laffite-lm1-vendue-26-m-us-au-profit-de-la-fondation-one-drop-de-guy-laliberte\/","name":"Une Laffite LM1 vendue 2,6\u00a0M$\u00a0US au profit de la fondation One\u00a0Drop de Guy Lalibert\u00e9 - CanadaMotorJobs.com","isPartOf":{"@id":"https:\/\/news.canadamotorjobs.com\/#website"},"primaryImageOfPage":{"@id":"https:\/\/news.canadamotorjobs.com\/fr\/une-laffite-lm1-vendue-26-m-us-au-profit-de-la-fondation-one-drop-de-guy-laliberte\/#primaryimage"},"image":{"@id":"https:\/\/news.canadamotorjobs.com\/fr\/une-laffite-lm1-vendue-26-m-us-au-profit-de-la-fondation-one-drop-de-guy-laliberte\/#primaryimage"},"thumbnailUrl":"https:\/\/news.canadamotorjobs.com\/wp-content\/uploads\/2023\/11\/MONTECARLO-5-V2-1.jpg","datePublished":"2023-11-30T18:53:21+00:00","dateModified":"2023-11-30T19:17:52+00:00","description":"Une Laffite LM1 vendue 2,6\u00a0M$\u00a0US au profit de la fondation One\u00a0Drop de Guy Lalibert\u00e9 - Benoit Charette - Annuel automobile - CanadaMotorJobs.com.","breadcrumb":{"@id":"https:\/\/news.canadamotorjobs.com\/fr\/une-laffite-lm1-vendue-26-m-us-au-profit-de-la-fondation-one-drop-de-guy-laliberte\/#breadcrumb"},"inLanguage":"fr-CA","potentialAction":[{"@type":"ReadAction","target":["https:\/\/news.canadamotorjobs.com\/fr\/une-laffite-lm1-vendue-26-m-us-au-profit-de-la-fondation-one-drop-de-guy-laliberte\/"]}]},{"@type":"ImageObject","inLanguage":"fr-CA","@id":"https:\/\/news.canadamotorjobs.com\/fr\/une-laffite-lm1-vendue-26-m-us-au-profit-de-la-fondation-one-drop-de-guy-laliberte\/#primaryimage","url":"https:\/\/news.canadamotorjobs.com\/wp-content\/uploads\/2023\/11\/MONTECARLO-5-V2-1.jpg","contentUrl":"https:\/\/news.canadamotorjobs.com\/wp-content\/uploads\/2023\/11\/MONTECARLO-5-V2-1.jpg","width":1024,"height":683},{"@type":"BreadcrumbList","@id":"https:\/\/news.canadamotorjobs.com\/fr\/une-laffite-lm1-vendue-26-m-us-au-profit-de-la-fondation-one-drop-de-guy-laliberte\/#breadcrumb","itemListElement":[{"@type":"ListItem","position":1,"name":"Home","item":"https:\/\/news.canadamotorjobs.com\/fr\/blog\/"},{"@type":"ListItem","position":2,"name":"Une Laffite LM1 vendue 2,6\u00a0M$\u00a0US au profit de la fondation One\u00a0Drop de Guy Lalibert\u00e9"}]},{"@type":"WebSite","@id":"https:\/\/news.canadamotorjobs.com\/#website","url":"https:\/\/news.canadamotorjobs.com\/","name":"CanadaMotorJobs.com","description":"Automotive Jobs","publisher":{"@id":"https:\/\/news.canadamotorjobs.com\/#organization"},"potentialAction":[{"@type":"SearchAction","target":{"@type":"EntryPoint","urlTemplate":"https:\/\/news.canadamotorjobs.com\/?s={search_term_string}"},"query-input":"required name=search_term_string"}],"inLanguage":"fr-CA"},{"@type":"Organization","@id":"https:\/\/news.canadamotorjobs.com\/#organization","name":"Canada Motor Jobs","url":"https:\/\/news.canadamotorjobs.com\/","logo":{"@type":"ImageObject","inLanguage":"fr-CA","@id":"https:\/\/news.canadamotorjobs.com\/#\/schema\/logo\/image\/","url":"https:\/\/news.canadamotorjobs.com\/wp-content\/uploads\/2022\/10\/logo-canada-motor-jobs-1.png","contentUrl":"https:\/\/news.canadamotorjobs.com\/wp-content\/uploads\/2022\/10\/logo-canada-motor-jobs-1.png","width":800,"height":400,"caption":"Canada Motor Jobs"},"image":{"@id":"https:\/\/news.canadamotorjobs.com\/#\/schema\/logo\/image\/"},"sameAs":["https:\/\/www.facebook.com\/canadamotorjobs\/","https:\/\/x.com\/canadamotorjobs","https:\/\/www.instagram.com\/canadamotorjobs\/","https:\/\/www.linkedin.com\/company\/canadamotorjobs"]},{"@type":"Person","@id":"https:\/\/news.canadamotorjobs.com\/#\/schema\/person\/51793d1f87d44011d7bcc2ed99269a90","name":"Benoit Charette","image":{"@type":"ImageObject","inLanguage":"fr-CA","@id":"https:\/\/news.canadamotorjobs.com\/#\/schema\/person\/image\/","url":"https:\/\/secure.gravatar.com\/avatar\/45f3d2eebcccd909668d7ce7ea7267b6?s=96&d=mm&r=g","contentUrl":"https:\/\/secure.gravatar.com\/avatar\/45f3d2eebcccd909668d7ce7ea7267b6?s=96&d=mm&r=g","caption":"Benoit Charette"},"description":"Benoit Charette \/ Propri\u00e9taire et r\u00e9dacteur en chef Benoit Charette pratique le journalisme automobile depuis bient\u00f4t 30 ans. Il a fait ses classes au c\u00f4t\u00e9 de Daniel H\u00e9raud et au Carnet de route de 1992 \u00e0 2001. Il est fondateur, copropri\u00e9taire et r\u00e9dacteur en chef de L\u2019Annuel de l\u2019automobile, qu\u2019il publie depuis 2001. Il a anim\u00e9 les \u00e9missions RPM et RPM+ sur V et les L\u00e9gendes de la route sur Historia. \u00c0 la radio depuis 1986, il reprend l\u2019antenne cette ann\u00e9e sur les ondes de Cogeco et participe pour la deuxi\u00e8me ann\u00e9e \u00e0 l\u2019\u00e9mission Passion Auto sur RDS en plus de mettre en ligne le site Web officiel de L\u2019Annuel de l\u2019automobile sur annuelauto.ca.","sameAs":["https:\/\/annuelauto.ca\/"],"url":"https:\/\/news.canadamotorjobs.com\/fr\/author\/benoit-charette\/"}]}},"_links":{"self":[{"href":"https:\/\/news.canadamotorjobs.com\/fr\/wp-json\/wp\/v2\/posts\/154735"}],"collection":[{"href":"https:\/\/news.canadamotorjobs.com\/fr\/wp-json\/wp\/v2\/posts"}],"about":[{"href":"https:\/\/news.canadamotorjobs.com\/fr\/wp-json\/wp\/v2\/types\/post"}],"author":[{"embeddable":true,"href":"https:\/\/news.canadamotorjobs.com\/fr\/wp-json\/wp\/v2\/users\/8"}],"replies":[{"embeddable":true,"href":"https:\/\/news.canadamotorjobs.com\/fr\/wp-json\/wp\/v2\/comments?post=154735"}],"version-history":[{"count":2,"href":"https:\/\/news.canadamotorjobs.com\/fr\/wp-json\/wp\/v2\/posts\/154735\/revisions"}],"predecessor-version":[{"id":154739,"href":"https:\/\/news.canadamotorjobs.com\/fr\/wp-json\/wp\/v2\/posts\/154735\/revisions\/154739"}],"wp:featuredmedia":[{"embeddable":true,"href":"https:\/\/news.canadamotorjobs.com\/fr\/wp-json\/wp\/v2\/media\/154737"}],"wp:attachment":[{"href":"https:\/\/news.canadamotorjobs.com\/fr\/wp-json\/wp\/v2\/media?parent=154735"}],"wp:term":[{"taxonomy":"category","embeddable":true,"href":"https:\/\/news.canadamotorjobs.com\/fr\/wp-json\/wp\/v2\/categories?post=154735"},{"taxonomy":"post_tag","embeddable":true,"href":"https:\/\/news.canadamotorjobs.com\/fr\/wp-json\/wp\/v2\/tags?post=154735"}],"curies":[{"name":"wp","href":"https:\/\/api.w.org\/{rel}","templated":true}]}}