{"id":154689,"date":"2023-11-29T09:11:49","date_gmt":"2023-11-29T14:11:49","guid":{"rendered":"https:\/\/news.canadamotorjobs.com\/?p=154689"},"modified":"2023-11-29T09:15:10","modified_gmt":"2023-11-29T14:15:10","slug":"hyundai-canada-annonce-officiellement-les-prix-pour-la-kona-electrique-2024","status":"publish","type":"post","link":"https:\/\/news.canadamotorjobs.com\/fr\/hyundai-canada-annonce-officiellement-les-prix-pour-la-kona-electrique-2024\/","title":{"rendered":"Hyundai Canada annonce officiellement les prix pour la Kona \u00c9lectrique 2024"},"content":{"rendered":"<\/p>\n<p>Hyundai Auto Canada a officiellement d\u00e9voil\u00e9 les prix de la Kona \u00c9lectrique 2024. Dernier ajout \u00e0 leur gamme de v\u00e9hicules \u00e9lectriques, la Kona \u00c9lectrique 2024 est propos\u00e9e \u00e0 46 399 $ pour la version Preferred et \u00e0 51 199 $ pour la version Ultimate. Ces mod\u00e8les devraient \u00eatre disponibles dans les concessions Hyundai \u00e0 travers le Canada durant la prochaine saison hivernale.<\/p>\n<p>La Kona \u00c9lectrique 2024 de Hyundai est \u00e9quip\u00e9e d&#8217;une batterie de 64,8 kWh et est propuls\u00e9e par un moteur \u00e9lectrique de 150 kW (201 chevaux). Selon les estimations de Ressources Naturelles Canada, le v\u00e9hicule devrait offrir une autonomie de 420 kilom\u00e8tres. Le prix de d\u00e9part M.S.R.P. au Canada pour la Kona \u00c9lectrique est fix\u00e9 \u00e0 46 399 $, avec la version plus \u00e9quip\u00e9e, Ultimate, d\u00e9butant \u00e0 51 199 $, hors frais et PDI de 1 925 $.<\/p>\n<p>Ce mod\u00e8le de la Kona \u00c9lectrique comprend un \u00e9cran tactile de 12,3 pouces avec un syst\u00e8me d&#8217;infodivertissement mis \u00e0 jour et les fonctionnalit\u00e9s de s\u00e9curit\u00e9 Hyundai SmartSense. De plus, il est \u00e9quip\u00e9 de jantes en alliage de 17 pouces et prend en charge la connectivit\u00e9 sans fil pour Android Auto et Apple CarPlay.<\/p>\n<p>Des caract\u00e9ristiques uniques sp\u00e9cifiques \u00e0 la Kona \u00c9lectrique comprennent un espace de rangement avant appel\u00e9 &#8220;frunk&#8221;, des volets de calandre actifs, un mode de conduite i-PEDAL et un Syst\u00e8me de R\u00e9g\u00e9n\u00e9ration Intelligent qui s&#8217;ajuste aux conditions de circulation en temps r\u00e9el. La finition Ultimate ajoute des fonctionnalit\u00e9s telles qu&#8217;un syst\u00e8me audio premium Bose, un affichage t\u00eate haute, un chargeur sans fil pour appareils et la technologie de cl\u00e9 num\u00e9rique.<\/p>\n<p>Le v\u00e9hicule est dot\u00e9 de fonctionnalit\u00e9s adapt\u00e9es aux climats froids, notamment des si\u00e8ges avant chauffants, un volant chauffant et une pompe \u00e0 chaleur con\u00e7ue pour optimiser les performances de charge. La capacit\u00e9 de charge rapide de la Kona \u00c9lectrique 2024 lui permet de se recharger de 10 % \u00e0 80 % en environ 43 minutes en utilisant une station de charge de 400V.<\/p>\n<p>L&#8217;int\u00e9rieur de la Kona \u00c9lectrique a \u00e9t\u00e9 repens\u00e9, notamment avec le d\u00e9placement du s\u00e9lecteur de vitesse \u00e9lectrique. Ce changement permet une augmentation de l&#8217;espace de rangement dans la console. Le v\u00e9hicule est \u00e9galement dot\u00e9 d&#8217;un \u00e9clairage d&#8217;ambiance int\u00e9rieur, de si\u00e8ges avant plus fins pour un espace aux jambes arri\u00e8re am\u00e9lior\u00e9 et d&#8217;une banquette arri\u00e8re Curveless. Le volume de chargement est de 723 litres avec les dossiers de si\u00e8ges arri\u00e8re relev\u00e9s et de 1 803 litres avec les dossiers abaiss\u00e9s.<\/p>\n<p>Depuis son lancement en 2018, la Kona est devenue un choix populaire au Canada, avec plus de 100 000 unit\u00e9s du mod\u00e8le essence et 20 000 unit\u00e9s du mod\u00e8le \u00e9lectrique vendues. Le v\u00e9hicule a r\u00e9guli\u00e8rement figur\u00e9 parmi les trois mod\u00e8les les plus vendus de Hyundai au Canada depuis 2019.<\/p>\n<p>La Kona \u00c9lectrique 2024 de Hyundai devrait \u00eatre disponible chez les concessionnaires canadiens \u00e0 partir de d\u00e9cembre 2023.<\/p>\n<p>Avec des renseignements de MotorIllustrated<\/p>\n<p>Le texte <a rel=\"nofollow\" href=\"https:\/\/annuelauto.ca\/hyundai-canada-annonce-officiellement-les-prix-pour-la-kona-electrique-2024\/\">Hyundai Canada annonce officiellement les prix pour la Kona \u00c9lectrique 2024<\/a> provient de <a rel=\"nofollow\" href=\"https:\/\/annuelauto.ca\">L&#8217;annuel de l&#8217;automobile &#8211; Actualit\u00e9 automobile<\/a><\/p>\n<p><\/p>\n","protected":false},"excerpt":{"rendered":"<p>Hyundai Auto Canada a officiellement d\u00e9voil\u00e9 les prix de la Kona \u00c9lectrique 2024. Dernier ajout \u00e0 leur gamme de v\u00e9hicules \u00e9lectriques, la Kona \u00c9lectrique 2024 est propos\u00e9e \u00e0 46 399 $ pour la version Preferred et \u00e0 51 199 $ pour la version Ultimate. Ces mod\u00e8les devraient \u00eatre disponibles dans les concessions Hyundai \u00e0 travers [&hellip;]<\/p>\n","protected":false},"author":8,"featured_media":154691,"comment_status":"close","ping_status":"closed","sticky":false,"template":"","format":"standard","meta":{"_monsterinsights_skip_tracking":false,"_monsterinsights_sitenote_active":false,"_monsterinsights_sitenote_note":"","_monsterinsights_sitenote_category":0,"footnotes":""},"categories":[101],"tags":[],"yoast_head":"<!-- This site is optimized with the Yoast SEO plugin v23.2 - https:\/\/yoast.com\/wordpress\/plugins\/seo\/ -->\n<title>Hyundai Canada annonce officiellement les prix pour la Kona \u00c9lectrique 2024 - CanadaMotorJobs.com<\/title>\n<meta name=\"description\" content=\"Hyundai Canada annonce officiellement les prix pour la Kona \u00c9lectrique 2024 - Benoit Charette - Annuel automobile - CanadaMotorJobs.com.\" \/>\n<meta name=\"robots\" content=\"index, follow, max-snippet:-1, max-image-preview:large, max-video-preview:-1\" \/>\n<meta property=\"og:locale\" content=\"fr_CA\" \/>\n<meta property=\"og:type\" content=\"article\" \/>\n<meta property=\"og:title\" content=\"Hyundai Canada annonce officiellement les prix pour la Kona \u00c9lectrique 2024 - CanadaMotorJobs.com\" \/>\n<meta property=\"og:description\" content=\"Hyundai Canada annonce officiellement les prix pour la Kona \u00c9lectrique 2024 - Benoit Charette - Annuel automobile - CanadaMotorJobs.com.\" \/>\n<meta property=\"og:url\" content=\"https:\/\/news.canadamotorjobs.com\/fr\/hyundai-canada-annonce-officiellement-les-prix-pour-la-kona-electrique-2024\/\" \/>\n<meta property=\"og:site_name\" content=\"CanadaMotorJobs.com\" \/>\n<meta property=\"article:publisher\" content=\"https:\/\/www.facebook.com\/canadamotorjobs\/\" \/>\n<meta property=\"article:published_time\" content=\"2023-11-29T14:11:49+00:00\" \/>\n<meta property=\"article:modified_time\" content=\"2023-11-29T14:15:10+00:00\" \/>\n<meta property=\"og:image\" content=\"https:\/\/news.canadamotorjobs.com\/wp-content\/uploads\/2023\/11\/Large-54041-2024KonaElectric.jpg\" \/>\n\t<meta property=\"og:image:width\" content=\"1200\" \/>\n\t<meta property=\"og:image:height\" content=\"800\" \/>\n\t<meta property=\"og:image:type\" content=\"image\/jpeg\" \/>\n<meta name=\"author\" content=\"Benoit Charette\" \/>\n<meta name=\"twitter:card\" content=\"summary_large_image\" \/>\n<meta name=\"twitter:creator\" content=\"@canadamotorjobs\" \/>\n<meta name=\"twitter:site\" content=\"@canadamotorjobs\" \/>\n<meta name=\"twitter:label1\" content=\"\u00c9crit par\" \/>\n\t<meta name=\"twitter:data1\" content=\"Benoit Charette\" \/>\n\t<meta name=\"twitter:label2\" content=\"Estimation du temps de lecture\" \/>\n\t<meta name=\"twitter:data2\" content=\"2 minutes\" \/>\n<!-- \/ Yoast SEO plugin. -->","yoast_head_json":{"title":"Hyundai Canada annonce officiellement les prix pour la Kona \u00c9lectrique 2024 - CanadaMotorJobs.com","description":"Hyundai Canada annonce officiellement les prix pour la Kona \u00c9lectrique 2024 - Benoit Charette - Annuel automobile - CanadaMotorJobs.com.","robots":{"index":"index","follow":"follow","max-snippet":"max-snippet:-1","max-image-preview":"max-image-preview:large","max-video-preview":"max-video-preview:-1"},"og_locale":"fr_CA","og_type":"article","og_title":"Hyundai Canada annonce officiellement les prix pour la Kona \u00c9lectrique 2024 - CanadaMotorJobs.com","og_description":"Hyundai Canada annonce officiellement les prix pour la Kona \u00c9lectrique 2024 - Benoit Charette - Annuel automobile - CanadaMotorJobs.com.","og_url":"https:\/\/news.canadamotorjobs.com\/fr\/hyundai-canada-annonce-officiellement-les-prix-pour-la-kona-electrique-2024\/","og_site_name":"CanadaMotorJobs.com","article_publisher":"https:\/\/www.facebook.com\/canadamotorjobs\/","article_published_time":"2023-11-29T14:11:49+00:00","article_modified_time":"2023-11-29T14:15:10+00:00","og_image":[{"width":1200,"height":800,"url":"https:\/\/news.canadamotorjobs.com\/wp-content\/uploads\/2023\/11\/Large-54041-2024KonaElectric.jpg","type":"image\/jpeg"}],"author":"Benoit Charette","twitter_card":"summary_large_image","twitter_creator":"@canadamotorjobs","twitter_site":"@canadamotorjobs","twitter_misc":{"\u00c9crit par":"Benoit Charette","Estimation du temps de lecture":"2 minutes"},"schema":{"@context":"https:\/\/schema.org","@graph":[{"@type":"Article","@id":"https:\/\/news.canadamotorjobs.com\/fr\/hyundai-canada-annonce-officiellement-les-prix-pour-la-kona-electrique-2024\/#article","isPartOf":{"@id":"https:\/\/news.canadamotorjobs.com\/fr\/hyundai-canada-annonce-officiellement-les-prix-pour-la-kona-electrique-2024\/"},"author":{"name":"Benoit Charette","@id":"https:\/\/news.canadamotorjobs.com\/#\/schema\/person\/51793d1f87d44011d7bcc2ed99269a90"},"headline":"Hyundai Canada annonce officiellement les prix pour la Kona \u00c9lectrique 2024","datePublished":"2023-11-29T14:11:49+00:00","dateModified":"2023-11-29T14:15:10+00:00","mainEntityOfPage":{"@id":"https:\/\/news.canadamotorjobs.com\/fr\/hyundai-canada-annonce-officiellement-les-prix-pour-la-kona-electrique-2024\/"},"wordCount":519,"publisher":{"@id":"https:\/\/news.canadamotorjobs.com\/#organization"},"image":{"@id":"https:\/\/news.canadamotorjobs.com\/fr\/hyundai-canada-annonce-officiellement-les-prix-pour-la-kona-electrique-2024\/#primaryimage"},"thumbnailUrl":"https:\/\/news.canadamotorjobs.com\/wp-content\/uploads\/2023\/11\/Large-54041-2024KonaElectric.jpg","articleSection":["Annuel automobile"],"inLanguage":"fr-CA"},{"@type":"WebPage","@id":"https:\/\/news.canadamotorjobs.com\/fr\/hyundai-canada-annonce-officiellement-les-prix-pour-la-kona-electrique-2024\/","url":"https:\/\/news.canadamotorjobs.com\/fr\/hyundai-canada-annonce-officiellement-les-prix-pour-la-kona-electrique-2024\/","name":"Hyundai Canada annonce officiellement les prix pour la Kona \u00c9lectrique 2024 - CanadaMotorJobs.com","isPartOf":{"@id":"https:\/\/news.canadamotorjobs.com\/#website"},"primaryImageOfPage":{"@id":"https:\/\/news.canadamotorjobs.com\/fr\/hyundai-canada-annonce-officiellement-les-prix-pour-la-kona-electrique-2024\/#primaryimage"},"image":{"@id":"https:\/\/news.canadamotorjobs.com\/fr\/hyundai-canada-annonce-officiellement-les-prix-pour-la-kona-electrique-2024\/#primaryimage"},"thumbnailUrl":"https:\/\/news.canadamotorjobs.com\/wp-content\/uploads\/2023\/11\/Large-54041-2024KonaElectric.jpg","datePublished":"2023-11-29T14:11:49+00:00","dateModified":"2023-11-29T14:15:10+00:00","description":"Hyundai Canada annonce officiellement les prix pour la Kona \u00c9lectrique 2024 - Benoit Charette - Annuel automobile - CanadaMotorJobs.com.","breadcrumb":{"@id":"https:\/\/news.canadamotorjobs.com\/fr\/hyundai-canada-annonce-officiellement-les-prix-pour-la-kona-electrique-2024\/#breadcrumb"},"inLanguage":"fr-CA","potentialAction":[{"@type":"ReadAction","target":["https:\/\/news.canadamotorjobs.com\/fr\/hyundai-canada-annonce-officiellement-les-prix-pour-la-kona-electrique-2024\/"]}]},{"@type":"ImageObject","inLanguage":"fr-CA","@id":"https:\/\/news.canadamotorjobs.com\/fr\/hyundai-canada-annonce-officiellement-les-prix-pour-la-kona-electrique-2024\/#primaryimage","url":"https:\/\/news.canadamotorjobs.com\/wp-content\/uploads\/2023\/11\/Large-54041-2024KonaElectric.jpg","contentUrl":"https:\/\/news.canadamotorjobs.com\/wp-content\/uploads\/2023\/11\/Large-54041-2024KonaElectric.jpg","width":1200,"height":800},{"@type":"BreadcrumbList","@id":"https:\/\/news.canadamotorjobs.com\/fr\/hyundai-canada-annonce-officiellement-les-prix-pour-la-kona-electrique-2024\/#breadcrumb","itemListElement":[{"@type":"ListItem","position":1,"name":"Home","item":"https:\/\/news.canadamotorjobs.com\/fr\/blog\/"},{"@type":"ListItem","position":2,"name":"Hyundai Canada annonce officiellement les prix pour la Kona \u00c9lectrique 2024"}]},{"@type":"WebSite","@id":"https:\/\/news.canadamotorjobs.com\/#website","url":"https:\/\/news.canadamotorjobs.com\/","name":"CanadaMotorJobs.com","description":"Automotive Jobs","publisher":{"@id":"https:\/\/news.canadamotorjobs.com\/#organization"},"potentialAction":[{"@type":"SearchAction","target":{"@type":"EntryPoint","urlTemplate":"https:\/\/news.canadamotorjobs.com\/?s={search_term_string}"},"query-input":"required name=search_term_string"}],"inLanguage":"fr-CA"},{"@type":"Organization","@id":"https:\/\/news.canadamotorjobs.com\/#organization","name":"Canada Motor Jobs","url":"https:\/\/news.canadamotorjobs.com\/","logo":{"@type":"ImageObject","inLanguage":"fr-CA","@id":"https:\/\/news.canadamotorjobs.com\/#\/schema\/logo\/image\/","url":"https:\/\/news.canadamotorjobs.com\/wp-content\/uploads\/2022\/10\/logo-canada-motor-jobs-1.png","contentUrl":"https:\/\/news.canadamotorjobs.com\/wp-content\/uploads\/2022\/10\/logo-canada-motor-jobs-1.png","width":800,"height":400,"caption":"Canada Motor Jobs"},"image":{"@id":"https:\/\/news.canadamotorjobs.com\/#\/schema\/logo\/image\/"},"sameAs":["https:\/\/www.facebook.com\/canadamotorjobs\/","https:\/\/x.com\/canadamotorjobs","https:\/\/www.instagram.com\/canadamotorjobs\/","https:\/\/www.linkedin.com\/company\/canadamotorjobs"]},{"@type":"Person","@id":"https:\/\/news.canadamotorjobs.com\/#\/schema\/person\/51793d1f87d44011d7bcc2ed99269a90","name":"Benoit Charette","image":{"@type":"ImageObject","inLanguage":"fr-CA","@id":"https:\/\/news.canadamotorjobs.com\/#\/schema\/person\/image\/","url":"https:\/\/secure.gravatar.com\/avatar\/45f3d2eebcccd909668d7ce7ea7267b6?s=96&d=mm&r=g","contentUrl":"https:\/\/secure.gravatar.com\/avatar\/45f3d2eebcccd909668d7ce7ea7267b6?s=96&d=mm&r=g","caption":"Benoit Charette"},"description":"Benoit Charette \/ Propri\u00e9taire et r\u00e9dacteur en chef Benoit Charette pratique le journalisme automobile depuis bient\u00f4t 30 ans. Il a fait ses classes au c\u00f4t\u00e9 de Daniel H\u00e9raud et au Carnet de route de 1992 \u00e0 2001. Il est fondateur, copropri\u00e9taire et r\u00e9dacteur en chef de L\u2019Annuel de l\u2019automobile, qu\u2019il publie depuis 2001. Il a anim\u00e9 les \u00e9missions RPM et RPM+ sur V et les L\u00e9gendes de la route sur Historia. \u00c0 la radio depuis 1986, il reprend l\u2019antenne cette ann\u00e9e sur les ondes de Cogeco et participe pour la deuxi\u00e8me ann\u00e9e \u00e0 l\u2019\u00e9mission Passion Auto sur RDS en plus de mettre en ligne le site Web officiel de L\u2019Annuel de l\u2019automobile sur annuelauto.ca.","sameAs":["https:\/\/annuelauto.ca\/"],"url":"https:\/\/news.canadamotorjobs.com\/fr\/author\/benoit-charette\/"}]}},"_links":{"self":[{"href":"https:\/\/news.canadamotorjobs.com\/fr\/wp-json\/wp\/v2\/posts\/154689"}],"collection":[{"href":"https:\/\/news.canadamotorjobs.com\/fr\/wp-json\/wp\/v2\/posts"}],"about":[{"href":"https:\/\/news.canadamotorjobs.com\/fr\/wp-json\/wp\/v2\/types\/post"}],"author":[{"embeddable":true,"href":"https:\/\/news.canadamotorjobs.com\/fr\/wp-json\/wp\/v2\/users\/8"}],"replies":[{"embeddable":true,"href":"https:\/\/news.canadamotorjobs.com\/fr\/wp-json\/wp\/v2\/comments?post=154689"}],"version-history":[{"count":2,"href":"https:\/\/news.canadamotorjobs.com\/fr\/wp-json\/wp\/v2\/posts\/154689\/revisions"}],"predecessor-version":[{"id":154693,"href":"https:\/\/news.canadamotorjobs.com\/fr\/wp-json\/wp\/v2\/posts\/154689\/revisions\/154693"}],"wp:featuredmedia":[{"embeddable":true,"href":"https:\/\/news.canadamotorjobs.com\/fr\/wp-json\/wp\/v2\/media\/154691"}],"wp:attachment":[{"href":"https:\/\/news.canadamotorjobs.com\/fr\/wp-json\/wp\/v2\/media?parent=154689"}],"wp:term":[{"taxonomy":"category","embeddable":true,"href":"https:\/\/news.canadamotorjobs.com\/fr\/wp-json\/wp\/v2\/categories?post=154689"},{"taxonomy":"post_tag","embeddable":true,"href":"https:\/\/news.canadamotorjobs.com\/fr\/wp-json\/wp\/v2\/tags?post=154689"}],"curies":[{"name":"wp","href":"https:\/\/api.w.org\/{rel}","templated":true}]}}