{"id":154647,"date":"2023-11-29T07:24:45","date_gmt":"2023-11-29T12:24:45","guid":{"rendered":"https:\/\/news.canadamotorjobs.com\/?p=154647"},"modified":"2023-11-29T07:30:41","modified_gmt":"2023-11-29T12:30:41","slug":"pres-de-4-000-concessionnaires-demandent-a-joe-biden-de-ralentir-la-promotion-des-vehicules-electriques","status":"publish","type":"post","link":"https:\/\/news.canadamotorjobs.com\/fr\/pres-de-4-000-concessionnaires-demandent-a-joe-biden-de-ralentir-la-promotion-des-vehicules-electriques\/","title":{"rendered":"Pr\u00e8s de 4 000 concessionnaires demandent \u00e0 Joe Biden de \u00ab\u00a0ralentir\u00a0\u00bb la promotion des v\u00e9hicules \u00e9lectriques"},"content":{"rendered":"<\/p>\n<p>Si l\u2019acceptation des v\u00e9hicules \u00e9lectriques est au beau fixe chez nous, la situation est tr\u00e8s diff\u00e9rente au sud de la fronti\u00e8re. Dans une lettre envoy\u00e9e mardi, 4 000 concessionnaires demandent au pr\u00e9sident Joe Biden de reconsid\u00e9rer la proposition de r\u00e9glementation f\u00e9d\u00e9rale qui, selon eux, imposerait un passage irr\u00e9aliste aux v\u00e9hicules \u00e9lectriques \u00e0 batterie aux \u00c9tats-Unis.<\/p>\n<h3>Citer une lettre de l\u2019EPA<\/h3>\n<p>\nDans une lettre envoy\u00e9e mardi, les concessionnaires demandent \u00e0 M. Biden de &#8220;ralentir&#8221;, citant une proposition de l&#8217;EPA datant d&#8217;avril qui pourrait faire passer les v\u00e9hicules \u00e0 batterie \u00e0 60 % des ventes de v\u00e9hicules neufs d&#8217;ici l&#8217;ann\u00e9e mod\u00e8le 2030 et \u00e0 67 % d&#8217;ici 2032.<\/p>\n<h3>Aller moins vite<\/h3>\n<p>\n&#8220;Ces v\u00e9hicules sont id\u00e9aux pour de nombreuses personnes et nous pensons que leur attrait augmentera avec le temps&#8221;, peut-on lire dans la lettre. &#8220;La r\u00e9alit\u00e9, cependant, c&#8217;est que la demande de v\u00e9hicules \u00e9lectriques aujourd&#8217;hui ne suit pas le rythme de l&#8217;afflux important de BEV qui arrivent chez nos concessionnaires en raison des r\u00e9glementations actuelles. Les BEV s&#8217;empilent sur nos terrains&#8221;.<\/p>\n<h3>Toutes les marques impliqu\u00e9es<\/h3>\n<p>\nLes concessionnaires couvrent un large \u00e9ventail de marques de voitures vendues dans des \u00c9tats tels que la Californie, le Michigan, le Colorado et New York. Ils affirment que les clients ne sont pas pr\u00eats \u00e0 passer aux v\u00e9hicules enti\u00e8rement \u00e9lectriques en raison de probl\u00e8mes non r\u00e9solus tels que l&#8217;acc\u00e8s \u00e0 des r\u00e9seaux de recharge fiables, l&#8217;accessibilit\u00e9 financi\u00e8re des v\u00e9hicules et l&#8217;anxi\u00e9t\u00e9 li\u00e9e \u00e0 l&#8217;autonomie.<\/p>\n<h3>Des incitatifs qui n\u2019ont pas vraiment aid\u00e9<\/h3>\n<p>\nCertes, des lois telles que l&#8217;Infrastructure Investment and Jobs Act de 2021 et l&#8217;Inflation Reduction Act de 2022 cherchent \u00e0 relever ces d\u00e9fis, avec des milliards de dollars de financement f\u00e9d\u00e9ral pour la construction d&#8217;un r\u00e9seau national de recharge des VE, l&#8217;augmentation de la production nationale de batteries et la r\u00e9duction des co\u00fbts d&#8217;achat des VE pour les consommateurs. Toutefois, les concessionnaires souhaitent que M. Biden &#8220;laisse du temps&#8221; pour que la technologie des batteries s&#8217;am\u00e9liore, que les VE deviennent plus abordables et que l&#8217;infrastructure de recharge soit construite, parmi d&#8217;autres actions qui pourraient contribuer \u00e0 l&#8217;adoption par les consommateurs.<\/p>\n<p>\u00a0<\/p>\n<p>Avec des renseignements d\u2019Automotive News<\/p>\n<p>Le texte <a rel=\"nofollow\" href=\"https:\/\/annuelauto.ca\/pres-de-4-000-concessionnaires-demandent-a-joe-biden-de-ralentir-la-promotion-des-vehicules-electriques\/\">Pr\u00e8s de 4 000 concessionnaires demandent \u00e0 Joe Biden de \u00ab\u00a0ralentir\u00a0\u00bb la promotion des v\u00e9hicules \u00e9lectriques<\/a> provient de <a rel=\"nofollow\" href=\"https:\/\/annuelauto.ca\">L&#8217;annuel de l&#8217;automobile &#8211; Actualit\u00e9 automobile<\/a><\/p>\n<p><\/p>\n","protected":false},"excerpt":{"rendered":"<p>Si l\u2019acceptation des v\u00e9hicules \u00e9lectriques est au beau fixe chez nous, la situation est tr\u00e8s diff\u00e9rente au sud de la fronti\u00e8re. Dans une lettre envoy\u00e9e mardi, 4 000 concessionnaires demandent au pr\u00e9sident Joe Biden de reconsid\u00e9rer la proposition de r\u00e9glementation f\u00e9d\u00e9rale qui, selon eux, imposerait un passage irr\u00e9aliste aux v\u00e9hicules \u00e9lectriques \u00e0 batterie aux \u00c9tats-Unis. [&hellip;]<\/p>\n","protected":false},"author":8,"featured_media":154649,"comment_status":"close","ping_status":"closed","sticky":false,"template":"","format":"standard","meta":{"_monsterinsights_skip_tracking":false,"_monsterinsights_sitenote_active":false,"_monsterinsights_sitenote_note":"","_monsterinsights_sitenote_category":0,"footnotes":""},"categories":[101],"tags":[],"yoast_head":"<!-- This site is optimized with the Yoast SEO plugin v23.2 - https:\/\/yoast.com\/wordpress\/plugins\/seo\/ -->\n<title>Pr\u00e8s de 4 000 concessionnaires demandent \u00e0 Joe Biden de \u00ab\u00a0ralentir\u00a0\u00bb la promotion des v\u00e9hicules \u00e9lectriques - CanadaMotorJobs.com<\/title>\n<meta name=\"description\" content=\"Pr\u00e8s de 4 000 concessionnaires demandent \u00e0 Joe Biden de \u00ab\u00a0ralentir\u00a0\u00bb la promotion des v\u00e9hicules \u00e9lectriques - Benoit Charette - Annuel automobile - CanadaMotorJobs.com.\" \/>\n<meta name=\"robots\" content=\"index, follow, max-snippet:-1, max-image-preview:large, max-video-preview:-1\" \/>\n<meta property=\"og:locale\" content=\"fr_CA\" \/>\n<meta property=\"og:type\" content=\"article\" \/>\n<meta property=\"og:title\" content=\"Pr\u00e8s de 4 000 concessionnaires demandent \u00e0 Joe Biden de \u00ab\u00a0ralentir\u00a0\u00bb la promotion des v\u00e9hicules \u00e9lectriques - CanadaMotorJobs.com\" \/>\n<meta property=\"og:description\" content=\"Pr\u00e8s de 4 000 concessionnaires demandent \u00e0 Joe Biden de \u00ab\u00a0ralentir\u00a0\u00bb la promotion des v\u00e9hicules \u00e9lectriques - Benoit Charette - Annuel automobile - CanadaMotorJobs.com.\" \/>\n<meta property=\"og:url\" content=\"https:\/\/news.canadamotorjobs.com\/fr\/pres-de-4-000-concessionnaires-demandent-a-joe-biden-de-ralentir-la-promotion-des-vehicules-electriques\/\" \/>\n<meta property=\"og:site_name\" content=\"CanadaMotorJobs.com\" \/>\n<meta property=\"article:publisher\" content=\"https:\/\/www.facebook.com\/canadamotorjobs\/\" \/>\n<meta property=\"article:published_time\" content=\"2023-11-29T12:24:45+00:00\" \/>\n<meta property=\"article:modified_time\" content=\"2023-11-29T12:30:41+00:00\" \/>\n<meta property=\"og:image\" content=\"https:\/\/news.canadamotorjobs.com\/wp-content\/uploads\/2023\/11\/evpstation-banner-1024x576-1.jpg\" \/>\n\t<meta property=\"og:image:width\" content=\"1024\" \/>\n\t<meta property=\"og:image:height\" content=\"576\" \/>\n\t<meta property=\"og:image:type\" content=\"image\/jpeg\" \/>\n<meta name=\"author\" content=\"Benoit Charette\" \/>\n<meta name=\"twitter:card\" content=\"summary_large_image\" \/>\n<meta name=\"twitter:creator\" content=\"@canadamotorjobs\" \/>\n<meta name=\"twitter:site\" content=\"@canadamotorjobs\" \/>\n<meta name=\"twitter:label1\" content=\"\u00c9crit par\" \/>\n\t<meta name=\"twitter:data1\" content=\"Benoit Charette\" \/>\n\t<meta name=\"twitter:label2\" content=\"Estimation du temps de lecture\" \/>\n\t<meta name=\"twitter:data2\" content=\"2 minutes\" \/>\n<!-- \/ Yoast SEO plugin. -->","yoast_head_json":{"title":"Pr\u00e8s de 4 000 concessionnaires demandent \u00e0 Joe Biden de \u00ab\u00a0ralentir\u00a0\u00bb la promotion des v\u00e9hicules \u00e9lectriques - CanadaMotorJobs.com","description":"Pr\u00e8s de 4 000 concessionnaires demandent \u00e0 Joe Biden de \u00ab\u00a0ralentir\u00a0\u00bb la promotion des v\u00e9hicules \u00e9lectriques - Benoit Charette - Annuel automobile - CanadaMotorJobs.com.","robots":{"index":"index","follow":"follow","max-snippet":"max-snippet:-1","max-image-preview":"max-image-preview:large","max-video-preview":"max-video-preview:-1"},"og_locale":"fr_CA","og_type":"article","og_title":"Pr\u00e8s de 4 000 concessionnaires demandent \u00e0 Joe Biden de \u00ab\u00a0ralentir\u00a0\u00bb la promotion des v\u00e9hicules \u00e9lectriques - CanadaMotorJobs.com","og_description":"Pr\u00e8s de 4 000 concessionnaires demandent \u00e0 Joe Biden de \u00ab\u00a0ralentir\u00a0\u00bb la promotion des v\u00e9hicules \u00e9lectriques - Benoit Charette - Annuel automobile - CanadaMotorJobs.com.","og_url":"https:\/\/news.canadamotorjobs.com\/fr\/pres-de-4-000-concessionnaires-demandent-a-joe-biden-de-ralentir-la-promotion-des-vehicules-electriques\/","og_site_name":"CanadaMotorJobs.com","article_publisher":"https:\/\/www.facebook.com\/canadamotorjobs\/","article_published_time":"2023-11-29T12:24:45+00:00","article_modified_time":"2023-11-29T12:30:41+00:00","og_image":[{"width":1024,"height":576,"url":"https:\/\/news.canadamotorjobs.com\/wp-content\/uploads\/2023\/11\/evpstation-banner-1024x576-1.jpg","type":"image\/jpeg"}],"author":"Benoit Charette","twitter_card":"summary_large_image","twitter_creator":"@canadamotorjobs","twitter_site":"@canadamotorjobs","twitter_misc":{"\u00c9crit par":"Benoit Charette","Estimation du temps de lecture":"2 minutes"},"schema":{"@context":"https:\/\/schema.org","@graph":[{"@type":"Article","@id":"https:\/\/news.canadamotorjobs.com\/fr\/pres-de-4-000-concessionnaires-demandent-a-joe-biden-de-ralentir-la-promotion-des-vehicules-electriques\/#article","isPartOf":{"@id":"https:\/\/news.canadamotorjobs.com\/fr\/pres-de-4-000-concessionnaires-demandent-a-joe-biden-de-ralentir-la-promotion-des-vehicules-electriques\/"},"author":{"name":"Benoit Charette","@id":"https:\/\/news.canadamotorjobs.com\/#\/schema\/person\/51793d1f87d44011d7bcc2ed99269a90"},"headline":"Pr\u00e8s de 4 000 concessionnaires demandent \u00e0 Joe Biden de \u00ab\u00a0ralentir\u00a0\u00bb la promotion des v\u00e9hicules \u00e9lectriques","datePublished":"2023-11-29T12:24:45+00:00","dateModified":"2023-11-29T12:30:41+00:00","mainEntityOfPage":{"@id":"https:\/\/news.canadamotorjobs.com\/fr\/pres-de-4-000-concessionnaires-demandent-a-joe-biden-de-ralentir-la-promotion-des-vehicules-electriques\/"},"wordCount":437,"publisher":{"@id":"https:\/\/news.canadamotorjobs.com\/#organization"},"image":{"@id":"https:\/\/news.canadamotorjobs.com\/fr\/pres-de-4-000-concessionnaires-demandent-a-joe-biden-de-ralentir-la-promotion-des-vehicules-electriques\/#primaryimage"},"thumbnailUrl":"https:\/\/news.canadamotorjobs.com\/wp-content\/uploads\/2023\/11\/evpstation-banner-1024x576-1.jpg","articleSection":["Annuel automobile"],"inLanguage":"fr-CA"},{"@type":"WebPage","@id":"https:\/\/news.canadamotorjobs.com\/fr\/pres-de-4-000-concessionnaires-demandent-a-joe-biden-de-ralentir-la-promotion-des-vehicules-electriques\/","url":"https:\/\/news.canadamotorjobs.com\/fr\/pres-de-4-000-concessionnaires-demandent-a-joe-biden-de-ralentir-la-promotion-des-vehicules-electriques\/","name":"Pr\u00e8s de 4 000 concessionnaires demandent \u00e0 Joe Biden de \u00ab\u00a0ralentir\u00a0\u00bb la promotion des v\u00e9hicules \u00e9lectriques - CanadaMotorJobs.com","isPartOf":{"@id":"https:\/\/news.canadamotorjobs.com\/#website"},"primaryImageOfPage":{"@id":"https:\/\/news.canadamotorjobs.com\/fr\/pres-de-4-000-concessionnaires-demandent-a-joe-biden-de-ralentir-la-promotion-des-vehicules-electriques\/#primaryimage"},"image":{"@id":"https:\/\/news.canadamotorjobs.com\/fr\/pres-de-4-000-concessionnaires-demandent-a-joe-biden-de-ralentir-la-promotion-des-vehicules-electriques\/#primaryimage"},"thumbnailUrl":"https:\/\/news.canadamotorjobs.com\/wp-content\/uploads\/2023\/11\/evpstation-banner-1024x576-1.jpg","datePublished":"2023-11-29T12:24:45+00:00","dateModified":"2023-11-29T12:30:41+00:00","description":"Pr\u00e8s de 4 000 concessionnaires demandent \u00e0 Joe Biden de \u00ab\u00a0ralentir\u00a0\u00bb la promotion des v\u00e9hicules \u00e9lectriques - Benoit Charette - Annuel automobile - CanadaMotorJobs.com.","breadcrumb":{"@id":"https:\/\/news.canadamotorjobs.com\/fr\/pres-de-4-000-concessionnaires-demandent-a-joe-biden-de-ralentir-la-promotion-des-vehicules-electriques\/#breadcrumb"},"inLanguage":"fr-CA","potentialAction":[{"@type":"ReadAction","target":["https:\/\/news.canadamotorjobs.com\/fr\/pres-de-4-000-concessionnaires-demandent-a-joe-biden-de-ralentir-la-promotion-des-vehicules-electriques\/"]}]},{"@type":"ImageObject","inLanguage":"fr-CA","@id":"https:\/\/news.canadamotorjobs.com\/fr\/pres-de-4-000-concessionnaires-demandent-a-joe-biden-de-ralentir-la-promotion-des-vehicules-electriques\/#primaryimage","url":"https:\/\/news.canadamotorjobs.com\/wp-content\/uploads\/2023\/11\/evpstation-banner-1024x576-1.jpg","contentUrl":"https:\/\/news.canadamotorjobs.com\/wp-content\/uploads\/2023\/11\/evpstation-banner-1024x576-1.jpg","width":1024,"height":576},{"@type":"BreadcrumbList","@id":"https:\/\/news.canadamotorjobs.com\/fr\/pres-de-4-000-concessionnaires-demandent-a-joe-biden-de-ralentir-la-promotion-des-vehicules-electriques\/#breadcrumb","itemListElement":[{"@type":"ListItem","position":1,"name":"Home","item":"https:\/\/news.canadamotorjobs.com\/fr\/blog\/"},{"@type":"ListItem","position":2,"name":"Pr\u00e8s de 4 000 concessionnaires demandent \u00e0 Joe Biden de \u00ab\u00a0ralentir\u00a0\u00bb la promotion des v\u00e9hicules \u00e9lectriques"}]},{"@type":"WebSite","@id":"https:\/\/news.canadamotorjobs.com\/#website","url":"https:\/\/news.canadamotorjobs.com\/","name":"CanadaMotorJobs.com","description":"Automotive Jobs","publisher":{"@id":"https:\/\/news.canadamotorjobs.com\/#organization"},"potentialAction":[{"@type":"SearchAction","target":{"@type":"EntryPoint","urlTemplate":"https:\/\/news.canadamotorjobs.com\/?s={search_term_string}"},"query-input":"required name=search_term_string"}],"inLanguage":"fr-CA"},{"@type":"Organization","@id":"https:\/\/news.canadamotorjobs.com\/#organization","name":"Canada Motor Jobs","url":"https:\/\/news.canadamotorjobs.com\/","logo":{"@type":"ImageObject","inLanguage":"fr-CA","@id":"https:\/\/news.canadamotorjobs.com\/#\/schema\/logo\/image\/","url":"https:\/\/news.canadamotorjobs.com\/wp-content\/uploads\/2022\/10\/logo-canada-motor-jobs-1.png","contentUrl":"https:\/\/news.canadamotorjobs.com\/wp-content\/uploads\/2022\/10\/logo-canada-motor-jobs-1.png","width":800,"height":400,"caption":"Canada Motor Jobs"},"image":{"@id":"https:\/\/news.canadamotorjobs.com\/#\/schema\/logo\/image\/"},"sameAs":["https:\/\/www.facebook.com\/canadamotorjobs\/","https:\/\/x.com\/canadamotorjobs","https:\/\/www.instagram.com\/canadamotorjobs\/","https:\/\/www.linkedin.com\/company\/canadamotorjobs"]},{"@type":"Person","@id":"https:\/\/news.canadamotorjobs.com\/#\/schema\/person\/51793d1f87d44011d7bcc2ed99269a90","name":"Benoit Charette","image":{"@type":"ImageObject","inLanguage":"fr-CA","@id":"https:\/\/news.canadamotorjobs.com\/#\/schema\/person\/image\/","url":"https:\/\/secure.gravatar.com\/avatar\/45f3d2eebcccd909668d7ce7ea7267b6?s=96&d=mm&r=g","contentUrl":"https:\/\/secure.gravatar.com\/avatar\/45f3d2eebcccd909668d7ce7ea7267b6?s=96&d=mm&r=g","caption":"Benoit Charette"},"description":"Benoit Charette \/ Propri\u00e9taire et r\u00e9dacteur en chef Benoit Charette pratique le journalisme automobile depuis bient\u00f4t 30 ans. Il a fait ses classes au c\u00f4t\u00e9 de Daniel H\u00e9raud et au Carnet de route de 1992 \u00e0 2001. Il est fondateur, copropri\u00e9taire et r\u00e9dacteur en chef de L\u2019Annuel de l\u2019automobile, qu\u2019il publie depuis 2001. Il a anim\u00e9 les \u00e9missions RPM et RPM+ sur V et les L\u00e9gendes de la route sur Historia. \u00c0 la radio depuis 1986, il reprend l\u2019antenne cette ann\u00e9e sur les ondes de Cogeco et participe pour la deuxi\u00e8me ann\u00e9e \u00e0 l\u2019\u00e9mission Passion Auto sur RDS en plus de mettre en ligne le site Web officiel de L\u2019Annuel de l\u2019automobile sur annuelauto.ca.","sameAs":["https:\/\/annuelauto.ca\/"],"url":"https:\/\/news.canadamotorjobs.com\/fr\/author\/benoit-charette\/"}]}},"_links":{"self":[{"href":"https:\/\/news.canadamotorjobs.com\/fr\/wp-json\/wp\/v2\/posts\/154647"}],"collection":[{"href":"https:\/\/news.canadamotorjobs.com\/fr\/wp-json\/wp\/v2\/posts"}],"about":[{"href":"https:\/\/news.canadamotorjobs.com\/fr\/wp-json\/wp\/v2\/types\/post"}],"author":[{"embeddable":true,"href":"https:\/\/news.canadamotorjobs.com\/fr\/wp-json\/wp\/v2\/users\/8"}],"replies":[{"embeddable":true,"href":"https:\/\/news.canadamotorjobs.com\/fr\/wp-json\/wp\/v2\/comments?post=154647"}],"version-history":[{"count":2,"href":"https:\/\/news.canadamotorjobs.com\/fr\/wp-json\/wp\/v2\/posts\/154647\/revisions"}],"predecessor-version":[{"id":154651,"href":"https:\/\/news.canadamotorjobs.com\/fr\/wp-json\/wp\/v2\/posts\/154647\/revisions\/154651"}],"wp:featuredmedia":[{"embeddable":true,"href":"https:\/\/news.canadamotorjobs.com\/fr\/wp-json\/wp\/v2\/media\/154649"}],"wp:attachment":[{"href":"https:\/\/news.canadamotorjobs.com\/fr\/wp-json\/wp\/v2\/media?parent=154647"}],"wp:term":[{"taxonomy":"category","embeddable":true,"href":"https:\/\/news.canadamotorjobs.com\/fr\/wp-json\/wp\/v2\/categories?post=154647"},{"taxonomy":"post_tag","embeddable":true,"href":"https:\/\/news.canadamotorjobs.com\/fr\/wp-json\/wp\/v2\/tags?post=154647"}],"curies":[{"name":"wp","href":"https:\/\/api.w.org\/{rel}","templated":true}]}}