{"id":154601,"date":"2023-11-28T16:25:33","date_gmt":"2023-11-28T21:25:33","guid":{"rendered":"https:\/\/news.canadamotorjobs.com\/?p=154601"},"modified":"2023-11-28T16:32:37","modified_gmt":"2023-11-28T21:32:37","slug":"des-nouvelles-de-lapple-car-ou-presque","status":"publish","type":"post","link":"https:\/\/news.canadamotorjobs.com\/fr\/des-nouvelles-de-lapple-car-ou-presque\/","title":{"rendered":"Des nouvelles de l\u2019Apple Car (ou presque)"},"content":{"rendered":"<\/p>\n<p>Il y a des sujets qui attirent l\u2019attention plus que d\u2019autres. Par exemple, le Projet Titan, la fameuse voiture \u00e9lectrique et autonome sur laquelle Apple aurait travaill\u00e9 il y a quelques ann\u00e9es, continue d\u2019alimenter la machine \u00e0 rumeurs. Elle inspire aussi ses concurrents, notamment le fabricant chinois de t\u00e9l\u00e9phones Xiaomi, qui se lance dans l\u2019automobile en faisant une jambette \u00e0 Apple.<\/p>\n<p>On conna\u00eet peu la marque au Canada, mais Xiaomi est le deuxi\u00e8me plus grand vendeur de t\u00e9l\u00e9phones intelligents dans le monde apr\u00e8s la marque cor\u00e9enne Samsung. En termes de nombre de t\u00e9l\u00e9phones vendus chaque ann\u00e9e, elle surpasse Apple depuis 2021, surtout parce que les marques chinoises d\u2019appareils \u00e9lectroniques sont super populaires dans leur march\u00e9 domestique, la Chine.<\/p>\n<p>D\u2019ailleurs, on dirait qu\u2019on voit justement \u00e9merger une nouvelle tendance, en Chine ces jours-ci\u00a0: la ligne entre l\u2019\u00e9lectronique et l\u2019automobile se brouille. On parlait \u00e0 \u00c7a tient la route la semaine derni\u00e8re de la marque de t\u00e9l\u00e9phone Meizu, qui travaillait avec Polestar pour d\u00e9velopper un logiciel pour v\u00e9hicules \u00e9lectriques. Voil\u00e0 que Xiaomi va directement au but et propose carr\u00e9ment des v\u00e9hicules \u00e9lectriques sous sa propre marque.<\/p>\n<p>D\u2019ici trois mois, donc, Xiaomi devrait commencer \u00e0 vendre en Chine une berline \u00e9lectrique appel\u00e9e SU7. Selon de l\u2019information du minist\u00e8re chinois de l\u2019Industrie qui aurait coul\u00e9 sur des blogues chinois sp\u00e9cialis\u00e9s, il s\u2019agirait d\u2019une berline \u00e0 quatre portes plein format vendue en deux mod\u00e8les. Le mod\u00e8le de base aurait un moteur de 295 chevaux et deux roues motrices. L\u2019autre ferait 660 chevaux et aurait quatre roues motrices. Celle-ci aurait aussi un syst\u00e8me avanc\u00e9 d\u2019aide \u00e0 la conduite bas\u00e9 sur la technologie lidar.<\/p>\n<p>Mais surtout, et c\u2019est l\u00e0 o\u00f9 on revient \u00e0 Apple, le site CarNewsChina rapporte que Xiaomi compterait vendre sa berline SU7 en trois versions. Leur nom\u00a0: la SU7, la SU7 Pro et la SU7 Max.<\/p>\n<p>Il n\u2019en fallait pas plus pour faire r\u00e9agir la communaut\u00e9 des fans d\u2019Apple. Parce que les appellations \u00ab\u00a0Pro\u00a0\u00bb et \u00ab\u00a0Max\u00a0\u00bb sont utilis\u00e9es par Apple pour diff\u00e9rencier ses iPhone, ainsi que ses Mac (ou en tout cas, leurs processeurs). Il faut dire aussi que Xiaomi a une r\u00e9putation depuis quelques ann\u00e9es de copier all\u00e8grement les produits d\u2019Apple.<\/p>\n<p>Les produits chinois copi\u00e9s de produits occidentaux, on le sait, ne sont pas rares.<\/p>\n<p>Et l\u00e0, \u00e9videmment, on ne parle pas d\u2019une voiture sign\u00e9e Apple, mais d\u2019une voiture chinoise qui s\u2019en inspire beaucoup.<\/p>\n<p>Maintenant, est-ce qu\u2019Apple va finir par produire sa propre voiture, pour vrai? On a d\u00e9j\u00e0 eu cette discussion \u00e0 propos d\u2019un t\u00e9l\u00e9viseur Apple, et il n\u2019a jamais vu le jour, mais les rumeurs, encore elles, pensent qu\u2019on verra une Apple Car pour vrai quelque part au courant de la prochaine d\u00e9cennie.<\/p>\n<p>\u00a0<\/p>\n<p>\u00a0<\/p>\n<p>Le texte <a rel=\"nofollow\" href=\"https:\/\/annuelauto.ca\/des-nouvelles-de-lapple-car-ou-presque\/\">Des nouvelles de l\u2019Apple Car (ou presque)<\/a> provient de <a rel=\"nofollow\" href=\"https:\/\/annuelauto.ca\">L&#8217;annuel de l&#8217;automobile &#8211; Actualit\u00e9 automobile<\/a><\/p>\n<p><\/p>\n","protected":false},"excerpt":{"rendered":"<p>Il y a des sujets qui attirent l\u2019attention plus que d\u2019autres. Par exemple, le Projet Titan, la fameuse voiture \u00e9lectrique et autonome sur laquelle Apple aurait travaill\u00e9 il y a quelques ann\u00e9es, continue d\u2019alimenter la machine \u00e0 rumeurs. Elle inspire aussi ses concurrents, notamment le fabricant chinois de t\u00e9l\u00e9phones Xiaomi, qui se lance dans l\u2019automobile [&hellip;]<\/p>\n","protected":false},"author":8,"featured_media":154603,"comment_status":"close","ping_status":"closed","sticky":false,"template":"","format":"standard","meta":{"_monsterinsights_skip_tracking":false,"_monsterinsights_sitenote_active":false,"_monsterinsights_sitenote_note":"","_monsterinsights_sitenote_category":0,"footnotes":""},"categories":[101],"tags":[],"yoast_head":"<!-- This site is optimized with the Yoast SEO plugin v23.2 - https:\/\/yoast.com\/wordpress\/plugins\/seo\/ -->\n<title>Des nouvelles de l\u2019Apple Car (ou presque) - CanadaMotorJobs.com<\/title>\n<meta name=\"description\" content=\"Des nouvelles de l\u2019Apple Car (ou presque) - Benoit Charette - Annuel automobile - CanadaMotorJobs.com.\" \/>\n<meta name=\"robots\" content=\"index, follow, max-snippet:-1, max-image-preview:large, max-video-preview:-1\" \/>\n<meta property=\"og:locale\" content=\"fr_CA\" \/>\n<meta property=\"og:type\" content=\"article\" \/>\n<meta property=\"og:title\" content=\"Des nouvelles de l\u2019Apple Car (ou presque) - CanadaMotorJobs.com\" \/>\n<meta property=\"og:description\" content=\"Des nouvelles de l\u2019Apple Car (ou presque) - Benoit Charette - Annuel automobile - CanadaMotorJobs.com.\" \/>\n<meta property=\"og:url\" content=\"https:\/\/news.canadamotorjobs.com\/fr\/des-nouvelles-de-lapple-car-ou-presque\/\" \/>\n<meta property=\"og:site_name\" content=\"CanadaMotorJobs.com\" \/>\n<meta property=\"article:publisher\" content=\"https:\/\/www.facebook.com\/canadamotorjobs\/\" \/>\n<meta property=\"article:published_time\" content=\"2023-11-28T21:25:33+00:00\" \/>\n<meta property=\"article:modified_time\" content=\"2023-11-28T21:32:37+00:00\" \/>\n<meta property=\"og:image\" content=\"https:\/\/news.canadamotorjobs.com\/wp-content\/uploads\/2023\/11\/Apple-Car-voiture-1024x576-1.jpg\" \/>\n\t<meta property=\"og:image:width\" content=\"1024\" \/>\n\t<meta property=\"og:image:height\" content=\"576\" \/>\n\t<meta property=\"og:image:type\" content=\"image\/jpeg\" \/>\n<meta name=\"author\" content=\"Benoit Charette\" \/>\n<meta name=\"twitter:card\" content=\"summary_large_image\" \/>\n<meta name=\"twitter:creator\" content=\"@canadamotorjobs\" \/>\n<meta name=\"twitter:site\" content=\"@canadamotorjobs\" \/>\n<meta name=\"twitter:label1\" content=\"\u00c9crit par\" \/>\n\t<meta name=\"twitter:data1\" content=\"Benoit Charette\" \/>\n\t<meta name=\"twitter:label2\" content=\"Estimation du temps de lecture\" \/>\n\t<meta name=\"twitter:data2\" content=\"3 minutes\" \/>\n<!-- \/ Yoast SEO plugin. -->","yoast_head_json":{"title":"Des nouvelles de l\u2019Apple Car (ou presque) - CanadaMotorJobs.com","description":"Des nouvelles de l\u2019Apple Car (ou presque) - Benoit Charette - Annuel automobile - CanadaMotorJobs.com.","robots":{"index":"index","follow":"follow","max-snippet":"max-snippet:-1","max-image-preview":"max-image-preview:large","max-video-preview":"max-video-preview:-1"},"og_locale":"fr_CA","og_type":"article","og_title":"Des nouvelles de l\u2019Apple Car (ou presque) - CanadaMotorJobs.com","og_description":"Des nouvelles de l\u2019Apple Car (ou presque) - Benoit Charette - Annuel automobile - CanadaMotorJobs.com.","og_url":"https:\/\/news.canadamotorjobs.com\/fr\/des-nouvelles-de-lapple-car-ou-presque\/","og_site_name":"CanadaMotorJobs.com","article_publisher":"https:\/\/www.facebook.com\/canadamotorjobs\/","article_published_time":"2023-11-28T21:25:33+00:00","article_modified_time":"2023-11-28T21:32:37+00:00","og_image":[{"width":1024,"height":576,"url":"https:\/\/news.canadamotorjobs.com\/wp-content\/uploads\/2023\/11\/Apple-Car-voiture-1024x576-1.jpg","type":"image\/jpeg"}],"author":"Benoit Charette","twitter_card":"summary_large_image","twitter_creator":"@canadamotorjobs","twitter_site":"@canadamotorjobs","twitter_misc":{"\u00c9crit par":"Benoit Charette","Estimation du temps de lecture":"3 minutes"},"schema":{"@context":"https:\/\/schema.org","@graph":[{"@type":"Article","@id":"https:\/\/news.canadamotorjobs.com\/fr\/des-nouvelles-de-lapple-car-ou-presque\/#article","isPartOf":{"@id":"https:\/\/news.canadamotorjobs.com\/fr\/des-nouvelles-de-lapple-car-ou-presque\/"},"author":{"name":"Benoit Charette","@id":"https:\/\/news.canadamotorjobs.com\/#\/schema\/person\/51793d1f87d44011d7bcc2ed99269a90"},"headline":"Des nouvelles de l\u2019Apple Car (ou presque)","datePublished":"2023-11-28T21:25:33+00:00","dateModified":"2023-11-28T21:32:37+00:00","mainEntityOfPage":{"@id":"https:\/\/news.canadamotorjobs.com\/fr\/des-nouvelles-de-lapple-car-ou-presque\/"},"wordCount":524,"publisher":{"@id":"https:\/\/news.canadamotorjobs.com\/#organization"},"image":{"@id":"https:\/\/news.canadamotorjobs.com\/fr\/des-nouvelles-de-lapple-car-ou-presque\/#primaryimage"},"thumbnailUrl":"https:\/\/news.canadamotorjobs.com\/wp-content\/uploads\/2023\/11\/Apple-Car-voiture-1024x576-1.jpg","articleSection":["Annuel automobile"],"inLanguage":"fr-CA"},{"@type":"WebPage","@id":"https:\/\/news.canadamotorjobs.com\/fr\/des-nouvelles-de-lapple-car-ou-presque\/","url":"https:\/\/news.canadamotorjobs.com\/fr\/des-nouvelles-de-lapple-car-ou-presque\/","name":"Des nouvelles de l\u2019Apple Car (ou presque) - CanadaMotorJobs.com","isPartOf":{"@id":"https:\/\/news.canadamotorjobs.com\/#website"},"primaryImageOfPage":{"@id":"https:\/\/news.canadamotorjobs.com\/fr\/des-nouvelles-de-lapple-car-ou-presque\/#primaryimage"},"image":{"@id":"https:\/\/news.canadamotorjobs.com\/fr\/des-nouvelles-de-lapple-car-ou-presque\/#primaryimage"},"thumbnailUrl":"https:\/\/news.canadamotorjobs.com\/wp-content\/uploads\/2023\/11\/Apple-Car-voiture-1024x576-1.jpg","datePublished":"2023-11-28T21:25:33+00:00","dateModified":"2023-11-28T21:32:37+00:00","description":"Des nouvelles de l\u2019Apple Car (ou presque) - Benoit Charette - Annuel automobile - CanadaMotorJobs.com.","breadcrumb":{"@id":"https:\/\/news.canadamotorjobs.com\/fr\/des-nouvelles-de-lapple-car-ou-presque\/#breadcrumb"},"inLanguage":"fr-CA","potentialAction":[{"@type":"ReadAction","target":["https:\/\/news.canadamotorjobs.com\/fr\/des-nouvelles-de-lapple-car-ou-presque\/"]}]},{"@type":"ImageObject","inLanguage":"fr-CA","@id":"https:\/\/news.canadamotorjobs.com\/fr\/des-nouvelles-de-lapple-car-ou-presque\/#primaryimage","url":"https:\/\/news.canadamotorjobs.com\/wp-content\/uploads\/2023\/11\/Apple-Car-voiture-1024x576-1.jpg","contentUrl":"https:\/\/news.canadamotorjobs.com\/wp-content\/uploads\/2023\/11\/Apple-Car-voiture-1024x576-1.jpg","width":1024,"height":576},{"@type":"BreadcrumbList","@id":"https:\/\/news.canadamotorjobs.com\/fr\/des-nouvelles-de-lapple-car-ou-presque\/#breadcrumb","itemListElement":[{"@type":"ListItem","position":1,"name":"Home","item":"https:\/\/news.canadamotorjobs.com\/fr\/blog\/"},{"@type":"ListItem","position":2,"name":"Des nouvelles de l\u2019Apple Car (ou presque)"}]},{"@type":"WebSite","@id":"https:\/\/news.canadamotorjobs.com\/#website","url":"https:\/\/news.canadamotorjobs.com\/","name":"CanadaMotorJobs.com","description":"Automotive Jobs","publisher":{"@id":"https:\/\/news.canadamotorjobs.com\/#organization"},"potentialAction":[{"@type":"SearchAction","target":{"@type":"EntryPoint","urlTemplate":"https:\/\/news.canadamotorjobs.com\/?s={search_term_string}"},"query-input":"required name=search_term_string"}],"inLanguage":"fr-CA"},{"@type":"Organization","@id":"https:\/\/news.canadamotorjobs.com\/#organization","name":"Canada Motor Jobs","url":"https:\/\/news.canadamotorjobs.com\/","logo":{"@type":"ImageObject","inLanguage":"fr-CA","@id":"https:\/\/news.canadamotorjobs.com\/#\/schema\/logo\/image\/","url":"https:\/\/news.canadamotorjobs.com\/wp-content\/uploads\/2022\/10\/logo-canada-motor-jobs-1.png","contentUrl":"https:\/\/news.canadamotorjobs.com\/wp-content\/uploads\/2022\/10\/logo-canada-motor-jobs-1.png","width":800,"height":400,"caption":"Canada Motor Jobs"},"image":{"@id":"https:\/\/news.canadamotorjobs.com\/#\/schema\/logo\/image\/"},"sameAs":["https:\/\/www.facebook.com\/canadamotorjobs\/","https:\/\/x.com\/canadamotorjobs","https:\/\/www.instagram.com\/canadamotorjobs\/","https:\/\/www.linkedin.com\/company\/canadamotorjobs"]},{"@type":"Person","@id":"https:\/\/news.canadamotorjobs.com\/#\/schema\/person\/51793d1f87d44011d7bcc2ed99269a90","name":"Benoit Charette","image":{"@type":"ImageObject","inLanguage":"fr-CA","@id":"https:\/\/news.canadamotorjobs.com\/#\/schema\/person\/image\/","url":"https:\/\/secure.gravatar.com\/avatar\/45f3d2eebcccd909668d7ce7ea7267b6?s=96&d=mm&r=g","contentUrl":"https:\/\/secure.gravatar.com\/avatar\/45f3d2eebcccd909668d7ce7ea7267b6?s=96&d=mm&r=g","caption":"Benoit Charette"},"description":"Benoit Charette \/ Propri\u00e9taire et r\u00e9dacteur en chef Benoit Charette pratique le journalisme automobile depuis bient\u00f4t 30 ans. Il a fait ses classes au c\u00f4t\u00e9 de Daniel H\u00e9raud et au Carnet de route de 1992 \u00e0 2001. Il est fondateur, copropri\u00e9taire et r\u00e9dacteur en chef de L\u2019Annuel de l\u2019automobile, qu\u2019il publie depuis 2001. Il a anim\u00e9 les \u00e9missions RPM et RPM+ sur V et les L\u00e9gendes de la route sur Historia. \u00c0 la radio depuis 1986, il reprend l\u2019antenne cette ann\u00e9e sur les ondes de Cogeco et participe pour la deuxi\u00e8me ann\u00e9e \u00e0 l\u2019\u00e9mission Passion Auto sur RDS en plus de mettre en ligne le site Web officiel de L\u2019Annuel de l\u2019automobile sur annuelauto.ca.","sameAs":["https:\/\/annuelauto.ca\/"],"url":"https:\/\/news.canadamotorjobs.com\/fr\/author\/benoit-charette\/"}]}},"_links":{"self":[{"href":"https:\/\/news.canadamotorjobs.com\/fr\/wp-json\/wp\/v2\/posts\/154601"}],"collection":[{"href":"https:\/\/news.canadamotorjobs.com\/fr\/wp-json\/wp\/v2\/posts"}],"about":[{"href":"https:\/\/news.canadamotorjobs.com\/fr\/wp-json\/wp\/v2\/types\/post"}],"author":[{"embeddable":true,"href":"https:\/\/news.canadamotorjobs.com\/fr\/wp-json\/wp\/v2\/users\/8"}],"replies":[{"embeddable":true,"href":"https:\/\/news.canadamotorjobs.com\/fr\/wp-json\/wp\/v2\/comments?post=154601"}],"version-history":[{"count":2,"href":"https:\/\/news.canadamotorjobs.com\/fr\/wp-json\/wp\/v2\/posts\/154601\/revisions"}],"predecessor-version":[{"id":154605,"href":"https:\/\/news.canadamotorjobs.com\/fr\/wp-json\/wp\/v2\/posts\/154601\/revisions\/154605"}],"wp:featuredmedia":[{"embeddable":true,"href":"https:\/\/news.canadamotorjobs.com\/fr\/wp-json\/wp\/v2\/media\/154603"}],"wp:attachment":[{"href":"https:\/\/news.canadamotorjobs.com\/fr\/wp-json\/wp\/v2\/media?parent=154601"}],"wp:term":[{"taxonomy":"category","embeddable":true,"href":"https:\/\/news.canadamotorjobs.com\/fr\/wp-json\/wp\/v2\/categories?post=154601"},{"taxonomy":"post_tag","embeddable":true,"href":"https:\/\/news.canadamotorjobs.com\/fr\/wp-json\/wp\/v2\/tags?post=154601"}],"curies":[{"name":"wp","href":"https:\/\/api.w.org\/{rel}","templated":true}]}}