{"id":154578,"date":"2023-11-28T06:28:48","date_gmt":"2023-11-28T11:28:48","guid":{"rendered":"https:\/\/news.canadamotorjobs.com\/?p=154578"},"modified":"2023-11-28T06:49:01","modified_gmt":"2023-11-28T11:49:01","slug":"honda-et-ford-confrontes-a-des-problemes-de-ceintures-de-securite","status":"publish","type":"post","link":"https:\/\/news.canadamotorjobs.com\/fr\/honda-et-ford-confrontes-a-des-problemes-de-ceintures-de-securite\/","title":{"rendered":"Honda et Ford confront\u00e9s \u00e0 des probl\u00e8mes de ceintures de s\u00e9curit\u00e9"},"content":{"rendered":"<\/p>\n<p>Selon des documents f\u00e9d\u00e9raux am\u00e9ricain rendus publics ce mois-ci, Honda et Ford Motor Co. sont confront\u00e9s \u00e0 des probl\u00e8mes de s\u00e9curit\u00e9 distincts concernant des ceintures de s\u00e9curit\u00e9 potentiellement d\u00e9fectueuses.<\/p>\n<h3>Des rappels en vue<\/h3>\n<p>\nAmerican Honda Motor Co. rappelle plus de 300 000 Accord et HR-V aux \u00c9tats-Unis en raison de l&#8217;absence d&#8217;un rivet dans les pr\u00e9tensionneurs des ceintures de s\u00e9curit\u00e9 avant. Le rappel concerne certaines berlines interm\u00e9diaires Honda Accord 2023-24 et certains HR-V. Honda n&#8217;a pas pr\u00e9cis\u00e9 combien de v\u00e9hicules pourraient \u00eatre concern\u00e9s au Canada et au Mexique.<\/p>\n<h3>Le probl\u00e8me<\/h3>\n<p>\nLes pr\u00e9tensionneurs de ceinture de s\u00e9curit\u00e9 de ces v\u00e9hicules pourraient manquer d&#8217;un rivet qui fixe le connecteur rapide et la plaque de fils et, par cons\u00e9quent, ne pas \u00eatre conformes aux normes de s\u00e9curit\u00e9 f\u00e9d\u00e9rales relatives \u00e0 la protection des occupants en cas de collision, aux assemblages de ceintures de s\u00e9curit\u00e9 et aux ancrages des assemblages de ceintures de s\u00e9curit\u00e9. Les concessionnaires ont \u00e9t\u00e9 inform\u00e9s le 22 novembre. Les propri\u00e9taires de v\u00e9hicules seront inform\u00e9s \u00e0 partir du 8 janvier.<\/p>\n<h3>Chez Ford maintenant<\/h3>\n<p>\nDans une autre affaire concernant les ceintures de s\u00e9curit\u00e9, la NHTSA enqu\u00eate sur environ 20 000 Ford Expeditions 2019 aux \u00c9tats-Unis apr\u00e8s des rapports faisant \u00e9tat de pr\u00e9tendeurs de ceintures de s\u00e9curit\u00e9 se d\u00e9ployant par inadvertance.<\/p>\n<h3>Le probl\u00e8me<\/h3>\n<p>\nL&#8217;Office of Defects Investigation de la NHTSA a d\u00e9clar\u00e9 avoir re\u00e7u 10 plaintes concernant ce probl\u00e8me, certaines all\u00e9guant qu&#8217;il y avait &#8220;un bruit fort, semblable \u00e0 une explosion, imm\u00e9diatement suivi par le resserrement de la ceinture de s\u00e9curit\u00e9 autour du torse de l&#8217;occupant&#8221;. Les plaintes font \u00e9galement \u00e9tat d&#8217;une odeur de br\u00fbl\u00e9 et de fum\u00e9e dans l&#8217;habitacle du v\u00e9hicule apr\u00e8s l&#8217;incident.<\/p>\n<h3>Une enqu\u00eate est ouverte<\/h3>\n<p>\nLa NHTSA a ouvert une enqu\u00eate de s\u00e9curit\u00e9 afin de d\u00e9terminer l&#8217;ampleur et la gravit\u00e9 du probl\u00e8me et d&#8217;\u00e9valuer tout probl\u00e8me li\u00e9 \u00e0 la s\u00e9curit\u00e9. Maria Buczkowski, porte-parole de Ford, a d\u00e9clar\u00e9 \u00e0 Automotive News que le constructeur &#8220;soutient la NHTSA dans son enqu\u00eate&#8221;. Mme Buczkowski n&#8217;a pas pr\u00e9cis\u00e9 quelle entreprise fournit le pr\u00e9tensionneur de ceinture de s\u00e9curit\u00e9, mais a confirm\u00e9 qu&#8217;il ne s&#8217;agissait pas de Joyson Safety Systems.<\/p>\n<p>\u00a0<\/p>\n<p>Avec des renseignements d\u2019Automotive News<\/p>\n<p>Le texte <a rel=\"nofollow\" href=\"https:\/\/annuelauto.ca\/honda-et-ford-confrontes-a-des-problemes-de-ceintures-de-securite\/\">Honda et Ford confront\u00e9s \u00e0 des probl\u00e8mes de ceintures de s\u00e9curit\u00e9<\/a> provient de <a rel=\"nofollow\" href=\"https:\/\/annuelauto.ca\">L&#8217;annuel de l&#8217;automobile &#8211; Actualit\u00e9 automobile<\/a><\/p>\n<p><\/p>\n","protected":false},"excerpt":{"rendered":"<p>Selon des documents f\u00e9d\u00e9raux am\u00e9ricain rendus publics ce mois-ci, Honda et Ford Motor Co. sont confront\u00e9s \u00e0 des probl\u00e8mes de s\u00e9curit\u00e9 distincts concernant des ceintures de s\u00e9curit\u00e9 potentiellement d\u00e9fectueuses. Des rappels en vue American Honda Motor Co. rappelle plus de 300 000 Accord et HR-V aux \u00c9tats-Unis en raison de l&#8217;absence d&#8217;un rivet dans les [&hellip;]<\/p>\n","protected":false},"author":8,"featured_media":154580,"comment_status":"close","ping_status":"closed","sticky":false,"template":"","format":"standard","meta":{"_monsterinsights_skip_tracking":false,"_monsterinsights_sitenote_active":false,"_monsterinsights_sitenote_note":"","_monsterinsights_sitenote_category":0,"footnotes":""},"categories":[101],"tags":[],"yoast_head":"<!-- This site is optimized with the Yoast SEO plugin v23.2 - https:\/\/yoast.com\/wordpress\/plugins\/seo\/ -->\n<title>Honda et Ford confront\u00e9s \u00e0 des probl\u00e8mes de ceintures de s\u00e9curit\u00e9 - CanadaMotorJobs.com<\/title>\n<meta name=\"description\" content=\"Honda et Ford confront\u00e9s \u00e0 des probl\u00e8mes de ceintures de s\u00e9curit\u00e9 - Benoit Charette - Annuel automobile - CanadaMotorJobs.com.\" \/>\n<meta name=\"robots\" content=\"index, follow, max-snippet:-1, max-image-preview:large, max-video-preview:-1\" \/>\n<meta property=\"og:locale\" content=\"fr_CA\" \/>\n<meta property=\"og:type\" content=\"article\" \/>\n<meta property=\"og:title\" content=\"Honda et Ford confront\u00e9s \u00e0 des probl\u00e8mes de ceintures de s\u00e9curit\u00e9 - CanadaMotorJobs.com\" \/>\n<meta property=\"og:description\" content=\"Honda et Ford confront\u00e9s \u00e0 des probl\u00e8mes de ceintures de s\u00e9curit\u00e9 - Benoit Charette - Annuel automobile - CanadaMotorJobs.com.\" \/>\n<meta property=\"og:url\" content=\"https:\/\/news.canadamotorjobs.com\/fr\/honda-et-ford-confrontes-a-des-problemes-de-ceintures-de-securite\/\" \/>\n<meta property=\"og:site_name\" content=\"CanadaMotorJobs.com\" \/>\n<meta property=\"article:publisher\" content=\"https:\/\/www.facebook.com\/canadamotorjobs\/\" \/>\n<meta property=\"article:published_time\" content=\"2023-11-28T11:28:48+00:00\" \/>\n<meta property=\"article:modified_time\" content=\"2023-11-28T11:49:01+00:00\" \/>\n<meta property=\"og:image\" content=\"https:\/\/news.canadamotorjobs.com\/wp-content\/uploads\/2023\/11\/2023-Honda-Accord-Touring-front-three-qtr-left.jpg\" \/>\n\t<meta property=\"og:image:width\" content=\"1200\" \/>\n\t<meta property=\"og:image:height\" content=\"630\" \/>\n\t<meta property=\"og:image:type\" content=\"image\/jpeg\" \/>\n<meta name=\"author\" content=\"Benoit Charette\" \/>\n<meta name=\"twitter:card\" content=\"summary_large_image\" \/>\n<meta name=\"twitter:creator\" content=\"@canadamotorjobs\" \/>\n<meta name=\"twitter:site\" content=\"@canadamotorjobs\" \/>\n<meta name=\"twitter:label1\" content=\"\u00c9crit par\" \/>\n\t<meta name=\"twitter:data1\" content=\"Benoit Charette\" \/>\n\t<meta name=\"twitter:label2\" content=\"Estimation du temps de lecture\" \/>\n\t<meta name=\"twitter:data2\" content=\"2 minutes\" \/>\n<!-- \/ Yoast SEO plugin. -->","yoast_head_json":{"title":"Honda et Ford confront\u00e9s \u00e0 des probl\u00e8mes de ceintures de s\u00e9curit\u00e9 - CanadaMotorJobs.com","description":"Honda et Ford confront\u00e9s \u00e0 des probl\u00e8mes de ceintures de s\u00e9curit\u00e9 - Benoit Charette - Annuel automobile - CanadaMotorJobs.com.","robots":{"index":"index","follow":"follow","max-snippet":"max-snippet:-1","max-image-preview":"max-image-preview:large","max-video-preview":"max-video-preview:-1"},"og_locale":"fr_CA","og_type":"article","og_title":"Honda et Ford confront\u00e9s \u00e0 des probl\u00e8mes de ceintures de s\u00e9curit\u00e9 - CanadaMotorJobs.com","og_description":"Honda et Ford confront\u00e9s \u00e0 des probl\u00e8mes de ceintures de s\u00e9curit\u00e9 - Benoit Charette - Annuel automobile - CanadaMotorJobs.com.","og_url":"https:\/\/news.canadamotorjobs.com\/fr\/honda-et-ford-confrontes-a-des-problemes-de-ceintures-de-securite\/","og_site_name":"CanadaMotorJobs.com","article_publisher":"https:\/\/www.facebook.com\/canadamotorjobs\/","article_published_time":"2023-11-28T11:28:48+00:00","article_modified_time":"2023-11-28T11:49:01+00:00","og_image":[{"width":1200,"height":630,"url":"https:\/\/news.canadamotorjobs.com\/wp-content\/uploads\/2023\/11\/2023-Honda-Accord-Touring-front-three-qtr-left.jpg","type":"image\/jpeg"}],"author":"Benoit Charette","twitter_card":"summary_large_image","twitter_creator":"@canadamotorjobs","twitter_site":"@canadamotorjobs","twitter_misc":{"\u00c9crit par":"Benoit Charette","Estimation du temps de lecture":"2 minutes"},"schema":{"@context":"https:\/\/schema.org","@graph":[{"@type":"Article","@id":"https:\/\/news.canadamotorjobs.com\/fr\/honda-et-ford-confrontes-a-des-problemes-de-ceintures-de-securite\/#article","isPartOf":{"@id":"https:\/\/news.canadamotorjobs.com\/fr\/honda-et-ford-confrontes-a-des-problemes-de-ceintures-de-securite\/"},"author":{"name":"Benoit Charette","@id":"https:\/\/news.canadamotorjobs.com\/#\/schema\/person\/51793d1f87d44011d7bcc2ed99269a90"},"headline":"Honda et Ford confront\u00e9s \u00e0 des probl\u00e8mes de ceintures de s\u00e9curit\u00e9","datePublished":"2023-11-28T11:28:48+00:00","dateModified":"2023-11-28T11:49:01+00:00","mainEntityOfPage":{"@id":"https:\/\/news.canadamotorjobs.com\/fr\/honda-et-ford-confrontes-a-des-problemes-de-ceintures-de-securite\/"},"wordCount":445,"publisher":{"@id":"https:\/\/news.canadamotorjobs.com\/#organization"},"image":{"@id":"https:\/\/news.canadamotorjobs.com\/fr\/honda-et-ford-confrontes-a-des-problemes-de-ceintures-de-securite\/#primaryimage"},"thumbnailUrl":"https:\/\/news.canadamotorjobs.com\/wp-content\/uploads\/2023\/11\/2023-Honda-Accord-Touring-front-three-qtr-left.jpg","articleSection":["Annuel automobile"],"inLanguage":"fr-CA"},{"@type":"WebPage","@id":"https:\/\/news.canadamotorjobs.com\/fr\/honda-et-ford-confrontes-a-des-problemes-de-ceintures-de-securite\/","url":"https:\/\/news.canadamotorjobs.com\/fr\/honda-et-ford-confrontes-a-des-problemes-de-ceintures-de-securite\/","name":"Honda et Ford confront\u00e9s \u00e0 des probl\u00e8mes de ceintures de s\u00e9curit\u00e9 - CanadaMotorJobs.com","isPartOf":{"@id":"https:\/\/news.canadamotorjobs.com\/#website"},"primaryImageOfPage":{"@id":"https:\/\/news.canadamotorjobs.com\/fr\/honda-et-ford-confrontes-a-des-problemes-de-ceintures-de-securite\/#primaryimage"},"image":{"@id":"https:\/\/news.canadamotorjobs.com\/fr\/honda-et-ford-confrontes-a-des-problemes-de-ceintures-de-securite\/#primaryimage"},"thumbnailUrl":"https:\/\/news.canadamotorjobs.com\/wp-content\/uploads\/2023\/11\/2023-Honda-Accord-Touring-front-three-qtr-left.jpg","datePublished":"2023-11-28T11:28:48+00:00","dateModified":"2023-11-28T11:49:01+00:00","description":"Honda et Ford confront\u00e9s \u00e0 des probl\u00e8mes de ceintures de s\u00e9curit\u00e9 - Benoit Charette - Annuel automobile - CanadaMotorJobs.com.","breadcrumb":{"@id":"https:\/\/news.canadamotorjobs.com\/fr\/honda-et-ford-confrontes-a-des-problemes-de-ceintures-de-securite\/#breadcrumb"},"inLanguage":"fr-CA","potentialAction":[{"@type":"ReadAction","target":["https:\/\/news.canadamotorjobs.com\/fr\/honda-et-ford-confrontes-a-des-problemes-de-ceintures-de-securite\/"]}]},{"@type":"ImageObject","inLanguage":"fr-CA","@id":"https:\/\/news.canadamotorjobs.com\/fr\/honda-et-ford-confrontes-a-des-problemes-de-ceintures-de-securite\/#primaryimage","url":"https:\/\/news.canadamotorjobs.com\/wp-content\/uploads\/2023\/11\/2023-Honda-Accord-Touring-front-three-qtr-left.jpg","contentUrl":"https:\/\/news.canadamotorjobs.com\/wp-content\/uploads\/2023\/11\/2023-Honda-Accord-Touring-front-three-qtr-left.jpg","width":1200,"height":630},{"@type":"BreadcrumbList","@id":"https:\/\/news.canadamotorjobs.com\/fr\/honda-et-ford-confrontes-a-des-problemes-de-ceintures-de-securite\/#breadcrumb","itemListElement":[{"@type":"ListItem","position":1,"name":"Home","item":"https:\/\/news.canadamotorjobs.com\/fr\/blog\/"},{"@type":"ListItem","position":2,"name":"Honda et Ford confront\u00e9s \u00e0 des probl\u00e8mes de ceintures de s\u00e9curit\u00e9"}]},{"@type":"WebSite","@id":"https:\/\/news.canadamotorjobs.com\/#website","url":"https:\/\/news.canadamotorjobs.com\/","name":"CanadaMotorJobs.com","description":"Automotive Jobs","publisher":{"@id":"https:\/\/news.canadamotorjobs.com\/#organization"},"potentialAction":[{"@type":"SearchAction","target":{"@type":"EntryPoint","urlTemplate":"https:\/\/news.canadamotorjobs.com\/?s={search_term_string}"},"query-input":"required name=search_term_string"}],"inLanguage":"fr-CA"},{"@type":"Organization","@id":"https:\/\/news.canadamotorjobs.com\/#organization","name":"Canada Motor Jobs","url":"https:\/\/news.canadamotorjobs.com\/","logo":{"@type":"ImageObject","inLanguage":"fr-CA","@id":"https:\/\/news.canadamotorjobs.com\/#\/schema\/logo\/image\/","url":"https:\/\/news.canadamotorjobs.com\/wp-content\/uploads\/2022\/10\/logo-canada-motor-jobs-1.png","contentUrl":"https:\/\/news.canadamotorjobs.com\/wp-content\/uploads\/2022\/10\/logo-canada-motor-jobs-1.png","width":800,"height":400,"caption":"Canada Motor Jobs"},"image":{"@id":"https:\/\/news.canadamotorjobs.com\/#\/schema\/logo\/image\/"},"sameAs":["https:\/\/www.facebook.com\/canadamotorjobs\/","https:\/\/x.com\/canadamotorjobs","https:\/\/www.instagram.com\/canadamotorjobs\/","https:\/\/www.linkedin.com\/company\/canadamotorjobs"]},{"@type":"Person","@id":"https:\/\/news.canadamotorjobs.com\/#\/schema\/person\/51793d1f87d44011d7bcc2ed99269a90","name":"Benoit Charette","image":{"@type":"ImageObject","inLanguage":"fr-CA","@id":"https:\/\/news.canadamotorjobs.com\/#\/schema\/person\/image\/","url":"https:\/\/secure.gravatar.com\/avatar\/45f3d2eebcccd909668d7ce7ea7267b6?s=96&d=mm&r=g","contentUrl":"https:\/\/secure.gravatar.com\/avatar\/45f3d2eebcccd909668d7ce7ea7267b6?s=96&d=mm&r=g","caption":"Benoit Charette"},"description":"Benoit Charette \/ Propri\u00e9taire et r\u00e9dacteur en chef Benoit Charette pratique le journalisme automobile depuis bient\u00f4t 30 ans. Il a fait ses classes au c\u00f4t\u00e9 de Daniel H\u00e9raud et au Carnet de route de 1992 \u00e0 2001. Il est fondateur, copropri\u00e9taire et r\u00e9dacteur en chef de L\u2019Annuel de l\u2019automobile, qu\u2019il publie depuis 2001. Il a anim\u00e9 les \u00e9missions RPM et RPM+ sur V et les L\u00e9gendes de la route sur Historia. \u00c0 la radio depuis 1986, il reprend l\u2019antenne cette ann\u00e9e sur les ondes de Cogeco et participe pour la deuxi\u00e8me ann\u00e9e \u00e0 l\u2019\u00e9mission Passion Auto sur RDS en plus de mettre en ligne le site Web officiel de L\u2019Annuel de l\u2019automobile sur annuelauto.ca.","sameAs":["https:\/\/annuelauto.ca\/"],"url":"https:\/\/news.canadamotorjobs.com\/fr\/author\/benoit-charette\/"}]}},"_links":{"self":[{"href":"https:\/\/news.canadamotorjobs.com\/fr\/wp-json\/wp\/v2\/posts\/154578"}],"collection":[{"href":"https:\/\/news.canadamotorjobs.com\/fr\/wp-json\/wp\/v2\/posts"}],"about":[{"href":"https:\/\/news.canadamotorjobs.com\/fr\/wp-json\/wp\/v2\/types\/post"}],"author":[{"embeddable":true,"href":"https:\/\/news.canadamotorjobs.com\/fr\/wp-json\/wp\/v2\/users\/8"}],"replies":[{"embeddable":true,"href":"https:\/\/news.canadamotorjobs.com\/fr\/wp-json\/wp\/v2\/comments?post=154578"}],"version-history":[{"count":2,"href":"https:\/\/news.canadamotorjobs.com\/fr\/wp-json\/wp\/v2\/posts\/154578\/revisions"}],"predecessor-version":[{"id":154582,"href":"https:\/\/news.canadamotorjobs.com\/fr\/wp-json\/wp\/v2\/posts\/154578\/revisions\/154582"}],"wp:featuredmedia":[{"embeddable":true,"href":"https:\/\/news.canadamotorjobs.com\/fr\/wp-json\/wp\/v2\/media\/154580"}],"wp:attachment":[{"href":"https:\/\/news.canadamotorjobs.com\/fr\/wp-json\/wp\/v2\/media?parent=154578"}],"wp:term":[{"taxonomy":"category","embeddable":true,"href":"https:\/\/news.canadamotorjobs.com\/fr\/wp-json\/wp\/v2\/categories?post=154578"},{"taxonomy":"post_tag","embeddable":true,"href":"https:\/\/news.canadamotorjobs.com\/fr\/wp-json\/wp\/v2\/tags?post=154578"}],"curies":[{"name":"wp","href":"https:\/\/api.w.org\/{rel}","templated":true}]}}