{"id":154563,"date":"2023-11-28T06:43:34","date_gmt":"2023-11-28T11:43:34","guid":{"rendered":"https:\/\/news.canadamotorjobs.com\/?p=154563"},"modified":"2023-11-28T06:48:55","modified_gmt":"2023-11-28T11:48:55","slug":"le-patron-de-volkswagen-annonce-15-milliards-de-coupures","status":"publish","type":"post","link":"https:\/\/news.canadamotorjobs.com\/fr\/le-patron-de-volkswagen-annonce-15-milliards-de-coupures\/","title":{"rendered":"Le patron de Volkswagen annonce 15 milliards de coupures"},"content":{"rendered":"<\/p>\n<p>Le PDG du groupe Volkswagen, Thomas Sch\u00e4fer a confirm\u00e9 que des suppressions d&#8217;emplois allaient avoir lieu chez Volkswagen, apr\u00e8s avoir d\u00e9clar\u00e9 que l&#8217;entreprise n&#8217;\u00e9tait &#8220;plus comp\u00e9titive&#8221; en raison de ses co\u00fbts \u00e9lev\u00e9s et de sa faible production.<\/p>\n<h3>Des coupures de pr\u00e8s de 15 milliards de dollars<\/h3>\n<p>\nLa nouvelle, qui aurait \u00e9t\u00e9 annonc\u00e9e aux cadres ce matin, s&#8217;inscrit dans le cadre d&#8217;un vaste programme d&#8217;\u00e9conomies de 10 milliards d&#8217;euros (14,86 milliards de dollars) sur trois ans que M. Sch\u00e4fer a annonc\u00e9 au d\u00e9but de l&#8217;ann\u00e9e, tout en proclamant que &#8220;le toit est en feu&#8221;.<\/p>\n<h3>Briser une promesse<\/h3>\n<p>\nLe g\u00e9ant de la fabrication s&#8217;\u00e9tait pr\u00e9c\u00e9demment engag\u00e9 \u00e0 ne pas proc\u00e9der \u00e0 des licenciements avant 2029, mais au cours de la r\u00e9union de ce matin, Gunnar Kilian, membre du conseil des ressources humaines, a d\u00e9clar\u00e9 qu&#8217;il profiterait de la &#8220;courbe d\u00e9mographique&#8221; pour r\u00e9duire les effectifs en proposant des retraites partielles ou anticip\u00e9es, rapporte l&#8217;agence Reuters.<\/p>\n<h3>Faire face \u00e0 la r\u00e9alit\u00e9<\/h3>\n<p>\n&#8220;Nous devons enfin \u00eatre suffisamment courageux et honn\u00eates pour jeter par-dessus bord les choses qui font double emploi au sein de l&#8217;entreprise ou qui constituent simplement un lest dont nous n&#8217;avons pas besoin pour obtenir de bons r\u00e9sultats&#8221;, a d\u00e9clar\u00e9 M. Kilian.<\/p>\n<p>\u00a0<\/p>\n<p>Avec des renseignements d\u2019Autocar<\/p>\n<p>Le texte <a rel=\"nofollow\" href=\"https:\/\/annuelauto.ca\/le-patron-de-volkswagen-annonce-15-milliards-de-coupures\/\">Le patron de Volkswagen annonce 15 milliards de coupures<\/a> provient de <a rel=\"nofollow\" href=\"https:\/\/annuelauto.ca\">L&#8217;annuel de l&#8217;automobile &#8211; Actualit\u00e9 automobile<\/a><\/p>\n<p><\/p>\n","protected":false},"excerpt":{"rendered":"<p>Le PDG du groupe Volkswagen, Thomas Sch\u00e4fer a confirm\u00e9 que des suppressions d&#8217;emplois allaient avoir lieu chez Volkswagen, apr\u00e8s avoir d\u00e9clar\u00e9 que l&#8217;entreprise n&#8217;\u00e9tait &#8220;plus comp\u00e9titive&#8221; en raison de ses co\u00fbts \u00e9lev\u00e9s et de sa faible production. Des coupures de pr\u00e8s de 15 milliards de dollars La nouvelle, qui aurait \u00e9t\u00e9 annonc\u00e9e aux cadres ce [&hellip;]<\/p>\n","protected":false},"author":8,"featured_media":154565,"comment_status":"close","ping_status":"closed","sticky":false,"template":"","format":"standard","meta":{"_monsterinsights_skip_tracking":false,"_monsterinsights_sitenote_active":false,"_monsterinsights_sitenote_note":"","_monsterinsights_sitenote_category":0,"footnotes":""},"categories":[101],"tags":[],"yoast_head":"<!-- This site is optimized with the Yoast SEO plugin v23.2 - https:\/\/yoast.com\/wordpress\/plugins\/seo\/ -->\n<title>Le patron de Volkswagen annonce 15 milliards de coupures - CanadaMotorJobs.com<\/title>\n<meta name=\"description\" content=\"Le patron de Volkswagen annonce 15 milliards de coupures - Benoit Charette - Annuel automobile - CanadaMotorJobs.com.\" \/>\n<meta name=\"robots\" content=\"index, follow, max-snippet:-1, max-image-preview:large, max-video-preview:-1\" \/>\n<meta property=\"og:locale\" content=\"fr_CA\" \/>\n<meta property=\"og:type\" content=\"article\" \/>\n<meta property=\"og:title\" content=\"Le patron de Volkswagen annonce 15 milliards de coupures - CanadaMotorJobs.com\" \/>\n<meta property=\"og:description\" content=\"Le patron de Volkswagen annonce 15 milliards de coupures - Benoit Charette - Annuel automobile - CanadaMotorJobs.com.\" \/>\n<meta property=\"og:url\" content=\"https:\/\/news.canadamotorjobs.com\/fr\/le-patron-de-volkswagen-annonce-15-milliards-de-coupures\/\" \/>\n<meta property=\"og:site_name\" content=\"CanadaMotorJobs.com\" \/>\n<meta property=\"article:publisher\" content=\"https:\/\/www.facebook.com\/canadamotorjobs\/\" \/>\n<meta property=\"article:published_time\" content=\"2023-11-28T11:43:34+00:00\" \/>\n<meta property=\"article:modified_time\" content=\"2023-11-28T11:48:55+00:00\" \/>\n<meta property=\"og:image\" content=\"https:\/\/news.canadamotorjobs.com\/wp-content\/uploads\/2023\/11\/d0107049-9aa5-4ea3-8dec-93759c745c71.jpg\" \/>\n\t<meta property=\"og:image:width\" content=\"750\" \/>\n\t<meta property=\"og:image:height\" content=\"490\" \/>\n\t<meta property=\"og:image:type\" content=\"image\/jpeg\" \/>\n<meta name=\"author\" content=\"Benoit Charette\" \/>\n<meta name=\"twitter:card\" content=\"summary_large_image\" \/>\n<meta name=\"twitter:creator\" content=\"@canadamotorjobs\" \/>\n<meta name=\"twitter:site\" content=\"@canadamotorjobs\" \/>\n<meta name=\"twitter:label1\" content=\"\u00c9crit par\" \/>\n\t<meta name=\"twitter:data1\" content=\"Benoit Charette\" \/>\n\t<meta name=\"twitter:label2\" content=\"Estimation du temps de lecture\" \/>\n\t<meta name=\"twitter:data2\" content=\"1 minute\" \/>\n<!-- \/ Yoast SEO plugin. -->","yoast_head_json":{"title":"Le patron de Volkswagen annonce 15 milliards de coupures - CanadaMotorJobs.com","description":"Le patron de Volkswagen annonce 15 milliards de coupures - Benoit Charette - Annuel automobile - CanadaMotorJobs.com.","robots":{"index":"index","follow":"follow","max-snippet":"max-snippet:-1","max-image-preview":"max-image-preview:large","max-video-preview":"max-video-preview:-1"},"og_locale":"fr_CA","og_type":"article","og_title":"Le patron de Volkswagen annonce 15 milliards de coupures - CanadaMotorJobs.com","og_description":"Le patron de Volkswagen annonce 15 milliards de coupures - Benoit Charette - Annuel automobile - CanadaMotorJobs.com.","og_url":"https:\/\/news.canadamotorjobs.com\/fr\/le-patron-de-volkswagen-annonce-15-milliards-de-coupures\/","og_site_name":"CanadaMotorJobs.com","article_publisher":"https:\/\/www.facebook.com\/canadamotorjobs\/","article_published_time":"2023-11-28T11:43:34+00:00","article_modified_time":"2023-11-28T11:48:55+00:00","og_image":[{"width":750,"height":490,"url":"https:\/\/news.canadamotorjobs.com\/wp-content\/uploads\/2023\/11\/d0107049-9aa5-4ea3-8dec-93759c745c71.jpg","type":"image\/jpeg"}],"author":"Benoit Charette","twitter_card":"summary_large_image","twitter_creator":"@canadamotorjobs","twitter_site":"@canadamotorjobs","twitter_misc":{"\u00c9crit par":"Benoit Charette","Estimation du temps de lecture":"1 minute"},"schema":{"@context":"https:\/\/schema.org","@graph":[{"@type":"Article","@id":"https:\/\/news.canadamotorjobs.com\/fr\/le-patron-de-volkswagen-annonce-15-milliards-de-coupures\/#article","isPartOf":{"@id":"https:\/\/news.canadamotorjobs.com\/fr\/le-patron-de-volkswagen-annonce-15-milliards-de-coupures\/"},"author":{"name":"Benoit Charette","@id":"https:\/\/news.canadamotorjobs.com\/#\/schema\/person\/51793d1f87d44011d7bcc2ed99269a90"},"headline":"Le patron de Volkswagen annonce 15 milliards de coupures","datePublished":"2023-11-28T11:43:34+00:00","dateModified":"2023-11-28T11:48:55+00:00","mainEntityOfPage":{"@id":"https:\/\/news.canadamotorjobs.com\/fr\/le-patron-de-volkswagen-annonce-15-milliards-de-coupures\/"},"wordCount":261,"publisher":{"@id":"https:\/\/news.canadamotorjobs.com\/#organization"},"image":{"@id":"https:\/\/news.canadamotorjobs.com\/fr\/le-patron-de-volkswagen-annonce-15-milliards-de-coupures\/#primaryimage"},"thumbnailUrl":"https:\/\/news.canadamotorjobs.com\/wp-content\/uploads\/2023\/11\/d0107049-9aa5-4ea3-8dec-93759c745c71.jpg","articleSection":["Annuel automobile"],"inLanguage":"fr-CA"},{"@type":"WebPage","@id":"https:\/\/news.canadamotorjobs.com\/fr\/le-patron-de-volkswagen-annonce-15-milliards-de-coupures\/","url":"https:\/\/news.canadamotorjobs.com\/fr\/le-patron-de-volkswagen-annonce-15-milliards-de-coupures\/","name":"Le patron de Volkswagen annonce 15 milliards de coupures - CanadaMotorJobs.com","isPartOf":{"@id":"https:\/\/news.canadamotorjobs.com\/#website"},"primaryImageOfPage":{"@id":"https:\/\/news.canadamotorjobs.com\/fr\/le-patron-de-volkswagen-annonce-15-milliards-de-coupures\/#primaryimage"},"image":{"@id":"https:\/\/news.canadamotorjobs.com\/fr\/le-patron-de-volkswagen-annonce-15-milliards-de-coupures\/#primaryimage"},"thumbnailUrl":"https:\/\/news.canadamotorjobs.com\/wp-content\/uploads\/2023\/11\/d0107049-9aa5-4ea3-8dec-93759c745c71.jpg","datePublished":"2023-11-28T11:43:34+00:00","dateModified":"2023-11-28T11:48:55+00:00","description":"Le patron de Volkswagen annonce 15 milliards de coupures - Benoit Charette - Annuel automobile - CanadaMotorJobs.com.","breadcrumb":{"@id":"https:\/\/news.canadamotorjobs.com\/fr\/le-patron-de-volkswagen-annonce-15-milliards-de-coupures\/#breadcrumb"},"inLanguage":"fr-CA","potentialAction":[{"@type":"ReadAction","target":["https:\/\/news.canadamotorjobs.com\/fr\/le-patron-de-volkswagen-annonce-15-milliards-de-coupures\/"]}]},{"@type":"ImageObject","inLanguage":"fr-CA","@id":"https:\/\/news.canadamotorjobs.com\/fr\/le-patron-de-volkswagen-annonce-15-milliards-de-coupures\/#primaryimage","url":"https:\/\/news.canadamotorjobs.com\/wp-content\/uploads\/2023\/11\/d0107049-9aa5-4ea3-8dec-93759c745c71.jpg","contentUrl":"https:\/\/news.canadamotorjobs.com\/wp-content\/uploads\/2023\/11\/d0107049-9aa5-4ea3-8dec-93759c745c71.jpg","width":750,"height":490},{"@type":"BreadcrumbList","@id":"https:\/\/news.canadamotorjobs.com\/fr\/le-patron-de-volkswagen-annonce-15-milliards-de-coupures\/#breadcrumb","itemListElement":[{"@type":"ListItem","position":1,"name":"Home","item":"https:\/\/news.canadamotorjobs.com\/fr\/blog\/"},{"@type":"ListItem","position":2,"name":"Le patron de Volkswagen annonce 15 milliards de coupures"}]},{"@type":"WebSite","@id":"https:\/\/news.canadamotorjobs.com\/#website","url":"https:\/\/news.canadamotorjobs.com\/","name":"CanadaMotorJobs.com","description":"Automotive Jobs","publisher":{"@id":"https:\/\/news.canadamotorjobs.com\/#organization"},"potentialAction":[{"@type":"SearchAction","target":{"@type":"EntryPoint","urlTemplate":"https:\/\/news.canadamotorjobs.com\/?s={search_term_string}"},"query-input":"required name=search_term_string"}],"inLanguage":"fr-CA"},{"@type":"Organization","@id":"https:\/\/news.canadamotorjobs.com\/#organization","name":"Canada Motor Jobs","url":"https:\/\/news.canadamotorjobs.com\/","logo":{"@type":"ImageObject","inLanguage":"fr-CA","@id":"https:\/\/news.canadamotorjobs.com\/#\/schema\/logo\/image\/","url":"https:\/\/news.canadamotorjobs.com\/wp-content\/uploads\/2022\/10\/logo-canada-motor-jobs-1.png","contentUrl":"https:\/\/news.canadamotorjobs.com\/wp-content\/uploads\/2022\/10\/logo-canada-motor-jobs-1.png","width":800,"height":400,"caption":"Canada Motor Jobs"},"image":{"@id":"https:\/\/news.canadamotorjobs.com\/#\/schema\/logo\/image\/"},"sameAs":["https:\/\/www.facebook.com\/canadamotorjobs\/","https:\/\/x.com\/canadamotorjobs","https:\/\/www.instagram.com\/canadamotorjobs\/","https:\/\/www.linkedin.com\/company\/canadamotorjobs"]},{"@type":"Person","@id":"https:\/\/news.canadamotorjobs.com\/#\/schema\/person\/51793d1f87d44011d7bcc2ed99269a90","name":"Benoit Charette","image":{"@type":"ImageObject","inLanguage":"fr-CA","@id":"https:\/\/news.canadamotorjobs.com\/#\/schema\/person\/image\/","url":"https:\/\/secure.gravatar.com\/avatar\/45f3d2eebcccd909668d7ce7ea7267b6?s=96&d=mm&r=g","contentUrl":"https:\/\/secure.gravatar.com\/avatar\/45f3d2eebcccd909668d7ce7ea7267b6?s=96&d=mm&r=g","caption":"Benoit Charette"},"description":"Benoit Charette \/ Propri\u00e9taire et r\u00e9dacteur en chef Benoit Charette pratique le journalisme automobile depuis bient\u00f4t 30 ans. Il a fait ses classes au c\u00f4t\u00e9 de Daniel H\u00e9raud et au Carnet de route de 1992 \u00e0 2001. Il est fondateur, copropri\u00e9taire et r\u00e9dacteur en chef de L\u2019Annuel de l\u2019automobile, qu\u2019il publie depuis 2001. Il a anim\u00e9 les \u00e9missions RPM et RPM+ sur V et les L\u00e9gendes de la route sur Historia. \u00c0 la radio depuis 1986, il reprend l\u2019antenne cette ann\u00e9e sur les ondes de Cogeco et participe pour la deuxi\u00e8me ann\u00e9e \u00e0 l\u2019\u00e9mission Passion Auto sur RDS en plus de mettre en ligne le site Web officiel de L\u2019Annuel de l\u2019automobile sur annuelauto.ca.","sameAs":["https:\/\/annuelauto.ca\/"],"url":"https:\/\/news.canadamotorjobs.com\/fr\/author\/benoit-charette\/"}]}},"_links":{"self":[{"href":"https:\/\/news.canadamotorjobs.com\/fr\/wp-json\/wp\/v2\/posts\/154563"}],"collection":[{"href":"https:\/\/news.canadamotorjobs.com\/fr\/wp-json\/wp\/v2\/posts"}],"about":[{"href":"https:\/\/news.canadamotorjobs.com\/fr\/wp-json\/wp\/v2\/types\/post"}],"author":[{"embeddable":true,"href":"https:\/\/news.canadamotorjobs.com\/fr\/wp-json\/wp\/v2\/users\/8"}],"replies":[{"embeddable":true,"href":"https:\/\/news.canadamotorjobs.com\/fr\/wp-json\/wp\/v2\/comments?post=154563"}],"version-history":[{"count":2,"href":"https:\/\/news.canadamotorjobs.com\/fr\/wp-json\/wp\/v2\/posts\/154563\/revisions"}],"predecessor-version":[{"id":154567,"href":"https:\/\/news.canadamotorjobs.com\/fr\/wp-json\/wp\/v2\/posts\/154563\/revisions\/154567"}],"wp:featuredmedia":[{"embeddable":true,"href":"https:\/\/news.canadamotorjobs.com\/fr\/wp-json\/wp\/v2\/media\/154565"}],"wp:attachment":[{"href":"https:\/\/news.canadamotorjobs.com\/fr\/wp-json\/wp\/v2\/media?parent=154563"}],"wp:term":[{"taxonomy":"category","embeddable":true,"href":"https:\/\/news.canadamotorjobs.com\/fr\/wp-json\/wp\/v2\/categories?post=154563"},{"taxonomy":"post_tag","embeddable":true,"href":"https:\/\/news.canadamotorjobs.com\/fr\/wp-json\/wp\/v2\/tags?post=154563"}],"curies":[{"name":"wp","href":"https:\/\/api.w.org\/{rel}","templated":true}]}}