{"id":154544,"date":"2023-11-27T11:40:28","date_gmt":"2023-11-27T16:40:28","guid":{"rendered":"https:\/\/news.canadamotorjobs.com\/?p=154544"},"modified":"2023-11-27T11:45:36","modified_gmt":"2023-11-27T16:45:36","slug":"cest-magna-steyr-qui-developpera-les-modeles-scout-de-volkswagen","status":"publish","type":"post","link":"https:\/\/news.canadamotorjobs.com\/fr\/cest-magna-steyr-qui-developpera-les-modeles-scout-de-volkswagen\/","title":{"rendered":"C\u2019est Magna Steyr qui d\u00e9veloppera les mod\u00e8les Scout de Volkswagen"},"content":{"rendered":"<\/p>\n<p>Selon un rapport r\u00e9cent provenant du groupe VW (Auto News via Kleine Zeitung), ce dernier vient de passer une commande d&#8217;une valeur de 500 millions de dollars avec Magna Steyr pour aider au d\u00e9veloppement de ces nouveaux mod\u00e8les. Bas\u00e9 a Graz en Autriche, Magna Steyr est la propri\u00e9t\u00e9 de l\u2019homme d\u2019affaires Canadien Franck Stronach.<\/p>\n<h3>Sous license avec Mercedes et Ineos<\/h3>\n<p>\nSi ce nom de fournisseur vous semble familier, c&#8217;est parce que cette entreprise autrichienne est responsable du d\u00e9veloppement de la Mercedes-Benz G Class. Elle continue d&#8217;ailleurs \u00e0 produire ce mod\u00e8le pour Mercedes dans son usine \u00e0 Graz.<\/p>\n<h3>Plus gros contrat \u00e0 ce jour<\/h3>\n<p>\nLe journal autrichien qui a r\u00e9v\u00e9l\u00e9 l&#8217;information a d\u00e9clar\u00e9 que ce contrat est le plus important en termes de d\u00e9veloppement pour Magna Steyr jusqu&#8217;\u00e0 pr\u00e9sent. Magna Steyr a \u00e9galement jou\u00e9 un r\u00f4le crucial dans le d\u00e9veloppement de l&#8217;Ineos Grenadier et du BMW X3, ainsi que dans le syst\u00e8me de transmission int\u00e9grale 4Matic utilis\u00e9 par Mercedes-Benz.<\/p>\n<h3>Historique de performance<\/h3>\n<p>\nCependant, Magna Steyr ne se limite pas aux tout-terrains. L&#8217;entreprise a particip\u00e9 au d\u00e9veloppement de l&#8217;Aston Martin Rapide, de l&#8217;Audi TT, entre autres. Elle assemble actuellement les mod\u00e8les Jaguar E et I-Pace ainsi que la Fisker Ocean.<\/p>\n<h3>Scout sur la route en 2026<\/h3>\n<p>\nSelon le rapport, les deux mod\u00e8les Scout en cours de d\u00e9veloppement dans le cadre de cet accord seront pr\u00eats pour la production d&#8217;ici la fin de 2026. Ils seront fabriqu\u00e9s dans une nouvelle usine que le groupe VW est en train de construire pr\u00e8s de Columbia, en Caroline du Sud. Cette usine sera capable de produire environ 200 000 v\u00e9hicules par an.<\/p>\n<p>Avec des renseignements de Carbuzz<\/p>\n<p>Le texte <a rel=\"nofollow\" href=\"https:\/\/annuelauto.ca\/cest-magna-steyr-qui-developpera-les-modeles-scout-de-volkswagen\/\">C\u2019est Magna Steyr qui d\u00e9veloppera les mod\u00e8les Scout de Volkswagen<\/a> provient de <a rel=\"nofollow\" href=\"https:\/\/annuelauto.ca\">L&#8217;annuel de l&#8217;automobile &#8211; Actualit\u00e9 automobile<\/a><\/p>\n<p><\/p>\n","protected":false},"excerpt":{"rendered":"<p>Selon un rapport r\u00e9cent provenant du groupe VW (Auto News via Kleine Zeitung), ce dernier vient de passer une commande d&#8217;une valeur de 500 millions de dollars avec Magna Steyr pour aider au d\u00e9veloppement de ces nouveaux mod\u00e8les. Bas\u00e9 a Graz en Autriche, Magna Steyr est la propri\u00e9t\u00e9 de l\u2019homme d\u2019affaires Canadien Franck Stronach. Sous [&hellip;]<\/p>\n","protected":false},"author":8,"featured_media":154546,"comment_status":"close","ping_status":"closed","sticky":false,"template":"","format":"standard","meta":{"_monsterinsights_skip_tracking":false,"_monsterinsights_sitenote_active":false,"_monsterinsights_sitenote_note":"","_monsterinsights_sitenote_category":0,"footnotes":""},"categories":[101],"tags":[],"yoast_head":"<!-- This site is optimized with the Yoast SEO plugin v23.2 - https:\/\/yoast.com\/wordpress\/plugins\/seo\/ -->\n<title>C\u2019est Magna Steyr qui d\u00e9veloppera les mod\u00e8les Scout de Volkswagen - CanadaMotorJobs.com<\/title>\n<meta name=\"description\" content=\"C\u2019est Magna Steyr qui d\u00e9veloppera les mod\u00e8les Scout de Volkswagen - Benoit Charette - Annuel automobile - CanadaMotorJobs.com.\" \/>\n<meta name=\"robots\" content=\"index, follow, max-snippet:-1, max-image-preview:large, max-video-preview:-1\" \/>\n<meta property=\"og:locale\" content=\"fr_CA\" \/>\n<meta property=\"og:type\" content=\"article\" \/>\n<meta property=\"og:title\" content=\"C\u2019est Magna Steyr qui d\u00e9veloppera les mod\u00e8les Scout de Volkswagen - CanadaMotorJobs.com\" \/>\n<meta property=\"og:description\" content=\"C\u2019est Magna Steyr qui d\u00e9veloppera les mod\u00e8les Scout de Volkswagen - Benoit Charette - Annuel automobile - CanadaMotorJobs.com.\" \/>\n<meta property=\"og:url\" content=\"https:\/\/news.canadamotorjobs.com\/fr\/cest-magna-steyr-qui-developpera-les-modeles-scout-de-volkswagen\/\" \/>\n<meta property=\"og:site_name\" content=\"CanadaMotorJobs.com\" \/>\n<meta property=\"article:publisher\" content=\"https:\/\/www.facebook.com\/canadamotorjobs\/\" \/>\n<meta property=\"article:published_time\" content=\"2023-11-27T16:40:28+00:00\" \/>\n<meta property=\"article:modified_time\" content=\"2023-11-27T16:45:36+00:00\" \/>\n<meta property=\"og:image\" content=\"https:\/\/news.canadamotorjobs.com\/wp-content\/uploads\/2023\/11\/VWSCOUTSKETCHES-MAIN_i_1-1.jpg\" \/>\n\t<meta property=\"og:image:width\" content=\"900\" \/>\n\t<meta property=\"og:image:height\" content=\"540\" \/>\n\t<meta property=\"og:image:type\" content=\"image\/jpeg\" \/>\n<meta name=\"author\" content=\"Benoit Charette\" \/>\n<meta name=\"twitter:card\" content=\"summary_large_image\" \/>\n<meta name=\"twitter:creator\" content=\"@canadamotorjobs\" \/>\n<meta name=\"twitter:site\" content=\"@canadamotorjobs\" \/>\n<meta name=\"twitter:label1\" content=\"\u00c9crit par\" \/>\n\t<meta name=\"twitter:data1\" content=\"Benoit Charette\" \/>\n\t<meta name=\"twitter:label2\" content=\"Estimation du temps de lecture\" \/>\n\t<meta name=\"twitter:data2\" content=\"2 minutes\" \/>\n<!-- \/ Yoast SEO plugin. -->","yoast_head_json":{"title":"C\u2019est Magna Steyr qui d\u00e9veloppera les mod\u00e8les Scout de Volkswagen - CanadaMotorJobs.com","description":"C\u2019est Magna Steyr qui d\u00e9veloppera les mod\u00e8les Scout de Volkswagen - Benoit Charette - Annuel automobile - CanadaMotorJobs.com.","robots":{"index":"index","follow":"follow","max-snippet":"max-snippet:-1","max-image-preview":"max-image-preview:large","max-video-preview":"max-video-preview:-1"},"og_locale":"fr_CA","og_type":"article","og_title":"C\u2019est Magna Steyr qui d\u00e9veloppera les mod\u00e8les Scout de Volkswagen - CanadaMotorJobs.com","og_description":"C\u2019est Magna Steyr qui d\u00e9veloppera les mod\u00e8les Scout de Volkswagen - Benoit Charette - Annuel automobile - CanadaMotorJobs.com.","og_url":"https:\/\/news.canadamotorjobs.com\/fr\/cest-magna-steyr-qui-developpera-les-modeles-scout-de-volkswagen\/","og_site_name":"CanadaMotorJobs.com","article_publisher":"https:\/\/www.facebook.com\/canadamotorjobs\/","article_published_time":"2023-11-27T16:40:28+00:00","article_modified_time":"2023-11-27T16:45:36+00:00","og_image":[{"width":900,"height":540,"url":"https:\/\/news.canadamotorjobs.com\/wp-content\/uploads\/2023\/11\/VWSCOUTSKETCHES-MAIN_i_1-1.jpg","type":"image\/jpeg"}],"author":"Benoit Charette","twitter_card":"summary_large_image","twitter_creator":"@canadamotorjobs","twitter_site":"@canadamotorjobs","twitter_misc":{"\u00c9crit par":"Benoit Charette","Estimation du temps de lecture":"2 minutes"},"schema":{"@context":"https:\/\/schema.org","@graph":[{"@type":"Article","@id":"https:\/\/news.canadamotorjobs.com\/fr\/cest-magna-steyr-qui-developpera-les-modeles-scout-de-volkswagen\/#article","isPartOf":{"@id":"https:\/\/news.canadamotorjobs.com\/fr\/cest-magna-steyr-qui-developpera-les-modeles-scout-de-volkswagen\/"},"author":{"name":"Benoit Charette","@id":"https:\/\/news.canadamotorjobs.com\/#\/schema\/person\/51793d1f87d44011d7bcc2ed99269a90"},"headline":"C\u2019est Magna Steyr qui d\u00e9veloppera les mod\u00e8les Scout de Volkswagen","datePublished":"2023-11-27T16:40:28+00:00","dateModified":"2023-11-27T16:45:36+00:00","mainEntityOfPage":{"@id":"https:\/\/news.canadamotorjobs.com\/fr\/cest-magna-steyr-qui-developpera-les-modeles-scout-de-volkswagen\/"},"wordCount":334,"publisher":{"@id":"https:\/\/news.canadamotorjobs.com\/#organization"},"image":{"@id":"https:\/\/news.canadamotorjobs.com\/fr\/cest-magna-steyr-qui-developpera-les-modeles-scout-de-volkswagen\/#primaryimage"},"thumbnailUrl":"https:\/\/news.canadamotorjobs.com\/wp-content\/uploads\/2023\/11\/VWSCOUTSKETCHES-MAIN_i_1-1.jpg","articleSection":["Annuel automobile"],"inLanguage":"fr-CA"},{"@type":"WebPage","@id":"https:\/\/news.canadamotorjobs.com\/fr\/cest-magna-steyr-qui-developpera-les-modeles-scout-de-volkswagen\/","url":"https:\/\/news.canadamotorjobs.com\/fr\/cest-magna-steyr-qui-developpera-les-modeles-scout-de-volkswagen\/","name":"C\u2019est Magna Steyr qui d\u00e9veloppera les mod\u00e8les Scout de Volkswagen - CanadaMotorJobs.com","isPartOf":{"@id":"https:\/\/news.canadamotorjobs.com\/#website"},"primaryImageOfPage":{"@id":"https:\/\/news.canadamotorjobs.com\/fr\/cest-magna-steyr-qui-developpera-les-modeles-scout-de-volkswagen\/#primaryimage"},"image":{"@id":"https:\/\/news.canadamotorjobs.com\/fr\/cest-magna-steyr-qui-developpera-les-modeles-scout-de-volkswagen\/#primaryimage"},"thumbnailUrl":"https:\/\/news.canadamotorjobs.com\/wp-content\/uploads\/2023\/11\/VWSCOUTSKETCHES-MAIN_i_1-1.jpg","datePublished":"2023-11-27T16:40:28+00:00","dateModified":"2023-11-27T16:45:36+00:00","description":"C\u2019est Magna Steyr qui d\u00e9veloppera les mod\u00e8les Scout de Volkswagen - Benoit Charette - Annuel automobile - CanadaMotorJobs.com.","breadcrumb":{"@id":"https:\/\/news.canadamotorjobs.com\/fr\/cest-magna-steyr-qui-developpera-les-modeles-scout-de-volkswagen\/#breadcrumb"},"inLanguage":"fr-CA","potentialAction":[{"@type":"ReadAction","target":["https:\/\/news.canadamotorjobs.com\/fr\/cest-magna-steyr-qui-developpera-les-modeles-scout-de-volkswagen\/"]}]},{"@type":"ImageObject","inLanguage":"fr-CA","@id":"https:\/\/news.canadamotorjobs.com\/fr\/cest-magna-steyr-qui-developpera-les-modeles-scout-de-volkswagen\/#primaryimage","url":"https:\/\/news.canadamotorjobs.com\/wp-content\/uploads\/2023\/11\/VWSCOUTSKETCHES-MAIN_i_1-1.jpg","contentUrl":"https:\/\/news.canadamotorjobs.com\/wp-content\/uploads\/2023\/11\/VWSCOUTSKETCHES-MAIN_i_1-1.jpg","width":900,"height":540},{"@type":"BreadcrumbList","@id":"https:\/\/news.canadamotorjobs.com\/fr\/cest-magna-steyr-qui-developpera-les-modeles-scout-de-volkswagen\/#breadcrumb","itemListElement":[{"@type":"ListItem","position":1,"name":"Home","item":"https:\/\/news.canadamotorjobs.com\/fr\/blog\/"},{"@type":"ListItem","position":2,"name":"C\u2019est Magna Steyr qui d\u00e9veloppera les mod\u00e8les Scout de Volkswagen"}]},{"@type":"WebSite","@id":"https:\/\/news.canadamotorjobs.com\/#website","url":"https:\/\/news.canadamotorjobs.com\/","name":"CanadaMotorJobs.com","description":"Automotive Jobs","publisher":{"@id":"https:\/\/news.canadamotorjobs.com\/#organization"},"potentialAction":[{"@type":"SearchAction","target":{"@type":"EntryPoint","urlTemplate":"https:\/\/news.canadamotorjobs.com\/?s={search_term_string}"},"query-input":"required name=search_term_string"}],"inLanguage":"fr-CA"},{"@type":"Organization","@id":"https:\/\/news.canadamotorjobs.com\/#organization","name":"Canada Motor Jobs","url":"https:\/\/news.canadamotorjobs.com\/","logo":{"@type":"ImageObject","inLanguage":"fr-CA","@id":"https:\/\/news.canadamotorjobs.com\/#\/schema\/logo\/image\/","url":"https:\/\/news.canadamotorjobs.com\/wp-content\/uploads\/2022\/10\/logo-canada-motor-jobs-1.png","contentUrl":"https:\/\/news.canadamotorjobs.com\/wp-content\/uploads\/2022\/10\/logo-canada-motor-jobs-1.png","width":800,"height":400,"caption":"Canada Motor Jobs"},"image":{"@id":"https:\/\/news.canadamotorjobs.com\/#\/schema\/logo\/image\/"},"sameAs":["https:\/\/www.facebook.com\/canadamotorjobs\/","https:\/\/x.com\/canadamotorjobs","https:\/\/www.instagram.com\/canadamotorjobs\/","https:\/\/www.linkedin.com\/company\/canadamotorjobs"]},{"@type":"Person","@id":"https:\/\/news.canadamotorjobs.com\/#\/schema\/person\/51793d1f87d44011d7bcc2ed99269a90","name":"Benoit Charette","image":{"@type":"ImageObject","inLanguage":"fr-CA","@id":"https:\/\/news.canadamotorjobs.com\/#\/schema\/person\/image\/","url":"https:\/\/secure.gravatar.com\/avatar\/45f3d2eebcccd909668d7ce7ea7267b6?s=96&d=mm&r=g","contentUrl":"https:\/\/secure.gravatar.com\/avatar\/45f3d2eebcccd909668d7ce7ea7267b6?s=96&d=mm&r=g","caption":"Benoit Charette"},"description":"Benoit Charette \/ Propri\u00e9taire et r\u00e9dacteur en chef Benoit Charette pratique le journalisme automobile depuis bient\u00f4t 30 ans. Il a fait ses classes au c\u00f4t\u00e9 de Daniel H\u00e9raud et au Carnet de route de 1992 \u00e0 2001. Il est fondateur, copropri\u00e9taire et r\u00e9dacteur en chef de L\u2019Annuel de l\u2019automobile, qu\u2019il publie depuis 2001. Il a anim\u00e9 les \u00e9missions RPM et RPM+ sur V et les L\u00e9gendes de la route sur Historia. \u00c0 la radio depuis 1986, il reprend l\u2019antenne cette ann\u00e9e sur les ondes de Cogeco et participe pour la deuxi\u00e8me ann\u00e9e \u00e0 l\u2019\u00e9mission Passion Auto sur RDS en plus de mettre en ligne le site Web officiel de L\u2019Annuel de l\u2019automobile sur annuelauto.ca.","sameAs":["https:\/\/annuelauto.ca\/"],"url":"https:\/\/news.canadamotorjobs.com\/fr\/author\/benoit-charette\/"}]}},"_links":{"self":[{"href":"https:\/\/news.canadamotorjobs.com\/fr\/wp-json\/wp\/v2\/posts\/154544"}],"collection":[{"href":"https:\/\/news.canadamotorjobs.com\/fr\/wp-json\/wp\/v2\/posts"}],"about":[{"href":"https:\/\/news.canadamotorjobs.com\/fr\/wp-json\/wp\/v2\/types\/post"}],"author":[{"embeddable":true,"href":"https:\/\/news.canadamotorjobs.com\/fr\/wp-json\/wp\/v2\/users\/8"}],"replies":[{"embeddable":true,"href":"https:\/\/news.canadamotorjobs.com\/fr\/wp-json\/wp\/v2\/comments?post=154544"}],"version-history":[{"count":2,"href":"https:\/\/news.canadamotorjobs.com\/fr\/wp-json\/wp\/v2\/posts\/154544\/revisions"}],"predecessor-version":[{"id":154548,"href":"https:\/\/news.canadamotorjobs.com\/fr\/wp-json\/wp\/v2\/posts\/154544\/revisions\/154548"}],"wp:featuredmedia":[{"embeddable":true,"href":"https:\/\/news.canadamotorjobs.com\/fr\/wp-json\/wp\/v2\/media\/154546"}],"wp:attachment":[{"href":"https:\/\/news.canadamotorjobs.com\/fr\/wp-json\/wp\/v2\/media?parent=154544"}],"wp:term":[{"taxonomy":"category","embeddable":true,"href":"https:\/\/news.canadamotorjobs.com\/fr\/wp-json\/wp\/v2\/categories?post=154544"},{"taxonomy":"post_tag","embeddable":true,"href":"https:\/\/news.canadamotorjobs.com\/fr\/wp-json\/wp\/v2\/tags?post=154544"}],"curies":[{"name":"wp","href":"https:\/\/api.w.org\/{rel}","templated":true}]}}