{"id":154471,"date":"2023-11-26T11:11:55","date_gmt":"2023-11-26T16:11:55","guid":{"rendered":"https:\/\/news.canadamotorjobs.com\/?p=154471"},"modified":"2023-11-26T11:16:07","modified_gmt":"2023-11-26T16:16:07","slug":"la-porsche-panamera-sport-turismo-ne-revient-pas-en-2025","status":"publish","type":"post","link":"https:\/\/news.canadamotorjobs.com\/fr\/la-porsche-panamera-sport-turismo-ne-revient-pas-en-2025\/","title":{"rendered":"La Porsche Panamera Sport Turismo ne revient pas en 2025"},"content":{"rendered":"<\/p>\n<p>La Porsche Panamera de troisi\u00e8me g\u00e9n\u00e9ration sera exclusivement propos\u00e9e en tant que berline lorsqu&#8217;elle sera commercialis\u00e9e en 2025. La version Sport Turismo ajout\u00e9e \u00e0 la gamme pour l&#8217;ann\u00e9e-mod\u00e8le 2018 ne reviendra pas, sans surprise, le ralentissement des ventes en est la cause.<\/p>\n<h3>C\u2019\u00e9tait le mod\u00e8le le plus int\u00e9ressant<\/h3>\n<p>\nM\u00eame si les deux mod\u00e8les offraient sensiblement le m\u00eame espace, le style de la Sport Turismo \u00e9tait unique. Malheureusement, la Sport Turismo repr\u00e9sente &#8220;moins de 10 %&#8221; des ventes totales de Panamera dans le monde. C&#8217;est pourquoi Porsche a d\u00e9cid\u00e9, en accord avec les march\u00e9s, de ne pas produire \u00e0 nouveau la Sport Turismo<\/p>\n<h3>Un mod\u00e8le qui va devenir une version de collection<\/h3>\n<p>\nLa Sport Turismo entrera dans le panth\u00e9on de l&#8217;histoire automobile comme l&#8217;un des mod\u00e8les de s\u00e9rie les plus rares de la marque \u00e0 son \u00e9poque. Les ventes de Panamera ont totalis\u00e9 34 142 unit\u00e9s dans le monde en 2022, soit une augmentation de 13 % par rapport \u00e0 2021. Si la Sport Turismo repr\u00e9sente moins de 10 % des ventes, Porsche en a vendu moins de 3 414 unit\u00e9s l&#8217;an dernier.<\/p>\n<p>\u00c0 titre de comparaison, le duo 718 Boxster et 718 Cayman a enregistr\u00e9 18 203 ventes dans le monde. \u00c0 l&#8217;autre bout du spectre, le Cayenne a pris la t\u00eate de la gamme avec 95 604 ventes en 2022, et les ventes de la 911 ont augment\u00e9 de 5 % pour atteindre 40 410 unit\u00e9s. Si vous \u00eates \u00e0 la recherche d&#8217;une nouvelle Panamera Sport Turismo, ne tardez pas \u00e0 l&#8217;acqu\u00e9rir avant que les stocks ne s&#8217;\u00e9puisent. Si vous en avez d\u00e9j\u00e0 une, gardez-la.<\/p>\n<p>\u00a0<\/p>\n<p>Avec des renseignements d\u2019Autoblog<\/p>\n<p>Le texte <a rel=\"nofollow\" href=\"https:\/\/annuelauto.ca\/la-porsche-panamera-sport-turismo-ne-revient-pas-en-2025\/\">La Porsche Panamera Sport Turismo ne revient pas en 2025<\/a> provient de <a rel=\"nofollow\" href=\"https:\/\/annuelauto.ca\">L&#8217;annuel de l&#8217;automobile &#8211; Actualit\u00e9 automobile<\/a><\/p>\n<p><\/p>\n","protected":false},"excerpt":{"rendered":"<p>La Porsche Panamera de troisi\u00e8me g\u00e9n\u00e9ration sera exclusivement propos\u00e9e en tant que berline lorsqu&#8217;elle sera commercialis\u00e9e en 2025. La version Sport Turismo ajout\u00e9e \u00e0 la gamme pour l&#8217;ann\u00e9e-mod\u00e8le 2018 ne reviendra pas, sans surprise, le ralentissement des ventes en est la cause. C\u2019\u00e9tait le mod\u00e8le le plus int\u00e9ressant M\u00eame si les deux mod\u00e8les offraient sensiblement [&hellip;]<\/p>\n","protected":false},"author":8,"featured_media":154473,"comment_status":"close","ping_status":"closed","sticky":false,"template":"","format":"standard","meta":{"_monsterinsights_skip_tracking":false,"_monsterinsights_sitenote_active":false,"_monsterinsights_sitenote_note":"","_monsterinsights_sitenote_category":0,"footnotes":""},"categories":[101],"tags":[],"yoast_head":"<!-- This site is optimized with the Yoast SEO plugin v23.2 - https:\/\/yoast.com\/wordpress\/plugins\/seo\/ -->\n<title>La Porsche Panamera Sport Turismo ne revient pas en 2025 - CanadaMotorJobs.com<\/title>\n<meta name=\"description\" content=\"La Porsche Panamera Sport Turismo ne revient pas en 2025 - Benoit Charette - Annuel automobile - CanadaMotorJobs.com.\" \/>\n<meta name=\"robots\" content=\"index, follow, max-snippet:-1, max-image-preview:large, max-video-preview:-1\" \/>\n<meta property=\"og:locale\" content=\"fr_CA\" \/>\n<meta property=\"og:type\" content=\"article\" \/>\n<meta property=\"og:title\" content=\"La Porsche Panamera Sport Turismo ne revient pas en 2025 - CanadaMotorJobs.com\" \/>\n<meta property=\"og:description\" content=\"La Porsche Panamera Sport Turismo ne revient pas en 2025 - Benoit Charette - Annuel automobile - CanadaMotorJobs.com.\" \/>\n<meta property=\"og:url\" content=\"https:\/\/news.canadamotorjobs.com\/fr\/la-porsche-panamera-sport-turismo-ne-revient-pas-en-2025\/\" \/>\n<meta property=\"og:site_name\" content=\"CanadaMotorJobs.com\" \/>\n<meta property=\"article:publisher\" content=\"https:\/\/www.facebook.com\/canadamotorjobs\/\" \/>\n<meta property=\"article:published_time\" content=\"2023-11-26T16:11:55+00:00\" \/>\n<meta property=\"article:modified_time\" content=\"2023-11-26T16:16:07+00:00\" \/>\n<meta property=\"og:image\" content=\"https:\/\/news.canadamotorjobs.com\/wp-content\/uploads\/2023\/11\/porsche-panamera-sport-turismo-turbo-s.png\" \/>\n\t<meta property=\"og:image:width\" content=\"940\" \/>\n\t<meta property=\"og:image:height\" content=\"528\" \/>\n\t<meta property=\"og:image:type\" content=\"image\/png\" \/>\n<meta name=\"author\" content=\"Benoit Charette\" \/>\n<meta name=\"twitter:card\" content=\"summary_large_image\" \/>\n<meta name=\"twitter:creator\" content=\"@canadamotorjobs\" \/>\n<meta name=\"twitter:site\" content=\"@canadamotorjobs\" \/>\n<meta name=\"twitter:label1\" content=\"\u00c9crit par\" \/>\n\t<meta name=\"twitter:data1\" content=\"Benoit Charette\" \/>\n\t<meta name=\"twitter:label2\" content=\"Estimation du temps de lecture\" \/>\n\t<meta name=\"twitter:data2\" content=\"1 minute\" \/>\n<!-- \/ Yoast SEO plugin. -->","yoast_head_json":{"title":"La Porsche Panamera Sport Turismo ne revient pas en 2025 - CanadaMotorJobs.com","description":"La Porsche Panamera Sport Turismo ne revient pas en 2025 - Benoit Charette - Annuel automobile - CanadaMotorJobs.com.","robots":{"index":"index","follow":"follow","max-snippet":"max-snippet:-1","max-image-preview":"max-image-preview:large","max-video-preview":"max-video-preview:-1"},"og_locale":"fr_CA","og_type":"article","og_title":"La Porsche Panamera Sport Turismo ne revient pas en 2025 - CanadaMotorJobs.com","og_description":"La Porsche Panamera Sport Turismo ne revient pas en 2025 - Benoit Charette - Annuel automobile - CanadaMotorJobs.com.","og_url":"https:\/\/news.canadamotorjobs.com\/fr\/la-porsche-panamera-sport-turismo-ne-revient-pas-en-2025\/","og_site_name":"CanadaMotorJobs.com","article_publisher":"https:\/\/www.facebook.com\/canadamotorjobs\/","article_published_time":"2023-11-26T16:11:55+00:00","article_modified_time":"2023-11-26T16:16:07+00:00","og_image":[{"width":940,"height":528,"url":"https:\/\/news.canadamotorjobs.com\/wp-content\/uploads\/2023\/11\/porsche-panamera-sport-turismo-turbo-s.png","type":"image\/png"}],"author":"Benoit Charette","twitter_card":"summary_large_image","twitter_creator":"@canadamotorjobs","twitter_site":"@canadamotorjobs","twitter_misc":{"\u00c9crit par":"Benoit Charette","Estimation du temps de lecture":"1 minute"},"schema":{"@context":"https:\/\/schema.org","@graph":[{"@type":"Article","@id":"https:\/\/news.canadamotorjobs.com\/fr\/la-porsche-panamera-sport-turismo-ne-revient-pas-en-2025\/#article","isPartOf":{"@id":"https:\/\/news.canadamotorjobs.com\/fr\/la-porsche-panamera-sport-turismo-ne-revient-pas-en-2025\/"},"author":{"name":"Benoit Charette","@id":"https:\/\/news.canadamotorjobs.com\/#\/schema\/person\/51793d1f87d44011d7bcc2ed99269a90"},"headline":"La Porsche Panamera Sport Turismo ne revient pas en 2025","datePublished":"2023-11-26T16:11:55+00:00","dateModified":"2023-11-26T16:16:07+00:00","mainEntityOfPage":{"@id":"https:\/\/news.canadamotorjobs.com\/fr\/la-porsche-panamera-sport-turismo-ne-revient-pas-en-2025\/"},"wordCount":304,"publisher":{"@id":"https:\/\/news.canadamotorjobs.com\/#organization"},"image":{"@id":"https:\/\/news.canadamotorjobs.com\/fr\/la-porsche-panamera-sport-turismo-ne-revient-pas-en-2025\/#primaryimage"},"thumbnailUrl":"https:\/\/news.canadamotorjobs.com\/wp-content\/uploads\/2023\/11\/porsche-panamera-sport-turismo-turbo-s.png","articleSection":["Annuel automobile"],"inLanguage":"fr-CA"},{"@type":"WebPage","@id":"https:\/\/news.canadamotorjobs.com\/fr\/la-porsche-panamera-sport-turismo-ne-revient-pas-en-2025\/","url":"https:\/\/news.canadamotorjobs.com\/fr\/la-porsche-panamera-sport-turismo-ne-revient-pas-en-2025\/","name":"La Porsche Panamera Sport Turismo ne revient pas en 2025 - CanadaMotorJobs.com","isPartOf":{"@id":"https:\/\/news.canadamotorjobs.com\/#website"},"primaryImageOfPage":{"@id":"https:\/\/news.canadamotorjobs.com\/fr\/la-porsche-panamera-sport-turismo-ne-revient-pas-en-2025\/#primaryimage"},"image":{"@id":"https:\/\/news.canadamotorjobs.com\/fr\/la-porsche-panamera-sport-turismo-ne-revient-pas-en-2025\/#primaryimage"},"thumbnailUrl":"https:\/\/news.canadamotorjobs.com\/wp-content\/uploads\/2023\/11\/porsche-panamera-sport-turismo-turbo-s.png","datePublished":"2023-11-26T16:11:55+00:00","dateModified":"2023-11-26T16:16:07+00:00","description":"La Porsche Panamera Sport Turismo ne revient pas en 2025 - Benoit Charette - Annuel automobile - CanadaMotorJobs.com.","breadcrumb":{"@id":"https:\/\/news.canadamotorjobs.com\/fr\/la-porsche-panamera-sport-turismo-ne-revient-pas-en-2025\/#breadcrumb"},"inLanguage":"fr-CA","potentialAction":[{"@type":"ReadAction","target":["https:\/\/news.canadamotorjobs.com\/fr\/la-porsche-panamera-sport-turismo-ne-revient-pas-en-2025\/"]}]},{"@type":"ImageObject","inLanguage":"fr-CA","@id":"https:\/\/news.canadamotorjobs.com\/fr\/la-porsche-panamera-sport-turismo-ne-revient-pas-en-2025\/#primaryimage","url":"https:\/\/news.canadamotorjobs.com\/wp-content\/uploads\/2023\/11\/porsche-panamera-sport-turismo-turbo-s.png","contentUrl":"https:\/\/news.canadamotorjobs.com\/wp-content\/uploads\/2023\/11\/porsche-panamera-sport-turismo-turbo-s.png","width":940,"height":528},{"@type":"BreadcrumbList","@id":"https:\/\/news.canadamotorjobs.com\/fr\/la-porsche-panamera-sport-turismo-ne-revient-pas-en-2025\/#breadcrumb","itemListElement":[{"@type":"ListItem","position":1,"name":"Home","item":"https:\/\/news.canadamotorjobs.com\/fr\/blog\/"},{"@type":"ListItem","position":2,"name":"La Porsche Panamera Sport Turismo ne revient pas en 2025"}]},{"@type":"WebSite","@id":"https:\/\/news.canadamotorjobs.com\/#website","url":"https:\/\/news.canadamotorjobs.com\/","name":"CanadaMotorJobs.com","description":"Automotive Jobs","publisher":{"@id":"https:\/\/news.canadamotorjobs.com\/#organization"},"potentialAction":[{"@type":"SearchAction","target":{"@type":"EntryPoint","urlTemplate":"https:\/\/news.canadamotorjobs.com\/?s={search_term_string}"},"query-input":"required name=search_term_string"}],"inLanguage":"fr-CA"},{"@type":"Organization","@id":"https:\/\/news.canadamotorjobs.com\/#organization","name":"Canada Motor Jobs","url":"https:\/\/news.canadamotorjobs.com\/","logo":{"@type":"ImageObject","inLanguage":"fr-CA","@id":"https:\/\/news.canadamotorjobs.com\/#\/schema\/logo\/image\/","url":"https:\/\/news.canadamotorjobs.com\/wp-content\/uploads\/2022\/10\/logo-canada-motor-jobs-1.png","contentUrl":"https:\/\/news.canadamotorjobs.com\/wp-content\/uploads\/2022\/10\/logo-canada-motor-jobs-1.png","width":800,"height":400,"caption":"Canada Motor Jobs"},"image":{"@id":"https:\/\/news.canadamotorjobs.com\/#\/schema\/logo\/image\/"},"sameAs":["https:\/\/www.facebook.com\/canadamotorjobs\/","https:\/\/x.com\/canadamotorjobs","https:\/\/www.instagram.com\/canadamotorjobs\/","https:\/\/www.linkedin.com\/company\/canadamotorjobs"]},{"@type":"Person","@id":"https:\/\/news.canadamotorjobs.com\/#\/schema\/person\/51793d1f87d44011d7bcc2ed99269a90","name":"Benoit Charette","image":{"@type":"ImageObject","inLanguage":"fr-CA","@id":"https:\/\/news.canadamotorjobs.com\/#\/schema\/person\/image\/","url":"https:\/\/secure.gravatar.com\/avatar\/45f3d2eebcccd909668d7ce7ea7267b6?s=96&d=mm&r=g","contentUrl":"https:\/\/secure.gravatar.com\/avatar\/45f3d2eebcccd909668d7ce7ea7267b6?s=96&d=mm&r=g","caption":"Benoit Charette"},"description":"Benoit Charette \/ Propri\u00e9taire et r\u00e9dacteur en chef Benoit Charette pratique le journalisme automobile depuis bient\u00f4t 30 ans. Il a fait ses classes au c\u00f4t\u00e9 de Daniel H\u00e9raud et au Carnet de route de 1992 \u00e0 2001. Il est fondateur, copropri\u00e9taire et r\u00e9dacteur en chef de L\u2019Annuel de l\u2019automobile, qu\u2019il publie depuis 2001. Il a anim\u00e9 les \u00e9missions RPM et RPM+ sur V et les L\u00e9gendes de la route sur Historia. \u00c0 la radio depuis 1986, il reprend l\u2019antenne cette ann\u00e9e sur les ondes de Cogeco et participe pour la deuxi\u00e8me ann\u00e9e \u00e0 l\u2019\u00e9mission Passion Auto sur RDS en plus de mettre en ligne le site Web officiel de L\u2019Annuel de l\u2019automobile sur annuelauto.ca.","sameAs":["https:\/\/annuelauto.ca\/"],"url":"https:\/\/news.canadamotorjobs.com\/fr\/author\/benoit-charette\/"}]}},"_links":{"self":[{"href":"https:\/\/news.canadamotorjobs.com\/fr\/wp-json\/wp\/v2\/posts\/154471"}],"collection":[{"href":"https:\/\/news.canadamotorjobs.com\/fr\/wp-json\/wp\/v2\/posts"}],"about":[{"href":"https:\/\/news.canadamotorjobs.com\/fr\/wp-json\/wp\/v2\/types\/post"}],"author":[{"embeddable":true,"href":"https:\/\/news.canadamotorjobs.com\/fr\/wp-json\/wp\/v2\/users\/8"}],"replies":[{"embeddable":true,"href":"https:\/\/news.canadamotorjobs.com\/fr\/wp-json\/wp\/v2\/comments?post=154471"}],"version-history":[{"count":2,"href":"https:\/\/news.canadamotorjobs.com\/fr\/wp-json\/wp\/v2\/posts\/154471\/revisions"}],"predecessor-version":[{"id":154475,"href":"https:\/\/news.canadamotorjobs.com\/fr\/wp-json\/wp\/v2\/posts\/154471\/revisions\/154475"}],"wp:featuredmedia":[{"embeddable":true,"href":"https:\/\/news.canadamotorjobs.com\/fr\/wp-json\/wp\/v2\/media\/154473"}],"wp:attachment":[{"href":"https:\/\/news.canadamotorjobs.com\/fr\/wp-json\/wp\/v2\/media?parent=154471"}],"wp:term":[{"taxonomy":"category","embeddable":true,"href":"https:\/\/news.canadamotorjobs.com\/fr\/wp-json\/wp\/v2\/categories?post=154471"},{"taxonomy":"post_tag","embeddable":true,"href":"https:\/\/news.canadamotorjobs.com\/fr\/wp-json\/wp\/v2\/tags?post=154471"}],"curies":[{"name":"wp","href":"https:\/\/api.w.org\/{rel}","templated":true}]}}