{"id":154448,"date":"2023-11-25T11:35:19","date_gmt":"2023-11-25T16:35:19","guid":{"rendered":"https:\/\/news.canadamotorjobs.com\/?p=154448"},"modified":"2023-11-25T11:45:22","modified_gmt":"2023-11-25T16:45:22","slug":"tesla-offre-6-mois-de-recharge-gratuite","status":"publish","type":"post","link":"https:\/\/news.canadamotorjobs.com\/fr\/tesla-offre-6-mois-de-recharge-gratuite\/","title":{"rendered":"Tesla offre 6 mois de recharge gratuite"},"content":{"rendered":"<\/p>\n<p>Apr\u00e8s un trimestre difficile, Tesla offre d\u00e9sormais six mois de recharge gratuite pour toutes les nouvelles commandes de Model 3 et Model Y livr\u00e9es avant la fin de l&#8217;ann\u00e9e en Am\u00e9rique du Nord.<\/p>\n<h3>On veut relancer les ventes<\/h3>\n<p>\nTesla se pr\u00e9pare \u00e0 une nouvelle &#8220;pouss\u00e9e de fin de trimestre&#8221;, tentant de stimuler les ventes avant la cl\u00f4ture du trimestre et de l&#8217;ann\u00e9e. Elle a d\u00e9j\u00e0 offert des remises allant jusqu&#8217;\u00e0 3 000 dollars sur les stocks de v\u00e9hicules neufs, mais elle propose une recharge gratuite bde six mois si vous achetez et prenez livraison d&#8217;une Model 3 ou d&#8217;une Model Y avant le 31 d\u00e9cembre 2023.<\/p>\n<h3>Quelques restrictions<\/h3>\n<p>\nIl y a quelques restrictions, y compris celle de supprimer votre avantage &#8220;en cas de charge excessive&#8221;. Nous avons d\u00e9j\u00e0 vu Tesla se montrer un peu capricieux \u00e0 propos de ce type d&#8217;avantages, et toute marge de man\u0153uvre qu&#8217;il se donne doit donc \u00eatre prise avec un certain scepticisme. Tesla ne pr\u00e9cise pas ce qu\u2019elle consid\u00e8re comme une charge excessive.<\/p>\n<h3>\u00c0 l\u2019approche du mod\u00e8le Highland<\/h3>\n<p>\nAu dernier trimestre, Tesla a connu une p\u00e9riode difficile, manquant \u00e0 la fois son chiffre d&#8217;affaires et son b\u00e9n\u00e9fice. Elle cherche donc des incitations pour stimuler les ventes et terminer l&#8217;ann\u00e9e en beaut\u00e9. Il y a aussi le Model 3 Highland qui devrait arriver en Am\u00e9rique du Nord au d\u00e9but de l&#8217;ann\u00e9e prochaine, de sorte que certains acheteurs pourraient vouloir attendre le mod\u00e8le am\u00e9lior\u00e9 le plus r\u00e9cent.<\/p>\n<p>\u00a0<\/p>\n<p>Avec des renseignements d\u2019Electrek<\/p>\n<p>\u00a0<\/p>\n<p>Le texte <a rel=\"nofollow\" href=\"https:\/\/annuelauto.ca\/tesla-offre-6-mois-de-recharge-gratuite\/\">Tesla offre 6 mois de recharge gratuite<\/a> provient de <a rel=\"nofollow\" href=\"https:\/\/annuelauto.ca\">L&#8217;annuel de l&#8217;automobile &#8211; Actualit\u00e9 automobile<\/a><\/p>\n<p><\/p>\n","protected":false},"excerpt":{"rendered":"<p>Apr\u00e8s un trimestre difficile, Tesla offre d\u00e9sormais six mois de recharge gratuite pour toutes les nouvelles commandes de Model 3 et Model Y livr\u00e9es avant la fin de l&#8217;ann\u00e9e en Am\u00e9rique du Nord. On veut relancer les ventes Tesla se pr\u00e9pare \u00e0 une nouvelle &#8220;pouss\u00e9e de fin de trimestre&#8221;, tentant de stimuler les ventes avant [&hellip;]<\/p>\n","protected":false},"author":8,"featured_media":154450,"comment_status":"close","ping_status":"closed","sticky":false,"template":"","format":"standard","meta":{"_monsterinsights_skip_tracking":false,"_monsterinsights_sitenote_active":false,"_monsterinsights_sitenote_note":"","_monsterinsights_sitenote_category":0,"footnotes":""},"categories":[101],"tags":[],"yoast_head":"<!-- This site is optimized with the Yoast SEO plugin v23.2 - https:\/\/yoast.com\/wordpress\/plugins\/seo\/ -->\n<title>Tesla offre 6 mois de recharge gratuite - CanadaMotorJobs.com<\/title>\n<meta name=\"description\" content=\"Tesla offre 6 mois de recharge gratuite - Benoit Charette - Annuel automobile - CanadaMotorJobs.com.\" \/>\n<meta name=\"robots\" content=\"index, follow, max-snippet:-1, max-image-preview:large, max-video-preview:-1\" \/>\n<meta property=\"og:locale\" content=\"fr_CA\" \/>\n<meta property=\"og:type\" content=\"article\" \/>\n<meta property=\"og:title\" content=\"Tesla offre 6 mois de recharge gratuite - CanadaMotorJobs.com\" \/>\n<meta property=\"og:description\" content=\"Tesla offre 6 mois de recharge gratuite - Benoit Charette - Annuel automobile - CanadaMotorJobs.com.\" \/>\n<meta property=\"og:url\" content=\"https:\/\/news.canadamotorjobs.com\/fr\/tesla-offre-6-mois-de-recharge-gratuite\/\" \/>\n<meta property=\"og:site_name\" content=\"CanadaMotorJobs.com\" \/>\n<meta property=\"article:publisher\" content=\"https:\/\/www.facebook.com\/canadamotorjobs\/\" \/>\n<meta property=\"article:published_time\" content=\"2023-11-25T16:35:19+00:00\" \/>\n<meta property=\"article:modified_time\" content=\"2023-11-25T16:45:22+00:00\" \/>\n<meta property=\"og:image\" content=\"https:\/\/news.canadamotorjobs.com\/wp-content\/uploads\/2023\/11\/2023-Tesla-Model_3-white-full_color-driver_side_front_quarter.png\" \/>\n\t<meta property=\"og:image:width\" content=\"1400\" \/>\n\t<meta property=\"og:image:height\" content=\"700\" \/>\n\t<meta property=\"og:image:type\" content=\"image\/png\" \/>\n<meta name=\"author\" content=\"Benoit Charette\" \/>\n<meta name=\"twitter:card\" content=\"summary_large_image\" \/>\n<meta name=\"twitter:creator\" content=\"@canadamotorjobs\" \/>\n<meta name=\"twitter:site\" content=\"@canadamotorjobs\" \/>\n<meta name=\"twitter:label1\" content=\"\u00c9crit par\" \/>\n\t<meta name=\"twitter:data1\" content=\"Benoit Charette\" \/>\n\t<meta name=\"twitter:label2\" content=\"Estimation du temps de lecture\" \/>\n\t<meta name=\"twitter:data2\" content=\"1 minute\" \/>\n<!-- \/ Yoast SEO plugin. -->","yoast_head_json":{"title":"Tesla offre 6 mois de recharge gratuite - CanadaMotorJobs.com","description":"Tesla offre 6 mois de recharge gratuite - Benoit Charette - Annuel automobile - CanadaMotorJobs.com.","robots":{"index":"index","follow":"follow","max-snippet":"max-snippet:-1","max-image-preview":"max-image-preview:large","max-video-preview":"max-video-preview:-1"},"og_locale":"fr_CA","og_type":"article","og_title":"Tesla offre 6 mois de recharge gratuite - CanadaMotorJobs.com","og_description":"Tesla offre 6 mois de recharge gratuite - Benoit Charette - Annuel automobile - CanadaMotorJobs.com.","og_url":"https:\/\/news.canadamotorjobs.com\/fr\/tesla-offre-6-mois-de-recharge-gratuite\/","og_site_name":"CanadaMotorJobs.com","article_publisher":"https:\/\/www.facebook.com\/canadamotorjobs\/","article_published_time":"2023-11-25T16:35:19+00:00","article_modified_time":"2023-11-25T16:45:22+00:00","og_image":[{"width":1400,"height":700,"url":"https:\/\/news.canadamotorjobs.com\/wp-content\/uploads\/2023\/11\/2023-Tesla-Model_3-white-full_color-driver_side_front_quarter.png","type":"image\/png"}],"author":"Benoit Charette","twitter_card":"summary_large_image","twitter_creator":"@canadamotorjobs","twitter_site":"@canadamotorjobs","twitter_misc":{"\u00c9crit par":"Benoit Charette","Estimation du temps de lecture":"1 minute"},"schema":{"@context":"https:\/\/schema.org","@graph":[{"@type":"Article","@id":"https:\/\/news.canadamotorjobs.com\/fr\/tesla-offre-6-mois-de-recharge-gratuite\/#article","isPartOf":{"@id":"https:\/\/news.canadamotorjobs.com\/fr\/tesla-offre-6-mois-de-recharge-gratuite\/"},"author":{"name":"Benoit Charette","@id":"https:\/\/news.canadamotorjobs.com\/#\/schema\/person\/51793d1f87d44011d7bcc2ed99269a90"},"headline":"Tesla offre 6 mois de recharge gratuite","datePublished":"2023-11-25T16:35:19+00:00","dateModified":"2023-11-25T16:45:22+00:00","mainEntityOfPage":{"@id":"https:\/\/news.canadamotorjobs.com\/fr\/tesla-offre-6-mois-de-recharge-gratuite\/"},"wordCount":296,"publisher":{"@id":"https:\/\/news.canadamotorjobs.com\/#organization"},"image":{"@id":"https:\/\/news.canadamotorjobs.com\/fr\/tesla-offre-6-mois-de-recharge-gratuite\/#primaryimage"},"thumbnailUrl":"https:\/\/news.canadamotorjobs.com\/wp-content\/uploads\/2023\/11\/2023-Tesla-Model_3-white-full_color-driver_side_front_quarter.png","articleSection":["Annuel automobile"],"inLanguage":"fr-CA"},{"@type":"WebPage","@id":"https:\/\/news.canadamotorjobs.com\/fr\/tesla-offre-6-mois-de-recharge-gratuite\/","url":"https:\/\/news.canadamotorjobs.com\/fr\/tesla-offre-6-mois-de-recharge-gratuite\/","name":"Tesla offre 6 mois de recharge gratuite - CanadaMotorJobs.com","isPartOf":{"@id":"https:\/\/news.canadamotorjobs.com\/#website"},"primaryImageOfPage":{"@id":"https:\/\/news.canadamotorjobs.com\/fr\/tesla-offre-6-mois-de-recharge-gratuite\/#primaryimage"},"image":{"@id":"https:\/\/news.canadamotorjobs.com\/fr\/tesla-offre-6-mois-de-recharge-gratuite\/#primaryimage"},"thumbnailUrl":"https:\/\/news.canadamotorjobs.com\/wp-content\/uploads\/2023\/11\/2023-Tesla-Model_3-white-full_color-driver_side_front_quarter.png","datePublished":"2023-11-25T16:35:19+00:00","dateModified":"2023-11-25T16:45:22+00:00","description":"Tesla offre 6 mois de recharge gratuite - Benoit Charette - Annuel automobile - CanadaMotorJobs.com.","breadcrumb":{"@id":"https:\/\/news.canadamotorjobs.com\/fr\/tesla-offre-6-mois-de-recharge-gratuite\/#breadcrumb"},"inLanguage":"fr-CA","potentialAction":[{"@type":"ReadAction","target":["https:\/\/news.canadamotorjobs.com\/fr\/tesla-offre-6-mois-de-recharge-gratuite\/"]}]},{"@type":"ImageObject","inLanguage":"fr-CA","@id":"https:\/\/news.canadamotorjobs.com\/fr\/tesla-offre-6-mois-de-recharge-gratuite\/#primaryimage","url":"https:\/\/news.canadamotorjobs.com\/wp-content\/uploads\/2023\/11\/2023-Tesla-Model_3-white-full_color-driver_side_front_quarter.png","contentUrl":"https:\/\/news.canadamotorjobs.com\/wp-content\/uploads\/2023\/11\/2023-Tesla-Model_3-white-full_color-driver_side_front_quarter.png","width":1400,"height":700},{"@type":"BreadcrumbList","@id":"https:\/\/news.canadamotorjobs.com\/fr\/tesla-offre-6-mois-de-recharge-gratuite\/#breadcrumb","itemListElement":[{"@type":"ListItem","position":1,"name":"Home","item":"https:\/\/news.canadamotorjobs.com\/fr\/blog\/"},{"@type":"ListItem","position":2,"name":"Tesla offre 6 mois de recharge gratuite"}]},{"@type":"WebSite","@id":"https:\/\/news.canadamotorjobs.com\/#website","url":"https:\/\/news.canadamotorjobs.com\/","name":"CanadaMotorJobs.com","description":"Automotive Jobs","publisher":{"@id":"https:\/\/news.canadamotorjobs.com\/#organization"},"potentialAction":[{"@type":"SearchAction","target":{"@type":"EntryPoint","urlTemplate":"https:\/\/news.canadamotorjobs.com\/?s={search_term_string}"},"query-input":"required name=search_term_string"}],"inLanguage":"fr-CA"},{"@type":"Organization","@id":"https:\/\/news.canadamotorjobs.com\/#organization","name":"Canada Motor Jobs","url":"https:\/\/news.canadamotorjobs.com\/","logo":{"@type":"ImageObject","inLanguage":"fr-CA","@id":"https:\/\/news.canadamotorjobs.com\/#\/schema\/logo\/image\/","url":"https:\/\/news.canadamotorjobs.com\/wp-content\/uploads\/2022\/10\/logo-canada-motor-jobs-1.png","contentUrl":"https:\/\/news.canadamotorjobs.com\/wp-content\/uploads\/2022\/10\/logo-canada-motor-jobs-1.png","width":800,"height":400,"caption":"Canada Motor Jobs"},"image":{"@id":"https:\/\/news.canadamotorjobs.com\/#\/schema\/logo\/image\/"},"sameAs":["https:\/\/www.facebook.com\/canadamotorjobs\/","https:\/\/x.com\/canadamotorjobs","https:\/\/www.instagram.com\/canadamotorjobs\/","https:\/\/www.linkedin.com\/company\/canadamotorjobs"]},{"@type":"Person","@id":"https:\/\/news.canadamotorjobs.com\/#\/schema\/person\/51793d1f87d44011d7bcc2ed99269a90","name":"Benoit Charette","image":{"@type":"ImageObject","inLanguage":"fr-CA","@id":"https:\/\/news.canadamotorjobs.com\/#\/schema\/person\/image\/","url":"https:\/\/secure.gravatar.com\/avatar\/45f3d2eebcccd909668d7ce7ea7267b6?s=96&d=mm&r=g","contentUrl":"https:\/\/secure.gravatar.com\/avatar\/45f3d2eebcccd909668d7ce7ea7267b6?s=96&d=mm&r=g","caption":"Benoit Charette"},"description":"Benoit Charette \/ Propri\u00e9taire et r\u00e9dacteur en chef Benoit Charette pratique le journalisme automobile depuis bient\u00f4t 30 ans. Il a fait ses classes au c\u00f4t\u00e9 de Daniel H\u00e9raud et au Carnet de route de 1992 \u00e0 2001. Il est fondateur, copropri\u00e9taire et r\u00e9dacteur en chef de L\u2019Annuel de l\u2019automobile, qu\u2019il publie depuis 2001. Il a anim\u00e9 les \u00e9missions RPM et RPM+ sur V et les L\u00e9gendes de la route sur Historia. \u00c0 la radio depuis 1986, il reprend l\u2019antenne cette ann\u00e9e sur les ondes de Cogeco et participe pour la deuxi\u00e8me ann\u00e9e \u00e0 l\u2019\u00e9mission Passion Auto sur RDS en plus de mettre en ligne le site Web officiel de L\u2019Annuel de l\u2019automobile sur annuelauto.ca.","sameAs":["https:\/\/annuelauto.ca\/"],"url":"https:\/\/news.canadamotorjobs.com\/fr\/author\/benoit-charette\/"}]}},"_links":{"self":[{"href":"https:\/\/news.canadamotorjobs.com\/fr\/wp-json\/wp\/v2\/posts\/154448"}],"collection":[{"href":"https:\/\/news.canadamotorjobs.com\/fr\/wp-json\/wp\/v2\/posts"}],"about":[{"href":"https:\/\/news.canadamotorjobs.com\/fr\/wp-json\/wp\/v2\/types\/post"}],"author":[{"embeddable":true,"href":"https:\/\/news.canadamotorjobs.com\/fr\/wp-json\/wp\/v2\/users\/8"}],"replies":[{"embeddable":true,"href":"https:\/\/news.canadamotorjobs.com\/fr\/wp-json\/wp\/v2\/comments?post=154448"}],"version-history":[{"count":2,"href":"https:\/\/news.canadamotorjobs.com\/fr\/wp-json\/wp\/v2\/posts\/154448\/revisions"}],"predecessor-version":[{"id":154452,"href":"https:\/\/news.canadamotorjobs.com\/fr\/wp-json\/wp\/v2\/posts\/154448\/revisions\/154452"}],"wp:featuredmedia":[{"embeddable":true,"href":"https:\/\/news.canadamotorjobs.com\/fr\/wp-json\/wp\/v2\/media\/154450"}],"wp:attachment":[{"href":"https:\/\/news.canadamotorjobs.com\/fr\/wp-json\/wp\/v2\/media?parent=154448"}],"wp:term":[{"taxonomy":"category","embeddable":true,"href":"https:\/\/news.canadamotorjobs.com\/fr\/wp-json\/wp\/v2\/categories?post=154448"},{"taxonomy":"post_tag","embeddable":true,"href":"https:\/\/news.canadamotorjobs.com\/fr\/wp-json\/wp\/v2\/tags?post=154448"}],"curies":[{"name":"wp","href":"https:\/\/api.w.org\/{rel}","templated":true}]}}