{"id":154433,"date":"2023-11-24T07:08:27","date_gmt":"2023-11-24T12:08:27","guid":{"rendered":"https:\/\/news.canadamotorjobs.com\/?p=154433"},"modified":"2023-11-24T07:14:48","modified_gmt":"2023-11-24T12:14:48","slug":"cest-une-bentley-qui-a-fait-un-vol-plane-a-la-frontiere-canado-americaine","status":"publish","type":"post","link":"https:\/\/news.canadamotorjobs.com\/fr\/cest-une-bentley-qui-a-fait-un-vol-plane-a-la-frontiere-canado-americaine\/","title":{"rendered":"C\u2019est une Bentley qui a fait un vol plan\u00e9 \u00e0 la fronti\u00e8re canado-am\u00e9ricaine"},"content":{"rendered":"<\/p>\n<p>Les personnes impliqu\u00e9es dans l&#8217;accident mortel qui a entra\u00een\u00e9 la fermeture du poste fronti\u00e8re Rainbow Bridge entre les \u00c9tats-Unis et le Canada voyageaient \u00e0 bord d&#8217;une Bentley de 300 000 dollars en provenance de New York pour assister \u00e0 un concert de KISS mercredi soir en Ontario<\/p>\n<h3>Un vol plan\u00e9<\/h3>\n<p>\nDes images de s\u00e9curit\u00e9, diffus\u00e9es par le service des douanes et de la protection des fronti\u00e8res des \u00c9tats-Unis (CBP), montrent le moment o\u00f9 la Bentley, qui roulait \u00e0 vive allure, a d&#8217;abord heurt\u00e9 une bordure de trottoir au poste de contr\u00f4le, puis s&#8217;est \u00e9cras\u00e9e contre une glissi\u00e8re de s\u00e9curit\u00e9, avant d&#8217;\u00eatre propuls\u00e9e dans une zone de contr\u00f4le secondaire et d&#8217;exploser en flammes.<\/p>\n<h3>Aucun acte terroriste<\/h3>\n<p>\nLe FBI a soulign\u00e9 qu&#8217;il n&#8217;y avait aucune indication d&#8217;implication terroriste dans l&#8217;incident. &#8220;Notre enqu\u00eate pr\u00e9liminaire indique qu&#8217;il ne s&#8217;agit pas d&#8217;un acte terroriste, L&#8217;agence f\u00e9d\u00e9rale a d\u00e9clar\u00e9 avoir termin\u00e9 son enqu\u00eate et l&#8217;avoir confi\u00e9e \u00e0 la police des chutes du Niagara en tant qu&#8217;incident de la circulation. Toutefois, la nature dramatique de l&#8217;incident a rendu l&#8217;enqu\u00eate difficile.<\/p>\n<h3>Que s\u2019est il pass\u00e9 ?<\/h3>\n<p>\nPersonne ne le sait vraiment. La berline de luxe a subi d&#8217;importants d\u00e9g\u00e2ts lors de l&#8217;accident \u00e0 grande vitesse, le gouverneur de l&#8217;\u00c9tat de New York, Kathy Hochul, d\u00e9crivant le v\u00e9hicule comme &#8220;incin\u00e9r\u00e9&#8221;. Il a donc \u00e9t\u00e9 difficile d&#8217;identifier le conducteur et de d\u00e9terminer le nombre d&#8217;occupants du v\u00e9hicule au moment de l&#8217;accident. Le v\u00e9hicule aurait \u00e9t\u00e9 conduit par un homme d&#8217;affaires de Manhattan, \u00e2g\u00e9 de 56 ans, avec sa femme sur le si\u00e8ge passager. Les autorit\u00e9s ont confirm\u00e9 que l&#8217;homme (qui n\u2019a pas \u00e9t\u00e9 identifi\u00e9) est un r\u00e9sident de l&#8217;ouest de l&#8217;\u00c9tat de New York. Des sources anonymes ont inform\u00e9 CNN que le propri\u00e9taire et sa femme voyageaient dans le v\u00e9hicule de luxe, en route vers le Canada pour assister \u00e0 un concert de KISS. Toutefois, apr\u00e8s l&#8217;annulation du spectacle, ils seraient rentr\u00e9s aux \u00c9tats-Unis pour se rendre dans un casino. Le tragique accident s&#8217;est produit alors qu&#8217;ils \u00e9taient sur le chemin du retour vers le Canada, vers 11h30 mercredi.<\/p>\n<p>Outre les deux occupants du v\u00e9hicule, un agent des douanes et de la patrouille frontali\u00e8re a \u00e9t\u00e9 l\u00e9g\u00e8rement bless\u00e9. La gouverneure Hochul a qualifi\u00e9 de miracle le fait qu&#8217;aucune autre personne n&#8217;ait \u00e9t\u00e9 bless\u00e9e dans cet incident explosif.<\/p>\n<p>https:\/\/www.youtube.com\/watch?v=_rrBMycwNA4<\/p>\n<p>Avec des renseignements de Carscoops<\/p>\n<p>Le texte <a rel=\"nofollow\" href=\"https:\/\/annuelauto.ca\/cest-une-bentley-qui-a-fait-un-vol-plane-a-la-frontiere-canado-americaine\/\">C\u2019est une Bentley qui a fait un vol plan\u00e9 \u00e0 la fronti\u00e8re canado-am\u00e9ricaine<\/a> provient de <a rel=\"nofollow\" href=\"https:\/\/annuelauto.ca\">L&#8217;annuel de l&#8217;automobile &#8211; Actualit\u00e9 automobile<\/a><\/p>\n<p><\/p>\n","protected":false},"excerpt":{"rendered":"<p>Les personnes impliqu\u00e9es dans l&#8217;accident mortel qui a entra\u00een\u00e9 la fermeture du poste fronti\u00e8re Rainbow Bridge entre les \u00c9tats-Unis et le Canada voyageaient \u00e0 bord d&#8217;une Bentley de 300 000 dollars en provenance de New York pour assister \u00e0 un concert de KISS mercredi soir en Ontario Un vol plan\u00e9 Des images de s\u00e9curit\u00e9, diffus\u00e9es [&hellip;]<\/p>\n","protected":false},"author":8,"featured_media":154435,"comment_status":"close","ping_status":"closed","sticky":false,"template":"","format":"standard","meta":{"_monsterinsights_skip_tracking":false,"_monsterinsights_sitenote_active":false,"_monsterinsights_sitenote_note":"","_monsterinsights_sitenote_category":0,"footnotes":""},"categories":[101],"tags":[],"yoast_head":"<!-- This site is optimized with the Yoast SEO plugin v23.2 - https:\/\/yoast.com\/wordpress\/plugins\/seo\/ -->\n<title>C\u2019est une Bentley qui a fait un vol plan\u00e9 \u00e0 la fronti\u00e8re canado-am\u00e9ricaine - CanadaMotorJobs.com<\/title>\n<meta name=\"description\" content=\"C\u2019est une Bentley qui a fait un vol plan\u00e9 \u00e0 la fronti\u00e8re canado-am\u00e9ricaine - Benoit Charette - Annuel automobile - CanadaMotorJobs.com.\" \/>\n<meta name=\"robots\" content=\"index, follow, max-snippet:-1, max-image-preview:large, max-video-preview:-1\" \/>\n<meta property=\"og:locale\" content=\"fr_CA\" \/>\n<meta property=\"og:type\" content=\"article\" \/>\n<meta property=\"og:title\" content=\"C\u2019est une Bentley qui a fait un vol plan\u00e9 \u00e0 la fronti\u00e8re canado-am\u00e9ricaine - CanadaMotorJobs.com\" \/>\n<meta property=\"og:description\" content=\"C\u2019est une Bentley qui a fait un vol plan\u00e9 \u00e0 la fronti\u00e8re canado-am\u00e9ricaine - Benoit Charette - Annuel automobile - CanadaMotorJobs.com.\" \/>\n<meta property=\"og:url\" content=\"https:\/\/news.canadamotorjobs.com\/fr\/cest-une-bentley-qui-a-fait-un-vol-plane-a-la-frontiere-canado-americaine\/\" \/>\n<meta property=\"og:site_name\" content=\"CanadaMotorJobs.com\" \/>\n<meta property=\"article:publisher\" content=\"https:\/\/www.facebook.com\/canadamotorjobs\/\" \/>\n<meta property=\"article:published_time\" content=\"2023-11-24T12:08:27+00:00\" \/>\n<meta property=\"article:modified_time\" content=\"2023-11-24T12:14:48+00:00\" \/>\n<meta property=\"og:image\" content=\"https:\/\/news.canadamotorjobs.com\/wp-content\/uploads\/2023\/11\/bridge-accident_1.jpg\" \/>\n\t<meta property=\"og:image:width\" content=\"720\" \/>\n\t<meta property=\"og:image:height\" content=\"528\" \/>\n\t<meta property=\"og:image:type\" content=\"image\/jpeg\" \/>\n<meta name=\"author\" content=\"Benoit Charette\" \/>\n<meta name=\"twitter:card\" content=\"summary_large_image\" \/>\n<meta name=\"twitter:creator\" content=\"@canadamotorjobs\" \/>\n<meta name=\"twitter:site\" content=\"@canadamotorjobs\" \/>\n<meta name=\"twitter:label1\" content=\"\u00c9crit par\" \/>\n\t<meta name=\"twitter:data1\" content=\"Benoit Charette\" \/>\n\t<meta name=\"twitter:label2\" content=\"Estimation du temps de lecture\" \/>\n\t<meta name=\"twitter:data2\" content=\"2 minutes\" \/>\n<!-- \/ Yoast SEO plugin. -->","yoast_head_json":{"title":"C\u2019est une Bentley qui a fait un vol plan\u00e9 \u00e0 la fronti\u00e8re canado-am\u00e9ricaine - CanadaMotorJobs.com","description":"C\u2019est une Bentley qui a fait un vol plan\u00e9 \u00e0 la fronti\u00e8re canado-am\u00e9ricaine - Benoit Charette - Annuel automobile - CanadaMotorJobs.com.","robots":{"index":"index","follow":"follow","max-snippet":"max-snippet:-1","max-image-preview":"max-image-preview:large","max-video-preview":"max-video-preview:-1"},"og_locale":"fr_CA","og_type":"article","og_title":"C\u2019est une Bentley qui a fait un vol plan\u00e9 \u00e0 la fronti\u00e8re canado-am\u00e9ricaine - CanadaMotorJobs.com","og_description":"C\u2019est une Bentley qui a fait un vol plan\u00e9 \u00e0 la fronti\u00e8re canado-am\u00e9ricaine - Benoit Charette - Annuel automobile - CanadaMotorJobs.com.","og_url":"https:\/\/news.canadamotorjobs.com\/fr\/cest-une-bentley-qui-a-fait-un-vol-plane-a-la-frontiere-canado-americaine\/","og_site_name":"CanadaMotorJobs.com","article_publisher":"https:\/\/www.facebook.com\/canadamotorjobs\/","article_published_time":"2023-11-24T12:08:27+00:00","article_modified_time":"2023-11-24T12:14:48+00:00","og_image":[{"width":720,"height":528,"url":"https:\/\/news.canadamotorjobs.com\/wp-content\/uploads\/2023\/11\/bridge-accident_1.jpg","type":"image\/jpeg"}],"author":"Benoit Charette","twitter_card":"summary_large_image","twitter_creator":"@canadamotorjobs","twitter_site":"@canadamotorjobs","twitter_misc":{"\u00c9crit par":"Benoit Charette","Estimation du temps de lecture":"2 minutes"},"schema":{"@context":"https:\/\/schema.org","@graph":[{"@type":"Article","@id":"https:\/\/news.canadamotorjobs.com\/fr\/cest-une-bentley-qui-a-fait-un-vol-plane-a-la-frontiere-canado-americaine\/#article","isPartOf":{"@id":"https:\/\/news.canadamotorjobs.com\/fr\/cest-une-bentley-qui-a-fait-un-vol-plane-a-la-frontiere-canado-americaine\/"},"author":{"name":"Benoit Charette","@id":"https:\/\/news.canadamotorjobs.com\/#\/schema\/person\/51793d1f87d44011d7bcc2ed99269a90"},"headline":"C\u2019est une Bentley qui a fait un vol plan\u00e9 \u00e0 la fronti\u00e8re canado-am\u00e9ricaine","datePublished":"2023-11-24T12:08:27+00:00","dateModified":"2023-11-24T12:14:48+00:00","mainEntityOfPage":{"@id":"https:\/\/news.canadamotorjobs.com\/fr\/cest-une-bentley-qui-a-fait-un-vol-plane-a-la-frontiere-canado-americaine\/"},"wordCount":495,"publisher":{"@id":"https:\/\/news.canadamotorjobs.com\/#organization"},"image":{"@id":"https:\/\/news.canadamotorjobs.com\/fr\/cest-une-bentley-qui-a-fait-un-vol-plane-a-la-frontiere-canado-americaine\/#primaryimage"},"thumbnailUrl":"https:\/\/news.canadamotorjobs.com\/wp-content\/uploads\/2023\/11\/bridge-accident_1.jpg","articleSection":["Annuel automobile"],"inLanguage":"fr-CA"},{"@type":"WebPage","@id":"https:\/\/news.canadamotorjobs.com\/fr\/cest-une-bentley-qui-a-fait-un-vol-plane-a-la-frontiere-canado-americaine\/","url":"https:\/\/news.canadamotorjobs.com\/fr\/cest-une-bentley-qui-a-fait-un-vol-plane-a-la-frontiere-canado-americaine\/","name":"C\u2019est une Bentley qui a fait un vol plan\u00e9 \u00e0 la fronti\u00e8re canado-am\u00e9ricaine - CanadaMotorJobs.com","isPartOf":{"@id":"https:\/\/news.canadamotorjobs.com\/#website"},"primaryImageOfPage":{"@id":"https:\/\/news.canadamotorjobs.com\/fr\/cest-une-bentley-qui-a-fait-un-vol-plane-a-la-frontiere-canado-americaine\/#primaryimage"},"image":{"@id":"https:\/\/news.canadamotorjobs.com\/fr\/cest-une-bentley-qui-a-fait-un-vol-plane-a-la-frontiere-canado-americaine\/#primaryimage"},"thumbnailUrl":"https:\/\/news.canadamotorjobs.com\/wp-content\/uploads\/2023\/11\/bridge-accident_1.jpg","datePublished":"2023-11-24T12:08:27+00:00","dateModified":"2023-11-24T12:14:48+00:00","description":"C\u2019est une Bentley qui a fait un vol plan\u00e9 \u00e0 la fronti\u00e8re canado-am\u00e9ricaine - Benoit Charette - Annuel automobile - CanadaMotorJobs.com.","breadcrumb":{"@id":"https:\/\/news.canadamotorjobs.com\/fr\/cest-une-bentley-qui-a-fait-un-vol-plane-a-la-frontiere-canado-americaine\/#breadcrumb"},"inLanguage":"fr-CA","potentialAction":[{"@type":"ReadAction","target":["https:\/\/news.canadamotorjobs.com\/fr\/cest-une-bentley-qui-a-fait-un-vol-plane-a-la-frontiere-canado-americaine\/"]}]},{"@type":"ImageObject","inLanguage":"fr-CA","@id":"https:\/\/news.canadamotorjobs.com\/fr\/cest-une-bentley-qui-a-fait-un-vol-plane-a-la-frontiere-canado-americaine\/#primaryimage","url":"https:\/\/news.canadamotorjobs.com\/wp-content\/uploads\/2023\/11\/bridge-accident_1.jpg","contentUrl":"https:\/\/news.canadamotorjobs.com\/wp-content\/uploads\/2023\/11\/bridge-accident_1.jpg","width":720,"height":528},{"@type":"BreadcrumbList","@id":"https:\/\/news.canadamotorjobs.com\/fr\/cest-une-bentley-qui-a-fait-un-vol-plane-a-la-frontiere-canado-americaine\/#breadcrumb","itemListElement":[{"@type":"ListItem","position":1,"name":"Home","item":"https:\/\/news.canadamotorjobs.com\/fr\/blog\/"},{"@type":"ListItem","position":2,"name":"C\u2019est une Bentley qui a fait un vol plan\u00e9 \u00e0 la fronti\u00e8re canado-am\u00e9ricaine"}]},{"@type":"WebSite","@id":"https:\/\/news.canadamotorjobs.com\/#website","url":"https:\/\/news.canadamotorjobs.com\/","name":"CanadaMotorJobs.com","description":"Automotive Jobs","publisher":{"@id":"https:\/\/news.canadamotorjobs.com\/#organization"},"potentialAction":[{"@type":"SearchAction","target":{"@type":"EntryPoint","urlTemplate":"https:\/\/news.canadamotorjobs.com\/?s={search_term_string}"},"query-input":"required name=search_term_string"}],"inLanguage":"fr-CA"},{"@type":"Organization","@id":"https:\/\/news.canadamotorjobs.com\/#organization","name":"Canada Motor Jobs","url":"https:\/\/news.canadamotorjobs.com\/","logo":{"@type":"ImageObject","inLanguage":"fr-CA","@id":"https:\/\/news.canadamotorjobs.com\/#\/schema\/logo\/image\/","url":"https:\/\/news.canadamotorjobs.com\/wp-content\/uploads\/2022\/10\/logo-canada-motor-jobs-1.png","contentUrl":"https:\/\/news.canadamotorjobs.com\/wp-content\/uploads\/2022\/10\/logo-canada-motor-jobs-1.png","width":800,"height":400,"caption":"Canada Motor Jobs"},"image":{"@id":"https:\/\/news.canadamotorjobs.com\/#\/schema\/logo\/image\/"},"sameAs":["https:\/\/www.facebook.com\/canadamotorjobs\/","https:\/\/x.com\/canadamotorjobs","https:\/\/www.instagram.com\/canadamotorjobs\/","https:\/\/www.linkedin.com\/company\/canadamotorjobs"]},{"@type":"Person","@id":"https:\/\/news.canadamotorjobs.com\/#\/schema\/person\/51793d1f87d44011d7bcc2ed99269a90","name":"Benoit Charette","image":{"@type":"ImageObject","inLanguage":"fr-CA","@id":"https:\/\/news.canadamotorjobs.com\/#\/schema\/person\/image\/","url":"https:\/\/secure.gravatar.com\/avatar\/45f3d2eebcccd909668d7ce7ea7267b6?s=96&d=mm&r=g","contentUrl":"https:\/\/secure.gravatar.com\/avatar\/45f3d2eebcccd909668d7ce7ea7267b6?s=96&d=mm&r=g","caption":"Benoit Charette"},"description":"Benoit Charette \/ Propri\u00e9taire et r\u00e9dacteur en chef Benoit Charette pratique le journalisme automobile depuis bient\u00f4t 30 ans. Il a fait ses classes au c\u00f4t\u00e9 de Daniel H\u00e9raud et au Carnet de route de 1992 \u00e0 2001. Il est fondateur, copropri\u00e9taire et r\u00e9dacteur en chef de L\u2019Annuel de l\u2019automobile, qu\u2019il publie depuis 2001. Il a anim\u00e9 les \u00e9missions RPM et RPM+ sur V et les L\u00e9gendes de la route sur Historia. \u00c0 la radio depuis 1986, il reprend l\u2019antenne cette ann\u00e9e sur les ondes de Cogeco et participe pour la deuxi\u00e8me ann\u00e9e \u00e0 l\u2019\u00e9mission Passion Auto sur RDS en plus de mettre en ligne le site Web officiel de L\u2019Annuel de l\u2019automobile sur annuelauto.ca.","sameAs":["https:\/\/annuelauto.ca\/"],"url":"https:\/\/news.canadamotorjobs.com\/fr\/author\/benoit-charette\/"}]}},"_links":{"self":[{"href":"https:\/\/news.canadamotorjobs.com\/fr\/wp-json\/wp\/v2\/posts\/154433"}],"collection":[{"href":"https:\/\/news.canadamotorjobs.com\/fr\/wp-json\/wp\/v2\/posts"}],"about":[{"href":"https:\/\/news.canadamotorjobs.com\/fr\/wp-json\/wp\/v2\/types\/post"}],"author":[{"embeddable":true,"href":"https:\/\/news.canadamotorjobs.com\/fr\/wp-json\/wp\/v2\/users\/8"}],"replies":[{"embeddable":true,"href":"https:\/\/news.canadamotorjobs.com\/fr\/wp-json\/wp\/v2\/comments?post=154433"}],"version-history":[{"count":2,"href":"https:\/\/news.canadamotorjobs.com\/fr\/wp-json\/wp\/v2\/posts\/154433\/revisions"}],"predecessor-version":[{"id":154437,"href":"https:\/\/news.canadamotorjobs.com\/fr\/wp-json\/wp\/v2\/posts\/154433\/revisions\/154437"}],"wp:featuredmedia":[{"embeddable":true,"href":"https:\/\/news.canadamotorjobs.com\/fr\/wp-json\/wp\/v2\/media\/154435"}],"wp:attachment":[{"href":"https:\/\/news.canadamotorjobs.com\/fr\/wp-json\/wp\/v2\/media?parent=154433"}],"wp:term":[{"taxonomy":"category","embeddable":true,"href":"https:\/\/news.canadamotorjobs.com\/fr\/wp-json\/wp\/v2\/categories?post=154433"},{"taxonomy":"post_tag","embeddable":true,"href":"https:\/\/news.canadamotorjobs.com\/fr\/wp-json\/wp\/v2\/tags?post=154433"}],"curies":[{"name":"wp","href":"https:\/\/api.w.org\/{rel}","templated":true}]}}