{"id":154410,"date":"2023-11-23T07:37:39","date_gmt":"2023-11-23T12:37:39","guid":{"rendered":"https:\/\/news.canadamotorjobs.com\/?p=154410"},"modified":"2023-11-23T07:46:18","modified_gmt":"2023-11-23T12:46:18","slug":"un-rappel-des-jeep-wrangler-4xe-apres-huit-incendies-aux-etats-unis","status":"publish","type":"post","link":"https:\/\/news.canadamotorjobs.com\/fr\/un-rappel-des-jeep-wrangler-4xe-apres-huit-incendies-aux-etats-unis\/","title":{"rendered":"Un\u00a0 rappel des Jeep Wrangler 4xe apr\u00e8s huit incendies aux \u00c9tats-Unis"},"content":{"rendered":"<\/p>\n<p>La Jeep Wrangler 4xe est l&#8217;un des v\u00e9hicules hybrides rechargeables les plus vendus aux \u00c9tats-Unis, mais ce statut pourrait litt\u00e9rallement partir en fum\u00e9e, car le constructeur automobile rappelle plus de 45\u00a0000 unit\u00e9s en raison d&#8217;un risque d&#8217;incendie.<\/p>\n<h3>Ordre de ne pas recharger<\/h3>\n<p>\nLe constructeur ne dit pas grand-chose pour l&#8217;instant, mais l&#8217;examen des donn\u00e9es clients a conduit \u00e0 une enqu\u00eate interne qui a permis de d\u00e9couvrir huit incendies de v\u00e9hicules. Tous les mod\u00e8les concern\u00e9s \u00e9taient gar\u00e9s et \u00e9teints, tandis que six \u00e9taient branch\u00e9s sur des chargeurs.<\/p>\n<h3>Tous les mod\u00e8les 2021 \u00e0 2024<\/h3>\n<p>\nLe constructeur rappelle donc 32 125 Wrangler aux \u00c9tats-Unis, 3 856 au Canada et 9 249 ailleurs dans le monde. Cela repr\u00e9sente un total de 45 230 unit\u00e9s et la soci\u00e9t\u00e9 a pr\u00e9cis\u00e9 que ces chiffres ne sont que des estimations \u00e0 ce stade. Le rappel concerne les VUS Wrangler 4xe des ann\u00e9es mod\u00e8les 2021-2024 et la soci\u00e9t\u00e9 a d\u00e9j\u00e0 mis au point un rem\u00e8de qui implique un &#8220;flash logiciel&#8221;. Cependant, le constructeur automobile a d\u00e9clar\u00e9 que &#8220;si un certain code d&#8217;erreur est observ\u00e9, le bloc-batterie sera remplac\u00e9&#8221;. C&#8217;est une lourde t\u00e2che, mais l&#8217;entreprise estime que le d\u00e9faut ne concerne qu&#8217;un pour cent des v\u00e9hicules.<\/p>\n<h3>Un mauvais moment<\/h3>\n<p>\nLe rappel intervient \u00e0 un mauvais moment, car de nombreux propri\u00e9taires sont probablement en voyage pour l\u2019action de gr\u00e2ce am\u00e9ricaine. Toutefois, le constructeur automobile a d\u00e9clar\u00e9 que la conduite ne devrait pas \u00eatre un probl\u00e8me. Les propri\u00e9taires devraient plut\u00f4t &#8220;s&#8217;abstenir de recharger&#8221; et se garer \u00e0 l&#8217;ext\u00e9rieur, loin des structures et des autres v\u00e9hicules.<\/p>\n<p>\u00a0<\/p>\n<p>Avec des renseignements de Carscoops<\/p>\n<p>\u00a0<\/p>\n<p>\u00a0<\/p>\n<p>Le texte <a rel=\"nofollow\" href=\"https:\/\/annuelauto.ca\/un-rappel-des-jeep-wrangler-4xe-apres-huit-incendies-aux-etats-unis\/\">Un\u00a0 rappel des Jeep Wrangler 4xe apr\u00e8s huit incendies aux \u00c9tats-Unis<\/a> provient de <a rel=\"nofollow\" href=\"https:\/\/annuelauto.ca\">L&#8217;annuel de l&#8217;automobile &#8211; Actualit\u00e9 automobile<\/a><\/p>\n<p><\/p>\n","protected":false},"excerpt":{"rendered":"<p>La Jeep Wrangler 4xe est l&#8217;un des v\u00e9hicules hybrides rechargeables les plus vendus aux \u00c9tats-Unis, mais ce statut pourrait litt\u00e9rallement partir en fum\u00e9e, car le constructeur automobile rappelle plus de 45\u00a0000 unit\u00e9s en raison d&#8217;un risque d&#8217;incendie. Ordre de ne pas recharger Le constructeur ne dit pas grand-chose pour l&#8217;instant, mais l&#8217;examen des donn\u00e9es clients [&hellip;]<\/p>\n","protected":false},"author":8,"featured_media":154412,"comment_status":"close","ping_status":"closed","sticky":false,"template":"","format":"standard","meta":{"_monsterinsights_skip_tracking":false,"_monsterinsights_sitenote_active":false,"_monsterinsights_sitenote_note":"","_monsterinsights_sitenote_category":0,"footnotes":""},"categories":[101],"tags":[],"yoast_head":"<!-- This site is optimized with the Yoast SEO plugin v23.2 - https:\/\/yoast.com\/wordpress\/plugins\/seo\/ -->\n<title>Un\u00a0 rappel des Jeep Wrangler 4xe apr\u00e8s huit incendies aux \u00c9tats-Unis - CanadaMotorJobs.com<\/title>\n<meta name=\"description\" content=\"Un\u00a0 rappel des Jeep Wrangler 4xe apr\u00e8s huit incendies aux \u00c9tats-Unis - Benoit Charette - Annuel automobile - CanadaMotorJobs.com.\" \/>\n<meta name=\"robots\" content=\"index, follow, max-snippet:-1, max-image-preview:large, max-video-preview:-1\" \/>\n<meta property=\"og:locale\" content=\"fr_CA\" \/>\n<meta property=\"og:type\" content=\"article\" \/>\n<meta property=\"og:title\" content=\"Un\u00a0 rappel des Jeep Wrangler 4xe apr\u00e8s huit incendies aux \u00c9tats-Unis - CanadaMotorJobs.com\" \/>\n<meta property=\"og:description\" content=\"Un\u00a0 rappel des Jeep Wrangler 4xe apr\u00e8s huit incendies aux \u00c9tats-Unis - Benoit Charette - Annuel automobile - CanadaMotorJobs.com.\" \/>\n<meta property=\"og:url\" content=\"https:\/\/news.canadamotorjobs.com\/fr\/un-rappel-des-jeep-wrangler-4xe-apres-huit-incendies-aux-etats-unis\/\" \/>\n<meta property=\"og:site_name\" content=\"CanadaMotorJobs.com\" \/>\n<meta property=\"article:publisher\" content=\"https:\/\/www.facebook.com\/canadamotorjobs\/\" \/>\n<meta property=\"article:published_time\" content=\"2023-11-23T12:37:39+00:00\" \/>\n<meta property=\"article:modified_time\" content=\"2023-11-23T12:46:18+00:00\" \/>\n<meta property=\"og:image\" content=\"https:\/\/news.canadamotorjobs.com\/wp-content\/uploads\/2023\/11\/IMG_3817.jpg\" \/>\n\t<meta property=\"og:image:width\" content=\"1333\" \/>\n\t<meta property=\"og:image:height\" content=\"1000\" \/>\n\t<meta property=\"og:image:type\" content=\"image\/jpeg\" \/>\n<meta name=\"author\" content=\"Benoit Charette\" \/>\n<meta name=\"twitter:card\" content=\"summary_large_image\" \/>\n<meta name=\"twitter:creator\" content=\"@canadamotorjobs\" \/>\n<meta name=\"twitter:site\" content=\"@canadamotorjobs\" \/>\n<meta name=\"twitter:label1\" content=\"\u00c9crit par\" \/>\n\t<meta name=\"twitter:data1\" content=\"Benoit Charette\" \/>\n\t<meta name=\"twitter:label2\" content=\"Estimation du temps de lecture\" \/>\n\t<meta name=\"twitter:data2\" content=\"2 minutes\" \/>\n<!-- \/ Yoast SEO plugin. -->","yoast_head_json":{"title":"Un\u00a0 rappel des Jeep Wrangler 4xe apr\u00e8s huit incendies aux \u00c9tats-Unis - CanadaMotorJobs.com","description":"Un\u00a0 rappel des Jeep Wrangler 4xe apr\u00e8s huit incendies aux \u00c9tats-Unis - Benoit Charette - Annuel automobile - CanadaMotorJobs.com.","robots":{"index":"index","follow":"follow","max-snippet":"max-snippet:-1","max-image-preview":"max-image-preview:large","max-video-preview":"max-video-preview:-1"},"og_locale":"fr_CA","og_type":"article","og_title":"Un\u00a0 rappel des Jeep Wrangler 4xe apr\u00e8s huit incendies aux \u00c9tats-Unis - CanadaMotorJobs.com","og_description":"Un\u00a0 rappel des Jeep Wrangler 4xe apr\u00e8s huit incendies aux \u00c9tats-Unis - Benoit Charette - Annuel automobile - CanadaMotorJobs.com.","og_url":"https:\/\/news.canadamotorjobs.com\/fr\/un-rappel-des-jeep-wrangler-4xe-apres-huit-incendies-aux-etats-unis\/","og_site_name":"CanadaMotorJobs.com","article_publisher":"https:\/\/www.facebook.com\/canadamotorjobs\/","article_published_time":"2023-11-23T12:37:39+00:00","article_modified_time":"2023-11-23T12:46:18+00:00","og_image":[{"width":1333,"height":1000,"url":"https:\/\/news.canadamotorjobs.com\/wp-content\/uploads\/2023\/11\/IMG_3817.jpg","type":"image\/jpeg"}],"author":"Benoit Charette","twitter_card":"summary_large_image","twitter_creator":"@canadamotorjobs","twitter_site":"@canadamotorjobs","twitter_misc":{"\u00c9crit par":"Benoit Charette","Estimation du temps de lecture":"2 minutes"},"schema":{"@context":"https:\/\/schema.org","@graph":[{"@type":"Article","@id":"https:\/\/news.canadamotorjobs.com\/fr\/un-rappel-des-jeep-wrangler-4xe-apres-huit-incendies-aux-etats-unis\/#article","isPartOf":{"@id":"https:\/\/news.canadamotorjobs.com\/fr\/un-rappel-des-jeep-wrangler-4xe-apres-huit-incendies-aux-etats-unis\/"},"author":{"name":"Benoit Charette","@id":"https:\/\/news.canadamotorjobs.com\/#\/schema\/person\/51793d1f87d44011d7bcc2ed99269a90"},"headline":"Un\u00a0 rappel des Jeep Wrangler 4xe apr\u00e8s huit incendies aux \u00c9tats-Unis","datePublished":"2023-11-23T12:37:39+00:00","dateModified":"2023-11-23T12:46:18+00:00","mainEntityOfPage":{"@id":"https:\/\/news.canadamotorjobs.com\/fr\/un-rappel-des-jeep-wrangler-4xe-apres-huit-incendies-aux-etats-unis\/"},"wordCount":326,"publisher":{"@id":"https:\/\/news.canadamotorjobs.com\/#organization"},"image":{"@id":"https:\/\/news.canadamotorjobs.com\/fr\/un-rappel-des-jeep-wrangler-4xe-apres-huit-incendies-aux-etats-unis\/#primaryimage"},"thumbnailUrl":"https:\/\/news.canadamotorjobs.com\/wp-content\/uploads\/2023\/11\/IMG_3817.jpg","articleSection":["Annuel automobile"],"inLanguage":"fr-CA"},{"@type":"WebPage","@id":"https:\/\/news.canadamotorjobs.com\/fr\/un-rappel-des-jeep-wrangler-4xe-apres-huit-incendies-aux-etats-unis\/","url":"https:\/\/news.canadamotorjobs.com\/fr\/un-rappel-des-jeep-wrangler-4xe-apres-huit-incendies-aux-etats-unis\/","name":"Un\u00a0 rappel des Jeep Wrangler 4xe apr\u00e8s huit incendies aux \u00c9tats-Unis - CanadaMotorJobs.com","isPartOf":{"@id":"https:\/\/news.canadamotorjobs.com\/#website"},"primaryImageOfPage":{"@id":"https:\/\/news.canadamotorjobs.com\/fr\/un-rappel-des-jeep-wrangler-4xe-apres-huit-incendies-aux-etats-unis\/#primaryimage"},"image":{"@id":"https:\/\/news.canadamotorjobs.com\/fr\/un-rappel-des-jeep-wrangler-4xe-apres-huit-incendies-aux-etats-unis\/#primaryimage"},"thumbnailUrl":"https:\/\/news.canadamotorjobs.com\/wp-content\/uploads\/2023\/11\/IMG_3817.jpg","datePublished":"2023-11-23T12:37:39+00:00","dateModified":"2023-11-23T12:46:18+00:00","description":"Un\u00a0 rappel des Jeep Wrangler 4xe apr\u00e8s huit incendies aux \u00c9tats-Unis - Benoit Charette - Annuel automobile - CanadaMotorJobs.com.","breadcrumb":{"@id":"https:\/\/news.canadamotorjobs.com\/fr\/un-rappel-des-jeep-wrangler-4xe-apres-huit-incendies-aux-etats-unis\/#breadcrumb"},"inLanguage":"fr-CA","potentialAction":[{"@type":"ReadAction","target":["https:\/\/news.canadamotorjobs.com\/fr\/un-rappel-des-jeep-wrangler-4xe-apres-huit-incendies-aux-etats-unis\/"]}]},{"@type":"ImageObject","inLanguage":"fr-CA","@id":"https:\/\/news.canadamotorjobs.com\/fr\/un-rappel-des-jeep-wrangler-4xe-apres-huit-incendies-aux-etats-unis\/#primaryimage","url":"https:\/\/news.canadamotorjobs.com\/wp-content\/uploads\/2023\/11\/IMG_3817.jpg","contentUrl":"https:\/\/news.canadamotorjobs.com\/wp-content\/uploads\/2023\/11\/IMG_3817.jpg","width":1333,"height":1000},{"@type":"BreadcrumbList","@id":"https:\/\/news.canadamotorjobs.com\/fr\/un-rappel-des-jeep-wrangler-4xe-apres-huit-incendies-aux-etats-unis\/#breadcrumb","itemListElement":[{"@type":"ListItem","position":1,"name":"Home","item":"https:\/\/news.canadamotorjobs.com\/fr\/blog\/"},{"@type":"ListItem","position":2,"name":"Un\u00a0 rappel des Jeep Wrangler 4xe apr\u00e8s huit incendies aux \u00c9tats-Unis"}]},{"@type":"WebSite","@id":"https:\/\/news.canadamotorjobs.com\/#website","url":"https:\/\/news.canadamotorjobs.com\/","name":"CanadaMotorJobs.com","description":"Automotive Jobs","publisher":{"@id":"https:\/\/news.canadamotorjobs.com\/#organization"},"potentialAction":[{"@type":"SearchAction","target":{"@type":"EntryPoint","urlTemplate":"https:\/\/news.canadamotorjobs.com\/?s={search_term_string}"},"query-input":"required name=search_term_string"}],"inLanguage":"fr-CA"},{"@type":"Organization","@id":"https:\/\/news.canadamotorjobs.com\/#organization","name":"Canada Motor Jobs","url":"https:\/\/news.canadamotorjobs.com\/","logo":{"@type":"ImageObject","inLanguage":"fr-CA","@id":"https:\/\/news.canadamotorjobs.com\/#\/schema\/logo\/image\/","url":"https:\/\/news.canadamotorjobs.com\/wp-content\/uploads\/2022\/10\/logo-canada-motor-jobs-1.png","contentUrl":"https:\/\/news.canadamotorjobs.com\/wp-content\/uploads\/2022\/10\/logo-canada-motor-jobs-1.png","width":800,"height":400,"caption":"Canada Motor Jobs"},"image":{"@id":"https:\/\/news.canadamotorjobs.com\/#\/schema\/logo\/image\/"},"sameAs":["https:\/\/www.facebook.com\/canadamotorjobs\/","https:\/\/x.com\/canadamotorjobs","https:\/\/www.instagram.com\/canadamotorjobs\/","https:\/\/www.linkedin.com\/company\/canadamotorjobs"]},{"@type":"Person","@id":"https:\/\/news.canadamotorjobs.com\/#\/schema\/person\/51793d1f87d44011d7bcc2ed99269a90","name":"Benoit Charette","image":{"@type":"ImageObject","inLanguage":"fr-CA","@id":"https:\/\/news.canadamotorjobs.com\/#\/schema\/person\/image\/","url":"https:\/\/secure.gravatar.com\/avatar\/45f3d2eebcccd909668d7ce7ea7267b6?s=96&d=mm&r=g","contentUrl":"https:\/\/secure.gravatar.com\/avatar\/45f3d2eebcccd909668d7ce7ea7267b6?s=96&d=mm&r=g","caption":"Benoit Charette"},"description":"Benoit Charette \/ Propri\u00e9taire et r\u00e9dacteur en chef Benoit Charette pratique le journalisme automobile depuis bient\u00f4t 30 ans. Il a fait ses classes au c\u00f4t\u00e9 de Daniel H\u00e9raud et au Carnet de route de 1992 \u00e0 2001. Il est fondateur, copropri\u00e9taire et r\u00e9dacteur en chef de L\u2019Annuel de l\u2019automobile, qu\u2019il publie depuis 2001. Il a anim\u00e9 les \u00e9missions RPM et RPM+ sur V et les L\u00e9gendes de la route sur Historia. \u00c0 la radio depuis 1986, il reprend l\u2019antenne cette ann\u00e9e sur les ondes de Cogeco et participe pour la deuxi\u00e8me ann\u00e9e \u00e0 l\u2019\u00e9mission Passion Auto sur RDS en plus de mettre en ligne le site Web officiel de L\u2019Annuel de l\u2019automobile sur annuelauto.ca.","sameAs":["https:\/\/annuelauto.ca\/"],"url":"https:\/\/news.canadamotorjobs.com\/fr\/author\/benoit-charette\/"}]}},"_links":{"self":[{"href":"https:\/\/news.canadamotorjobs.com\/fr\/wp-json\/wp\/v2\/posts\/154410"}],"collection":[{"href":"https:\/\/news.canadamotorjobs.com\/fr\/wp-json\/wp\/v2\/posts"}],"about":[{"href":"https:\/\/news.canadamotorjobs.com\/fr\/wp-json\/wp\/v2\/types\/post"}],"author":[{"embeddable":true,"href":"https:\/\/news.canadamotorjobs.com\/fr\/wp-json\/wp\/v2\/users\/8"}],"replies":[{"embeddable":true,"href":"https:\/\/news.canadamotorjobs.com\/fr\/wp-json\/wp\/v2\/comments?post=154410"}],"version-history":[{"count":2,"href":"https:\/\/news.canadamotorjobs.com\/fr\/wp-json\/wp\/v2\/posts\/154410\/revisions"}],"predecessor-version":[{"id":154414,"href":"https:\/\/news.canadamotorjobs.com\/fr\/wp-json\/wp\/v2\/posts\/154410\/revisions\/154414"}],"wp:featuredmedia":[{"embeddable":true,"href":"https:\/\/news.canadamotorjobs.com\/fr\/wp-json\/wp\/v2\/media\/154412"}],"wp:attachment":[{"href":"https:\/\/news.canadamotorjobs.com\/fr\/wp-json\/wp\/v2\/media?parent=154410"}],"wp:term":[{"taxonomy":"category","embeddable":true,"href":"https:\/\/news.canadamotorjobs.com\/fr\/wp-json\/wp\/v2\/categories?post=154410"},{"taxonomy":"post_tag","embeddable":true,"href":"https:\/\/news.canadamotorjobs.com\/fr\/wp-json\/wp\/v2\/tags?post=154410"}],"curies":[{"name":"wp","href":"https:\/\/api.w.org\/{rel}","templated":true}]}}