{"id":154387,"date":"2023-11-23T07:19:18","date_gmt":"2023-11-23T12:19:18","guid":{"rendered":"https:\/\/news.canadamotorjobs.com\/?p=154387"},"modified":"2023-11-23T07:30:00","modified_gmt":"2023-11-23T12:30:00","slug":"audi-a-construit-sa-derniere-tt","status":"publish","type":"post","link":"https:\/\/news.canadamotorjobs.com\/fr\/audi-a-construit-sa-derniere-tt\/","title":{"rendered":"Audi a construit sa derni\u00e8re TT"},"content":{"rendered":"<\/p>\n<p>Ic\u00f4ne de style, la petite TT nous manquera. Apr\u00e8s 25 ans d&#8217;existence, la production de l&#8217;Audi TT a finalement pris fin. Le dernier exemplaire &#8211; une TTS peinte en gris chrono m\u00e9tallis\u00e9 &#8211; a \u00e9t\u00e9 pr\u00e9sent\u00e9 sur le sol de l&#8217;usine de Gyor, en Hongrie, aux c\u00f4t\u00e9s de ses pr\u00e9d\u00e9cesseurs et des premiers concepts.<\/p>\n<h3>Un peu plus de 660\u00a0000 unit\u00e9s<\/h3>\n<p>\nCette derni\u00e8re TT, qui finira probablement dans la collection priv\u00e9 d\u2019Audi ou dans un mus\u00e9e, d\u00e9taille les chiffres de production de la lign\u00e9e TT. Le premier mod\u00e8le a quitt\u00e9 l&#8217;usine le 18 f\u00e9vrier 1998 et, un quart de si\u00e8cle plus tard, le dernier exemplaire est sorti de la cha\u00eene de montage le 11 novembre. Au cours de cette p\u00e9riode, 662 762 TT ont \u00e9t\u00e9 produites, ce qui montre \u00e0 quel point la voiture de sport embl\u00e9matique du Bauhaus \u00e9tait populaire dans le monde entier.<\/p>\n<h3>On le savait depuis un an<\/h3>\n<p>\nAudi avait annonc\u00e9 la disparition du mod\u00e8le depuis plus d\u2019un an, mais ce moment n&#8217;en est pas moins triste. Le mot &#8220;embl\u00e9matique&#8221; est souvent utilis\u00e9, mais la TT \u00e9tait vraiment une ic\u00f4ne, en particulier dans le monde du design. Lorsqu&#8217;il est arriv\u00e9 en 1998, le coup\u00e9 sportif a \u00e9poustoufl\u00e9 le monde avec son style \u00e9l\u00e9gant et minimaliste, clairement inspir\u00e9 du mouvement Bauhaus.<\/p>\n<h3>Un peu comme la Beetle<\/h3>\n<p>\nM\u00eame si le langage stylistique d&#8217;Audi a \u00e9volu\u00e9, la petite voiture \u00e0 deux places a conserv\u00e9 son profil et ses d\u00e9tails c\u00e9l\u00e8bres. Au fil des ans, elle est devenue la Type FV\/8S de troisi\u00e8me g\u00e9n\u00e9ration que nous connaissons aujourd&#8217;hui, une d\u00e9licieuse voiture de sport qui, en version TT RS, peut m\u00eame terrifier certaines grandes sportives.<\/p>\n<h3>De beaux souvenirs<\/h3>\n<p>\nJ\u2019ai eu la chance d\u2019\u00eatre du premier groupe de journalistes pr\u00e9sent au lancement de la premi\u00e8re TT \u00e0 Monaco sur les routes du rallye de Monte-Carlo et j\u2019ai conduit une version TT-RS \u00e0 bride abattue sous une pluie torrentielle sur l\u2019autobahn avec mon coll\u00e8gue Pierre Michaud. Nous avons constat\u00e9 \u00e0 quelle point cette voiture collait \u00e0 la route. De beaux souvenirs qui restent de ce mod\u00e8le<\/p>\n<p>Le texte <a rel=\"nofollow\" href=\"https:\/\/annuelauto.ca\/audi-a-construit-sa-derniere-tt\/\">Audi a construit sa derni\u00e8re TT<\/a> provient de <a rel=\"nofollow\" href=\"https:\/\/annuelauto.ca\">L&#8217;annuel de l&#8217;automobile &#8211; Actualit\u00e9 automobile<\/a><\/p>\n<p><\/p>\n","protected":false},"excerpt":{"rendered":"<p>Ic\u00f4ne de style, la petite TT nous manquera. Apr\u00e8s 25 ans d&#8217;existence, la production de l&#8217;Audi TT a finalement pris fin. Le dernier exemplaire &#8211; une TTS peinte en gris chrono m\u00e9tallis\u00e9 &#8211; a \u00e9t\u00e9 pr\u00e9sent\u00e9 sur le sol de l&#8217;usine de Gyor, en Hongrie, aux c\u00f4t\u00e9s de ses pr\u00e9d\u00e9cesseurs et des premiers concepts. Un [&hellip;]<\/p>\n","protected":false},"author":8,"featured_media":154389,"comment_status":"close","ping_status":"closed","sticky":false,"template":"","format":"standard","meta":{"_monsterinsights_skip_tracking":false,"_monsterinsights_sitenote_active":false,"_monsterinsights_sitenote_note":"","_monsterinsights_sitenote_category":0,"footnotes":""},"categories":[101],"tags":[],"yoast_head":"<!-- This site is optimized with the Yoast SEO plugin v23.2 - https:\/\/yoast.com\/wordpress\/plugins\/seo\/ -->\n<title>Audi a construit sa derni\u00e8re TT - CanadaMotorJobs.com<\/title>\n<meta name=\"description\" content=\"Audi a construit sa derni\u00e8re TT - Benoit Charette - Annuel automobile - CanadaMotorJobs.com.\" \/>\n<meta name=\"robots\" content=\"index, follow, max-snippet:-1, max-image-preview:large, max-video-preview:-1\" \/>\n<meta property=\"og:locale\" content=\"fr_CA\" \/>\n<meta property=\"og:type\" content=\"article\" \/>\n<meta property=\"og:title\" content=\"Audi a construit sa derni\u00e8re TT - CanadaMotorJobs.com\" \/>\n<meta property=\"og:description\" content=\"Audi a construit sa derni\u00e8re TT - Benoit Charette - Annuel automobile - CanadaMotorJobs.com.\" \/>\n<meta property=\"og:url\" content=\"https:\/\/news.canadamotorjobs.com\/fr\/audi-a-construit-sa-derniere-tt\/\" \/>\n<meta property=\"og:site_name\" content=\"CanadaMotorJobs.com\" \/>\n<meta property=\"article:publisher\" content=\"https:\/\/www.facebook.com\/canadamotorjobs\/\" \/>\n<meta property=\"article:published_time\" content=\"2023-11-23T12:19:18+00:00\" \/>\n<meta property=\"article:modified_time\" content=\"2023-11-23T12:30:00+00:00\" \/>\n<meta property=\"og:image\" content=\"https:\/\/news.canadamotorjobs.com\/wp-content\/uploads\/2023\/11\/last-audi-tt.jpg\" \/>\n\t<meta property=\"og:image:width\" content=\"1280\" \/>\n\t<meta property=\"og:image:height\" content=\"720\" \/>\n\t<meta property=\"og:image:type\" content=\"image\/jpeg\" \/>\n<meta name=\"author\" content=\"Benoit Charette\" \/>\n<meta name=\"twitter:card\" content=\"summary_large_image\" \/>\n<meta name=\"twitter:creator\" content=\"@canadamotorjobs\" \/>\n<meta name=\"twitter:site\" content=\"@canadamotorjobs\" \/>\n<meta name=\"twitter:label1\" content=\"\u00c9crit par\" \/>\n\t<meta name=\"twitter:data1\" content=\"Benoit Charette\" \/>\n\t<meta name=\"twitter:label2\" content=\"Estimation du temps de lecture\" \/>\n\t<meta name=\"twitter:data2\" content=\"2 minutes\" \/>\n<!-- \/ Yoast SEO plugin. -->","yoast_head_json":{"title":"Audi a construit sa derni\u00e8re TT - CanadaMotorJobs.com","description":"Audi a construit sa derni\u00e8re TT - Benoit Charette - Annuel automobile - CanadaMotorJobs.com.","robots":{"index":"index","follow":"follow","max-snippet":"max-snippet:-1","max-image-preview":"max-image-preview:large","max-video-preview":"max-video-preview:-1"},"og_locale":"fr_CA","og_type":"article","og_title":"Audi a construit sa derni\u00e8re TT - CanadaMotorJobs.com","og_description":"Audi a construit sa derni\u00e8re TT - Benoit Charette - Annuel automobile - CanadaMotorJobs.com.","og_url":"https:\/\/news.canadamotorjobs.com\/fr\/audi-a-construit-sa-derniere-tt\/","og_site_name":"CanadaMotorJobs.com","article_publisher":"https:\/\/www.facebook.com\/canadamotorjobs\/","article_published_time":"2023-11-23T12:19:18+00:00","article_modified_time":"2023-11-23T12:30:00+00:00","og_image":[{"width":1280,"height":720,"url":"https:\/\/news.canadamotorjobs.com\/wp-content\/uploads\/2023\/11\/last-audi-tt.jpg","type":"image\/jpeg"}],"author":"Benoit Charette","twitter_card":"summary_large_image","twitter_creator":"@canadamotorjobs","twitter_site":"@canadamotorjobs","twitter_misc":{"\u00c9crit par":"Benoit Charette","Estimation du temps de lecture":"2 minutes"},"schema":{"@context":"https:\/\/schema.org","@graph":[{"@type":"Article","@id":"https:\/\/news.canadamotorjobs.com\/fr\/audi-a-construit-sa-derniere-tt\/#article","isPartOf":{"@id":"https:\/\/news.canadamotorjobs.com\/fr\/audi-a-construit-sa-derniere-tt\/"},"author":{"name":"Benoit Charette","@id":"https:\/\/news.canadamotorjobs.com\/#\/schema\/person\/51793d1f87d44011d7bcc2ed99269a90"},"headline":"Audi a construit sa derni\u00e8re TT","datePublished":"2023-11-23T12:19:18+00:00","dateModified":"2023-11-23T12:30:00+00:00","mainEntityOfPage":{"@id":"https:\/\/news.canadamotorjobs.com\/fr\/audi-a-construit-sa-derniere-tt\/"},"wordCount":403,"publisher":{"@id":"https:\/\/news.canadamotorjobs.com\/#organization"},"image":{"@id":"https:\/\/news.canadamotorjobs.com\/fr\/audi-a-construit-sa-derniere-tt\/#primaryimage"},"thumbnailUrl":"https:\/\/news.canadamotorjobs.com\/wp-content\/uploads\/2023\/11\/last-audi-tt.jpg","articleSection":["Annuel automobile"],"inLanguage":"fr-CA"},{"@type":"WebPage","@id":"https:\/\/news.canadamotorjobs.com\/fr\/audi-a-construit-sa-derniere-tt\/","url":"https:\/\/news.canadamotorjobs.com\/fr\/audi-a-construit-sa-derniere-tt\/","name":"Audi a construit sa derni\u00e8re TT - CanadaMotorJobs.com","isPartOf":{"@id":"https:\/\/news.canadamotorjobs.com\/#website"},"primaryImageOfPage":{"@id":"https:\/\/news.canadamotorjobs.com\/fr\/audi-a-construit-sa-derniere-tt\/#primaryimage"},"image":{"@id":"https:\/\/news.canadamotorjobs.com\/fr\/audi-a-construit-sa-derniere-tt\/#primaryimage"},"thumbnailUrl":"https:\/\/news.canadamotorjobs.com\/wp-content\/uploads\/2023\/11\/last-audi-tt.jpg","datePublished":"2023-11-23T12:19:18+00:00","dateModified":"2023-11-23T12:30:00+00:00","description":"Audi a construit sa derni\u00e8re TT - Benoit Charette - Annuel automobile - CanadaMotorJobs.com.","breadcrumb":{"@id":"https:\/\/news.canadamotorjobs.com\/fr\/audi-a-construit-sa-derniere-tt\/#breadcrumb"},"inLanguage":"fr-CA","potentialAction":[{"@type":"ReadAction","target":["https:\/\/news.canadamotorjobs.com\/fr\/audi-a-construit-sa-derniere-tt\/"]}]},{"@type":"ImageObject","inLanguage":"fr-CA","@id":"https:\/\/news.canadamotorjobs.com\/fr\/audi-a-construit-sa-derniere-tt\/#primaryimage","url":"https:\/\/news.canadamotorjobs.com\/wp-content\/uploads\/2023\/11\/last-audi-tt.jpg","contentUrl":"https:\/\/news.canadamotorjobs.com\/wp-content\/uploads\/2023\/11\/last-audi-tt.jpg","width":1280,"height":720},{"@type":"BreadcrumbList","@id":"https:\/\/news.canadamotorjobs.com\/fr\/audi-a-construit-sa-derniere-tt\/#breadcrumb","itemListElement":[{"@type":"ListItem","position":1,"name":"Home","item":"https:\/\/news.canadamotorjobs.com\/fr\/blog\/"},{"@type":"ListItem","position":2,"name":"Audi a construit sa derni\u00e8re TT"}]},{"@type":"WebSite","@id":"https:\/\/news.canadamotorjobs.com\/#website","url":"https:\/\/news.canadamotorjobs.com\/","name":"CanadaMotorJobs.com","description":"Automotive Jobs","publisher":{"@id":"https:\/\/news.canadamotorjobs.com\/#organization"},"potentialAction":[{"@type":"SearchAction","target":{"@type":"EntryPoint","urlTemplate":"https:\/\/news.canadamotorjobs.com\/?s={search_term_string}"},"query-input":"required name=search_term_string"}],"inLanguage":"fr-CA"},{"@type":"Organization","@id":"https:\/\/news.canadamotorjobs.com\/#organization","name":"Canada Motor Jobs","url":"https:\/\/news.canadamotorjobs.com\/","logo":{"@type":"ImageObject","inLanguage":"fr-CA","@id":"https:\/\/news.canadamotorjobs.com\/#\/schema\/logo\/image\/","url":"https:\/\/news.canadamotorjobs.com\/wp-content\/uploads\/2022\/10\/logo-canada-motor-jobs-1.png","contentUrl":"https:\/\/news.canadamotorjobs.com\/wp-content\/uploads\/2022\/10\/logo-canada-motor-jobs-1.png","width":800,"height":400,"caption":"Canada Motor Jobs"},"image":{"@id":"https:\/\/news.canadamotorjobs.com\/#\/schema\/logo\/image\/"},"sameAs":["https:\/\/www.facebook.com\/canadamotorjobs\/","https:\/\/x.com\/canadamotorjobs","https:\/\/www.instagram.com\/canadamotorjobs\/","https:\/\/www.linkedin.com\/company\/canadamotorjobs"]},{"@type":"Person","@id":"https:\/\/news.canadamotorjobs.com\/#\/schema\/person\/51793d1f87d44011d7bcc2ed99269a90","name":"Benoit Charette","image":{"@type":"ImageObject","inLanguage":"fr-CA","@id":"https:\/\/news.canadamotorjobs.com\/#\/schema\/person\/image\/","url":"https:\/\/secure.gravatar.com\/avatar\/45f3d2eebcccd909668d7ce7ea7267b6?s=96&d=mm&r=g","contentUrl":"https:\/\/secure.gravatar.com\/avatar\/45f3d2eebcccd909668d7ce7ea7267b6?s=96&d=mm&r=g","caption":"Benoit Charette"},"description":"Benoit Charette \/ Propri\u00e9taire et r\u00e9dacteur en chef Benoit Charette pratique le journalisme automobile depuis bient\u00f4t 30 ans. Il a fait ses classes au c\u00f4t\u00e9 de Daniel H\u00e9raud et au Carnet de route de 1992 \u00e0 2001. Il est fondateur, copropri\u00e9taire et r\u00e9dacteur en chef de L\u2019Annuel de l\u2019automobile, qu\u2019il publie depuis 2001. Il a anim\u00e9 les \u00e9missions RPM et RPM+ sur V et les L\u00e9gendes de la route sur Historia. \u00c0 la radio depuis 1986, il reprend l\u2019antenne cette ann\u00e9e sur les ondes de Cogeco et participe pour la deuxi\u00e8me ann\u00e9e \u00e0 l\u2019\u00e9mission Passion Auto sur RDS en plus de mettre en ligne le site Web officiel de L\u2019Annuel de l\u2019automobile sur annuelauto.ca.","sameAs":["https:\/\/annuelauto.ca\/"],"url":"https:\/\/news.canadamotorjobs.com\/fr\/author\/benoit-charette\/"}]}},"_links":{"self":[{"href":"https:\/\/news.canadamotorjobs.com\/fr\/wp-json\/wp\/v2\/posts\/154387"}],"collection":[{"href":"https:\/\/news.canadamotorjobs.com\/fr\/wp-json\/wp\/v2\/posts"}],"about":[{"href":"https:\/\/news.canadamotorjobs.com\/fr\/wp-json\/wp\/v2\/types\/post"}],"author":[{"embeddable":true,"href":"https:\/\/news.canadamotorjobs.com\/fr\/wp-json\/wp\/v2\/users\/8"}],"replies":[{"embeddable":true,"href":"https:\/\/news.canadamotorjobs.com\/fr\/wp-json\/wp\/v2\/comments?post=154387"}],"version-history":[{"count":2,"href":"https:\/\/news.canadamotorjobs.com\/fr\/wp-json\/wp\/v2\/posts\/154387\/revisions"}],"predecessor-version":[{"id":154391,"href":"https:\/\/news.canadamotorjobs.com\/fr\/wp-json\/wp\/v2\/posts\/154387\/revisions\/154391"}],"wp:featuredmedia":[{"embeddable":true,"href":"https:\/\/news.canadamotorjobs.com\/fr\/wp-json\/wp\/v2\/media\/154389"}],"wp:attachment":[{"href":"https:\/\/news.canadamotorjobs.com\/fr\/wp-json\/wp\/v2\/media?parent=154387"}],"wp:term":[{"taxonomy":"category","embeddable":true,"href":"https:\/\/news.canadamotorjobs.com\/fr\/wp-json\/wp\/v2\/categories?post=154387"},{"taxonomy":"post_tag","embeddable":true,"href":"https:\/\/news.canadamotorjobs.com\/fr\/wp-json\/wp\/v2\/tags?post=154387"}],"curies":[{"name":"wp","href":"https:\/\/api.w.org\/{rel}","templated":true}]}}