{"id":154261,"date":"2023-11-21T11:24:56","date_gmt":"2023-11-21T16:24:56","guid":{"rendered":"https:\/\/news.canadamotorjobs.com\/?p=154261"},"modified":"2023-11-21T11:28:58","modified_gmt":"2023-11-21T16:28:58","slug":"lemission-top-gear-est-officiellement-morte","status":"publish","type":"post","link":"https:\/\/news.canadamotorjobs.com\/fr\/lemission-top-gear-est-officiellement-morte\/","title":{"rendered":"L\u2019\u00e9mission Top Gear est officiellement morte"},"content":{"rendered":"<\/p>\n<p>L&#8217;embl\u00e9matique \u00e9mission de t\u00e9l\u00e9vision automobile Top Gear a \u00e9t\u00e9 officiellement annul\u00e9e apr\u00e8s avoir \u00e9t\u00e9 diffus\u00e9e depuis 2002, lorsque Jeremy Clarkson et Andy Wilman ont relanc\u00e9 l&#8217;\u00e9mission dans un nouveau format qui a captiv\u00e9 le public dans le monde entier.<\/p>\n<h3>Un accident qui a marqu\u00e9 la fin des tournages<\/h3>\n<p>\nEn mars dernier, l\u2019\u00e9mission avait \u00e9t\u00e9 suspendue apr\u00e8s que le pr\u00e9sentateur Andrew &#8220;Freddie&#8221; Flintoff a subi de graves blessures au visage pendant le tournage. \u00c0 l&#8217;\u00e9poque, les sp\u00e9culations allaient bon train sur le fait que l&#8217;\u00e9mission ne reprendrait pas, ce que la BBC a d\u00e9menti. Mais une nouvelle d\u00e9claration a confirm\u00e9 que le diffuseur britannique a &#8220;d\u00e9cid\u00e9 d&#8217;arr\u00eater l&#8217;\u00e9mission britannique&#8221; apr\u00e8s 33 saisons, confirmant qu&#8217;elle ne reviendra pas sur vos \u00e9crans &#8220;dans un avenir pr\u00e9visible&#8221;.<\/p>\n<h3>Un accident en Morgan<\/h3>\n<p>\nFlintoff a \u00e9t\u00e9 bless\u00e9 en d\u00e9cembre 2022 sur la piste d&#8217;essai de l&#8217;\u00e9mission dans le Surrey apr\u00e8s que la Morgan Super 3 qu&#8217;il conduisait \u00e0 l&#8217;\u00e9poque se soit retourn\u00e9e. Le tournage a \u00e9t\u00e9 imm\u00e9diatement suspendu et la production n&#8217;a pas \u00e9t\u00e9 poursuivie. Les coanimateurs de Flintoff, Chris Harris et Paddy McGuiness, ont mis fin \u00e0 toute activit\u00e9 de tournage. La BBC a pr\u00e9sent\u00e9 ses excuses \u00e0 M. Flintoff pour les blessures subies et a annonc\u00e9 un r\u00e9examen de la sant\u00e9 et de la s\u00e9curit\u00e9 de l&#8217;\u00e9mission, connue pour ses frasques et ses accidents, dont celui de Richard Hammond qui a \u00e9cras\u00e9 un Rimac Concept_One lors d&#8217;une course de c\u00f4te en Suisse.<\/p>\n<h3>Un accord financier<\/h3>\n<p>\nL&#8217;\u00e9quipe juridique de Flintoff a conclu un accord avec la BBC pour un montant de 9 millions de livres sterling (15,4 millions de dollars) en raison de la nature des blessures subies qui ont chang\u00e9 sa vie. Dans son communiqu\u00e9, la BBC d\u00e9clare qu&#8217;elle &#8220;reste engag\u00e9e envers Freddie, Chris et Paddy, qui ont \u00e9t\u00e9 au c\u0153ur de la renaissance de l&#8217;\u00e9mission depuis 2019, et nous sommes enthousiastes \u00e0 l&#8217;id\u00e9e de nouveaux projets en cours de d\u00e9veloppement avec chacun d&#8217;entre eux. Nous aurons plus \u00e0 dire dans un avenir proche \u00e0 ce sujet.&#8221;<\/p>\n<h3>Des variantes se poursuivent ailleurs<\/h3>\n<p>\nCette d\u00e9cision n&#8217;a pas d&#8217;impact sur Top Gear America, qui en est \u00e0 trois saisons depuis sa reprise en 2017, ainsi que sur les magazines et \u00e9missions en ligne portant le nom et le logo Top Gear continuent aussi.<\/p>\n<p>Avec des renseignements de CarBuzz<\/p>\n<p>\u00a0<\/p>\n<p>Le texte <a rel=\"nofollow\" href=\"https:\/\/annuelauto.ca\/lemission-top-gear-est-officiellement-morte\/\">L\u2019\u00e9mission Top Gear est officiellement morte<\/a> provient de <a rel=\"nofollow\" href=\"https:\/\/annuelauto.ca\">L&#8217;annuel de l&#8217;automobile &#8211; Actualit\u00e9 automobile<\/a><\/p>\n<p><\/p>\n","protected":false},"excerpt":{"rendered":"<p>L&#8217;embl\u00e9matique \u00e9mission de t\u00e9l\u00e9vision automobile Top Gear a \u00e9t\u00e9 officiellement annul\u00e9e apr\u00e8s avoir \u00e9t\u00e9 diffus\u00e9e depuis 2002, lorsque Jeremy Clarkson et Andy Wilman ont relanc\u00e9 l&#8217;\u00e9mission dans un nouveau format qui a captiv\u00e9 le public dans le monde entier. Un accident qui a marqu\u00e9 la fin des tournages En mars dernier, l\u2019\u00e9mission avait \u00e9t\u00e9 suspendue [&hellip;]<\/p>\n","protected":false},"author":8,"featured_media":154263,"comment_status":"close","ping_status":"closed","sticky":false,"template":"","format":"standard","meta":{"_monsterinsights_skip_tracking":false,"_monsterinsights_sitenote_active":false,"_monsterinsights_sitenote_note":"","_monsterinsights_sitenote_category":0,"footnotes":""},"categories":[101],"tags":[],"yoast_head":"<!-- This site is optimized with the Yoast SEO plugin v23.2 - https:\/\/yoast.com\/wordpress\/plugins\/seo\/ -->\n<title>L\u2019\u00e9mission Top Gear est officiellement morte - CanadaMotorJobs.com<\/title>\n<meta name=\"description\" content=\"L\u2019\u00e9mission Top Gear est officiellement morte - Benoit Charette - Annuel automobile - CanadaMotorJobs.com.\" \/>\n<meta name=\"robots\" content=\"index, follow, max-snippet:-1, max-image-preview:large, max-video-preview:-1\" \/>\n<meta property=\"og:locale\" content=\"fr_CA\" \/>\n<meta property=\"og:type\" content=\"article\" \/>\n<meta property=\"og:title\" content=\"L\u2019\u00e9mission Top Gear est officiellement morte - CanadaMotorJobs.com\" \/>\n<meta property=\"og:description\" content=\"L\u2019\u00e9mission Top Gear est officiellement morte - Benoit Charette - Annuel automobile - CanadaMotorJobs.com.\" \/>\n<meta property=\"og:url\" content=\"https:\/\/news.canadamotorjobs.com\/fr\/lemission-top-gear-est-officiellement-morte\/\" \/>\n<meta property=\"og:site_name\" content=\"CanadaMotorJobs.com\" \/>\n<meta property=\"article:publisher\" content=\"https:\/\/www.facebook.com\/canadamotorjobs\/\" \/>\n<meta property=\"article:published_time\" content=\"2023-11-21T16:24:56+00:00\" \/>\n<meta property=\"article:modified_time\" content=\"2023-11-21T16:28:58+00:00\" \/>\n<meta property=\"og:image\" content=\"https:\/\/news.canadamotorjobs.com\/wp-content\/uploads\/2023\/11\/Homepage.jpg\" \/>\n\t<meta property=\"og:image:width\" content=\"1200\" \/>\n\t<meta property=\"og:image:height\" content=\"675\" \/>\n\t<meta property=\"og:image:type\" content=\"image\/jpeg\" \/>\n<meta name=\"author\" content=\"Benoit Charette\" \/>\n<meta name=\"twitter:card\" content=\"summary_large_image\" \/>\n<meta name=\"twitter:creator\" content=\"@canadamotorjobs\" \/>\n<meta name=\"twitter:site\" content=\"@canadamotorjobs\" \/>\n<meta name=\"twitter:label1\" content=\"\u00c9crit par\" \/>\n\t<meta name=\"twitter:data1\" content=\"Benoit Charette\" \/>\n\t<meta name=\"twitter:label2\" content=\"Estimation du temps de lecture\" \/>\n\t<meta name=\"twitter:data2\" content=\"2 minutes\" \/>\n<!-- \/ Yoast SEO plugin. -->","yoast_head_json":{"title":"L\u2019\u00e9mission Top Gear est officiellement morte - CanadaMotorJobs.com","description":"L\u2019\u00e9mission Top Gear est officiellement morte - Benoit Charette - Annuel automobile - CanadaMotorJobs.com.","robots":{"index":"index","follow":"follow","max-snippet":"max-snippet:-1","max-image-preview":"max-image-preview:large","max-video-preview":"max-video-preview:-1"},"og_locale":"fr_CA","og_type":"article","og_title":"L\u2019\u00e9mission Top Gear est officiellement morte - CanadaMotorJobs.com","og_description":"L\u2019\u00e9mission Top Gear est officiellement morte - Benoit Charette - Annuel automobile - CanadaMotorJobs.com.","og_url":"https:\/\/news.canadamotorjobs.com\/fr\/lemission-top-gear-est-officiellement-morte\/","og_site_name":"CanadaMotorJobs.com","article_publisher":"https:\/\/www.facebook.com\/canadamotorjobs\/","article_published_time":"2023-11-21T16:24:56+00:00","article_modified_time":"2023-11-21T16:28:58+00:00","og_image":[{"width":1200,"height":675,"url":"https:\/\/news.canadamotorjobs.com\/wp-content\/uploads\/2023\/11\/Homepage.jpg","type":"image\/jpeg"}],"author":"Benoit Charette","twitter_card":"summary_large_image","twitter_creator":"@canadamotorjobs","twitter_site":"@canadamotorjobs","twitter_misc":{"\u00c9crit par":"Benoit Charette","Estimation du temps de lecture":"2 minutes"},"schema":{"@context":"https:\/\/schema.org","@graph":[{"@type":"Article","@id":"https:\/\/news.canadamotorjobs.com\/fr\/lemission-top-gear-est-officiellement-morte\/#article","isPartOf":{"@id":"https:\/\/news.canadamotorjobs.com\/fr\/lemission-top-gear-est-officiellement-morte\/"},"author":{"name":"Benoit Charette","@id":"https:\/\/news.canadamotorjobs.com\/#\/schema\/person\/51793d1f87d44011d7bcc2ed99269a90"},"headline":"L\u2019\u00e9mission Top Gear est officiellement morte","datePublished":"2023-11-21T16:24:56+00:00","dateModified":"2023-11-21T16:28:58+00:00","mainEntityOfPage":{"@id":"https:\/\/news.canadamotorjobs.com\/fr\/lemission-top-gear-est-officiellement-morte\/"},"wordCount":444,"publisher":{"@id":"https:\/\/news.canadamotorjobs.com\/#organization"},"image":{"@id":"https:\/\/news.canadamotorjobs.com\/fr\/lemission-top-gear-est-officiellement-morte\/#primaryimage"},"thumbnailUrl":"https:\/\/news.canadamotorjobs.com\/wp-content\/uploads\/2023\/11\/Homepage.jpg","articleSection":["Annuel automobile"],"inLanguage":"fr-CA"},{"@type":"WebPage","@id":"https:\/\/news.canadamotorjobs.com\/fr\/lemission-top-gear-est-officiellement-morte\/","url":"https:\/\/news.canadamotorjobs.com\/fr\/lemission-top-gear-est-officiellement-morte\/","name":"L\u2019\u00e9mission Top Gear est officiellement morte - CanadaMotorJobs.com","isPartOf":{"@id":"https:\/\/news.canadamotorjobs.com\/#website"},"primaryImageOfPage":{"@id":"https:\/\/news.canadamotorjobs.com\/fr\/lemission-top-gear-est-officiellement-morte\/#primaryimage"},"image":{"@id":"https:\/\/news.canadamotorjobs.com\/fr\/lemission-top-gear-est-officiellement-morte\/#primaryimage"},"thumbnailUrl":"https:\/\/news.canadamotorjobs.com\/wp-content\/uploads\/2023\/11\/Homepage.jpg","datePublished":"2023-11-21T16:24:56+00:00","dateModified":"2023-11-21T16:28:58+00:00","description":"L\u2019\u00e9mission Top Gear est officiellement morte - Benoit Charette - Annuel automobile - CanadaMotorJobs.com.","breadcrumb":{"@id":"https:\/\/news.canadamotorjobs.com\/fr\/lemission-top-gear-est-officiellement-morte\/#breadcrumb"},"inLanguage":"fr-CA","potentialAction":[{"@type":"ReadAction","target":["https:\/\/news.canadamotorjobs.com\/fr\/lemission-top-gear-est-officiellement-morte\/"]}]},{"@type":"ImageObject","inLanguage":"fr-CA","@id":"https:\/\/news.canadamotorjobs.com\/fr\/lemission-top-gear-est-officiellement-morte\/#primaryimage","url":"https:\/\/news.canadamotorjobs.com\/wp-content\/uploads\/2023\/11\/Homepage.jpg","contentUrl":"https:\/\/news.canadamotorjobs.com\/wp-content\/uploads\/2023\/11\/Homepage.jpg","width":1200,"height":675},{"@type":"BreadcrumbList","@id":"https:\/\/news.canadamotorjobs.com\/fr\/lemission-top-gear-est-officiellement-morte\/#breadcrumb","itemListElement":[{"@type":"ListItem","position":1,"name":"Home","item":"https:\/\/news.canadamotorjobs.com\/fr\/blog\/"},{"@type":"ListItem","position":2,"name":"L\u2019\u00e9mission Top Gear est officiellement morte"}]},{"@type":"WebSite","@id":"https:\/\/news.canadamotorjobs.com\/#website","url":"https:\/\/news.canadamotorjobs.com\/","name":"CanadaMotorJobs.com","description":"Automotive Jobs","publisher":{"@id":"https:\/\/news.canadamotorjobs.com\/#organization"},"potentialAction":[{"@type":"SearchAction","target":{"@type":"EntryPoint","urlTemplate":"https:\/\/news.canadamotorjobs.com\/?s={search_term_string}"},"query-input":"required name=search_term_string"}],"inLanguage":"fr-CA"},{"@type":"Organization","@id":"https:\/\/news.canadamotorjobs.com\/#organization","name":"Canada Motor Jobs","url":"https:\/\/news.canadamotorjobs.com\/","logo":{"@type":"ImageObject","inLanguage":"fr-CA","@id":"https:\/\/news.canadamotorjobs.com\/#\/schema\/logo\/image\/","url":"https:\/\/news.canadamotorjobs.com\/wp-content\/uploads\/2022\/10\/logo-canada-motor-jobs-1.png","contentUrl":"https:\/\/news.canadamotorjobs.com\/wp-content\/uploads\/2022\/10\/logo-canada-motor-jobs-1.png","width":800,"height":400,"caption":"Canada Motor Jobs"},"image":{"@id":"https:\/\/news.canadamotorjobs.com\/#\/schema\/logo\/image\/"},"sameAs":["https:\/\/www.facebook.com\/canadamotorjobs\/","https:\/\/x.com\/canadamotorjobs","https:\/\/www.instagram.com\/canadamotorjobs\/","https:\/\/www.linkedin.com\/company\/canadamotorjobs"]},{"@type":"Person","@id":"https:\/\/news.canadamotorjobs.com\/#\/schema\/person\/51793d1f87d44011d7bcc2ed99269a90","name":"Benoit Charette","image":{"@type":"ImageObject","inLanguage":"fr-CA","@id":"https:\/\/news.canadamotorjobs.com\/#\/schema\/person\/image\/","url":"https:\/\/secure.gravatar.com\/avatar\/45f3d2eebcccd909668d7ce7ea7267b6?s=96&d=mm&r=g","contentUrl":"https:\/\/secure.gravatar.com\/avatar\/45f3d2eebcccd909668d7ce7ea7267b6?s=96&d=mm&r=g","caption":"Benoit Charette"},"description":"Benoit Charette \/ Propri\u00e9taire et r\u00e9dacteur en chef Benoit Charette pratique le journalisme automobile depuis bient\u00f4t 30 ans. Il a fait ses classes au c\u00f4t\u00e9 de Daniel H\u00e9raud et au Carnet de route de 1992 \u00e0 2001. Il est fondateur, copropri\u00e9taire et r\u00e9dacteur en chef de L\u2019Annuel de l\u2019automobile, qu\u2019il publie depuis 2001. Il a anim\u00e9 les \u00e9missions RPM et RPM+ sur V et les L\u00e9gendes de la route sur Historia. \u00c0 la radio depuis 1986, il reprend l\u2019antenne cette ann\u00e9e sur les ondes de Cogeco et participe pour la deuxi\u00e8me ann\u00e9e \u00e0 l\u2019\u00e9mission Passion Auto sur RDS en plus de mettre en ligne le site Web officiel de L\u2019Annuel de l\u2019automobile sur annuelauto.ca.","sameAs":["https:\/\/annuelauto.ca\/"],"url":"https:\/\/news.canadamotorjobs.com\/fr\/author\/benoit-charette\/"}]}},"_links":{"self":[{"href":"https:\/\/news.canadamotorjobs.com\/fr\/wp-json\/wp\/v2\/posts\/154261"}],"collection":[{"href":"https:\/\/news.canadamotorjobs.com\/fr\/wp-json\/wp\/v2\/posts"}],"about":[{"href":"https:\/\/news.canadamotorjobs.com\/fr\/wp-json\/wp\/v2\/types\/post"}],"author":[{"embeddable":true,"href":"https:\/\/news.canadamotorjobs.com\/fr\/wp-json\/wp\/v2\/users\/8"}],"replies":[{"embeddable":true,"href":"https:\/\/news.canadamotorjobs.com\/fr\/wp-json\/wp\/v2\/comments?post=154261"}],"version-history":[{"count":2,"href":"https:\/\/news.canadamotorjobs.com\/fr\/wp-json\/wp\/v2\/posts\/154261\/revisions"}],"predecessor-version":[{"id":154265,"href":"https:\/\/news.canadamotorjobs.com\/fr\/wp-json\/wp\/v2\/posts\/154261\/revisions\/154265"}],"wp:featuredmedia":[{"embeddable":true,"href":"https:\/\/news.canadamotorjobs.com\/fr\/wp-json\/wp\/v2\/media\/154263"}],"wp:attachment":[{"href":"https:\/\/news.canadamotorjobs.com\/fr\/wp-json\/wp\/v2\/media?parent=154261"}],"wp:term":[{"taxonomy":"category","embeddable":true,"href":"https:\/\/news.canadamotorjobs.com\/fr\/wp-json\/wp\/v2\/categories?post=154261"},{"taxonomy":"post_tag","embeddable":true,"href":"https:\/\/news.canadamotorjobs.com\/fr\/wp-json\/wp\/v2\/tags?post=154261"}],"curies":[{"name":"wp","href":"https:\/\/api.w.org\/{rel}","templated":true}]}}