{"id":154192,"date":"2023-11-20T08:38:52","date_gmt":"2023-11-20T13:38:52","guid":{"rendered":"https:\/\/news.canadamotorjobs.com\/?p=154192"},"modified":"2023-11-20T08:44:58","modified_gmt":"2023-11-20T13:44:58","slug":"une-enquete-sur-63-millions-de-vehicules-kia-et-hyundai","status":"publish","type":"post","link":"https:\/\/news.canadamotorjobs.com\/fr\/une-enquete-sur-63-millions-de-vehicules-kia-et-hyundai\/","title":{"rendered":"Une enqu\u00eate sur 6,3 millions de v\u00e9hicules Kia et Hyundai"},"content":{"rendered":"<\/p>\n<p>La NHTSA enqu\u00eate sur 16 rappels de Hyundai et Kia concernant 6,3 millions de v\u00e9hicules. L\u2019organisme \u00a0examinera 8 rappels de chaque constructeur automobile concernant des modules de syst\u00e8me de freinage antiblocage ou des unit\u00e9s de contr\u00f4le \u00e9lectronique hydraulique fabriqu\u00e9s par le fournisseur cor\u00e9en Mando.<\/p>\n<h3>La rectitude des rappels mise en cause<\/h3>\n<p>\nLes autorit\u00e9s am\u00e9ricaines de r\u00e9glementation de la s\u00e9curit\u00e9 automobile enqu\u00eatent sur des divergences dans les rapports de 16 rappels \u00e9mis par Hyundai et Kia concernant des syst\u00e8mes de freinage antiblocage d\u00e9fectueux li\u00e9s \u00e0 un risque d&#8217;incendie. Les 16 rapports de rappel &#8220;contiennent des descriptions de d\u00e9fauts et des descriptions de rem\u00e8des diff\u00e9rents pour des \u00e9quipements identiques ou similaires fournis par Mando&#8221;, selon un document d\u00e9taillant l&#8217;enqu\u00eate.<\/p>\n<h3>On revoit la m\u00e9thodologie<\/h3>\n<p>\nLes rappels ont \u00e9t\u00e9 effectu\u00e9s entre 2016 et 2023 et concernent plus de 6,3 millions de v\u00e9hicules aux \u00c9tats-Unis. Dans ces rappels, les constructeurs automobiles conseillent aux propri\u00e9taires de garer les v\u00e9hicules concern\u00e9s \u00e0 l&#8217;ext\u00e9rieur et \u00e0 l&#8217;\u00e9cart des structures.<\/p>\n<p>Deux des rappels &#8211; \u00e9mis s\u00e9par\u00e9ment par Hyundai et Kia &#8211; concernent plus de 3 millions de v\u00e9hicules combin\u00e9s. La NHTSA a d\u00e9clar\u00e9 que l&#8217;enqu\u00eate &#8211; connue sous le nom de &#8220;requ\u00eate d&#8217;audit&#8221; &#8211; a \u00e9t\u00e9 ouverte pour \u00e9valuer la rapidit\u00e9 et la port\u00e9e des rappels, ainsi que pour d\u00e9terminer si les constructeurs automobiles ont respect\u00e9 les exigences en mati\u00e8re de rapports. L&#8217;agence souhaite \u00e9galement savoir pourquoi les descriptions des d\u00e9fauts et des r\u00e9parations diff\u00e8rent.<\/p>\n<p>Selon la NHTSA, une demande d&#8217;audit est un type d&#8217;enqu\u00eate administrative utilis\u00e9 par l&#8217;agence pour d\u00e9terminer si une entreprise s&#8217;est conform\u00e9e \u00e0 ses obligations l\u00e9gales.<\/p>\n<p>Si les conclusions ne sont pas satisfaisantes, Kia et Hyundai devront proc\u00e9der \u00e0 de nouveaux rappels.<\/p>\n<p>\u00a0<\/p>\n<p>Avec des renseignements d&#8217;Automotive News<\/p>\n<p>Le texte <a rel=\"nofollow\" href=\"https:\/\/annuelauto.ca\/une-enquete-sur-63-millions-de-vehicules-kia-et-hyundai\/\">Une enqu\u00eate sur 6,3 millions de v\u00e9hicules Kia et Hyundai<\/a> provient de <a rel=\"nofollow\" href=\"https:\/\/annuelauto.ca\">L&#8217;annuel de l&#8217;automobile &#8211; Actualit\u00e9 automobile<\/a><\/p>\n<p><\/p>\n","protected":false},"excerpt":{"rendered":"<p>La NHTSA enqu\u00eate sur 16 rappels de Hyundai et Kia concernant 6,3 millions de v\u00e9hicules. L\u2019organisme \u00a0examinera 8 rappels de chaque constructeur automobile concernant des modules de syst\u00e8me de freinage antiblocage ou des unit\u00e9s de contr\u00f4le \u00e9lectronique hydraulique fabriqu\u00e9s par le fournisseur cor\u00e9en Mando. La rectitude des rappels mise en cause Les autorit\u00e9s am\u00e9ricaines de [&hellip;]<\/p>\n","protected":false},"author":8,"featured_media":154194,"comment_status":"close","ping_status":"closed","sticky":false,"template":"","format":"standard","meta":{"_monsterinsights_skip_tracking":false,"_monsterinsights_sitenote_active":false,"_monsterinsights_sitenote_note":"","_monsterinsights_sitenote_category":0,"footnotes":""},"categories":[101],"tags":[],"yoast_head":"<!-- This site is optimized with the Yoast SEO plugin v23.2 - https:\/\/yoast.com\/wordpress\/plugins\/seo\/ -->\n<title>Une enqu\u00eate sur 6,3 millions de v\u00e9hicules Kia et Hyundai - CanadaMotorJobs.com<\/title>\n<meta name=\"description\" content=\"Une enqu\u00eate sur 6,3 millions de v\u00e9hicules Kia et Hyundai - Benoit Charette - Annuel automobile - CanadaMotorJobs.com.\" \/>\n<meta name=\"robots\" content=\"index, follow, max-snippet:-1, max-image-preview:large, max-video-preview:-1\" \/>\n<meta property=\"og:locale\" content=\"fr_CA\" \/>\n<meta property=\"og:type\" content=\"article\" \/>\n<meta property=\"og:title\" content=\"Une enqu\u00eate sur 6,3 millions de v\u00e9hicules Kia et Hyundai - CanadaMotorJobs.com\" \/>\n<meta property=\"og:description\" content=\"Une enqu\u00eate sur 6,3 millions de v\u00e9hicules Kia et Hyundai - Benoit Charette - Annuel automobile - CanadaMotorJobs.com.\" \/>\n<meta property=\"og:url\" content=\"https:\/\/news.canadamotorjobs.com\/fr\/une-enquete-sur-63-millions-de-vehicules-kia-et-hyundai\/\" \/>\n<meta property=\"og:site_name\" content=\"CanadaMotorJobs.com\" \/>\n<meta property=\"article:publisher\" content=\"https:\/\/www.facebook.com\/canadamotorjobs\/\" \/>\n<meta property=\"article:published_time\" content=\"2023-11-20T13:38:52+00:00\" \/>\n<meta property=\"article:modified_time\" content=\"2023-11-20T13:44:58+00:00\" \/>\n<meta property=\"og:image\" content=\"https:\/\/news.canadamotorjobs.com\/wp-content\/uploads\/2023\/11\/Hyundai-Kia-logos.jpg\" \/>\n\t<meta property=\"og:image:width\" content=\"950\" \/>\n\t<meta property=\"og:image:height\" content=\"633\" \/>\n\t<meta property=\"og:image:type\" content=\"image\/jpeg\" \/>\n<meta name=\"author\" content=\"Benoit Charette\" \/>\n<meta name=\"twitter:card\" content=\"summary_large_image\" \/>\n<meta name=\"twitter:creator\" content=\"@canadamotorjobs\" \/>\n<meta name=\"twitter:site\" content=\"@canadamotorjobs\" \/>\n<meta name=\"twitter:label1\" content=\"\u00c9crit par\" \/>\n\t<meta name=\"twitter:data1\" content=\"Benoit Charette\" \/>\n\t<meta name=\"twitter:label2\" content=\"Estimation du temps de lecture\" \/>\n\t<meta name=\"twitter:data2\" content=\"2 minutes\" \/>\n<!-- \/ Yoast SEO plugin. -->","yoast_head_json":{"title":"Une enqu\u00eate sur 6,3 millions de v\u00e9hicules Kia et Hyundai - CanadaMotorJobs.com","description":"Une enqu\u00eate sur 6,3 millions de v\u00e9hicules Kia et Hyundai - Benoit Charette - Annuel automobile - CanadaMotorJobs.com.","robots":{"index":"index","follow":"follow","max-snippet":"max-snippet:-1","max-image-preview":"max-image-preview:large","max-video-preview":"max-video-preview:-1"},"og_locale":"fr_CA","og_type":"article","og_title":"Une enqu\u00eate sur 6,3 millions de v\u00e9hicules Kia et Hyundai - CanadaMotorJobs.com","og_description":"Une enqu\u00eate sur 6,3 millions de v\u00e9hicules Kia et Hyundai - Benoit Charette - Annuel automobile - CanadaMotorJobs.com.","og_url":"https:\/\/news.canadamotorjobs.com\/fr\/une-enquete-sur-63-millions-de-vehicules-kia-et-hyundai\/","og_site_name":"CanadaMotorJobs.com","article_publisher":"https:\/\/www.facebook.com\/canadamotorjobs\/","article_published_time":"2023-11-20T13:38:52+00:00","article_modified_time":"2023-11-20T13:44:58+00:00","og_image":[{"width":950,"height":633,"url":"https:\/\/news.canadamotorjobs.com\/wp-content\/uploads\/2023\/11\/Hyundai-Kia-logos.jpg","type":"image\/jpeg"}],"author":"Benoit Charette","twitter_card":"summary_large_image","twitter_creator":"@canadamotorjobs","twitter_site":"@canadamotorjobs","twitter_misc":{"\u00c9crit par":"Benoit Charette","Estimation du temps de lecture":"2 minutes"},"schema":{"@context":"https:\/\/schema.org","@graph":[{"@type":"Article","@id":"https:\/\/news.canadamotorjobs.com\/fr\/une-enquete-sur-63-millions-de-vehicules-kia-et-hyundai\/#article","isPartOf":{"@id":"https:\/\/news.canadamotorjobs.com\/fr\/une-enquete-sur-63-millions-de-vehicules-kia-et-hyundai\/"},"author":{"name":"Benoit Charette","@id":"https:\/\/news.canadamotorjobs.com\/#\/schema\/person\/51793d1f87d44011d7bcc2ed99269a90"},"headline":"Une enqu\u00eate sur 6,3 millions de v\u00e9hicules Kia et Hyundai","datePublished":"2023-11-20T13:38:52+00:00","dateModified":"2023-11-20T13:44:58+00:00","mainEntityOfPage":{"@id":"https:\/\/news.canadamotorjobs.com\/fr\/une-enquete-sur-63-millions-de-vehicules-kia-et-hyundai\/"},"wordCount":359,"publisher":{"@id":"https:\/\/news.canadamotorjobs.com\/#organization"},"image":{"@id":"https:\/\/news.canadamotorjobs.com\/fr\/une-enquete-sur-63-millions-de-vehicules-kia-et-hyundai\/#primaryimage"},"thumbnailUrl":"https:\/\/news.canadamotorjobs.com\/wp-content\/uploads\/2023\/11\/Hyundai-Kia-logos.jpg","articleSection":["Annuel automobile"],"inLanguage":"fr-CA"},{"@type":"WebPage","@id":"https:\/\/news.canadamotorjobs.com\/fr\/une-enquete-sur-63-millions-de-vehicules-kia-et-hyundai\/","url":"https:\/\/news.canadamotorjobs.com\/fr\/une-enquete-sur-63-millions-de-vehicules-kia-et-hyundai\/","name":"Une enqu\u00eate sur 6,3 millions de v\u00e9hicules Kia et Hyundai - CanadaMotorJobs.com","isPartOf":{"@id":"https:\/\/news.canadamotorjobs.com\/#website"},"primaryImageOfPage":{"@id":"https:\/\/news.canadamotorjobs.com\/fr\/une-enquete-sur-63-millions-de-vehicules-kia-et-hyundai\/#primaryimage"},"image":{"@id":"https:\/\/news.canadamotorjobs.com\/fr\/une-enquete-sur-63-millions-de-vehicules-kia-et-hyundai\/#primaryimage"},"thumbnailUrl":"https:\/\/news.canadamotorjobs.com\/wp-content\/uploads\/2023\/11\/Hyundai-Kia-logos.jpg","datePublished":"2023-11-20T13:38:52+00:00","dateModified":"2023-11-20T13:44:58+00:00","description":"Une enqu\u00eate sur 6,3 millions de v\u00e9hicules Kia et Hyundai - Benoit Charette - Annuel automobile - CanadaMotorJobs.com.","breadcrumb":{"@id":"https:\/\/news.canadamotorjobs.com\/fr\/une-enquete-sur-63-millions-de-vehicules-kia-et-hyundai\/#breadcrumb"},"inLanguage":"fr-CA","potentialAction":[{"@type":"ReadAction","target":["https:\/\/news.canadamotorjobs.com\/fr\/une-enquete-sur-63-millions-de-vehicules-kia-et-hyundai\/"]}]},{"@type":"ImageObject","inLanguage":"fr-CA","@id":"https:\/\/news.canadamotorjobs.com\/fr\/une-enquete-sur-63-millions-de-vehicules-kia-et-hyundai\/#primaryimage","url":"https:\/\/news.canadamotorjobs.com\/wp-content\/uploads\/2023\/11\/Hyundai-Kia-logos.jpg","contentUrl":"https:\/\/news.canadamotorjobs.com\/wp-content\/uploads\/2023\/11\/Hyundai-Kia-logos.jpg","width":950,"height":633},{"@type":"BreadcrumbList","@id":"https:\/\/news.canadamotorjobs.com\/fr\/une-enquete-sur-63-millions-de-vehicules-kia-et-hyundai\/#breadcrumb","itemListElement":[{"@type":"ListItem","position":1,"name":"Home","item":"https:\/\/news.canadamotorjobs.com\/fr\/blog\/"},{"@type":"ListItem","position":2,"name":"Une enqu\u00eate sur 6,3 millions de v\u00e9hicules Kia et Hyundai"}]},{"@type":"WebSite","@id":"https:\/\/news.canadamotorjobs.com\/#website","url":"https:\/\/news.canadamotorjobs.com\/","name":"CanadaMotorJobs.com","description":"Automotive Jobs","publisher":{"@id":"https:\/\/news.canadamotorjobs.com\/#organization"},"potentialAction":[{"@type":"SearchAction","target":{"@type":"EntryPoint","urlTemplate":"https:\/\/news.canadamotorjobs.com\/?s={search_term_string}"},"query-input":"required name=search_term_string"}],"inLanguage":"fr-CA"},{"@type":"Organization","@id":"https:\/\/news.canadamotorjobs.com\/#organization","name":"Canada Motor Jobs","url":"https:\/\/news.canadamotorjobs.com\/","logo":{"@type":"ImageObject","inLanguage":"fr-CA","@id":"https:\/\/news.canadamotorjobs.com\/#\/schema\/logo\/image\/","url":"https:\/\/news.canadamotorjobs.com\/wp-content\/uploads\/2022\/10\/logo-canada-motor-jobs-1.png","contentUrl":"https:\/\/news.canadamotorjobs.com\/wp-content\/uploads\/2022\/10\/logo-canada-motor-jobs-1.png","width":800,"height":400,"caption":"Canada Motor Jobs"},"image":{"@id":"https:\/\/news.canadamotorjobs.com\/#\/schema\/logo\/image\/"},"sameAs":["https:\/\/www.facebook.com\/canadamotorjobs\/","https:\/\/x.com\/canadamotorjobs","https:\/\/www.instagram.com\/canadamotorjobs\/","https:\/\/www.linkedin.com\/company\/canadamotorjobs"]},{"@type":"Person","@id":"https:\/\/news.canadamotorjobs.com\/#\/schema\/person\/51793d1f87d44011d7bcc2ed99269a90","name":"Benoit Charette","image":{"@type":"ImageObject","inLanguage":"fr-CA","@id":"https:\/\/news.canadamotorjobs.com\/#\/schema\/person\/image\/","url":"https:\/\/secure.gravatar.com\/avatar\/45f3d2eebcccd909668d7ce7ea7267b6?s=96&d=mm&r=g","contentUrl":"https:\/\/secure.gravatar.com\/avatar\/45f3d2eebcccd909668d7ce7ea7267b6?s=96&d=mm&r=g","caption":"Benoit Charette"},"description":"Benoit Charette \/ Propri\u00e9taire et r\u00e9dacteur en chef Benoit Charette pratique le journalisme automobile depuis bient\u00f4t 30 ans. Il a fait ses classes au c\u00f4t\u00e9 de Daniel H\u00e9raud et au Carnet de route de 1992 \u00e0 2001. Il est fondateur, copropri\u00e9taire et r\u00e9dacteur en chef de L\u2019Annuel de l\u2019automobile, qu\u2019il publie depuis 2001. Il a anim\u00e9 les \u00e9missions RPM et RPM+ sur V et les L\u00e9gendes de la route sur Historia. \u00c0 la radio depuis 1986, il reprend l\u2019antenne cette ann\u00e9e sur les ondes de Cogeco et participe pour la deuxi\u00e8me ann\u00e9e \u00e0 l\u2019\u00e9mission Passion Auto sur RDS en plus de mettre en ligne le site Web officiel de L\u2019Annuel de l\u2019automobile sur annuelauto.ca.","sameAs":["https:\/\/annuelauto.ca\/"],"url":"https:\/\/news.canadamotorjobs.com\/fr\/author\/benoit-charette\/"}]}},"_links":{"self":[{"href":"https:\/\/news.canadamotorjobs.com\/fr\/wp-json\/wp\/v2\/posts\/154192"}],"collection":[{"href":"https:\/\/news.canadamotorjobs.com\/fr\/wp-json\/wp\/v2\/posts"}],"about":[{"href":"https:\/\/news.canadamotorjobs.com\/fr\/wp-json\/wp\/v2\/types\/post"}],"author":[{"embeddable":true,"href":"https:\/\/news.canadamotorjobs.com\/fr\/wp-json\/wp\/v2\/users\/8"}],"replies":[{"embeddable":true,"href":"https:\/\/news.canadamotorjobs.com\/fr\/wp-json\/wp\/v2\/comments?post=154192"}],"version-history":[{"count":2,"href":"https:\/\/news.canadamotorjobs.com\/fr\/wp-json\/wp\/v2\/posts\/154192\/revisions"}],"predecessor-version":[{"id":154196,"href":"https:\/\/news.canadamotorjobs.com\/fr\/wp-json\/wp\/v2\/posts\/154192\/revisions\/154196"}],"wp:featuredmedia":[{"embeddable":true,"href":"https:\/\/news.canadamotorjobs.com\/fr\/wp-json\/wp\/v2\/media\/154194"}],"wp:attachment":[{"href":"https:\/\/news.canadamotorjobs.com\/fr\/wp-json\/wp\/v2\/media?parent=154192"}],"wp:term":[{"taxonomy":"category","embeddable":true,"href":"https:\/\/news.canadamotorjobs.com\/fr\/wp-json\/wp\/v2\/categories?post=154192"},{"taxonomy":"post_tag","embeddable":true,"href":"https:\/\/news.canadamotorjobs.com\/fr\/wp-json\/wp\/v2\/tags?post=154192"}],"curies":[{"name":"wp","href":"https:\/\/api.w.org\/{rel}","templated":true}]}}