{"id":154169,"date":"2023-11-20T08:20:33","date_gmt":"2023-11-20T13:20:33","guid":{"rendered":"https:\/\/news.canadamotorjobs.com\/?p=154169"},"modified":"2023-11-20T08:29:23","modified_gmt":"2023-11-20T13:29:23","slug":"essai-routier-de-la-bmw-530i","status":"publish","type":"post","link":"https:\/\/news.canadamotorjobs.com\/fr\/essai-routier-de-la-bmw-530i\/","title":{"rendered":"Essai routier de la BMW 530i"},"content":{"rendered":"<\/p>\n<p>Spartenburg, Caroline du Sud-\u00a0 Lors du r\u00e9cent Test Fest de BMW au si\u00e8ge social de la marque \u00e0 Spartenburg, nous avons fait la connaissance de la nouvelle S\u00e9rie 5 d\u2019entr\u00e9e de gamme avec ;le moteur 4 cylindres de 255 chevaux. Nous avons \u00e9t\u00e9 agr\u00e9ablement surpris par son caract\u00e8re plaisant \u00e0 la conduite, d\u00e9passant nos esp\u00e9rances.<\/p>\n<h3>Une nouvelle g\u00e9n\u00e9ration<\/h3>\n<p>\nLa derni\u00e8re g\u00e9n\u00e9ration de la BMW S\u00e9rie 5, arriv\u00e9e dans sa huiti\u00e8me incarnation, offre une gamme compl\u00e8te de motorisations. En bas de l&#8217;\u00e9chelle, la discr\u00e8te 530i sDrive, \u00e9quip\u00e9e d&#8217;un moteur quatre cylindres turbo qui d\u00e9bute autour de 70 000\u00a0$ avant les frais de transport.<\/p>\n<h3>Nerveuse et frugale<\/h3>\n<p>\nNotre p\u00e9riple de plus de 100\u00a0km sur les routes de campagne de la Caroline du Sud a fait montre d\u2019une voiture fort agr\u00e9able \u00e0 conduire, tr\u00e8s silencieuse et bien \u00e9quip\u00e9e. Notre trajet majoritairement compos\u00e9 de routes secondaires s\u2019est sold\u00e9 par une consommation moyenne de 6.8 litres aux 100\u00a0km. Il faut remercier la derni\u00e8re version du quatre cylindres en ligne B48 de 2,0 litres, tirant parti d&#8217;un turbo et d&#8217;un syst\u00e8me hybride l\u00e9ger 48V pour offrir 255 chevaux et 295\u00a0lb-pi de couple. Cette puissance est associ\u00e9e \u00e0 une bo\u00eete automatique \u00e0 huit rapports, envoyant la puissance aux quatre roues. Une version \u00e0 roues motrices arri\u00e8re existe aux \u00c9tats-Unis, mais ne vient pas chez nous. Ce qui surprend le plus est l\u2019\u00e9quilibre de conduite, le couple abondant qui donne l\u2019impression d\u2019une plus imposante motorisation et la tr\u00e8s bonne consommation sur notre parcours mixte. Comparativement \u00e0 ses rivales de Mercedes-Benz et Audi, la 530i offre plus de couple, tout en \u00e9tant consid\u00e9rablement plus l\u00e9g\u00e8re.<\/p>\n<h3>Habitacle accueillant<\/h3>\n<p>\nL&#8217;int\u00e9rieur offre un espace g\u00e9n\u00e9reux pour les occupants, avec des si\u00e8ges confortables et un toit ouvrant de s\u00e9rie. Les caract\u00e9ristiques modernes et \u00e9l\u00e9gantes du tableau de bord, accompagn\u00e9es d&#8217;un large \u00e9ventail de technologies d&#8217;aide \u00e0 la conduite, confirment le souci de modernit\u00e9 de la voiture, bien que certaines fonctionnalit\u00e9s haut de gamme puissent manquer. La 530i se r\u00e9v\u00e8le vive et r\u00e9active \u00e0 l&#8217;acc\u00e9l\u00e9ration, avec un couple puissant disponible sur une large plage de r\u00e9gimes. Son agilit\u00e9 au volant d\u00e9passe m\u00eame celle de la i5, bien que cette derni\u00e8re soit plus rapide dans l&#8217;ensemble, mais aussi plus imposante. Les deux rang\u00e9es b\u00e9n\u00e9ficient d&#8217;un espace pour la t\u00eate et les jambes sup\u00e9rieur \u00e0 la moyenne. La sellerie est un m\u00e9lange de tissu et de similicuir qui est agr\u00e9able au toucher et qui ajoute un peu plus de modernit\u00e9 que ne le ferait l&#8217;un ou l&#8217;autre de ces \u00e9l\u00e9ments pris isol\u00e9ment. Les si\u00e8ges sport avant de la version M Pack que nous avons test\u00e9e sont confortables sans \u00eatre trop contraignants, tandis que le toit ouvrant inclinable et coulissant de s\u00e9rie ajoute une touche de luxe \u00e0 l&#8217;habitacle qui am\u00e9liore l&#8217;exp\u00e9rience pour tout le monde.<\/p>\n<h3>Technologie<\/h3>\n<p>\nChaque version dispose d&#8217;un tableau de bord moderne et \u00e9l\u00e9gant, avec un grand \u00e9cran d&#8217;infodivertissement de 12,3 pouces dot\u00e9 du syst\u00e8me iDrive 8.5. Les occupants avant peuvent contr\u00f4ler le syst\u00e8me \u00e0 l&#8217;aide de leur voix, de simples gestes de la main, des commandes physiques iDrive ou de l&#8217;\u00e9cran tactile lui-m\u00eame. L&#8217;\u00e9cran d&#8217;information du conducteur de 14,9 pouces est du m\u00eame type que celui de l&#8217;i5. Il est configurable tout comme le syst\u00e8me d&#8217;infodivertissement principal et s&#8217;am\u00e9liore encore avec l&#8217;affichage t\u00eate haute disponible en option.<\/p>\n<h3>Sur la route<\/h3>\n<p>\nAvec un poids de 1832\u00a0kg, la 5 conserve une certaine l\u00e9g\u00e8ret\u00e9 sur la route. Toutes les nouvelles s\u00e9ries 5 b\u00e9n\u00e9ficient de la m\u00eame direction assist\u00e9e \u00e9lectrom\u00e9canique, ce qui signifie que m\u00eame si le rapport est l\u00e9g\u00e8rement diff\u00e9rent, tous les mod\u00e8les, y compris la 530i sDrive, b\u00e9n\u00e9ficient d&#8217;un retour d&#8217;information communicatif et de r\u00e9ponses pr\u00e9cises aux sollicitations. Ce qui donne une belle complicit\u00e9 entre le conducteur et la voiture, un trait qui a fait la r\u00e9putation de la marque. Notre mod\u00e8le \u00e0 l\u2019essai profitait aussi de fonctions comme le r\u00e9gulateur de vitesse adaptatif, l&#8217;aide au centrage dans la voie et la d\u00e9tection active des angles morts avec une grande comp\u00e9tence. Le mod\u00e8le offre aussi une nouvelle fonction qui se nomme l\u2019assistant d\u2019autoroute, qui permet au conducteur d&#8217;accepter un changement de voie sugg\u00e9r\u00e9 simplement en regardant le r\u00e9troviseur correspondant. Une fonction aussi disponible aussi dans les mod\u00e8les i5.<\/p>\n<h3>Conclusion<\/h3>\n<p>\nS\u00e9dentaire et calme sur la route, la 530 est facile \u00e0 conduire. Dans les endroits plus \u00e9troits, comme les stationnements, elle est facile \u00e0 man\u0153uvrer et le syst\u00e8me de cam\u00e9ra \u00e0 360\u00b0 au plafond, disponible en option, ne fait qu&#8217;ajouter \u00e0 cette facilit\u00e9. La nouvelle S\u00e9rie 5 est plus moderne, confortable et facile \u00e0 conduire qu\u2019une Classe E de Mercedes et plus attirante qu\u2019une Audi A6 tout en disposant d\u2019une conduite plus engag\u00e9e, d\u2019une m\u00e9canique moins gourmande. Notre seul regret est de ne pas recevoir la magnifique version familiale qui sera en vente en Europe. La nouvelle S\u00e9rie 5 place une fois de plus la barre un peu plus haute dans ce segment.<\/p>\n<h3>Forces<\/h3>\n<p>\nConduite inspirante<\/p>\n<p>Moteur nerveux<\/p>\n<p>Consommation raisonnable<\/p>\n<h3>Faiblesses<\/h3>\n<p>\nPas de version familiale chez nous<\/p>\n<p>Syst\u00e8me iDrive un peu compliqu\u00e9 au d\u00e9but<\/p>\n<p>\u00a0<\/p>\n<p>\u00a0<\/p>\n<p>\u00a0<\/p>\n<p>\u00a0<\/p>\n<p>\u00a0<\/p>\n<p>\u00a0<\/p>\n<p>Le texte <a rel=\"nofollow\" href=\"https:\/\/annuelauto.ca\/essai-routier-de-la-bmw-530i\/\">Essai routier de la BMW 530i<\/a> provient de <a rel=\"nofollow\" href=\"https:\/\/annuelauto.ca\">L&#8217;annuel de l&#8217;automobile &#8211; Actualit\u00e9 automobile<\/a><\/p>\n<p><\/p>\n","protected":false},"excerpt":{"rendered":"<p>Spartenburg, Caroline du Sud-\u00a0 Lors du r\u00e9cent Test Fest de BMW au si\u00e8ge social de la marque \u00e0 Spartenburg, nous avons fait la connaissance de la nouvelle S\u00e9rie 5 d\u2019entr\u00e9e de gamme avec ;le moteur 4 cylindres de 255 chevaux. Nous avons \u00e9t\u00e9 agr\u00e9ablement surpris par son caract\u00e8re plaisant \u00e0 la conduite, d\u00e9passant nos esp\u00e9rances. [&hellip;]<\/p>\n","protected":false},"author":8,"featured_media":154171,"comment_status":"close","ping_status":"closed","sticky":false,"template":"","format":"standard","meta":{"_monsterinsights_skip_tracking":false,"_monsterinsights_sitenote_active":false,"_monsterinsights_sitenote_note":"","_monsterinsights_sitenote_category":0,"footnotes":""},"categories":[101],"tags":[],"yoast_head":"<!-- This site is optimized with the Yoast SEO plugin v23.2 - https:\/\/yoast.com\/wordpress\/plugins\/seo\/ -->\n<title>Essai routier de la BMW 530i - CanadaMotorJobs.com<\/title>\n<meta name=\"description\" content=\"Essai routier de la BMW 530i - Benoit Charette - Annuel automobile - CanadaMotorJobs.com.\" \/>\n<meta name=\"robots\" content=\"index, follow, max-snippet:-1, max-image-preview:large, max-video-preview:-1\" \/>\n<meta property=\"og:locale\" content=\"fr_CA\" \/>\n<meta property=\"og:type\" content=\"article\" \/>\n<meta property=\"og:title\" content=\"Essai routier de la BMW 530i - CanadaMotorJobs.com\" \/>\n<meta property=\"og:description\" content=\"Essai routier de la BMW 530i - Benoit Charette - Annuel automobile - CanadaMotorJobs.com.\" \/>\n<meta property=\"og:url\" content=\"https:\/\/news.canadamotorjobs.com\/fr\/essai-routier-de-la-bmw-530i\/\" \/>\n<meta property=\"og:site_name\" content=\"CanadaMotorJobs.com\" \/>\n<meta property=\"article:publisher\" content=\"https:\/\/www.facebook.com\/canadamotorjobs\/\" \/>\n<meta property=\"article:published_time\" content=\"2023-11-20T13:20:33+00:00\" \/>\n<meta property=\"article:modified_time\" content=\"2023-11-20T13:29:23+00:00\" \/>\n<meta property=\"og:image\" content=\"https:\/\/news.canadamotorjobs.com\/wp-content\/uploads\/2023\/11\/IMG_7304.jpg\" \/>\n\t<meta property=\"og:image:width\" content=\"1067\" \/>\n\t<meta property=\"og:image:height\" content=\"800\" \/>\n\t<meta property=\"og:image:type\" content=\"image\/jpeg\" \/>\n<meta name=\"author\" content=\"Benoit Charette\" \/>\n<meta name=\"twitter:card\" content=\"summary_large_image\" \/>\n<meta name=\"twitter:creator\" content=\"@canadamotorjobs\" \/>\n<meta name=\"twitter:site\" content=\"@canadamotorjobs\" \/>\n<meta name=\"twitter:label1\" content=\"\u00c9crit par\" \/>\n\t<meta name=\"twitter:data1\" content=\"Benoit Charette\" \/>\n\t<meta name=\"twitter:label2\" content=\"Estimation du temps de lecture\" \/>\n\t<meta name=\"twitter:data2\" content=\"5 minutes\" \/>\n<!-- \/ Yoast SEO plugin. -->","yoast_head_json":{"title":"Essai routier de la BMW 530i - CanadaMotorJobs.com","description":"Essai routier de la BMW 530i - Benoit Charette - Annuel automobile - CanadaMotorJobs.com.","robots":{"index":"index","follow":"follow","max-snippet":"max-snippet:-1","max-image-preview":"max-image-preview:large","max-video-preview":"max-video-preview:-1"},"og_locale":"fr_CA","og_type":"article","og_title":"Essai routier de la BMW 530i - CanadaMotorJobs.com","og_description":"Essai routier de la BMW 530i - Benoit Charette - Annuel automobile - CanadaMotorJobs.com.","og_url":"https:\/\/news.canadamotorjobs.com\/fr\/essai-routier-de-la-bmw-530i\/","og_site_name":"CanadaMotorJobs.com","article_publisher":"https:\/\/www.facebook.com\/canadamotorjobs\/","article_published_time":"2023-11-20T13:20:33+00:00","article_modified_time":"2023-11-20T13:29:23+00:00","og_image":[{"width":1067,"height":800,"url":"https:\/\/news.canadamotorjobs.com\/wp-content\/uploads\/2023\/11\/IMG_7304.jpg","type":"image\/jpeg"}],"author":"Benoit Charette","twitter_card":"summary_large_image","twitter_creator":"@canadamotorjobs","twitter_site":"@canadamotorjobs","twitter_misc":{"\u00c9crit par":"Benoit Charette","Estimation du temps de lecture":"5 minutes"},"schema":{"@context":"https:\/\/schema.org","@graph":[{"@type":"Article","@id":"https:\/\/news.canadamotorjobs.com\/fr\/essai-routier-de-la-bmw-530i\/#article","isPartOf":{"@id":"https:\/\/news.canadamotorjobs.com\/fr\/essai-routier-de-la-bmw-530i\/"},"author":{"name":"Benoit Charette","@id":"https:\/\/news.canadamotorjobs.com\/#\/schema\/person\/51793d1f87d44011d7bcc2ed99269a90"},"headline":"Essai routier de la BMW 530i","datePublished":"2023-11-20T13:20:33+00:00","dateModified":"2023-11-20T13:29:23+00:00","mainEntityOfPage":{"@id":"https:\/\/news.canadamotorjobs.com\/fr\/essai-routier-de-la-bmw-530i\/"},"wordCount":969,"publisher":{"@id":"https:\/\/news.canadamotorjobs.com\/#organization"},"image":{"@id":"https:\/\/news.canadamotorjobs.com\/fr\/essai-routier-de-la-bmw-530i\/#primaryimage"},"thumbnailUrl":"https:\/\/news.canadamotorjobs.com\/wp-content\/uploads\/2023\/11\/IMG_7304.jpg","articleSection":["Annuel automobile"],"inLanguage":"fr-CA"},{"@type":"WebPage","@id":"https:\/\/news.canadamotorjobs.com\/fr\/essai-routier-de-la-bmw-530i\/","url":"https:\/\/news.canadamotorjobs.com\/fr\/essai-routier-de-la-bmw-530i\/","name":"Essai routier de la BMW 530i - CanadaMotorJobs.com","isPartOf":{"@id":"https:\/\/news.canadamotorjobs.com\/#website"},"primaryImageOfPage":{"@id":"https:\/\/news.canadamotorjobs.com\/fr\/essai-routier-de-la-bmw-530i\/#primaryimage"},"image":{"@id":"https:\/\/news.canadamotorjobs.com\/fr\/essai-routier-de-la-bmw-530i\/#primaryimage"},"thumbnailUrl":"https:\/\/news.canadamotorjobs.com\/wp-content\/uploads\/2023\/11\/IMG_7304.jpg","datePublished":"2023-11-20T13:20:33+00:00","dateModified":"2023-11-20T13:29:23+00:00","description":"Essai routier de la BMW 530i - Benoit Charette - Annuel automobile - CanadaMotorJobs.com.","breadcrumb":{"@id":"https:\/\/news.canadamotorjobs.com\/fr\/essai-routier-de-la-bmw-530i\/#breadcrumb"},"inLanguage":"fr-CA","potentialAction":[{"@type":"ReadAction","target":["https:\/\/news.canadamotorjobs.com\/fr\/essai-routier-de-la-bmw-530i\/"]}]},{"@type":"ImageObject","inLanguage":"fr-CA","@id":"https:\/\/news.canadamotorjobs.com\/fr\/essai-routier-de-la-bmw-530i\/#primaryimage","url":"https:\/\/news.canadamotorjobs.com\/wp-content\/uploads\/2023\/11\/IMG_7304.jpg","contentUrl":"https:\/\/news.canadamotorjobs.com\/wp-content\/uploads\/2023\/11\/IMG_7304.jpg","width":1067,"height":800},{"@type":"BreadcrumbList","@id":"https:\/\/news.canadamotorjobs.com\/fr\/essai-routier-de-la-bmw-530i\/#breadcrumb","itemListElement":[{"@type":"ListItem","position":1,"name":"Home","item":"https:\/\/news.canadamotorjobs.com\/fr\/blog\/"},{"@type":"ListItem","position":2,"name":"Essai routier de la BMW 530i"}]},{"@type":"WebSite","@id":"https:\/\/news.canadamotorjobs.com\/#website","url":"https:\/\/news.canadamotorjobs.com\/","name":"CanadaMotorJobs.com","description":"Automotive Jobs","publisher":{"@id":"https:\/\/news.canadamotorjobs.com\/#organization"},"potentialAction":[{"@type":"SearchAction","target":{"@type":"EntryPoint","urlTemplate":"https:\/\/news.canadamotorjobs.com\/?s={search_term_string}"},"query-input":"required name=search_term_string"}],"inLanguage":"fr-CA"},{"@type":"Organization","@id":"https:\/\/news.canadamotorjobs.com\/#organization","name":"Canada Motor Jobs","url":"https:\/\/news.canadamotorjobs.com\/","logo":{"@type":"ImageObject","inLanguage":"fr-CA","@id":"https:\/\/news.canadamotorjobs.com\/#\/schema\/logo\/image\/","url":"https:\/\/news.canadamotorjobs.com\/wp-content\/uploads\/2022\/10\/logo-canada-motor-jobs-1.png","contentUrl":"https:\/\/news.canadamotorjobs.com\/wp-content\/uploads\/2022\/10\/logo-canada-motor-jobs-1.png","width":800,"height":400,"caption":"Canada Motor Jobs"},"image":{"@id":"https:\/\/news.canadamotorjobs.com\/#\/schema\/logo\/image\/"},"sameAs":["https:\/\/www.facebook.com\/canadamotorjobs\/","https:\/\/x.com\/canadamotorjobs","https:\/\/www.instagram.com\/canadamotorjobs\/","https:\/\/www.linkedin.com\/company\/canadamotorjobs"]},{"@type":"Person","@id":"https:\/\/news.canadamotorjobs.com\/#\/schema\/person\/51793d1f87d44011d7bcc2ed99269a90","name":"Benoit Charette","image":{"@type":"ImageObject","inLanguage":"fr-CA","@id":"https:\/\/news.canadamotorjobs.com\/#\/schema\/person\/image\/","url":"https:\/\/secure.gravatar.com\/avatar\/45f3d2eebcccd909668d7ce7ea7267b6?s=96&d=mm&r=g","contentUrl":"https:\/\/secure.gravatar.com\/avatar\/45f3d2eebcccd909668d7ce7ea7267b6?s=96&d=mm&r=g","caption":"Benoit Charette"},"description":"Benoit Charette \/ Propri\u00e9taire et r\u00e9dacteur en chef Benoit Charette pratique le journalisme automobile depuis bient\u00f4t 30 ans. Il a fait ses classes au c\u00f4t\u00e9 de Daniel H\u00e9raud et au Carnet de route de 1992 \u00e0 2001. Il est fondateur, copropri\u00e9taire et r\u00e9dacteur en chef de L\u2019Annuel de l\u2019automobile, qu\u2019il publie depuis 2001. Il a anim\u00e9 les \u00e9missions RPM et RPM+ sur V et les L\u00e9gendes de la route sur Historia. \u00c0 la radio depuis 1986, il reprend l\u2019antenne cette ann\u00e9e sur les ondes de Cogeco et participe pour la deuxi\u00e8me ann\u00e9e \u00e0 l\u2019\u00e9mission Passion Auto sur RDS en plus de mettre en ligne le site Web officiel de L\u2019Annuel de l\u2019automobile sur annuelauto.ca.","sameAs":["https:\/\/annuelauto.ca\/"],"url":"https:\/\/news.canadamotorjobs.com\/fr\/author\/benoit-charette\/"}]}},"_links":{"self":[{"href":"https:\/\/news.canadamotorjobs.com\/fr\/wp-json\/wp\/v2\/posts\/154169"}],"collection":[{"href":"https:\/\/news.canadamotorjobs.com\/fr\/wp-json\/wp\/v2\/posts"}],"about":[{"href":"https:\/\/news.canadamotorjobs.com\/fr\/wp-json\/wp\/v2\/types\/post"}],"author":[{"embeddable":true,"href":"https:\/\/news.canadamotorjobs.com\/fr\/wp-json\/wp\/v2\/users\/8"}],"replies":[{"embeddable":true,"href":"https:\/\/news.canadamotorjobs.com\/fr\/wp-json\/wp\/v2\/comments?post=154169"}],"version-history":[{"count":2,"href":"https:\/\/news.canadamotorjobs.com\/fr\/wp-json\/wp\/v2\/posts\/154169\/revisions"}],"predecessor-version":[{"id":154173,"href":"https:\/\/news.canadamotorjobs.com\/fr\/wp-json\/wp\/v2\/posts\/154169\/revisions\/154173"}],"wp:featuredmedia":[{"embeddable":true,"href":"https:\/\/news.canadamotorjobs.com\/fr\/wp-json\/wp\/v2\/media\/154171"}],"wp:attachment":[{"href":"https:\/\/news.canadamotorjobs.com\/fr\/wp-json\/wp\/v2\/media?parent=154169"}],"wp:term":[{"taxonomy":"category","embeddable":true,"href":"https:\/\/news.canadamotorjobs.com\/fr\/wp-json\/wp\/v2\/categories?post=154169"},{"taxonomy":"post_tag","embeddable":true,"href":"https:\/\/news.canadamotorjobs.com\/fr\/wp-json\/wp\/v2\/tags?post=154169"}],"curies":[{"name":"wp","href":"https:\/\/api.w.org\/{rel}","templated":true}]}}