{"id":154127,"date":"2023-11-17T17:42:33","date_gmt":"2023-11-17T22:42:33","guid":{"rendered":"https:\/\/news.canadamotorjobs.com\/?p=154127"},"modified":"2023-11-17T17:44:06","modified_gmt":"2023-11-17T22:44:06","slug":"honda-rappelle-plus-de-250-000-unites","status":"publish","type":"post","link":"https:\/\/news.canadamotorjobs.com\/fr\/honda-rappelle-plus-de-250-000-unites\/","title":{"rendered":"Honda rappelle plus de 250 000 unit\u00e9s"},"content":{"rendered":"<\/p>\n<p>Honda est c\u00e9l\u00e8bre pour ses moteurs \u00e0 haut r\u00e9gime, mais le constructeur automobile a \u00e9t\u00e9 contraint de proc\u00e9der \u00e0 un rappel massif parce que des milliers de moteurs risquent de ne plus tourner du tout.<\/p>\n<h3>C\u2019est quoi le probl\u00e8me<\/h3>\n<p>\nLa branche am\u00e9ricaine de Honda et sa marque s\u0153ur haut de gamme Acura rappellent collectivement pr\u00e8s d&#8217;un quart de million de voitures, camions, VUS et fourgonnettes apr\u00e8s avoir d\u00e9couvert que les moteurs utilis\u00e9s dans ces v\u00e9hicules pouvaient se gripper en raison d&#8217;un vilebrequin mal con\u00e7u. Au total, 248 999 v\u00e9hicules sont concern\u00e9s et, bien que ce rappel soit loin d&#8217;\u00eatre le plus important dont nous ayons parl\u00e9 cette ann\u00e9e, il ne manquera pas d&#8217;occuper les techniciens des concessionnaires.<\/p>\n<h3>Les mod\u00e8les touch\u00e9s<\/h3>\n<p>\nLes v\u00e9hicules concern\u00e9s sont les Honda Odyssey 2018-19, Honda Pilot 2016 et 2018-19, Honda Ridgeline 2017 et 2019, Acura TLX 2015-20 et Acura MDX 2016-20, et bien que l&#8217;avis de rappel de la NHTSA ne pr\u00e9cise pas quels groupes motopropulseurs sont concern\u00e9s, le seul moteur commun aux cinq v\u00e9hicules est le V6 de 3,5 litres construit par Honda aux \u00c9tats-Unis. La correspondance entre la NHTSA et American Honda r\u00e9v\u00e8le qu&#8217;en raison d&#8217;une erreur de fabrication survenue lors de la production de vilebrequins, certains vilebrequins pourraient avoir \u00e9t\u00e9 fabriqu\u00e9s avec des sp\u00e9cifications incorrectes pour les tourillons de bielle. Ces tourillons douteux pourraient entra\u00eener un manque de lubrification susceptible d&#8217;endommager le moteur, voire de provoquer un grippage complet.<\/p>\n<h3>Les sympt\u00f4mes<\/h3>\n<p>\n&#8220;Si le palier de bielle se bloque, le moteur peut \u00eatre endommag\u00e9 et fonctionner de mani\u00e8re incorrecte, caler, s&#8217;arr\u00eater pendant la conduite et\/ou ne pas d\u00e9marrer, ce qui augmente le risque d&#8217;incendie, d&#8217;accident ou de blessure&#8221;, indique le rapport de la NHTSA.<\/p>\n<h3>Le probl\u00e8me est connu depuis trois ans<\/h3>\n<p>\nHonda a pris connaissance du probl\u00e8me en 2020 et a re\u00e7u jusqu&#8217;\u00e0 pr\u00e9sent 1 450 demandes de garantie. Mais \u00e0 partir de janvier de l&#8217;ann\u00e9e prochaine, les propri\u00e9taires seront inform\u00e9s et invit\u00e9s \u00e0 amener leur v\u00e9hicule chez un concessionnaire pour une inspection. Si le moteur est jug\u00e9 d\u00e9fectueux, il sera r\u00e9par\u00e9 avec un vilebrequin rectifi\u00e9 aux bonnes sp\u00e9cifications, ou remplac\u00e9. Le Canada va sans soute suivre dans les proc\u00e9dures de rappels apr\u00e8s les \u00c9tats-Unis<\/p>\n<p>Le texte <a rel=\"nofollow\" href=\"https:\/\/annuelauto.ca\/honda-rappelle-plus-de-250-000-unites\/\">Honda rappelle plus de 250 000 unit\u00e9s<\/a> provient de <a rel=\"nofollow\" href=\"https:\/\/annuelauto.ca\">L&#8217;annuel de l&#8217;automobile &#8211; Actualit\u00e9 automobile<\/a><\/p>\n<p><\/p>\n","protected":false},"excerpt":{"rendered":"<p>Honda est c\u00e9l\u00e8bre pour ses moteurs \u00e0 haut r\u00e9gime, mais le constructeur automobile a \u00e9t\u00e9 contraint de proc\u00e9der \u00e0 un rappel massif parce que des milliers de moteurs risquent de ne plus tourner du tout. C\u2019est quoi le probl\u00e8me La branche am\u00e9ricaine de Honda et sa marque s\u0153ur haut de gamme Acura rappellent collectivement pr\u00e8s [&hellip;]<\/p>\n","protected":false},"author":8,"featured_media":154129,"comment_status":"close","ping_status":"closed","sticky":false,"template":"","format":"standard","meta":{"_monsterinsights_skip_tracking":false,"_monsterinsights_sitenote_active":false,"_monsterinsights_sitenote_note":"","_monsterinsights_sitenote_category":0,"footnotes":""},"categories":[101],"tags":[],"yoast_head":"<!-- This site is optimized with the Yoast SEO plugin v23.2 - https:\/\/yoast.com\/wordpress\/plugins\/seo\/ -->\n<title>Honda rappelle plus de 250 000 unit\u00e9s - CanadaMotorJobs.com<\/title>\n<meta name=\"description\" content=\"Honda rappelle plus de 250 000 unit\u00e9s - Benoit Charette - Annuel automobile - CanadaMotorJobs.com.\" \/>\n<meta name=\"robots\" content=\"index, follow, max-snippet:-1, max-image-preview:large, max-video-preview:-1\" \/>\n<meta property=\"og:locale\" content=\"fr_CA\" \/>\n<meta property=\"og:type\" content=\"article\" \/>\n<meta property=\"og:title\" content=\"Honda rappelle plus de 250 000 unit\u00e9s - CanadaMotorJobs.com\" \/>\n<meta property=\"og:description\" content=\"Honda rappelle plus de 250 000 unit\u00e9s - Benoit Charette - Annuel automobile - CanadaMotorJobs.com.\" \/>\n<meta property=\"og:url\" content=\"https:\/\/news.canadamotorjobs.com\/fr\/honda-rappelle-plus-de-250-000-unites\/\" \/>\n<meta property=\"og:site_name\" content=\"CanadaMotorJobs.com\" \/>\n<meta property=\"article:publisher\" content=\"https:\/\/www.facebook.com\/canadamotorjobs\/\" \/>\n<meta property=\"article:published_time\" content=\"2023-11-17T22:42:33+00:00\" \/>\n<meta property=\"article:modified_time\" content=\"2023-11-17T22:44:06+00:00\" \/>\n<meta property=\"og:image\" content=\"https:\/\/news.canadamotorjobs.com\/wp-content\/uploads\/2023\/11\/hon-pil-01.jpg\" \/>\n\t<meta property=\"og:image:width\" content=\"1024\" \/>\n\t<meta property=\"og:image:height\" content=\"682\" \/>\n\t<meta property=\"og:image:type\" content=\"image\/jpeg\" \/>\n<meta name=\"author\" content=\"Benoit Charette\" \/>\n<meta name=\"twitter:card\" content=\"summary_large_image\" \/>\n<meta name=\"twitter:creator\" content=\"@canadamotorjobs\" \/>\n<meta name=\"twitter:site\" content=\"@canadamotorjobs\" \/>\n<meta name=\"twitter:label1\" content=\"\u00c9crit par\" \/>\n\t<meta name=\"twitter:data1\" content=\"Benoit Charette\" \/>\n\t<meta name=\"twitter:label2\" content=\"Estimation du temps de lecture\" \/>\n\t<meta name=\"twitter:data2\" content=\"2 minutes\" \/>\n<!-- \/ Yoast SEO plugin. -->","yoast_head_json":{"title":"Honda rappelle plus de 250 000 unit\u00e9s - CanadaMotorJobs.com","description":"Honda rappelle plus de 250 000 unit\u00e9s - Benoit Charette - Annuel automobile - CanadaMotorJobs.com.","robots":{"index":"index","follow":"follow","max-snippet":"max-snippet:-1","max-image-preview":"max-image-preview:large","max-video-preview":"max-video-preview:-1"},"og_locale":"fr_CA","og_type":"article","og_title":"Honda rappelle plus de 250 000 unit\u00e9s - CanadaMotorJobs.com","og_description":"Honda rappelle plus de 250 000 unit\u00e9s - Benoit Charette - Annuel automobile - CanadaMotorJobs.com.","og_url":"https:\/\/news.canadamotorjobs.com\/fr\/honda-rappelle-plus-de-250-000-unites\/","og_site_name":"CanadaMotorJobs.com","article_publisher":"https:\/\/www.facebook.com\/canadamotorjobs\/","article_published_time":"2023-11-17T22:42:33+00:00","article_modified_time":"2023-11-17T22:44:06+00:00","og_image":[{"width":1024,"height":682,"url":"https:\/\/news.canadamotorjobs.com\/wp-content\/uploads\/2023\/11\/hon-pil-01.jpg","type":"image\/jpeg"}],"author":"Benoit Charette","twitter_card":"summary_large_image","twitter_creator":"@canadamotorjobs","twitter_site":"@canadamotorjobs","twitter_misc":{"\u00c9crit par":"Benoit Charette","Estimation du temps de lecture":"2 minutes"},"schema":{"@context":"https:\/\/schema.org","@graph":[{"@type":"Article","@id":"https:\/\/news.canadamotorjobs.com\/fr\/honda-rappelle-plus-de-250-000-unites\/#article","isPartOf":{"@id":"https:\/\/news.canadamotorjobs.com\/fr\/honda-rappelle-plus-de-250-000-unites\/"},"author":{"name":"Benoit Charette","@id":"https:\/\/news.canadamotorjobs.com\/#\/schema\/person\/51793d1f87d44011d7bcc2ed99269a90"},"headline":"Honda rappelle plus de 250 000 unit\u00e9s","datePublished":"2023-11-17T22:42:33+00:00","dateModified":"2023-11-17T22:44:06+00:00","mainEntityOfPage":{"@id":"https:\/\/news.canadamotorjobs.com\/fr\/honda-rappelle-plus-de-250-000-unites\/"},"wordCount":431,"publisher":{"@id":"https:\/\/news.canadamotorjobs.com\/#organization"},"image":{"@id":"https:\/\/news.canadamotorjobs.com\/fr\/honda-rappelle-plus-de-250-000-unites\/#primaryimage"},"thumbnailUrl":"https:\/\/news.canadamotorjobs.com\/wp-content\/uploads\/2023\/11\/hon-pil-01.jpg","articleSection":["Annuel automobile"],"inLanguage":"fr-CA"},{"@type":"WebPage","@id":"https:\/\/news.canadamotorjobs.com\/fr\/honda-rappelle-plus-de-250-000-unites\/","url":"https:\/\/news.canadamotorjobs.com\/fr\/honda-rappelle-plus-de-250-000-unites\/","name":"Honda rappelle plus de 250 000 unit\u00e9s - CanadaMotorJobs.com","isPartOf":{"@id":"https:\/\/news.canadamotorjobs.com\/#website"},"primaryImageOfPage":{"@id":"https:\/\/news.canadamotorjobs.com\/fr\/honda-rappelle-plus-de-250-000-unites\/#primaryimage"},"image":{"@id":"https:\/\/news.canadamotorjobs.com\/fr\/honda-rappelle-plus-de-250-000-unites\/#primaryimage"},"thumbnailUrl":"https:\/\/news.canadamotorjobs.com\/wp-content\/uploads\/2023\/11\/hon-pil-01.jpg","datePublished":"2023-11-17T22:42:33+00:00","dateModified":"2023-11-17T22:44:06+00:00","description":"Honda rappelle plus de 250 000 unit\u00e9s - Benoit Charette - Annuel automobile - CanadaMotorJobs.com.","breadcrumb":{"@id":"https:\/\/news.canadamotorjobs.com\/fr\/honda-rappelle-plus-de-250-000-unites\/#breadcrumb"},"inLanguage":"fr-CA","potentialAction":[{"@type":"ReadAction","target":["https:\/\/news.canadamotorjobs.com\/fr\/honda-rappelle-plus-de-250-000-unites\/"]}]},{"@type":"ImageObject","inLanguage":"fr-CA","@id":"https:\/\/news.canadamotorjobs.com\/fr\/honda-rappelle-plus-de-250-000-unites\/#primaryimage","url":"https:\/\/news.canadamotorjobs.com\/wp-content\/uploads\/2023\/11\/hon-pil-01.jpg","contentUrl":"https:\/\/news.canadamotorjobs.com\/wp-content\/uploads\/2023\/11\/hon-pil-01.jpg","width":1024,"height":682},{"@type":"BreadcrumbList","@id":"https:\/\/news.canadamotorjobs.com\/fr\/honda-rappelle-plus-de-250-000-unites\/#breadcrumb","itemListElement":[{"@type":"ListItem","position":1,"name":"Home","item":"https:\/\/news.canadamotorjobs.com\/fr\/blog\/"},{"@type":"ListItem","position":2,"name":"Honda rappelle plus de 250 000 unit\u00e9s"}]},{"@type":"WebSite","@id":"https:\/\/news.canadamotorjobs.com\/#website","url":"https:\/\/news.canadamotorjobs.com\/","name":"CanadaMotorJobs.com","description":"Automotive Jobs","publisher":{"@id":"https:\/\/news.canadamotorjobs.com\/#organization"},"potentialAction":[{"@type":"SearchAction","target":{"@type":"EntryPoint","urlTemplate":"https:\/\/news.canadamotorjobs.com\/?s={search_term_string}"},"query-input":"required name=search_term_string"}],"inLanguage":"fr-CA"},{"@type":"Organization","@id":"https:\/\/news.canadamotorjobs.com\/#organization","name":"Canada Motor Jobs","url":"https:\/\/news.canadamotorjobs.com\/","logo":{"@type":"ImageObject","inLanguage":"fr-CA","@id":"https:\/\/news.canadamotorjobs.com\/#\/schema\/logo\/image\/","url":"https:\/\/news.canadamotorjobs.com\/wp-content\/uploads\/2022\/10\/logo-canada-motor-jobs-1.png","contentUrl":"https:\/\/news.canadamotorjobs.com\/wp-content\/uploads\/2022\/10\/logo-canada-motor-jobs-1.png","width":800,"height":400,"caption":"Canada Motor Jobs"},"image":{"@id":"https:\/\/news.canadamotorjobs.com\/#\/schema\/logo\/image\/"},"sameAs":["https:\/\/www.facebook.com\/canadamotorjobs\/","https:\/\/x.com\/canadamotorjobs","https:\/\/www.instagram.com\/canadamotorjobs\/","https:\/\/www.linkedin.com\/company\/canadamotorjobs"]},{"@type":"Person","@id":"https:\/\/news.canadamotorjobs.com\/#\/schema\/person\/51793d1f87d44011d7bcc2ed99269a90","name":"Benoit Charette","image":{"@type":"ImageObject","inLanguage":"fr-CA","@id":"https:\/\/news.canadamotorjobs.com\/#\/schema\/person\/image\/","url":"https:\/\/secure.gravatar.com\/avatar\/45f3d2eebcccd909668d7ce7ea7267b6?s=96&d=mm&r=g","contentUrl":"https:\/\/secure.gravatar.com\/avatar\/45f3d2eebcccd909668d7ce7ea7267b6?s=96&d=mm&r=g","caption":"Benoit Charette"},"description":"Benoit Charette \/ Propri\u00e9taire et r\u00e9dacteur en chef Benoit Charette pratique le journalisme automobile depuis bient\u00f4t 30 ans. Il a fait ses classes au c\u00f4t\u00e9 de Daniel H\u00e9raud et au Carnet de route de 1992 \u00e0 2001. Il est fondateur, copropri\u00e9taire et r\u00e9dacteur en chef de L\u2019Annuel de l\u2019automobile, qu\u2019il publie depuis 2001. Il a anim\u00e9 les \u00e9missions RPM et RPM+ sur V et les L\u00e9gendes de la route sur Historia. \u00c0 la radio depuis 1986, il reprend l\u2019antenne cette ann\u00e9e sur les ondes de Cogeco et participe pour la deuxi\u00e8me ann\u00e9e \u00e0 l\u2019\u00e9mission Passion Auto sur RDS en plus de mettre en ligne le site Web officiel de L\u2019Annuel de l\u2019automobile sur annuelauto.ca.","sameAs":["https:\/\/annuelauto.ca\/"],"url":"https:\/\/news.canadamotorjobs.com\/fr\/author\/benoit-charette\/"}]}},"_links":{"self":[{"href":"https:\/\/news.canadamotorjobs.com\/fr\/wp-json\/wp\/v2\/posts\/154127"}],"collection":[{"href":"https:\/\/news.canadamotorjobs.com\/fr\/wp-json\/wp\/v2\/posts"}],"about":[{"href":"https:\/\/news.canadamotorjobs.com\/fr\/wp-json\/wp\/v2\/types\/post"}],"author":[{"embeddable":true,"href":"https:\/\/news.canadamotorjobs.com\/fr\/wp-json\/wp\/v2\/users\/8"}],"replies":[{"embeddable":true,"href":"https:\/\/news.canadamotorjobs.com\/fr\/wp-json\/wp\/v2\/comments?post=154127"}],"version-history":[{"count":2,"href":"https:\/\/news.canadamotorjobs.com\/fr\/wp-json\/wp\/v2\/posts\/154127\/revisions"}],"predecessor-version":[{"id":154131,"href":"https:\/\/news.canadamotorjobs.com\/fr\/wp-json\/wp\/v2\/posts\/154127\/revisions\/154131"}],"wp:featuredmedia":[{"embeddable":true,"href":"https:\/\/news.canadamotorjobs.com\/fr\/wp-json\/wp\/v2\/media\/154129"}],"wp:attachment":[{"href":"https:\/\/news.canadamotorjobs.com\/fr\/wp-json\/wp\/v2\/media?parent=154127"}],"wp:term":[{"taxonomy":"category","embeddable":true,"href":"https:\/\/news.canadamotorjobs.com\/fr\/wp-json\/wp\/v2\/categories?post=154127"},{"taxonomy":"post_tag","embeddable":true,"href":"https:\/\/news.canadamotorjobs.com\/fr\/wp-json\/wp\/v2\/tags?post=154127"}],"curies":[{"name":"wp","href":"https:\/\/api.w.org\/{rel}","templated":true}]}}