{"id":154110,"date":"2023-11-17T09:14:14","date_gmt":"2023-11-17T14:14:14","guid":{"rendered":"https:\/\/news.canadamotorjobs.com\/?p=154110"},"modified":"2023-11-17T09:28:38","modified_gmt":"2023-11-17T14:28:38","slug":"cadillac-prepare-larrivee-de-son-modele-optiq","status":"publish","type":"post","link":"https:\/\/news.canadamotorjobs.com\/fr\/cadillac-prepare-larrivee-de-son-modele-optiq\/","title":{"rendered":"Cadillac pr\u00e9pare l\u2019arriv\u00e9e de son mod\u00e8le Optiq"},"content":{"rendered":"<\/p>\n<p>Trois ans apr\u00e8s avoir r\u00e9v\u00e9l\u00e9 le projet Optiq, Cadillac confirme qu&#8217;il s&#8217;agira d&#8217;un VUS compact de luxe, positionn\u00e9 en dessous du Lyriq dans la gamme des v\u00e9hicules \u00e9lectriques de la marque.<\/p>\n<h3><strong>Vers une accessibilit\u00e9 accrue chez Cadillac<br \/>\n<\/strong><\/h3>\n<p><\/p>\n<ul><\/p>\n<li><strong>Un mod\u00e8le plus abordable :<\/strong> Alors que le Lyriq d\u00e9bute \u00e0 71 000 $, l&#8217;Optiq vise \u00e0 offrir une option plus \u00e9conomique dans le segment des VUS compacts de luxe.<\/li>\n<p><\/p>\n<li><strong>Plateforme partag\u00e9e :<\/strong> Bas\u00e9 sur la plateforme Ultium, \u00e9galement utilis\u00e9e pour le Chevrolet Equinox EV, l&#8217;Optiq devrait pr\u00e9senter des similarit\u00e9s tout en conservant un positionnement haut de gamme.<\/li>\n<p>\n<\/ul>\n<p><\/p>\n<h3><strong>Performances et autonomie<br \/>\n<\/strong><\/h3>\n<p><\/p>\n<ul><\/p>\n<li><strong>Puissance attendue :<\/strong> Les mod\u00e8les \u00e0 double moteur du Equinox EV d\u00e9veloppent jusqu&#8217;\u00e0 290 chevaux, pr\u00e9voyant des performances comparables pour l&#8217;Optiq avec une acc\u00e9l\u00e9ration rapide.<\/li>\n<p><\/p>\n<li><strong>Autonomie et recharge :<\/strong> Si similaire \u00e0 l&#8217;Equinox EV, l&#8217;autonomie de l&#8217;Optiq pourrait atteindre 482 km avec une recharge rapide permettant d&#8217;ajouter 70 miles en dix minutes.<\/li>\n<p>\n<\/ul>\n<p><\/p>\n<h3><strong>Esth\u00e9tique et Design<br \/>\n<\/strong><\/h3>\n<p><\/p>\n<ul><\/p>\n<li><strong>Un design distinctif :<\/strong> Inspir\u00e9 par les traits classiques de Cadillac, l&#8217;Optiq offre une allure moderne avec une calandre embl\u00e9matique et des feux diurnes verticaux.<\/li>\n<p><\/p>\n<li><strong>Des d\u00e9tails esth\u00e9tiques :<\/strong> Avec des \u00e9l\u00e9ments tels que les poign\u00e9es de porte affleurantes et des jantes de 21 pouces, l&#8217;Optiq se d\u00e9marque sans \u00eatre aussi futuriste que le Lyriq.<\/li>\n<p>\n<\/ul>\n<p><\/p>\n<h3><strong>Avenir de l&#8217;Optiq<\/strong><\/h3>\n<p><\/p>\n<ul><\/p>\n<li><strong>Int\u00e9rieur \u00e0 d\u00e9couvrir :<\/strong> Aucune image partag\u00e9e, mais une anticipation d&#8217;un int\u00e9rieur \u00e9quip\u00e9 et de mat\u00e9riaux de qualit\u00e9 pour les mod\u00e8les haut de gamme.<\/li>\n<p><\/p>\n<li><strong>Arriv\u00e9e pr\u00e9vue :<\/strong> Pr\u00e9vu pour l&#8217;ann\u00e9e mod\u00e8le 2025 aux \u00c9tats-Unis, avec un prix de d\u00e9part estim\u00e9 \u00e0 plus de 40 000 dollars, l&#8217;Optiq se positionne entre les offres de Volvo et Audi dans le march\u00e9 des SUV \u00e9lectriques de luxe.<\/li>\n<p>\n<\/ul>\n<p>\nCadillac annonce davantage de d\u00e9tails sur l&#8217;Optiq pour l&#8217;ann\u00e9e \u00e0 venir, soulignant la volont\u00e9 croissante des constructeurs automobiles de luxe \u00e0 proposer des options \u00e9lectriques plus abordables.<\/p>\n<p>\u00a0<\/p>\n<p>Le texte <a rel=\"nofollow\" href=\"https:\/\/annuelauto.ca\/cadillac-prepare-larrivee-de-son-modele-optiq\/\">Cadillac pr\u00e9pare l\u2019arriv\u00e9e de son mod\u00e8le Optiq<\/a> provient de <a rel=\"nofollow\" href=\"https:\/\/annuelauto.ca\">L&#8217;annuel de l&#8217;automobile &#8211; Actualit\u00e9 automobile<\/a><\/p>\n<p><\/p>\n","protected":false},"excerpt":{"rendered":"<p>Trois ans apr\u00e8s avoir r\u00e9v\u00e9l\u00e9 le projet Optiq, Cadillac confirme qu&#8217;il s&#8217;agira d&#8217;un VUS compact de luxe, positionn\u00e9 en dessous du Lyriq dans la gamme des v\u00e9hicules \u00e9lectriques de la marque. Vers une accessibilit\u00e9 accrue chez Cadillac Un mod\u00e8le plus abordable : Alors que le Lyriq d\u00e9bute \u00e0 71 000 $, l&#8217;Optiq vise \u00e0 offrir [&hellip;]<\/p>\n","protected":false},"author":8,"featured_media":154112,"comment_status":"close","ping_status":"closed","sticky":false,"template":"","format":"standard","meta":{"_monsterinsights_skip_tracking":false,"_monsterinsights_sitenote_active":false,"_monsterinsights_sitenote_note":"","_monsterinsights_sitenote_category":0,"footnotes":""},"categories":[101],"tags":[],"yoast_head":"<!-- This site is optimized with the Yoast SEO plugin v23.2 - https:\/\/yoast.com\/wordpress\/plugins\/seo\/ -->\n<title>Cadillac pr\u00e9pare l\u2019arriv\u00e9e de son mod\u00e8le Optiq - CanadaMotorJobs.com<\/title>\n<meta name=\"description\" content=\"Cadillac pr\u00e9pare l\u2019arriv\u00e9e de son mod\u00e8le Optiq - Benoit Charette - Annuel automobile - CanadaMotorJobs.com.\" \/>\n<meta name=\"robots\" content=\"index, follow, max-snippet:-1, max-image-preview:large, max-video-preview:-1\" \/>\n<meta property=\"og:locale\" content=\"fr_CA\" \/>\n<meta property=\"og:type\" content=\"article\" \/>\n<meta property=\"og:title\" content=\"Cadillac pr\u00e9pare l\u2019arriv\u00e9e de son mod\u00e8le Optiq - CanadaMotorJobs.com\" \/>\n<meta property=\"og:description\" content=\"Cadillac pr\u00e9pare l\u2019arriv\u00e9e de son mod\u00e8le Optiq - Benoit Charette - Annuel automobile - CanadaMotorJobs.com.\" \/>\n<meta property=\"og:url\" content=\"https:\/\/news.canadamotorjobs.com\/fr\/cadillac-prepare-larrivee-de-son-modele-optiq\/\" \/>\n<meta property=\"og:site_name\" content=\"CanadaMotorJobs.com\" \/>\n<meta property=\"article:publisher\" content=\"https:\/\/www.facebook.com\/canadamotorjobs\/\" \/>\n<meta property=\"article:published_time\" content=\"2023-11-17T14:14:14+00:00\" \/>\n<meta property=\"article:modified_time\" content=\"2023-11-17T14:28:38+00:00\" \/>\n<meta property=\"og:image\" content=\"https:\/\/news.canadamotorjobs.com\/wp-content\/uploads\/2023\/11\/2025-cadillac-optiq-front-three-quarters-6553c5de6d050.jpg\" \/>\n\t<meta property=\"og:image:width\" content=\"768\" \/>\n\t<meta property=\"og:image:height\" content=\"575\" \/>\n\t<meta property=\"og:image:type\" content=\"image\/jpeg\" \/>\n<meta name=\"author\" content=\"Benoit Charette\" \/>\n<meta name=\"twitter:card\" content=\"summary_large_image\" \/>\n<meta name=\"twitter:creator\" content=\"@canadamotorjobs\" \/>\n<meta name=\"twitter:site\" content=\"@canadamotorjobs\" \/>\n<meta name=\"twitter:label1\" content=\"\u00c9crit par\" \/>\n\t<meta name=\"twitter:data1\" content=\"Benoit Charette\" \/>\n\t<meta name=\"twitter:label2\" content=\"Estimation du temps de lecture\" \/>\n\t<meta name=\"twitter:data2\" content=\"2 minutes\" \/>\n<!-- \/ Yoast SEO plugin. -->","yoast_head_json":{"title":"Cadillac pr\u00e9pare l\u2019arriv\u00e9e de son mod\u00e8le Optiq - CanadaMotorJobs.com","description":"Cadillac pr\u00e9pare l\u2019arriv\u00e9e de son mod\u00e8le Optiq - Benoit Charette - Annuel automobile - CanadaMotorJobs.com.","robots":{"index":"index","follow":"follow","max-snippet":"max-snippet:-1","max-image-preview":"max-image-preview:large","max-video-preview":"max-video-preview:-1"},"og_locale":"fr_CA","og_type":"article","og_title":"Cadillac pr\u00e9pare l\u2019arriv\u00e9e de son mod\u00e8le Optiq - CanadaMotorJobs.com","og_description":"Cadillac pr\u00e9pare l\u2019arriv\u00e9e de son mod\u00e8le Optiq - Benoit Charette - Annuel automobile - CanadaMotorJobs.com.","og_url":"https:\/\/news.canadamotorjobs.com\/fr\/cadillac-prepare-larrivee-de-son-modele-optiq\/","og_site_name":"CanadaMotorJobs.com","article_publisher":"https:\/\/www.facebook.com\/canadamotorjobs\/","article_published_time":"2023-11-17T14:14:14+00:00","article_modified_time":"2023-11-17T14:28:38+00:00","og_image":[{"width":768,"height":575,"url":"https:\/\/news.canadamotorjobs.com\/wp-content\/uploads\/2023\/11\/2025-cadillac-optiq-front-three-quarters-6553c5de6d050.jpg","type":"image\/jpeg"}],"author":"Benoit Charette","twitter_card":"summary_large_image","twitter_creator":"@canadamotorjobs","twitter_site":"@canadamotorjobs","twitter_misc":{"\u00c9crit par":"Benoit Charette","Estimation du temps de lecture":"2 minutes"},"schema":{"@context":"https:\/\/schema.org","@graph":[{"@type":"Article","@id":"https:\/\/news.canadamotorjobs.com\/fr\/cadillac-prepare-larrivee-de-son-modele-optiq\/#article","isPartOf":{"@id":"https:\/\/news.canadamotorjobs.com\/fr\/cadillac-prepare-larrivee-de-son-modele-optiq\/"},"author":{"name":"Benoit Charette","@id":"https:\/\/news.canadamotorjobs.com\/#\/schema\/person\/51793d1f87d44011d7bcc2ed99269a90"},"headline":"Cadillac pr\u00e9pare l\u2019arriv\u00e9e de son mod\u00e8le Optiq","datePublished":"2023-11-17T14:14:14+00:00","dateModified":"2023-11-17T14:28:38+00:00","mainEntityOfPage":{"@id":"https:\/\/news.canadamotorjobs.com\/fr\/cadillac-prepare-larrivee-de-son-modele-optiq\/"},"wordCount":364,"publisher":{"@id":"https:\/\/news.canadamotorjobs.com\/#organization"},"image":{"@id":"https:\/\/news.canadamotorjobs.com\/fr\/cadillac-prepare-larrivee-de-son-modele-optiq\/#primaryimage"},"thumbnailUrl":"https:\/\/news.canadamotorjobs.com\/wp-content\/uploads\/2023\/11\/2025-cadillac-optiq-front-three-quarters-6553c5de6d050.jpg","articleSection":["Annuel automobile"],"inLanguage":"fr-CA"},{"@type":"WebPage","@id":"https:\/\/news.canadamotorjobs.com\/fr\/cadillac-prepare-larrivee-de-son-modele-optiq\/","url":"https:\/\/news.canadamotorjobs.com\/fr\/cadillac-prepare-larrivee-de-son-modele-optiq\/","name":"Cadillac pr\u00e9pare l\u2019arriv\u00e9e de son mod\u00e8le Optiq - CanadaMotorJobs.com","isPartOf":{"@id":"https:\/\/news.canadamotorjobs.com\/#website"},"primaryImageOfPage":{"@id":"https:\/\/news.canadamotorjobs.com\/fr\/cadillac-prepare-larrivee-de-son-modele-optiq\/#primaryimage"},"image":{"@id":"https:\/\/news.canadamotorjobs.com\/fr\/cadillac-prepare-larrivee-de-son-modele-optiq\/#primaryimage"},"thumbnailUrl":"https:\/\/news.canadamotorjobs.com\/wp-content\/uploads\/2023\/11\/2025-cadillac-optiq-front-three-quarters-6553c5de6d050.jpg","datePublished":"2023-11-17T14:14:14+00:00","dateModified":"2023-11-17T14:28:38+00:00","description":"Cadillac pr\u00e9pare l\u2019arriv\u00e9e de son mod\u00e8le Optiq - Benoit Charette - Annuel automobile - CanadaMotorJobs.com.","breadcrumb":{"@id":"https:\/\/news.canadamotorjobs.com\/fr\/cadillac-prepare-larrivee-de-son-modele-optiq\/#breadcrumb"},"inLanguage":"fr-CA","potentialAction":[{"@type":"ReadAction","target":["https:\/\/news.canadamotorjobs.com\/fr\/cadillac-prepare-larrivee-de-son-modele-optiq\/"]}]},{"@type":"ImageObject","inLanguage":"fr-CA","@id":"https:\/\/news.canadamotorjobs.com\/fr\/cadillac-prepare-larrivee-de-son-modele-optiq\/#primaryimage","url":"https:\/\/news.canadamotorjobs.com\/wp-content\/uploads\/2023\/11\/2025-cadillac-optiq-front-three-quarters-6553c5de6d050.jpg","contentUrl":"https:\/\/news.canadamotorjobs.com\/wp-content\/uploads\/2023\/11\/2025-cadillac-optiq-front-three-quarters-6553c5de6d050.jpg","width":768,"height":575},{"@type":"BreadcrumbList","@id":"https:\/\/news.canadamotorjobs.com\/fr\/cadillac-prepare-larrivee-de-son-modele-optiq\/#breadcrumb","itemListElement":[{"@type":"ListItem","position":1,"name":"Home","item":"https:\/\/news.canadamotorjobs.com\/fr\/blog\/"},{"@type":"ListItem","position":2,"name":"Cadillac pr\u00e9pare l\u2019arriv\u00e9e de son mod\u00e8le Optiq"}]},{"@type":"WebSite","@id":"https:\/\/news.canadamotorjobs.com\/#website","url":"https:\/\/news.canadamotorjobs.com\/","name":"CanadaMotorJobs.com","description":"Automotive Jobs","publisher":{"@id":"https:\/\/news.canadamotorjobs.com\/#organization"},"potentialAction":[{"@type":"SearchAction","target":{"@type":"EntryPoint","urlTemplate":"https:\/\/news.canadamotorjobs.com\/?s={search_term_string}"},"query-input":"required name=search_term_string"}],"inLanguage":"fr-CA"},{"@type":"Organization","@id":"https:\/\/news.canadamotorjobs.com\/#organization","name":"Canada Motor Jobs","url":"https:\/\/news.canadamotorjobs.com\/","logo":{"@type":"ImageObject","inLanguage":"fr-CA","@id":"https:\/\/news.canadamotorjobs.com\/#\/schema\/logo\/image\/","url":"https:\/\/news.canadamotorjobs.com\/wp-content\/uploads\/2022\/10\/logo-canada-motor-jobs-1.png","contentUrl":"https:\/\/news.canadamotorjobs.com\/wp-content\/uploads\/2022\/10\/logo-canada-motor-jobs-1.png","width":800,"height":400,"caption":"Canada Motor Jobs"},"image":{"@id":"https:\/\/news.canadamotorjobs.com\/#\/schema\/logo\/image\/"},"sameAs":["https:\/\/www.facebook.com\/canadamotorjobs\/","https:\/\/x.com\/canadamotorjobs","https:\/\/www.instagram.com\/canadamotorjobs\/","https:\/\/www.linkedin.com\/company\/canadamotorjobs"]},{"@type":"Person","@id":"https:\/\/news.canadamotorjobs.com\/#\/schema\/person\/51793d1f87d44011d7bcc2ed99269a90","name":"Benoit Charette","image":{"@type":"ImageObject","inLanguage":"fr-CA","@id":"https:\/\/news.canadamotorjobs.com\/#\/schema\/person\/image\/","url":"https:\/\/secure.gravatar.com\/avatar\/45f3d2eebcccd909668d7ce7ea7267b6?s=96&d=mm&r=g","contentUrl":"https:\/\/secure.gravatar.com\/avatar\/45f3d2eebcccd909668d7ce7ea7267b6?s=96&d=mm&r=g","caption":"Benoit Charette"},"description":"Benoit Charette \/ Propri\u00e9taire et r\u00e9dacteur en chef Benoit Charette pratique le journalisme automobile depuis bient\u00f4t 30 ans. Il a fait ses classes au c\u00f4t\u00e9 de Daniel H\u00e9raud et au Carnet de route de 1992 \u00e0 2001. Il est fondateur, copropri\u00e9taire et r\u00e9dacteur en chef de L\u2019Annuel de l\u2019automobile, qu\u2019il publie depuis 2001. Il a anim\u00e9 les \u00e9missions RPM et RPM+ sur V et les L\u00e9gendes de la route sur Historia. \u00c0 la radio depuis 1986, il reprend l\u2019antenne cette ann\u00e9e sur les ondes de Cogeco et participe pour la deuxi\u00e8me ann\u00e9e \u00e0 l\u2019\u00e9mission Passion Auto sur RDS en plus de mettre en ligne le site Web officiel de L\u2019Annuel de l\u2019automobile sur annuelauto.ca.","sameAs":["https:\/\/annuelauto.ca\/"],"url":"https:\/\/news.canadamotorjobs.com\/fr\/author\/benoit-charette\/"}]}},"_links":{"self":[{"href":"https:\/\/news.canadamotorjobs.com\/fr\/wp-json\/wp\/v2\/posts\/154110"}],"collection":[{"href":"https:\/\/news.canadamotorjobs.com\/fr\/wp-json\/wp\/v2\/posts"}],"about":[{"href":"https:\/\/news.canadamotorjobs.com\/fr\/wp-json\/wp\/v2\/types\/post"}],"author":[{"embeddable":true,"href":"https:\/\/news.canadamotorjobs.com\/fr\/wp-json\/wp\/v2\/users\/8"}],"replies":[{"embeddable":true,"href":"https:\/\/news.canadamotorjobs.com\/fr\/wp-json\/wp\/v2\/comments?post=154110"}],"version-history":[{"count":2,"href":"https:\/\/news.canadamotorjobs.com\/fr\/wp-json\/wp\/v2\/posts\/154110\/revisions"}],"predecessor-version":[{"id":154114,"href":"https:\/\/news.canadamotorjobs.com\/fr\/wp-json\/wp\/v2\/posts\/154110\/revisions\/154114"}],"wp:featuredmedia":[{"embeddable":true,"href":"https:\/\/news.canadamotorjobs.com\/fr\/wp-json\/wp\/v2\/media\/154112"}],"wp:attachment":[{"href":"https:\/\/news.canadamotorjobs.com\/fr\/wp-json\/wp\/v2\/media?parent=154110"}],"wp:term":[{"taxonomy":"category","embeddable":true,"href":"https:\/\/news.canadamotorjobs.com\/fr\/wp-json\/wp\/v2\/categories?post=154110"},{"taxonomy":"post_tag","embeddable":true,"href":"https:\/\/news.canadamotorjobs.com\/fr\/wp-json\/wp\/v2\/tags?post=154110"}],"curies":[{"name":"wp","href":"https:\/\/api.w.org\/{rel}","templated":true}]}}