{"id":154087,"date":"2023-11-17T08:38:54","date_gmt":"2023-11-17T13:38:54","guid":{"rendered":"https:\/\/news.canadamotorjobs.com\/?p=154087"},"modified":"2023-11-17T08:43:44","modified_gmt":"2023-11-17T13:43:44","slug":"volkswagen-rappelle-tous-les-modeles-id-4","status":"publish","type":"post","link":"https:\/\/news.canadamotorjobs.com\/fr\/volkswagen-rappelle-tous-les-modeles-id-4\/","title":{"rendered":"Volkswagen rappelle tous les mod\u00e8les ID. 4"},"content":{"rendered":"<\/p>\n<p>Apr\u00e8s le rappel pour risque d&#8217;incendie du Volkswagen ID.4 concernant un c\u00e2ble de charge d\u00e9fectueux en d\u00e9but d&#8217;ann\u00e9e. Cette fois-ci, le toit pourrait s&#8217;enflammer apr\u00e8s que l&#8217;on ait d\u00e9couvert que le mat\u00e9riau utilis\u00e9 pour le pare-soleil int\u00e9rieur n&#8217;\u00e9tait pas suffisamment ignifuge. Il y a 23 883 VW ID.4 potentiellement concern\u00e9s par ce rappel.<\/p>\n<h3>Un probl\u00e8me d\u00e9couvert au printemps dernier<\/h3>\n<p>\nC&#8217;est en mai 2023 que Volkswagen a d\u00e9couvert le probl\u00e8me lors de tests internes de conformit\u00e9 de la production. Le constructeur automobile allemand a contact\u00e9 son fournisseur, Automotive Mexico Body Systems, pour obtenir des \u00e9claircissements et a effectu\u00e9 des tests ensemble. Au d\u00e9but du mois, l&#8217;entreprise a d\u00e9cid\u00e9 de proc\u00e9der \u00e0 un rappel en raison de l&#8217;incoh\u00e9rence des r\u00e9sultats des tests. En d&#8217;autres termes, VW ne sait pas quelle est la cause profonde du probl\u00e8me, et c&#8217;est donc par prudence qu&#8217;elle rappelle tous les mod\u00e8les.<\/p>\n<h3>Les mod\u00e8les concern\u00e9s<\/h3>\n<p>\nLe rappel n&#8217;est peut-\u00eatre pas aussi important que les risques d&#8217;incendie \u00e0 proximit\u00e9 des batteries des v\u00e9hicules \u00e9lectriques, mais il n&#8217;en demeure pas moins pr\u00e9occupant. La combustion n&#8217;est pas quelque chose que l&#8217;on souhaite voir dans un v\u00e9hicule \u00e9lectrique, et c&#8217;est certainement pire lorsqu&#8217;elle se produit dans l&#8217;habitacle. Volkswagen commencera \u00e0 envoyer des notifications aux propri\u00e9taires de 23 883 unit\u00e9s potentiellement concern\u00e9es le 5 janvier 2024. Les v\u00e9hicules concern\u00e9s sont ceux produits entre le 2 septembre 2022 et le 24 ao\u00fbt 2023. Ce rappel est pour le moment applicable aux \u00c9tats-Unis, mais le Canada re\u00e7oit les m\u00eames v\u00e9hicules de l\u2019usine de Chattanooga et devrait donc recevoir les m\u00eames rappels.<\/p>\n<h3>Ce qui sera fait<\/h3>\n<p>\nEn ce qui concerne le rem\u00e8de, aucun remplacement de pi\u00e8ces ne sera n\u00e9cessaire. Au lieu de cela, les concessionnaires VW appliqueront un tissu ignifuge sur le pare-soleil pour r\u00e9pondre aux exigences de performance.<\/p>\n<p>\u00a0<\/p>\n<p>Avec des renseignements de Carbuzz<\/p>\n<p>Le texte <a rel=\"nofollow\" href=\"https:\/\/annuelauto.ca\/volkswagen-rappelle-tous-les-modeles-id-4\/\">Volkswagen rappelle tous les mod\u00e8les ID. 4<\/a> provient de <a rel=\"nofollow\" href=\"https:\/\/annuelauto.ca\">L&#8217;annuel de l&#8217;automobile &#8211; Actualit\u00e9 automobile<\/a><\/p>\n<p><\/p>\n","protected":false},"excerpt":{"rendered":"<p>Apr\u00e8s le rappel pour risque d&#8217;incendie du Volkswagen ID.4 concernant un c\u00e2ble de charge d\u00e9fectueux en d\u00e9but d&#8217;ann\u00e9e. Cette fois-ci, le toit pourrait s&#8217;enflammer apr\u00e8s que l&#8217;on ait d\u00e9couvert que le mat\u00e9riau utilis\u00e9 pour le pare-soleil int\u00e9rieur n&#8217;\u00e9tait pas suffisamment ignifuge. Il y a 23 883 VW ID.4 potentiellement concern\u00e9s par ce rappel. Un probl\u00e8me [&hellip;]<\/p>\n","protected":false},"author":8,"featured_media":154089,"comment_status":"close","ping_status":"closed","sticky":false,"template":"","format":"standard","meta":{"_monsterinsights_skip_tracking":false,"_monsterinsights_sitenote_active":false,"_monsterinsights_sitenote_note":"","_monsterinsights_sitenote_category":0,"footnotes":""},"categories":[101],"tags":[],"yoast_head":"<!-- This site is optimized with the Yoast SEO plugin v23.2 - https:\/\/yoast.com\/wordpress\/plugins\/seo\/ -->\n<title>Volkswagen rappelle tous les mod\u00e8les ID. 4 - CanadaMotorJobs.com<\/title>\n<meta name=\"description\" content=\"Volkswagen rappelle tous les mod\u00e8les ID. 4 - Benoit Charette - Annuel automobile - CanadaMotorJobs.com.\" \/>\n<meta name=\"robots\" content=\"index, follow, max-snippet:-1, max-image-preview:large, max-video-preview:-1\" \/>\n<meta property=\"og:locale\" content=\"fr_CA\" \/>\n<meta property=\"og:type\" content=\"article\" \/>\n<meta property=\"og:title\" content=\"Volkswagen rappelle tous les mod\u00e8les ID. 4 - CanadaMotorJobs.com\" \/>\n<meta property=\"og:description\" content=\"Volkswagen rappelle tous les mod\u00e8les ID. 4 - Benoit Charette - Annuel automobile - CanadaMotorJobs.com.\" \/>\n<meta property=\"og:url\" content=\"https:\/\/news.canadamotorjobs.com\/fr\/volkswagen-rappelle-tous-les-modeles-id-4\/\" \/>\n<meta property=\"og:site_name\" content=\"CanadaMotorJobs.com\" \/>\n<meta property=\"article:publisher\" content=\"https:\/\/www.facebook.com\/canadamotorjobs\/\" \/>\n<meta property=\"article:published_time\" content=\"2023-11-17T13:38:54+00:00\" \/>\n<meta property=\"article:modified_time\" content=\"2023-11-17T13:43:44+00:00\" \/>\n<meta property=\"og:image\" content=\"https:\/\/news.canadamotorjobs.com\/wp-content\/uploads\/2023\/11\/Small-14160-2021ID.4AWDProSwithGradientPackage.jpg\" \/>\n\t<meta property=\"og:image:width\" content=\"1500\" \/>\n\t<meta property=\"og:image:height\" content=\"1001\" \/>\n\t<meta property=\"og:image:type\" content=\"image\/jpeg\" \/>\n<meta name=\"author\" content=\"Benoit Charette\" \/>\n<meta name=\"twitter:card\" content=\"summary_large_image\" \/>\n<meta name=\"twitter:creator\" content=\"@canadamotorjobs\" \/>\n<meta name=\"twitter:site\" content=\"@canadamotorjobs\" \/>\n<meta name=\"twitter:label1\" content=\"\u00c9crit par\" \/>\n\t<meta name=\"twitter:data1\" content=\"Benoit Charette\" \/>\n\t<meta name=\"twitter:label2\" content=\"Estimation du temps de lecture\" \/>\n\t<meta name=\"twitter:data2\" content=\"2 minutes\" \/>\n<!-- \/ Yoast SEO plugin. -->","yoast_head_json":{"title":"Volkswagen rappelle tous les mod\u00e8les ID. 4 - CanadaMotorJobs.com","description":"Volkswagen rappelle tous les mod\u00e8les ID. 4 - Benoit Charette - Annuel automobile - CanadaMotorJobs.com.","robots":{"index":"index","follow":"follow","max-snippet":"max-snippet:-1","max-image-preview":"max-image-preview:large","max-video-preview":"max-video-preview:-1"},"og_locale":"fr_CA","og_type":"article","og_title":"Volkswagen rappelle tous les mod\u00e8les ID. 4 - CanadaMotorJobs.com","og_description":"Volkswagen rappelle tous les mod\u00e8les ID. 4 - Benoit Charette - Annuel automobile - CanadaMotorJobs.com.","og_url":"https:\/\/news.canadamotorjobs.com\/fr\/volkswagen-rappelle-tous-les-modeles-id-4\/","og_site_name":"CanadaMotorJobs.com","article_publisher":"https:\/\/www.facebook.com\/canadamotorjobs\/","article_published_time":"2023-11-17T13:38:54+00:00","article_modified_time":"2023-11-17T13:43:44+00:00","og_image":[{"width":1500,"height":1001,"url":"https:\/\/news.canadamotorjobs.com\/wp-content\/uploads\/2023\/11\/Small-14160-2021ID.4AWDProSwithGradientPackage.jpg","type":"image\/jpeg"}],"author":"Benoit Charette","twitter_card":"summary_large_image","twitter_creator":"@canadamotorjobs","twitter_site":"@canadamotorjobs","twitter_misc":{"\u00c9crit par":"Benoit Charette","Estimation du temps de lecture":"2 minutes"},"schema":{"@context":"https:\/\/schema.org","@graph":[{"@type":"Article","@id":"https:\/\/news.canadamotorjobs.com\/fr\/volkswagen-rappelle-tous-les-modeles-id-4\/#article","isPartOf":{"@id":"https:\/\/news.canadamotorjobs.com\/fr\/volkswagen-rappelle-tous-les-modeles-id-4\/"},"author":{"name":"Benoit Charette","@id":"https:\/\/news.canadamotorjobs.com\/#\/schema\/person\/51793d1f87d44011d7bcc2ed99269a90"},"headline":"Volkswagen rappelle tous les mod\u00e8les ID. 4","datePublished":"2023-11-17T13:38:54+00:00","dateModified":"2023-11-17T13:43:44+00:00","mainEntityOfPage":{"@id":"https:\/\/news.canadamotorjobs.com\/fr\/volkswagen-rappelle-tous-les-modeles-id-4\/"},"wordCount":370,"publisher":{"@id":"https:\/\/news.canadamotorjobs.com\/#organization"},"image":{"@id":"https:\/\/news.canadamotorjobs.com\/fr\/volkswagen-rappelle-tous-les-modeles-id-4\/#primaryimage"},"thumbnailUrl":"https:\/\/news.canadamotorjobs.com\/wp-content\/uploads\/2023\/11\/Small-14160-2021ID.4AWDProSwithGradientPackage.jpg","articleSection":["Annuel automobile"],"inLanguage":"fr-CA"},{"@type":"WebPage","@id":"https:\/\/news.canadamotorjobs.com\/fr\/volkswagen-rappelle-tous-les-modeles-id-4\/","url":"https:\/\/news.canadamotorjobs.com\/fr\/volkswagen-rappelle-tous-les-modeles-id-4\/","name":"Volkswagen rappelle tous les mod\u00e8les ID. 4 - CanadaMotorJobs.com","isPartOf":{"@id":"https:\/\/news.canadamotorjobs.com\/#website"},"primaryImageOfPage":{"@id":"https:\/\/news.canadamotorjobs.com\/fr\/volkswagen-rappelle-tous-les-modeles-id-4\/#primaryimage"},"image":{"@id":"https:\/\/news.canadamotorjobs.com\/fr\/volkswagen-rappelle-tous-les-modeles-id-4\/#primaryimage"},"thumbnailUrl":"https:\/\/news.canadamotorjobs.com\/wp-content\/uploads\/2023\/11\/Small-14160-2021ID.4AWDProSwithGradientPackage.jpg","datePublished":"2023-11-17T13:38:54+00:00","dateModified":"2023-11-17T13:43:44+00:00","description":"Volkswagen rappelle tous les mod\u00e8les ID. 4 - Benoit Charette - Annuel automobile - CanadaMotorJobs.com.","breadcrumb":{"@id":"https:\/\/news.canadamotorjobs.com\/fr\/volkswagen-rappelle-tous-les-modeles-id-4\/#breadcrumb"},"inLanguage":"fr-CA","potentialAction":[{"@type":"ReadAction","target":["https:\/\/news.canadamotorjobs.com\/fr\/volkswagen-rappelle-tous-les-modeles-id-4\/"]}]},{"@type":"ImageObject","inLanguage":"fr-CA","@id":"https:\/\/news.canadamotorjobs.com\/fr\/volkswagen-rappelle-tous-les-modeles-id-4\/#primaryimage","url":"https:\/\/news.canadamotorjobs.com\/wp-content\/uploads\/2023\/11\/Small-14160-2021ID.4AWDProSwithGradientPackage.jpg","contentUrl":"https:\/\/news.canadamotorjobs.com\/wp-content\/uploads\/2023\/11\/Small-14160-2021ID.4AWDProSwithGradientPackage.jpg","width":1500,"height":1001},{"@type":"BreadcrumbList","@id":"https:\/\/news.canadamotorjobs.com\/fr\/volkswagen-rappelle-tous-les-modeles-id-4\/#breadcrumb","itemListElement":[{"@type":"ListItem","position":1,"name":"Home","item":"https:\/\/news.canadamotorjobs.com\/fr\/blog\/"},{"@type":"ListItem","position":2,"name":"Volkswagen rappelle tous les mod\u00e8les ID. 4"}]},{"@type":"WebSite","@id":"https:\/\/news.canadamotorjobs.com\/#website","url":"https:\/\/news.canadamotorjobs.com\/","name":"CanadaMotorJobs.com","description":"Automotive Jobs","publisher":{"@id":"https:\/\/news.canadamotorjobs.com\/#organization"},"potentialAction":[{"@type":"SearchAction","target":{"@type":"EntryPoint","urlTemplate":"https:\/\/news.canadamotorjobs.com\/?s={search_term_string}"},"query-input":"required name=search_term_string"}],"inLanguage":"fr-CA"},{"@type":"Organization","@id":"https:\/\/news.canadamotorjobs.com\/#organization","name":"Canada Motor Jobs","url":"https:\/\/news.canadamotorjobs.com\/","logo":{"@type":"ImageObject","inLanguage":"fr-CA","@id":"https:\/\/news.canadamotorjobs.com\/#\/schema\/logo\/image\/","url":"https:\/\/news.canadamotorjobs.com\/wp-content\/uploads\/2022\/10\/logo-canada-motor-jobs-1.png","contentUrl":"https:\/\/news.canadamotorjobs.com\/wp-content\/uploads\/2022\/10\/logo-canada-motor-jobs-1.png","width":800,"height":400,"caption":"Canada Motor Jobs"},"image":{"@id":"https:\/\/news.canadamotorjobs.com\/#\/schema\/logo\/image\/"},"sameAs":["https:\/\/www.facebook.com\/canadamotorjobs\/","https:\/\/x.com\/canadamotorjobs","https:\/\/www.instagram.com\/canadamotorjobs\/","https:\/\/www.linkedin.com\/company\/canadamotorjobs"]},{"@type":"Person","@id":"https:\/\/news.canadamotorjobs.com\/#\/schema\/person\/51793d1f87d44011d7bcc2ed99269a90","name":"Benoit Charette","image":{"@type":"ImageObject","inLanguage":"fr-CA","@id":"https:\/\/news.canadamotorjobs.com\/#\/schema\/person\/image\/","url":"https:\/\/secure.gravatar.com\/avatar\/45f3d2eebcccd909668d7ce7ea7267b6?s=96&d=mm&r=g","contentUrl":"https:\/\/secure.gravatar.com\/avatar\/45f3d2eebcccd909668d7ce7ea7267b6?s=96&d=mm&r=g","caption":"Benoit Charette"},"description":"Benoit Charette \/ Propri\u00e9taire et r\u00e9dacteur en chef Benoit Charette pratique le journalisme automobile depuis bient\u00f4t 30 ans. Il a fait ses classes au c\u00f4t\u00e9 de Daniel H\u00e9raud et au Carnet de route de 1992 \u00e0 2001. Il est fondateur, copropri\u00e9taire et r\u00e9dacteur en chef de L\u2019Annuel de l\u2019automobile, qu\u2019il publie depuis 2001. Il a anim\u00e9 les \u00e9missions RPM et RPM+ sur V et les L\u00e9gendes de la route sur Historia. \u00c0 la radio depuis 1986, il reprend l\u2019antenne cette ann\u00e9e sur les ondes de Cogeco et participe pour la deuxi\u00e8me ann\u00e9e \u00e0 l\u2019\u00e9mission Passion Auto sur RDS en plus de mettre en ligne le site Web officiel de L\u2019Annuel de l\u2019automobile sur annuelauto.ca.","sameAs":["https:\/\/annuelauto.ca\/"],"url":"https:\/\/news.canadamotorjobs.com\/fr\/author\/benoit-charette\/"}]}},"_links":{"self":[{"href":"https:\/\/news.canadamotorjobs.com\/fr\/wp-json\/wp\/v2\/posts\/154087"}],"collection":[{"href":"https:\/\/news.canadamotorjobs.com\/fr\/wp-json\/wp\/v2\/posts"}],"about":[{"href":"https:\/\/news.canadamotorjobs.com\/fr\/wp-json\/wp\/v2\/types\/post"}],"author":[{"embeddable":true,"href":"https:\/\/news.canadamotorjobs.com\/fr\/wp-json\/wp\/v2\/users\/8"}],"replies":[{"embeddable":true,"href":"https:\/\/news.canadamotorjobs.com\/fr\/wp-json\/wp\/v2\/comments?post=154087"}],"version-history":[{"count":2,"href":"https:\/\/news.canadamotorjobs.com\/fr\/wp-json\/wp\/v2\/posts\/154087\/revisions"}],"predecessor-version":[{"id":154091,"href":"https:\/\/news.canadamotorjobs.com\/fr\/wp-json\/wp\/v2\/posts\/154087\/revisions\/154091"}],"wp:featuredmedia":[{"embeddable":true,"href":"https:\/\/news.canadamotorjobs.com\/fr\/wp-json\/wp\/v2\/media\/154089"}],"wp:attachment":[{"href":"https:\/\/news.canadamotorjobs.com\/fr\/wp-json\/wp\/v2\/media?parent=154087"}],"wp:term":[{"taxonomy":"category","embeddable":true,"href":"https:\/\/news.canadamotorjobs.com\/fr\/wp-json\/wp\/v2\/categories?post=154087"},{"taxonomy":"post_tag","embeddable":true,"href":"https:\/\/news.canadamotorjobs.com\/fr\/wp-json\/wp\/v2\/tags?post=154087"}],"curies":[{"name":"wp","href":"https:\/\/api.w.org\/{rel}","templated":true}]}}