{"id":154057,"date":"2023-11-16T14:30:29","date_gmt":"2023-11-16T19:30:29","guid":{"rendered":"https:\/\/news.canadamotorjobs.com\/?p=154057"},"modified":"2023-11-16T14:31:34","modified_gmt":"2023-11-16T19:31:34","slug":"hyundai-va-vendre-des-vehicules-sur-amazon-aux-etats-unis","status":"publish","type":"post","link":"https:\/\/news.canadamotorjobs.com\/fr\/hyundai-va-vendre-des-vehicules-sur-amazon-aux-etats-unis\/","title":{"rendered":"Hyundai va vendre des v\u00e9hicules sur Amazon aux \u00c9tats-Unis"},"content":{"rendered":"<\/p>\n<p>Hyundai a d\u00e9clar\u00e9 qu&#8217;il commencera \u00e0 vendre l&#8217;ensemble de son portefeuille de v\u00e9hicules via la plateforme d&#8217;achat Amazon en janvier sur le territoire des \u00c9tats-Unis. Il s\u2019agit d\u2019un projet pilote qui pour le moment ne traversera pas la fronti\u00e8re canadienne.<\/p>\n<h3>Le premier constructeur automobile sur Amazon<\/h3>\n<p>\nHyundai sera le premier constructeur automobile \u00e0 utiliser l&#8217;outil de vente au d\u00e9tail num\u00e9rique d&#8217;Amazon pour effectuer la transaction de bout en bout. Le constructeur automobile a soulign\u00e9 que ses concessionnaires continueront \u00e0 jouer un r\u00f4le dans les ventes en ligne. Le &#8220;magasin&#8221; Amazon de Hyundai aux \u00c9tats-Unis pr\u00e9sentera les stocks des concessionnaires et les mettra facilement en contact avec les acheteurs sur le march\u00e9. Les consommateurs pourront \u00e9galement rechercher des voitures et des VUS locaux en stock en fonction de leurs pr\u00e9f\u00e9rences, y compris le mod\u00e8le, la couleur de la finition et les caract\u00e9ristiques.<\/p>\n<h3>Paiement et financement<\/h3>\n<p>\nLes options de paiement et de financement seront disponibles lors de la validation de la commande. En fonction de la disponibilit\u00e9, le nouveau v\u00e9hicule sera livr\u00e9 \u00e0 l&#8217;acheteur ou pourra \u00eatre r\u00e9cup\u00e9r\u00e9 chez le concessionnaire local. Le programme commencerait avec 18 concessionnaires aux \u00c9tats-Unis, et qu&#8217;un d\u00e9ploiement plus large suivrait.<\/p>\n<h3>Fonctionnalit\u00e9<\/h3>\n<p>\nLe constructeur sud-cor\u00e9en d\u00e9veloppe davantage d&#8217;outils num\u00e9riques pour ses produits. En 2025, il introduira la fonctionnalit\u00e9 Amazon Alexa Built-In dans ses v\u00e9hicules. Les conducteurs pourront \u00e9couter de la musique, des podcasts et des livres audio, programmer des rappels, mettre \u00e0 jour des listes de t\u00e2ches et v\u00e9rifier des \u00e9l\u00e9ments du calendrier via la plateforme \u00e0 commande vocale. Alexa fournira \u00e9galement des informations sur le trafic et la m\u00e9t\u00e9o et contr\u00f4lera le syst\u00e8me de navigation.<\/p>\n<p>La fonctionnalit\u00e9 s&#8217;\u00e9tendra \u00e9galement aux conducteurs de Hyundai ayant une maison connect\u00e9e, leur permettant de r\u00e9gler la climatisation, de verrouiller les portes ou de contr\u00f4ler les lumi\u00e8res. Certaines fonctionnalit\u00e9s d&#8217;Alexa resteront accessibles lorsque la connectivit\u00e9 internet est limit\u00e9e ou indisponible. Si le projet prend envol aux \u00c9tats-Unis, il pourrait traverser au Canada.<\/p>\n<p>Avec des renseignements d&#8217;Automotive News<\/p>\n<p>Le texte <a rel=\"nofollow\" href=\"https:\/\/annuelauto.ca\/hyundai-va-vendre-des-vehicules-sur-amazon-aux-etats-unis\/\">Hyundai va vendre des v\u00e9hicules sur Amazon aux \u00c9tats-Unis<\/a> provient de <a rel=\"nofollow\" href=\"https:\/\/annuelauto.ca\">L&#8217;annuel de l&#8217;automobile &#8211; Actualit\u00e9 automobile<\/a><\/p>\n<p><\/p>\n","protected":false},"excerpt":{"rendered":"<p>Hyundai a d\u00e9clar\u00e9 qu&#8217;il commencera \u00e0 vendre l&#8217;ensemble de son portefeuille de v\u00e9hicules via la plateforme d&#8217;achat Amazon en janvier sur le territoire des \u00c9tats-Unis. Il s\u2019agit d\u2019un projet pilote qui pour le moment ne traversera pas la fronti\u00e8re canadienne. Le premier constructeur automobile sur Amazon Hyundai sera le premier constructeur automobile \u00e0 utiliser l&#8217;outil [&hellip;]<\/p>\n","protected":false},"author":8,"featured_media":154059,"comment_status":"close","ping_status":"closed","sticky":false,"template":"","format":"standard","meta":{"_monsterinsights_skip_tracking":false,"_monsterinsights_sitenote_active":false,"_monsterinsights_sitenote_note":"","_monsterinsights_sitenote_category":0,"footnotes":""},"categories":[101],"tags":[],"yoast_head":"<!-- This site is optimized with the Yoast SEO plugin v23.2 - https:\/\/yoast.com\/wordpress\/plugins\/seo\/ -->\n<title>Hyundai va vendre des v\u00e9hicules sur Amazon aux \u00c9tats-Unis - CanadaMotorJobs.com<\/title>\n<meta name=\"description\" content=\"Hyundai va vendre des v\u00e9hicules sur Amazon aux \u00c9tats-Unis - Benoit Charette - Annuel automobile - CanadaMotorJobs.com.\" \/>\n<meta name=\"robots\" content=\"index, follow, max-snippet:-1, max-image-preview:large, max-video-preview:-1\" \/>\n<meta property=\"og:locale\" content=\"fr_CA\" \/>\n<meta property=\"og:type\" content=\"article\" \/>\n<meta property=\"og:title\" content=\"Hyundai va vendre des v\u00e9hicules sur Amazon aux \u00c9tats-Unis - CanadaMotorJobs.com\" \/>\n<meta property=\"og:description\" content=\"Hyundai va vendre des v\u00e9hicules sur Amazon aux \u00c9tats-Unis - Benoit Charette - Annuel automobile - CanadaMotorJobs.com.\" \/>\n<meta property=\"og:url\" content=\"https:\/\/news.canadamotorjobs.com\/fr\/hyundai-va-vendre-des-vehicules-sur-amazon-aux-etats-unis\/\" \/>\n<meta property=\"og:site_name\" content=\"CanadaMotorJobs.com\" \/>\n<meta property=\"article:publisher\" content=\"https:\/\/www.facebook.com\/canadamotorjobs\/\" \/>\n<meta property=\"article:published_time\" content=\"2023-11-16T19:30:29+00:00\" \/>\n<meta property=\"article:modified_time\" content=\"2023-11-16T19:31:34+00:00\" \/>\n<meta property=\"og:image\" content=\"https:\/\/news.canadamotorjobs.com\/wp-content\/uploads\/2023\/11\/Hyundai_Amazon_LA_Auto_Show_2.jpg\" \/>\n\t<meta property=\"og:image:width\" content=\"2047\" \/>\n\t<meta property=\"og:image:height\" content=\"1072\" \/>\n\t<meta property=\"og:image:type\" content=\"image\/jpeg\" \/>\n<meta name=\"author\" content=\"Benoit Charette\" \/>\n<meta name=\"twitter:card\" content=\"summary_large_image\" \/>\n<meta name=\"twitter:creator\" content=\"@canadamotorjobs\" \/>\n<meta name=\"twitter:site\" content=\"@canadamotorjobs\" \/>\n<meta name=\"twitter:label1\" content=\"\u00c9crit par\" \/>\n\t<meta name=\"twitter:data1\" content=\"Benoit Charette\" \/>\n\t<meta name=\"twitter:label2\" content=\"Estimation du temps de lecture\" \/>\n\t<meta name=\"twitter:data2\" content=\"2 minutes\" \/>\n<!-- \/ Yoast SEO plugin. -->","yoast_head_json":{"title":"Hyundai va vendre des v\u00e9hicules sur Amazon aux \u00c9tats-Unis - CanadaMotorJobs.com","description":"Hyundai va vendre des v\u00e9hicules sur Amazon aux \u00c9tats-Unis - Benoit Charette - Annuel automobile - CanadaMotorJobs.com.","robots":{"index":"index","follow":"follow","max-snippet":"max-snippet:-1","max-image-preview":"max-image-preview:large","max-video-preview":"max-video-preview:-1"},"og_locale":"fr_CA","og_type":"article","og_title":"Hyundai va vendre des v\u00e9hicules sur Amazon aux \u00c9tats-Unis - CanadaMotorJobs.com","og_description":"Hyundai va vendre des v\u00e9hicules sur Amazon aux \u00c9tats-Unis - Benoit Charette - Annuel automobile - CanadaMotorJobs.com.","og_url":"https:\/\/news.canadamotorjobs.com\/fr\/hyundai-va-vendre-des-vehicules-sur-amazon-aux-etats-unis\/","og_site_name":"CanadaMotorJobs.com","article_publisher":"https:\/\/www.facebook.com\/canadamotorjobs\/","article_published_time":"2023-11-16T19:30:29+00:00","article_modified_time":"2023-11-16T19:31:34+00:00","og_image":[{"width":2047,"height":1072,"url":"https:\/\/news.canadamotorjobs.com\/wp-content\/uploads\/2023\/11\/Hyundai_Amazon_LA_Auto_Show_2.jpg","type":"image\/jpeg"}],"author":"Benoit Charette","twitter_card":"summary_large_image","twitter_creator":"@canadamotorjobs","twitter_site":"@canadamotorjobs","twitter_misc":{"\u00c9crit par":"Benoit Charette","Estimation du temps de lecture":"2 minutes"},"schema":{"@context":"https:\/\/schema.org","@graph":[{"@type":"Article","@id":"https:\/\/news.canadamotorjobs.com\/fr\/hyundai-va-vendre-des-vehicules-sur-amazon-aux-etats-unis\/#article","isPartOf":{"@id":"https:\/\/news.canadamotorjobs.com\/fr\/hyundai-va-vendre-des-vehicules-sur-amazon-aux-etats-unis\/"},"author":{"name":"Benoit Charette","@id":"https:\/\/news.canadamotorjobs.com\/#\/schema\/person\/51793d1f87d44011d7bcc2ed99269a90"},"headline":"Hyundai va vendre des v\u00e9hicules sur Amazon aux \u00c9tats-Unis","datePublished":"2023-11-16T19:30:29+00:00","dateModified":"2023-11-16T19:31:34+00:00","mainEntityOfPage":{"@id":"https:\/\/news.canadamotorjobs.com\/fr\/hyundai-va-vendre-des-vehicules-sur-amazon-aux-etats-unis\/"},"wordCount":394,"publisher":{"@id":"https:\/\/news.canadamotorjobs.com\/#organization"},"image":{"@id":"https:\/\/news.canadamotorjobs.com\/fr\/hyundai-va-vendre-des-vehicules-sur-amazon-aux-etats-unis\/#primaryimage"},"thumbnailUrl":"https:\/\/news.canadamotorjobs.com\/wp-content\/uploads\/2023\/11\/Hyundai_Amazon_LA_Auto_Show_2.jpg","articleSection":["Annuel automobile"],"inLanguage":"fr-CA"},{"@type":"WebPage","@id":"https:\/\/news.canadamotorjobs.com\/fr\/hyundai-va-vendre-des-vehicules-sur-amazon-aux-etats-unis\/","url":"https:\/\/news.canadamotorjobs.com\/fr\/hyundai-va-vendre-des-vehicules-sur-amazon-aux-etats-unis\/","name":"Hyundai va vendre des v\u00e9hicules sur Amazon aux \u00c9tats-Unis - CanadaMotorJobs.com","isPartOf":{"@id":"https:\/\/news.canadamotorjobs.com\/#website"},"primaryImageOfPage":{"@id":"https:\/\/news.canadamotorjobs.com\/fr\/hyundai-va-vendre-des-vehicules-sur-amazon-aux-etats-unis\/#primaryimage"},"image":{"@id":"https:\/\/news.canadamotorjobs.com\/fr\/hyundai-va-vendre-des-vehicules-sur-amazon-aux-etats-unis\/#primaryimage"},"thumbnailUrl":"https:\/\/news.canadamotorjobs.com\/wp-content\/uploads\/2023\/11\/Hyundai_Amazon_LA_Auto_Show_2.jpg","datePublished":"2023-11-16T19:30:29+00:00","dateModified":"2023-11-16T19:31:34+00:00","description":"Hyundai va vendre des v\u00e9hicules sur Amazon aux \u00c9tats-Unis - Benoit Charette - Annuel automobile - CanadaMotorJobs.com.","breadcrumb":{"@id":"https:\/\/news.canadamotorjobs.com\/fr\/hyundai-va-vendre-des-vehicules-sur-amazon-aux-etats-unis\/#breadcrumb"},"inLanguage":"fr-CA","potentialAction":[{"@type":"ReadAction","target":["https:\/\/news.canadamotorjobs.com\/fr\/hyundai-va-vendre-des-vehicules-sur-amazon-aux-etats-unis\/"]}]},{"@type":"ImageObject","inLanguage":"fr-CA","@id":"https:\/\/news.canadamotorjobs.com\/fr\/hyundai-va-vendre-des-vehicules-sur-amazon-aux-etats-unis\/#primaryimage","url":"https:\/\/news.canadamotorjobs.com\/wp-content\/uploads\/2023\/11\/Hyundai_Amazon_LA_Auto_Show_2.jpg","contentUrl":"https:\/\/news.canadamotorjobs.com\/wp-content\/uploads\/2023\/11\/Hyundai_Amazon_LA_Auto_Show_2.jpg","width":2047,"height":1072},{"@type":"BreadcrumbList","@id":"https:\/\/news.canadamotorjobs.com\/fr\/hyundai-va-vendre-des-vehicules-sur-amazon-aux-etats-unis\/#breadcrumb","itemListElement":[{"@type":"ListItem","position":1,"name":"Home","item":"https:\/\/news.canadamotorjobs.com\/fr\/blog\/"},{"@type":"ListItem","position":2,"name":"Hyundai va vendre des v\u00e9hicules sur Amazon aux \u00c9tats-Unis"}]},{"@type":"WebSite","@id":"https:\/\/news.canadamotorjobs.com\/#website","url":"https:\/\/news.canadamotorjobs.com\/","name":"CanadaMotorJobs.com","description":"Automotive Jobs","publisher":{"@id":"https:\/\/news.canadamotorjobs.com\/#organization"},"potentialAction":[{"@type":"SearchAction","target":{"@type":"EntryPoint","urlTemplate":"https:\/\/news.canadamotorjobs.com\/?s={search_term_string}"},"query-input":"required name=search_term_string"}],"inLanguage":"fr-CA"},{"@type":"Organization","@id":"https:\/\/news.canadamotorjobs.com\/#organization","name":"Canada Motor Jobs","url":"https:\/\/news.canadamotorjobs.com\/","logo":{"@type":"ImageObject","inLanguage":"fr-CA","@id":"https:\/\/news.canadamotorjobs.com\/#\/schema\/logo\/image\/","url":"https:\/\/news.canadamotorjobs.com\/wp-content\/uploads\/2022\/10\/logo-canada-motor-jobs-1.png","contentUrl":"https:\/\/news.canadamotorjobs.com\/wp-content\/uploads\/2022\/10\/logo-canada-motor-jobs-1.png","width":800,"height":400,"caption":"Canada Motor Jobs"},"image":{"@id":"https:\/\/news.canadamotorjobs.com\/#\/schema\/logo\/image\/"},"sameAs":["https:\/\/www.facebook.com\/canadamotorjobs\/","https:\/\/x.com\/canadamotorjobs","https:\/\/www.instagram.com\/canadamotorjobs\/","https:\/\/www.linkedin.com\/company\/canadamotorjobs"]},{"@type":"Person","@id":"https:\/\/news.canadamotorjobs.com\/#\/schema\/person\/51793d1f87d44011d7bcc2ed99269a90","name":"Benoit Charette","image":{"@type":"ImageObject","inLanguage":"fr-CA","@id":"https:\/\/news.canadamotorjobs.com\/#\/schema\/person\/image\/","url":"https:\/\/secure.gravatar.com\/avatar\/45f3d2eebcccd909668d7ce7ea7267b6?s=96&d=mm&r=g","contentUrl":"https:\/\/secure.gravatar.com\/avatar\/45f3d2eebcccd909668d7ce7ea7267b6?s=96&d=mm&r=g","caption":"Benoit Charette"},"description":"Benoit Charette \/ Propri\u00e9taire et r\u00e9dacteur en chef Benoit Charette pratique le journalisme automobile depuis bient\u00f4t 30 ans. Il a fait ses classes au c\u00f4t\u00e9 de Daniel H\u00e9raud et au Carnet de route de 1992 \u00e0 2001. Il est fondateur, copropri\u00e9taire et r\u00e9dacteur en chef de L\u2019Annuel de l\u2019automobile, qu\u2019il publie depuis 2001. Il a anim\u00e9 les \u00e9missions RPM et RPM+ sur V et les L\u00e9gendes de la route sur Historia. \u00c0 la radio depuis 1986, il reprend l\u2019antenne cette ann\u00e9e sur les ondes de Cogeco et participe pour la deuxi\u00e8me ann\u00e9e \u00e0 l\u2019\u00e9mission Passion Auto sur RDS en plus de mettre en ligne le site Web officiel de L\u2019Annuel de l\u2019automobile sur annuelauto.ca.","sameAs":["https:\/\/annuelauto.ca\/"],"url":"https:\/\/news.canadamotorjobs.com\/fr\/author\/benoit-charette\/"}]}},"_links":{"self":[{"href":"https:\/\/news.canadamotorjobs.com\/fr\/wp-json\/wp\/v2\/posts\/154057"}],"collection":[{"href":"https:\/\/news.canadamotorjobs.com\/fr\/wp-json\/wp\/v2\/posts"}],"about":[{"href":"https:\/\/news.canadamotorjobs.com\/fr\/wp-json\/wp\/v2\/types\/post"}],"author":[{"embeddable":true,"href":"https:\/\/news.canadamotorjobs.com\/fr\/wp-json\/wp\/v2\/users\/8"}],"replies":[{"embeddable":true,"href":"https:\/\/news.canadamotorjobs.com\/fr\/wp-json\/wp\/v2\/comments?post=154057"}],"version-history":[{"count":2,"href":"https:\/\/news.canadamotorjobs.com\/fr\/wp-json\/wp\/v2\/posts\/154057\/revisions"}],"predecessor-version":[{"id":154061,"href":"https:\/\/news.canadamotorjobs.com\/fr\/wp-json\/wp\/v2\/posts\/154057\/revisions\/154061"}],"wp:featuredmedia":[{"embeddable":true,"href":"https:\/\/news.canadamotorjobs.com\/fr\/wp-json\/wp\/v2\/media\/154059"}],"wp:attachment":[{"href":"https:\/\/news.canadamotorjobs.com\/fr\/wp-json\/wp\/v2\/media?parent=154057"}],"wp:term":[{"taxonomy":"category","embeddable":true,"href":"https:\/\/news.canadamotorjobs.com\/fr\/wp-json\/wp\/v2\/categories?post=154057"},{"taxonomy":"post_tag","embeddable":true,"href":"https:\/\/news.canadamotorjobs.com\/fr\/wp-json\/wp\/v2\/tags?post=154057"}],"curies":[{"name":"wp","href":"https:\/\/api.w.org\/{rel}","templated":true}]}}