{"id":154034,"date":"2023-11-16T14:14:16","date_gmt":"2023-11-16T19:14:16","guid":{"rendered":"https:\/\/news.canadamotorjobs.com\/?p=154034"},"modified":"2023-11-16T14:15:30","modified_gmt":"2023-11-16T19:15:30","slug":"hyundai-devoile-le-tout-nouveau-santa-fe-2024-design-axe-sur-le-plein-air-et-lespace","status":"publish","type":"post","link":"https:\/\/news.canadamotorjobs.com\/fr\/hyundai-devoile-le-tout-nouveau-santa-fe-2024-design-axe-sur-le-plein-air-et-lespace\/","title":{"rendered":"Hyundai d\u00e9voile le tout nouveau Santa Fe 2024 : Design ax\u00e9 sur le plein air et l\u2019espace"},"content":{"rendered":"<\/p>\n<p>Hyundai a pr\u00e9sent\u00e9 aujourd&#8217;hui le dernier mod\u00e8le du Santa Fe 2024 lors du salon AutoMobility de Los Angeles. Le nouveau design, baptis\u00e9 &#8220;Open for More&#8221; (ouvert pour plus), met en avant une ouverture de hayon plus large et un int\u00e9rieur spacieux. Cette large ouverture de hayon permet une exp\u00e9rience unique en connectant l&#8217;habitacle \u00e0 l&#8217;ext\u00e9rieur, transformant ainsi l&#8217;espace autrefois r\u00e9serv\u00e9 au rangement en une zone de d\u00e9tente ext\u00e9rieure de type terrasse. Pr\u00e9vu pour une sortie en mars 2024 pour le mod\u00e8le 2.5T et au printemps pour la version hybride.<\/p>\n<p>Un design repens\u00e9 pour une exp\u00e9rience polyvalente<\/p>\n<p>Le Santa Fe 2024 offre un attrait urbain et aventurier gr\u00e2ce \u00e0 un empattement plus long et un hayon agrandi, cr\u00e9ant un espace similaire \u00e0 une terrasse. Cette extension permet un confort accru, m\u00eame \u00e0 la troisi\u00e8me rang\u00e9e, sans compromettre l&#8217;espace global.<\/p>\n<h3>R\u00e9actions des dirigeants<\/h3>\n<p>\nJos\u00e9 Mu\u00f1oz, pr\u00e9sident-directeur g\u00e9n\u00e9ral de Hyundai Motor North America, souligne l&#8217;\u00e9volution de la marque et met en avant les avanc\u00e9es du Santa Fe 2024, m\u00ealant design audacieux, habitacle spacieux et fusion entre style urbain et naturel.<\/p>\n<h3>D\u00e9tails du design ext\u00e9rieur et int\u00e9rieur<\/h3>\n<p>\nLe design ext\u00e9rieur met en avant un empattement plus long et des \u00e9l\u00e9ments sculpturaux adapt\u00e9s \u00e0 diff\u00e9rents environnements. L&#8217;int\u00e9rieur, quant \u00e0 lui, propose un motif en forme de H accentuant l&#8217;ouverture et l&#8217;\u00e9quilibre du design, avec des fonctionnalit\u00e9s ax\u00e9es sur la commodit\u00e9, telles qu&#8217;un syst\u00e8me de st\u00e9rilisation UV-C et un syst\u00e8me de chargement sans fil pour t\u00e9l\u00e9phones intelligents.<\/p>\n<h3>\u00c9l\u00e9ments cl\u00e9s de l&#8217;espace et de la durabilit\u00e9<\/h3>\n<p>\nLe Santa Fe met l&#8217;accent sur des mat\u00e9riaux \u00e9cologiques \u00e0 l&#8217;int\u00e9rieur et \u00e0 l&#8217;ext\u00e9rieur, offrant une capacit\u00e9 de chargement impressionnante pour s&#8217;adapter aux modes de vie urbains et aux aventures en plein air. Il est disponible dans une vari\u00e9t\u00e9 de couleurs ext\u00e9rieures et int\u00e9rieures.<\/p>\n<h3>Exp\u00e9rience de conduite am\u00e9lior\u00e9e et s\u00e9curit\u00e9 accrue<\/h3>\n<p>\nEn plus des fonctionnalit\u00e9s de confort haut de gamme, le Santa Fe propose des caract\u00e9ristiques avanc\u00e9es d&#8217;assistance \u00e0 la conduite et de s\u00e9curit\u00e9, offrant une conduite confortable et s\u00e9curis\u00e9e pour les trajets quotidiens ou les escapades du weekend.<\/p>\n<h3>Options de motorisation<\/h3>\n<p>\nDeux options de motorisation sont disponibles : un moteur hybride turbocompress\u00e9 de 1,6 litre et un moteur turbocompress\u00e9 de 2,5 litres, offrant respectivement une puissance combin\u00e9e estim\u00e9e et une performance robuste pour r\u00e9pondre aux divers besoins des conducteurs.<\/p>\n<p>Hyundai a r\u00e9invent\u00e9 le Santa Fe 2024 pour offrir une exp\u00e9rience de conduite polyvalente, un design innovant et des fonctionnalit\u00e9s de pointe, faisant ainsi avancer la r\u00e9putation de la marque dans le segment en constante \u00e9volution des VUS.<\/p>\n<p>Source: Hyundai<\/p>\n<p>Le texte <a rel=\"nofollow\" href=\"https:\/\/annuelauto.ca\/hyundai-devoile-le-tout-nouveau-santa-fe-2024-design-axe-sur-le-plein-air-et-lespace\/\">Hyundai d\u00e9voile le tout nouveau Santa Fe 2024 : Design ax\u00e9 sur le plein air et l\u2019espace<\/a> provient de <a rel=\"nofollow\" href=\"https:\/\/annuelauto.ca\">L&#8217;annuel de l&#8217;automobile &#8211; Actualit\u00e9 automobile<\/a><\/p>\n<p><\/p>\n","protected":false},"excerpt":{"rendered":"<p>Hyundai a pr\u00e9sent\u00e9 aujourd&#8217;hui le dernier mod\u00e8le du Santa Fe 2024 lors du salon AutoMobility de Los Angeles. Le nouveau design, baptis\u00e9 &#8220;Open for More&#8221; (ouvert pour plus), met en avant une ouverture de hayon plus large et un int\u00e9rieur spacieux. Cette large ouverture de hayon permet une exp\u00e9rience unique en connectant l&#8217;habitacle \u00e0 l&#8217;ext\u00e9rieur, [&hellip;]<\/p>\n","protected":false},"author":8,"featured_media":154036,"comment_status":"close","ping_status":"closed","sticky":false,"template":"","format":"standard","meta":{"_monsterinsights_skip_tracking":false,"_monsterinsights_sitenote_active":false,"_monsterinsights_sitenote_note":"","_monsterinsights_sitenote_category":0,"footnotes":""},"categories":[101],"tags":[],"yoast_head":"<!-- This site is optimized with the Yoast SEO plugin v23.2 - https:\/\/yoast.com\/wordpress\/plugins\/seo\/ -->\n<title>Hyundai d\u00e9voile le tout nouveau Santa Fe 2024 : Design ax\u00e9 sur le plein air et l\u2019espace - CanadaMotorJobs.com<\/title>\n<meta name=\"description\" content=\"Hyundai d\u00e9voile le tout nouveau Santa Fe 2024 : Design ax\u00e9 sur le plein air et l\u2019espace - Benoit Charette - Annuel automobile - CanadaMotorJobs.com.\" \/>\n<meta name=\"robots\" content=\"index, follow, max-snippet:-1, max-image-preview:large, max-video-preview:-1\" \/>\n<meta property=\"og:locale\" content=\"fr_CA\" \/>\n<meta property=\"og:type\" content=\"article\" \/>\n<meta property=\"og:title\" content=\"Hyundai d\u00e9voile le tout nouveau Santa Fe 2024 : Design ax\u00e9 sur le plein air et l\u2019espace - CanadaMotorJobs.com\" \/>\n<meta property=\"og:description\" content=\"Hyundai d\u00e9voile le tout nouveau Santa Fe 2024 : Design ax\u00e9 sur le plein air et l\u2019espace - Benoit Charette - Annuel automobile - CanadaMotorJobs.com.\" \/>\n<meta property=\"og:url\" content=\"https:\/\/news.canadamotorjobs.com\/fr\/hyundai-devoile-le-tout-nouveau-santa-fe-2024-design-axe-sur-le-plein-air-et-lespace\/\" \/>\n<meta property=\"og:site_name\" content=\"CanadaMotorJobs.com\" \/>\n<meta property=\"article:publisher\" content=\"https:\/\/www.facebook.com\/canadamotorjobs\/\" \/>\n<meta property=\"article:published_time\" content=\"2023-11-16T19:14:16+00:00\" \/>\n<meta property=\"article:modified_time\" content=\"2023-11-16T19:15:30+00:00\" \/>\n<meta property=\"og:image\" content=\"https:\/\/news.canadamotorjobs.com\/wp-content\/uploads\/2023\/11\/Large-57746-2024SantaFeCalligraphy.jpg\" \/>\n\t<meta property=\"og:image:width\" content=\"1200\" \/>\n\t<meta property=\"og:image:height\" content=\"800\" \/>\n\t<meta property=\"og:image:type\" content=\"image\/jpeg\" \/>\n<meta name=\"author\" content=\"Benoit Charette\" \/>\n<meta name=\"twitter:card\" content=\"summary_large_image\" \/>\n<meta name=\"twitter:creator\" content=\"@canadamotorjobs\" \/>\n<meta name=\"twitter:site\" content=\"@canadamotorjobs\" \/>\n<meta name=\"twitter:label1\" content=\"\u00c9crit par\" \/>\n\t<meta name=\"twitter:data1\" content=\"Benoit Charette\" \/>\n\t<meta name=\"twitter:label2\" content=\"Estimation du temps de lecture\" \/>\n\t<meta name=\"twitter:data2\" content=\"2 minutes\" \/>\n<!-- \/ Yoast SEO plugin. -->","yoast_head_json":{"title":"Hyundai d\u00e9voile le tout nouveau Santa Fe 2024 : Design ax\u00e9 sur le plein air et l\u2019espace - CanadaMotorJobs.com","description":"Hyundai d\u00e9voile le tout nouveau Santa Fe 2024 : Design ax\u00e9 sur le plein air et l\u2019espace - Benoit Charette - Annuel automobile - CanadaMotorJobs.com.","robots":{"index":"index","follow":"follow","max-snippet":"max-snippet:-1","max-image-preview":"max-image-preview:large","max-video-preview":"max-video-preview:-1"},"og_locale":"fr_CA","og_type":"article","og_title":"Hyundai d\u00e9voile le tout nouveau Santa Fe 2024 : Design ax\u00e9 sur le plein air et l\u2019espace - CanadaMotorJobs.com","og_description":"Hyundai d\u00e9voile le tout nouveau Santa Fe 2024 : Design ax\u00e9 sur le plein air et l\u2019espace - Benoit Charette - Annuel automobile - CanadaMotorJobs.com.","og_url":"https:\/\/news.canadamotorjobs.com\/fr\/hyundai-devoile-le-tout-nouveau-santa-fe-2024-design-axe-sur-le-plein-air-et-lespace\/","og_site_name":"CanadaMotorJobs.com","article_publisher":"https:\/\/www.facebook.com\/canadamotorjobs\/","article_published_time":"2023-11-16T19:14:16+00:00","article_modified_time":"2023-11-16T19:15:30+00:00","og_image":[{"width":1200,"height":800,"url":"https:\/\/news.canadamotorjobs.com\/wp-content\/uploads\/2023\/11\/Large-57746-2024SantaFeCalligraphy.jpg","type":"image\/jpeg"}],"author":"Benoit Charette","twitter_card":"summary_large_image","twitter_creator":"@canadamotorjobs","twitter_site":"@canadamotorjobs","twitter_misc":{"\u00c9crit par":"Benoit Charette","Estimation du temps de lecture":"2 minutes"},"schema":{"@context":"https:\/\/schema.org","@graph":[{"@type":"Article","@id":"https:\/\/news.canadamotorjobs.com\/fr\/hyundai-devoile-le-tout-nouveau-santa-fe-2024-design-axe-sur-le-plein-air-et-lespace\/#article","isPartOf":{"@id":"https:\/\/news.canadamotorjobs.com\/fr\/hyundai-devoile-le-tout-nouveau-santa-fe-2024-design-axe-sur-le-plein-air-et-lespace\/"},"author":{"name":"Benoit Charette","@id":"https:\/\/news.canadamotorjobs.com\/#\/schema\/person\/51793d1f87d44011d7bcc2ed99269a90"},"headline":"Hyundai d\u00e9voile le tout nouveau Santa Fe 2024 : Design ax\u00e9 sur le plein air et l\u2019espace","datePublished":"2023-11-16T19:14:16+00:00","dateModified":"2023-11-16T19:15:30+00:00","mainEntityOfPage":{"@id":"https:\/\/news.canadamotorjobs.com\/fr\/hyundai-devoile-le-tout-nouveau-santa-fe-2024-design-axe-sur-le-plein-air-et-lespace\/"},"wordCount":526,"publisher":{"@id":"https:\/\/news.canadamotorjobs.com\/#organization"},"image":{"@id":"https:\/\/news.canadamotorjobs.com\/fr\/hyundai-devoile-le-tout-nouveau-santa-fe-2024-design-axe-sur-le-plein-air-et-lespace\/#primaryimage"},"thumbnailUrl":"https:\/\/news.canadamotorjobs.com\/wp-content\/uploads\/2023\/11\/Large-57746-2024SantaFeCalligraphy.jpg","articleSection":["Annuel automobile"],"inLanguage":"fr-CA"},{"@type":"WebPage","@id":"https:\/\/news.canadamotorjobs.com\/fr\/hyundai-devoile-le-tout-nouveau-santa-fe-2024-design-axe-sur-le-plein-air-et-lespace\/","url":"https:\/\/news.canadamotorjobs.com\/fr\/hyundai-devoile-le-tout-nouveau-santa-fe-2024-design-axe-sur-le-plein-air-et-lespace\/","name":"Hyundai d\u00e9voile le tout nouveau Santa Fe 2024 : Design ax\u00e9 sur le plein air et l\u2019espace - CanadaMotorJobs.com","isPartOf":{"@id":"https:\/\/news.canadamotorjobs.com\/#website"},"primaryImageOfPage":{"@id":"https:\/\/news.canadamotorjobs.com\/fr\/hyundai-devoile-le-tout-nouveau-santa-fe-2024-design-axe-sur-le-plein-air-et-lespace\/#primaryimage"},"image":{"@id":"https:\/\/news.canadamotorjobs.com\/fr\/hyundai-devoile-le-tout-nouveau-santa-fe-2024-design-axe-sur-le-plein-air-et-lespace\/#primaryimage"},"thumbnailUrl":"https:\/\/news.canadamotorjobs.com\/wp-content\/uploads\/2023\/11\/Large-57746-2024SantaFeCalligraphy.jpg","datePublished":"2023-11-16T19:14:16+00:00","dateModified":"2023-11-16T19:15:30+00:00","description":"Hyundai d\u00e9voile le tout nouveau Santa Fe 2024 : Design ax\u00e9 sur le plein air et l\u2019espace - Benoit Charette - Annuel automobile - CanadaMotorJobs.com.","breadcrumb":{"@id":"https:\/\/news.canadamotorjobs.com\/fr\/hyundai-devoile-le-tout-nouveau-santa-fe-2024-design-axe-sur-le-plein-air-et-lespace\/#breadcrumb"},"inLanguage":"fr-CA","potentialAction":[{"@type":"ReadAction","target":["https:\/\/news.canadamotorjobs.com\/fr\/hyundai-devoile-le-tout-nouveau-santa-fe-2024-design-axe-sur-le-plein-air-et-lespace\/"]}]},{"@type":"ImageObject","inLanguage":"fr-CA","@id":"https:\/\/news.canadamotorjobs.com\/fr\/hyundai-devoile-le-tout-nouveau-santa-fe-2024-design-axe-sur-le-plein-air-et-lespace\/#primaryimage","url":"https:\/\/news.canadamotorjobs.com\/wp-content\/uploads\/2023\/11\/Large-57746-2024SantaFeCalligraphy.jpg","contentUrl":"https:\/\/news.canadamotorjobs.com\/wp-content\/uploads\/2023\/11\/Large-57746-2024SantaFeCalligraphy.jpg","width":1200,"height":800},{"@type":"BreadcrumbList","@id":"https:\/\/news.canadamotorjobs.com\/fr\/hyundai-devoile-le-tout-nouveau-santa-fe-2024-design-axe-sur-le-plein-air-et-lespace\/#breadcrumb","itemListElement":[{"@type":"ListItem","position":1,"name":"Home","item":"https:\/\/news.canadamotorjobs.com\/fr\/blog\/"},{"@type":"ListItem","position":2,"name":"Hyundai d\u00e9voile le tout nouveau Santa Fe 2024 : Design ax\u00e9 sur le plein air et l\u2019espace"}]},{"@type":"WebSite","@id":"https:\/\/news.canadamotorjobs.com\/#website","url":"https:\/\/news.canadamotorjobs.com\/","name":"CanadaMotorJobs.com","description":"Automotive Jobs","publisher":{"@id":"https:\/\/news.canadamotorjobs.com\/#organization"},"potentialAction":[{"@type":"SearchAction","target":{"@type":"EntryPoint","urlTemplate":"https:\/\/news.canadamotorjobs.com\/?s={search_term_string}"},"query-input":"required name=search_term_string"}],"inLanguage":"fr-CA"},{"@type":"Organization","@id":"https:\/\/news.canadamotorjobs.com\/#organization","name":"Canada Motor Jobs","url":"https:\/\/news.canadamotorjobs.com\/","logo":{"@type":"ImageObject","inLanguage":"fr-CA","@id":"https:\/\/news.canadamotorjobs.com\/#\/schema\/logo\/image\/","url":"https:\/\/news.canadamotorjobs.com\/wp-content\/uploads\/2022\/10\/logo-canada-motor-jobs-1.png","contentUrl":"https:\/\/news.canadamotorjobs.com\/wp-content\/uploads\/2022\/10\/logo-canada-motor-jobs-1.png","width":800,"height":400,"caption":"Canada Motor Jobs"},"image":{"@id":"https:\/\/news.canadamotorjobs.com\/#\/schema\/logo\/image\/"},"sameAs":["https:\/\/www.facebook.com\/canadamotorjobs\/","https:\/\/x.com\/canadamotorjobs","https:\/\/www.instagram.com\/canadamotorjobs\/","https:\/\/www.linkedin.com\/company\/canadamotorjobs"]},{"@type":"Person","@id":"https:\/\/news.canadamotorjobs.com\/#\/schema\/person\/51793d1f87d44011d7bcc2ed99269a90","name":"Benoit Charette","image":{"@type":"ImageObject","inLanguage":"fr-CA","@id":"https:\/\/news.canadamotorjobs.com\/#\/schema\/person\/image\/","url":"https:\/\/secure.gravatar.com\/avatar\/45f3d2eebcccd909668d7ce7ea7267b6?s=96&d=mm&r=g","contentUrl":"https:\/\/secure.gravatar.com\/avatar\/45f3d2eebcccd909668d7ce7ea7267b6?s=96&d=mm&r=g","caption":"Benoit Charette"},"description":"Benoit Charette \/ Propri\u00e9taire et r\u00e9dacteur en chef Benoit Charette pratique le journalisme automobile depuis bient\u00f4t 30 ans. Il a fait ses classes au c\u00f4t\u00e9 de Daniel H\u00e9raud et au Carnet de route de 1992 \u00e0 2001. Il est fondateur, copropri\u00e9taire et r\u00e9dacteur en chef de L\u2019Annuel de l\u2019automobile, qu\u2019il publie depuis 2001. Il a anim\u00e9 les \u00e9missions RPM et RPM+ sur V et les L\u00e9gendes de la route sur Historia. \u00c0 la radio depuis 1986, il reprend l\u2019antenne cette ann\u00e9e sur les ondes de Cogeco et participe pour la deuxi\u00e8me ann\u00e9e \u00e0 l\u2019\u00e9mission Passion Auto sur RDS en plus de mettre en ligne le site Web officiel de L\u2019Annuel de l\u2019automobile sur annuelauto.ca.","sameAs":["https:\/\/annuelauto.ca\/"],"url":"https:\/\/news.canadamotorjobs.com\/fr\/author\/benoit-charette\/"}]}},"_links":{"self":[{"href":"https:\/\/news.canadamotorjobs.com\/fr\/wp-json\/wp\/v2\/posts\/154034"}],"collection":[{"href":"https:\/\/news.canadamotorjobs.com\/fr\/wp-json\/wp\/v2\/posts"}],"about":[{"href":"https:\/\/news.canadamotorjobs.com\/fr\/wp-json\/wp\/v2\/types\/post"}],"author":[{"embeddable":true,"href":"https:\/\/news.canadamotorjobs.com\/fr\/wp-json\/wp\/v2\/users\/8"}],"replies":[{"embeddable":true,"href":"https:\/\/news.canadamotorjobs.com\/fr\/wp-json\/wp\/v2\/comments?post=154034"}],"version-history":[{"count":2,"href":"https:\/\/news.canadamotorjobs.com\/fr\/wp-json\/wp\/v2\/posts\/154034\/revisions"}],"predecessor-version":[{"id":154038,"href":"https:\/\/news.canadamotorjobs.com\/fr\/wp-json\/wp\/v2\/posts\/154034\/revisions\/154038"}],"wp:featuredmedia":[{"embeddable":true,"href":"https:\/\/news.canadamotorjobs.com\/fr\/wp-json\/wp\/v2\/media\/154036"}],"wp:attachment":[{"href":"https:\/\/news.canadamotorjobs.com\/fr\/wp-json\/wp\/v2\/media?parent=154034"}],"wp:term":[{"taxonomy":"category","embeddable":true,"href":"https:\/\/news.canadamotorjobs.com\/fr\/wp-json\/wp\/v2\/categories?post=154034"},{"taxonomy":"post_tag","embeddable":true,"href":"https:\/\/news.canadamotorjobs.com\/fr\/wp-json\/wp\/v2\/tags?post=154034"}],"curies":[{"name":"wp","href":"https:\/\/api.w.org\/{rel}","templated":true}]}}