{"id":154011,"date":"2023-11-16T10:10:13","date_gmt":"2023-11-16T15:10:13","guid":{"rendered":"https:\/\/news.canadamotorjobs.com\/?p=154011"},"modified":"2023-11-16T10:15:03","modified_gmt":"2023-11-16T15:15:03","slug":"tesla-retire-sa-menace-de-poursuite-de-50-000","status":"publish","type":"post","link":"https:\/\/news.canadamotorjobs.com\/fr\/tesla-retire-sa-menace-de-poursuite-de-50-000\/","title":{"rendered":"Tesla retire sa menace de poursuite de 50\u00a0000$"},"content":{"rendered":"<\/p>\n<p>Tesla a retir\u00e9 sa menace d&#8217;intenter une action en justice de 50 000 dollars et d&#8217;autres mesures \u00e0 l&#8217;encontre des acqu\u00e9reurs de son Cybertruck qui revendraient leur v\u00e9hicule moins d\u2019un an apr\u00e8s son achat, un jour apr\u00e8s avoir fait la une des journaux.<\/p>\n<h3>Une mesure qui a choqu\u00e9 les acheteurs<\/h3>\n<p>\nTesla pr\u00e9voit de commencer les livraisons du pick-up \u00e9lectrique Cybertruck le 30 novembre et a commenc\u00e9 \u00e0 annoncer que les volumes seraient limit\u00e9s, ce qui signifie que les premiers propri\u00e9taires pourront probablement r\u00e9aliser un b\u00e9n\u00e9fice en revendant le v\u00e9hicule tr\u00e8s attendu. Pour \u00e9viter cela, Tesla avait ajout\u00e9 un paragraphe concernant sp\u00e9cifiquement le Cybertruck dans la section des conditions g\u00e9n\u00e9rales du contrat de vente que les acheteurs doivent signer lorsqu&#8217;ils ach\u00e8tent un v\u00e9hicule aupr\u00e8s de la soci\u00e9t\u00e9. Ce paragraphe stipule que l&#8217;acheteur s&#8217;engage \u00e0 ne pas revendre le camion \u00e9lectrique pendant au moins un an apr\u00e8s en avoir pris livraison, sous peine d&#8217;en subir les cons\u00e9quences, y compris un \u00e9ventuel proc\u00e8s.<\/p>\n<h3>Le paragraphe a disparu le lendemain<\/h3>\n<p>\nLe lendemain, ce paragraphe ne figurait plus dans le contrat de vente. Cela signifie probablement que les propri\u00e9taires pourront revendre leurs Cybertrucks sans que Tesla ne les poursuive, bien que l&#8217;entreprise puisse toujours r\u00e9tablir la politique ou quelque chose de similaire une fois que le Cybertruck est effectivement sur le march\u00e9. Business Insider a rapport\u00e9 mercredi que le paragraphe avait effray\u00e9 certains investisseurs et d\u00e9tenteurs de r\u00e9servations, en particulier le commentaire selon lequel le Cybertruck serait &#8220;commercialis\u00e9 en quantit\u00e9 limit\u00e9e&#8221;. Cela va \u00e0 l&#8217;encontre des commentaires pr\u00e9c\u00e9dents de Tesla sur les objectifs de volume \u00e9lev\u00e9 pour le camion \u00e9lectrique.<\/p>\n<h3>Tesla veut fabriquer 250\u00a0000 Cybertruck par ann\u00e9e en 2025<\/h3>\n<p>\nLe mois dernier, le PDG Elon Musk a d\u00e9clar\u00e9 que le Cybertruck comptait plus d&#8217;un million de r\u00e9servations et que Tesla visait une capacit\u00e9 de production de 250 000 unit\u00e9s par an d&#8217;ici 2025. Le Cybertruck est construit dans l&#8217;usine de Tesla pr\u00e8s d&#8217;Austin, au Texas.<\/p>\n<p>Le Cybertruck a \u00e9t\u00e9 pr\u00e9sent\u00e9 pour la premi\u00e8re fois sous forme de concept en 2019. La production devait initialement commencer fin 2021, mais de nombreux retards l&#8217;ont retard\u00e9e. Certains de ces retards ont \u00e9t\u00e9 caus\u00e9s par des modifications du cahier des charges initial et la n\u00e9cessit\u00e9 de mettre en \u0153uvre de nouvelles technologies, a pr\u00e9c\u00e9demment d\u00e9clar\u00e9 Tesla. Nous avons maintenant h\u00e2te de voir l\u2019autonomie r\u00e9elle de ce camion et surtout son prix.<\/p>\n<p>Avec des renseignements de Motor Authority<\/p>\n<p>\u00a0<\/p>\n<p>\u00a0<\/p>\n<p>Le texte <a rel=\"nofollow\" href=\"https:\/\/annuelauto.ca\/tesla-retire-sa-menace-de-poursuite-de-50-000\/\">Tesla retire sa menace de poursuite de 50\u00a0000$<\/a> provient de <a rel=\"nofollow\" href=\"https:\/\/annuelauto.ca\">L&#8217;annuel de l&#8217;automobile &#8211; Actualit\u00e9 automobile<\/a><\/p>\n<p><\/p>\n","protected":false},"excerpt":{"rendered":"<p>Tesla a retir\u00e9 sa menace d&#8217;intenter une action en justice de 50 000 dollars et d&#8217;autres mesures \u00e0 l&#8217;encontre des acqu\u00e9reurs de son Cybertruck qui revendraient leur v\u00e9hicule moins d\u2019un an apr\u00e8s son achat, un jour apr\u00e8s avoir fait la une des journaux. Une mesure qui a choqu\u00e9 les acheteurs Tesla pr\u00e9voit de commencer les [&hellip;]<\/p>\n","protected":false},"author":8,"featured_media":154013,"comment_status":"close","ping_status":"closed","sticky":false,"template":"","format":"standard","meta":{"_monsterinsights_skip_tracking":false,"_monsterinsights_sitenote_active":false,"_monsterinsights_sitenote_note":"","_monsterinsights_sitenote_category":0,"footnotes":""},"categories":[101],"tags":[],"yoast_head":"<!-- This site is optimized with the Yoast SEO plugin v23.2 - https:\/\/yoast.com\/wordpress\/plugins\/seo\/ -->\n<title>Tesla retire sa menace de poursuite de 50\u00a0000$ - CanadaMotorJobs.com<\/title>\n<meta name=\"description\" content=\"Tesla retire sa menace de poursuite de 50\u00a0000$ - Benoit Charette - Annuel automobile - CanadaMotorJobs.com.\" \/>\n<meta name=\"robots\" content=\"index, follow, max-snippet:-1, max-image-preview:large, max-video-preview:-1\" \/>\n<meta property=\"og:locale\" content=\"fr_CA\" \/>\n<meta property=\"og:type\" content=\"article\" \/>\n<meta property=\"og:title\" content=\"Tesla retire sa menace de poursuite de 50\u00a0000$ - CanadaMotorJobs.com\" \/>\n<meta property=\"og:description\" content=\"Tesla retire sa menace de poursuite de 50\u00a0000$ - Benoit Charette - Annuel automobile - CanadaMotorJobs.com.\" \/>\n<meta property=\"og:url\" content=\"https:\/\/news.canadamotorjobs.com\/fr\/tesla-retire-sa-menace-de-poursuite-de-50-000\/\" \/>\n<meta property=\"og:site_name\" content=\"CanadaMotorJobs.com\" \/>\n<meta property=\"article:publisher\" content=\"https:\/\/www.facebook.com\/canadamotorjobs\/\" \/>\n<meta property=\"article:published_time\" content=\"2023-11-16T15:10:13+00:00\" \/>\n<meta property=\"article:modified_time\" content=\"2023-11-16T15:15:03+00:00\" \/>\n<meta property=\"og:image\" content=\"https:\/\/news.canadamotorjobs.com\/wp-content\/uploads\/2023\/11\/Tesla-Cybertruck-Austin.jpg\" \/>\n\t<meta property=\"og:image:width\" content=\"1280\" \/>\n\t<meta property=\"og:image:height\" content=\"720\" \/>\n\t<meta property=\"og:image:type\" content=\"image\/jpeg\" \/>\n<meta name=\"author\" content=\"Benoit Charette\" \/>\n<meta name=\"twitter:card\" content=\"summary_large_image\" \/>\n<meta name=\"twitter:creator\" content=\"@canadamotorjobs\" \/>\n<meta name=\"twitter:site\" content=\"@canadamotorjobs\" \/>\n<meta name=\"twitter:label1\" content=\"\u00c9crit par\" \/>\n\t<meta name=\"twitter:data1\" content=\"Benoit Charette\" \/>\n\t<meta name=\"twitter:label2\" content=\"Estimation du temps de lecture\" \/>\n\t<meta name=\"twitter:data2\" content=\"2 minutes\" \/>\n<!-- \/ Yoast SEO plugin. -->","yoast_head_json":{"title":"Tesla retire sa menace de poursuite de 50\u00a0000$ - CanadaMotorJobs.com","description":"Tesla retire sa menace de poursuite de 50\u00a0000$ - Benoit Charette - Annuel automobile - CanadaMotorJobs.com.","robots":{"index":"index","follow":"follow","max-snippet":"max-snippet:-1","max-image-preview":"max-image-preview:large","max-video-preview":"max-video-preview:-1"},"og_locale":"fr_CA","og_type":"article","og_title":"Tesla retire sa menace de poursuite de 50\u00a0000$ - CanadaMotorJobs.com","og_description":"Tesla retire sa menace de poursuite de 50\u00a0000$ - Benoit Charette - Annuel automobile - CanadaMotorJobs.com.","og_url":"https:\/\/news.canadamotorjobs.com\/fr\/tesla-retire-sa-menace-de-poursuite-de-50-000\/","og_site_name":"CanadaMotorJobs.com","article_publisher":"https:\/\/www.facebook.com\/canadamotorjobs\/","article_published_time":"2023-11-16T15:10:13+00:00","article_modified_time":"2023-11-16T15:15:03+00:00","og_image":[{"width":1280,"height":720,"url":"https:\/\/news.canadamotorjobs.com\/wp-content\/uploads\/2023\/11\/Tesla-Cybertruck-Austin.jpg","type":"image\/jpeg"}],"author":"Benoit Charette","twitter_card":"summary_large_image","twitter_creator":"@canadamotorjobs","twitter_site":"@canadamotorjobs","twitter_misc":{"\u00c9crit par":"Benoit Charette","Estimation du temps de lecture":"2 minutes"},"schema":{"@context":"https:\/\/schema.org","@graph":[{"@type":"Article","@id":"https:\/\/news.canadamotorjobs.com\/fr\/tesla-retire-sa-menace-de-poursuite-de-50-000\/#article","isPartOf":{"@id":"https:\/\/news.canadamotorjobs.com\/fr\/tesla-retire-sa-menace-de-poursuite-de-50-000\/"},"author":{"name":"Benoit Charette","@id":"https:\/\/news.canadamotorjobs.com\/#\/schema\/person\/51793d1f87d44011d7bcc2ed99269a90"},"headline":"Tesla retire sa menace de poursuite de 50\u00a0000$","datePublished":"2023-11-16T15:10:13+00:00","dateModified":"2023-11-16T15:15:03+00:00","mainEntityOfPage":{"@id":"https:\/\/news.canadamotorjobs.com\/fr\/tesla-retire-sa-menace-de-poursuite-de-50-000\/"},"wordCount":470,"publisher":{"@id":"https:\/\/news.canadamotorjobs.com\/#organization"},"image":{"@id":"https:\/\/news.canadamotorjobs.com\/fr\/tesla-retire-sa-menace-de-poursuite-de-50-000\/#primaryimage"},"thumbnailUrl":"https:\/\/news.canadamotorjobs.com\/wp-content\/uploads\/2023\/11\/Tesla-Cybertruck-Austin.jpg","articleSection":["Annuel automobile"],"inLanguage":"fr-CA"},{"@type":"WebPage","@id":"https:\/\/news.canadamotorjobs.com\/fr\/tesla-retire-sa-menace-de-poursuite-de-50-000\/","url":"https:\/\/news.canadamotorjobs.com\/fr\/tesla-retire-sa-menace-de-poursuite-de-50-000\/","name":"Tesla retire sa menace de poursuite de 50\u00a0000$ - CanadaMotorJobs.com","isPartOf":{"@id":"https:\/\/news.canadamotorjobs.com\/#website"},"primaryImageOfPage":{"@id":"https:\/\/news.canadamotorjobs.com\/fr\/tesla-retire-sa-menace-de-poursuite-de-50-000\/#primaryimage"},"image":{"@id":"https:\/\/news.canadamotorjobs.com\/fr\/tesla-retire-sa-menace-de-poursuite-de-50-000\/#primaryimage"},"thumbnailUrl":"https:\/\/news.canadamotorjobs.com\/wp-content\/uploads\/2023\/11\/Tesla-Cybertruck-Austin.jpg","datePublished":"2023-11-16T15:10:13+00:00","dateModified":"2023-11-16T15:15:03+00:00","description":"Tesla retire sa menace de poursuite de 50\u00a0000$ - Benoit Charette - Annuel automobile - CanadaMotorJobs.com.","breadcrumb":{"@id":"https:\/\/news.canadamotorjobs.com\/fr\/tesla-retire-sa-menace-de-poursuite-de-50-000\/#breadcrumb"},"inLanguage":"fr-CA","potentialAction":[{"@type":"ReadAction","target":["https:\/\/news.canadamotorjobs.com\/fr\/tesla-retire-sa-menace-de-poursuite-de-50-000\/"]}]},{"@type":"ImageObject","inLanguage":"fr-CA","@id":"https:\/\/news.canadamotorjobs.com\/fr\/tesla-retire-sa-menace-de-poursuite-de-50-000\/#primaryimage","url":"https:\/\/news.canadamotorjobs.com\/wp-content\/uploads\/2023\/11\/Tesla-Cybertruck-Austin.jpg","contentUrl":"https:\/\/news.canadamotorjobs.com\/wp-content\/uploads\/2023\/11\/Tesla-Cybertruck-Austin.jpg","width":1280,"height":720},{"@type":"BreadcrumbList","@id":"https:\/\/news.canadamotorjobs.com\/fr\/tesla-retire-sa-menace-de-poursuite-de-50-000\/#breadcrumb","itemListElement":[{"@type":"ListItem","position":1,"name":"Home","item":"https:\/\/news.canadamotorjobs.com\/fr\/blog\/"},{"@type":"ListItem","position":2,"name":"Tesla retire sa menace de poursuite de 50\u00a0000$"}]},{"@type":"WebSite","@id":"https:\/\/news.canadamotorjobs.com\/#website","url":"https:\/\/news.canadamotorjobs.com\/","name":"CanadaMotorJobs.com","description":"Automotive Jobs","publisher":{"@id":"https:\/\/news.canadamotorjobs.com\/#organization"},"potentialAction":[{"@type":"SearchAction","target":{"@type":"EntryPoint","urlTemplate":"https:\/\/news.canadamotorjobs.com\/?s={search_term_string}"},"query-input":"required name=search_term_string"}],"inLanguage":"fr-CA"},{"@type":"Organization","@id":"https:\/\/news.canadamotorjobs.com\/#organization","name":"Canada Motor Jobs","url":"https:\/\/news.canadamotorjobs.com\/","logo":{"@type":"ImageObject","inLanguage":"fr-CA","@id":"https:\/\/news.canadamotorjobs.com\/#\/schema\/logo\/image\/","url":"https:\/\/news.canadamotorjobs.com\/wp-content\/uploads\/2022\/10\/logo-canada-motor-jobs-1.png","contentUrl":"https:\/\/news.canadamotorjobs.com\/wp-content\/uploads\/2022\/10\/logo-canada-motor-jobs-1.png","width":800,"height":400,"caption":"Canada Motor Jobs"},"image":{"@id":"https:\/\/news.canadamotorjobs.com\/#\/schema\/logo\/image\/"},"sameAs":["https:\/\/www.facebook.com\/canadamotorjobs\/","https:\/\/x.com\/canadamotorjobs","https:\/\/www.instagram.com\/canadamotorjobs\/","https:\/\/www.linkedin.com\/company\/canadamotorjobs"]},{"@type":"Person","@id":"https:\/\/news.canadamotorjobs.com\/#\/schema\/person\/51793d1f87d44011d7bcc2ed99269a90","name":"Benoit Charette","image":{"@type":"ImageObject","inLanguage":"fr-CA","@id":"https:\/\/news.canadamotorjobs.com\/#\/schema\/person\/image\/","url":"https:\/\/secure.gravatar.com\/avatar\/45f3d2eebcccd909668d7ce7ea7267b6?s=96&d=mm&r=g","contentUrl":"https:\/\/secure.gravatar.com\/avatar\/45f3d2eebcccd909668d7ce7ea7267b6?s=96&d=mm&r=g","caption":"Benoit Charette"},"description":"Benoit Charette \/ Propri\u00e9taire et r\u00e9dacteur en chef Benoit Charette pratique le journalisme automobile depuis bient\u00f4t 30 ans. Il a fait ses classes au c\u00f4t\u00e9 de Daniel H\u00e9raud et au Carnet de route de 1992 \u00e0 2001. Il est fondateur, copropri\u00e9taire et r\u00e9dacteur en chef de L\u2019Annuel de l\u2019automobile, qu\u2019il publie depuis 2001. Il a anim\u00e9 les \u00e9missions RPM et RPM+ sur V et les L\u00e9gendes de la route sur Historia. \u00c0 la radio depuis 1986, il reprend l\u2019antenne cette ann\u00e9e sur les ondes de Cogeco et participe pour la deuxi\u00e8me ann\u00e9e \u00e0 l\u2019\u00e9mission Passion Auto sur RDS en plus de mettre en ligne le site Web officiel de L\u2019Annuel de l\u2019automobile sur annuelauto.ca.","sameAs":["https:\/\/annuelauto.ca\/"],"url":"https:\/\/news.canadamotorjobs.com\/fr\/author\/benoit-charette\/"}]}},"_links":{"self":[{"href":"https:\/\/news.canadamotorjobs.com\/fr\/wp-json\/wp\/v2\/posts\/154011"}],"collection":[{"href":"https:\/\/news.canadamotorjobs.com\/fr\/wp-json\/wp\/v2\/posts"}],"about":[{"href":"https:\/\/news.canadamotorjobs.com\/fr\/wp-json\/wp\/v2\/types\/post"}],"author":[{"embeddable":true,"href":"https:\/\/news.canadamotorjobs.com\/fr\/wp-json\/wp\/v2\/users\/8"}],"replies":[{"embeddable":true,"href":"https:\/\/news.canadamotorjobs.com\/fr\/wp-json\/wp\/v2\/comments?post=154011"}],"version-history":[{"count":2,"href":"https:\/\/news.canadamotorjobs.com\/fr\/wp-json\/wp\/v2\/posts\/154011\/revisions"}],"predecessor-version":[{"id":154015,"href":"https:\/\/news.canadamotorjobs.com\/fr\/wp-json\/wp\/v2\/posts\/154011\/revisions\/154015"}],"wp:featuredmedia":[{"embeddable":true,"href":"https:\/\/news.canadamotorjobs.com\/fr\/wp-json\/wp\/v2\/media\/154013"}],"wp:attachment":[{"href":"https:\/\/news.canadamotorjobs.com\/fr\/wp-json\/wp\/v2\/media?parent=154011"}],"wp:term":[{"taxonomy":"category","embeddable":true,"href":"https:\/\/news.canadamotorjobs.com\/fr\/wp-json\/wp\/v2\/categories?post=154011"},{"taxonomy":"post_tag","embeddable":true,"href":"https:\/\/news.canadamotorjobs.com\/fr\/wp-json\/wp\/v2\/tags?post=154011"}],"curies":[{"name":"wp","href":"https:\/\/api.w.org\/{rel}","templated":true}]}}