{"id":153992,"date":"2023-11-16T09:49:01","date_gmt":"2023-11-16T14:49:01","guid":{"rendered":"https:\/\/news.canadamotorjobs.com\/?p=153992"},"modified":"2023-11-16T09:59:05","modified_gmt":"2023-11-16T14:59:05","slug":"le-plus-petit-etat-au-monde-passe-au-vert","status":"publish","type":"post","link":"https:\/\/news.canadamotorjobs.com\/fr\/le-plus-petit-etat-au-monde-passe-au-vert\/","title":{"rendered":"Le plus petit \u00e9tat au monde passe au vert"},"content":{"rendered":"<\/p>\n<p>Le Vatican cherche \u00e0 rendre sa flotte de v\u00e9hicules plus propre et plus verte, car il vient de signer un accord avec Volkswagen. Dans le cadre de cet accord, le constructeur automobile allemand fournira des v\u00e9hicules \u00e9lectriques au Saint-Si\u00e8ge afin de remplacer progressivement l&#8217;ensemble de son parc automobile d&#8217;ici \u00e0 2030 et de r\u00e9duire ses \u00e9missions de carbone.<\/p>\n<h3>Un pape pro-environnement<\/h3>\n<p>\nCet accord s&#8217;inscrit dans le cadre du plan &#8220;Conversion \u00e9cologique 2030&#8221; du Vatican, qui pr\u00e9voit des projets et des technologies durables et neutres en carbone \u00e0 l&#8217;int\u00e9rieur des murs de la cit\u00e9-\u00c9tat. Le pape Fran\u00e7ois a \u00e9galement fait de la protection de l&#8217;environnement l&#8217;une des caract\u00e9ristiques de son pontificat, de sorte que le souverain pontife milite en faveur d&#8217;initiatives plus propres et plus vertes. Il sera \u00e9galement le premier pape \u00e0 s&#8217;exprimer lors d&#8217;une conf\u00e9rence des Nations unies sur le climat, \u00e0 l&#8217;occasion de la prochaine r\u00e9union COP28 qui se tiendra \u00e0 Duba\u00ef, et il appelle \u00e0 un changement avant que la plan\u00e8te n&#8217;atteigne un point de non-retour.<\/p>\n<h3>40 v\u00e9hicules Volks au Vatican<\/h3>\n<p>\nVolkswagen a annonc\u00e9 aujourd&#8217;hui qu&#8217;elle fournira \u00e0 l&#8217;\u00c9tat de la Cit\u00e9 du Vatican 40 v\u00e9hicules de sa gamme ID. EV s&#8217;est rendu au Vatican avec la responsable des ventes et du marketing de la marque VW, Imelda Labbe, pour remettre en mains propres les deux premiers v\u00e9hicules, tous deux des mod\u00e8les ID.3 Pro Performance. Le constructeur automobile pr\u00e9cise qu&#8217;en plus des ID.3, les ID.4 et ID.5 feront \u00e9galement partie des v\u00e9hicules qui se rendront dans l&#8217;\u00c9tat de la Cit\u00e9 du Vatican. Les livraisons des 38 v\u00e9hicules \u00e9lectriques suivants commenceront au d\u00e9but de l&#8217;ann\u00e9e 2024.<\/p>\n<p>\u00a0<\/p>\n<p>VW n&#8217;est pas \u00e9tranger \u00e0 la fourniture de ses VE \u00e0 de petites communaut\u00e9s. Ses v\u00e9hicules ont r\u00e9cemment envahi toute une \u00eele grecque appel\u00e9e Astypalea. En plus des v\u00e9hicules, le constructeur automobile a fourni \u00e0 la r\u00e9gion de l&#8217;\u00e9nergie verte pour neutraliser la majorit\u00e9 des \u00e9missions de CO2 de l&#8217;\u00eele, et il a qualifi\u00e9 l&#8217;exp\u00e9rience de succ\u00e8s.<\/p>\n<p>\u00a0<\/p>\n<p>Avec des renseignements de Carbuzz<\/p>\n<p>Le texte <a rel=\"nofollow\" href=\"https:\/\/annuelauto.ca\/le-plus-petit-etat-au-monde-passe-au-vert\/\">Le plus petit \u00e9tat au monde passe au vert<\/a> provient de <a rel=\"nofollow\" href=\"https:\/\/annuelauto.ca\">L&#8217;annuel de l&#8217;automobile &#8211; Actualit\u00e9 automobile<\/a><\/p>\n<p><\/p>\n","protected":false},"excerpt":{"rendered":"<p>Le Vatican cherche \u00e0 rendre sa flotte de v\u00e9hicules plus propre et plus verte, car il vient de signer un accord avec Volkswagen. Dans le cadre de cet accord, le constructeur automobile allemand fournira des v\u00e9hicules \u00e9lectriques au Saint-Si\u00e8ge afin de remplacer progressivement l&#8217;ensemble de son parc automobile d&#8217;ici \u00e0 2030 et de r\u00e9duire ses [&hellip;]<\/p>\n","protected":false},"author":8,"featured_media":153994,"comment_status":"close","ping_status":"closed","sticky":false,"template":"","format":"standard","meta":{"_monsterinsights_skip_tracking":false,"_monsterinsights_sitenote_active":false,"_monsterinsights_sitenote_note":"","_monsterinsights_sitenote_category":0,"footnotes":""},"categories":[101],"tags":[],"yoast_head":"<!-- This site is optimized with the Yoast SEO plugin v23.2 - https:\/\/yoast.com\/wordpress\/plugins\/seo\/ -->\n<title>Le plus petit \u00e9tat au monde passe au vert - CanadaMotorJobs.com<\/title>\n<meta name=\"description\" content=\"Le plus petit \u00e9tat au monde passe au vert - Benoit Charette - Annuel automobile - CanadaMotorJobs.com.\" \/>\n<meta name=\"robots\" content=\"index, follow, max-snippet:-1, max-image-preview:large, max-video-preview:-1\" \/>\n<meta property=\"og:locale\" content=\"fr_CA\" \/>\n<meta property=\"og:type\" content=\"article\" \/>\n<meta property=\"og:title\" content=\"Le plus petit \u00e9tat au monde passe au vert - CanadaMotorJobs.com\" \/>\n<meta property=\"og:description\" content=\"Le plus petit \u00e9tat au monde passe au vert - Benoit Charette - Annuel automobile - CanadaMotorJobs.com.\" \/>\n<meta property=\"og:url\" content=\"https:\/\/news.canadamotorjobs.com\/fr\/le-plus-petit-etat-au-monde-passe-au-vert\/\" \/>\n<meta property=\"og:site_name\" content=\"CanadaMotorJobs.com\" \/>\n<meta property=\"article:publisher\" content=\"https:\/\/www.facebook.com\/canadamotorjobs\/\" \/>\n<meta property=\"article:published_time\" content=\"2023-11-16T14:49:01+00:00\" \/>\n<meta property=\"article:modified_time\" content=\"2023-11-16T14:59:05+00:00\" \/>\n<meta property=\"og:image\" content=\"https:\/\/news.canadamotorjobs.com\/wp-content\/uploads\/2023\/11\/B2023NR00248_small.jpg\" \/>\n\t<meta property=\"og:image:width\" content=\"1024\" \/>\n\t<meta property=\"og:image:height\" content=\"683\" \/>\n\t<meta property=\"og:image:type\" content=\"image\/jpeg\" \/>\n<meta name=\"author\" content=\"Benoit Charette\" \/>\n<meta name=\"twitter:card\" content=\"summary_large_image\" \/>\n<meta name=\"twitter:creator\" content=\"@canadamotorjobs\" \/>\n<meta name=\"twitter:site\" content=\"@canadamotorjobs\" \/>\n<meta name=\"twitter:label1\" content=\"\u00c9crit par\" \/>\n\t<meta name=\"twitter:data1\" content=\"Benoit Charette\" \/>\n\t<meta name=\"twitter:label2\" content=\"Estimation du temps de lecture\" \/>\n\t<meta name=\"twitter:data2\" content=\"2 minutes\" \/>\n<!-- \/ Yoast SEO plugin. -->","yoast_head_json":{"title":"Le plus petit \u00e9tat au monde passe au vert - CanadaMotorJobs.com","description":"Le plus petit \u00e9tat au monde passe au vert - Benoit Charette - Annuel automobile - CanadaMotorJobs.com.","robots":{"index":"index","follow":"follow","max-snippet":"max-snippet:-1","max-image-preview":"max-image-preview:large","max-video-preview":"max-video-preview:-1"},"og_locale":"fr_CA","og_type":"article","og_title":"Le plus petit \u00e9tat au monde passe au vert - CanadaMotorJobs.com","og_description":"Le plus petit \u00e9tat au monde passe au vert - Benoit Charette - Annuel automobile - CanadaMotorJobs.com.","og_url":"https:\/\/news.canadamotorjobs.com\/fr\/le-plus-petit-etat-au-monde-passe-au-vert\/","og_site_name":"CanadaMotorJobs.com","article_publisher":"https:\/\/www.facebook.com\/canadamotorjobs\/","article_published_time":"2023-11-16T14:49:01+00:00","article_modified_time":"2023-11-16T14:59:05+00:00","og_image":[{"width":1024,"height":683,"url":"https:\/\/news.canadamotorjobs.com\/wp-content\/uploads\/2023\/11\/B2023NR00248_small.jpg","type":"image\/jpeg"}],"author":"Benoit Charette","twitter_card":"summary_large_image","twitter_creator":"@canadamotorjobs","twitter_site":"@canadamotorjobs","twitter_misc":{"\u00c9crit par":"Benoit Charette","Estimation du temps de lecture":"2 minutes"},"schema":{"@context":"https:\/\/schema.org","@graph":[{"@type":"Article","@id":"https:\/\/news.canadamotorjobs.com\/fr\/le-plus-petit-etat-au-monde-passe-au-vert\/#article","isPartOf":{"@id":"https:\/\/news.canadamotorjobs.com\/fr\/le-plus-petit-etat-au-monde-passe-au-vert\/"},"author":{"name":"Benoit Charette","@id":"https:\/\/news.canadamotorjobs.com\/#\/schema\/person\/51793d1f87d44011d7bcc2ed99269a90"},"headline":"Le plus petit \u00e9tat au monde passe au vert","datePublished":"2023-11-16T14:49:01+00:00","dateModified":"2023-11-16T14:59:05+00:00","mainEntityOfPage":{"@id":"https:\/\/news.canadamotorjobs.com\/fr\/le-plus-petit-etat-au-monde-passe-au-vert\/"},"wordCount":394,"publisher":{"@id":"https:\/\/news.canadamotorjobs.com\/#organization"},"image":{"@id":"https:\/\/news.canadamotorjobs.com\/fr\/le-plus-petit-etat-au-monde-passe-au-vert\/#primaryimage"},"thumbnailUrl":"https:\/\/news.canadamotorjobs.com\/wp-content\/uploads\/2023\/11\/B2023NR00248_small.jpg","articleSection":["Annuel automobile"],"inLanguage":"fr-CA"},{"@type":"WebPage","@id":"https:\/\/news.canadamotorjobs.com\/fr\/le-plus-petit-etat-au-monde-passe-au-vert\/","url":"https:\/\/news.canadamotorjobs.com\/fr\/le-plus-petit-etat-au-monde-passe-au-vert\/","name":"Le plus petit \u00e9tat au monde passe au vert - CanadaMotorJobs.com","isPartOf":{"@id":"https:\/\/news.canadamotorjobs.com\/#website"},"primaryImageOfPage":{"@id":"https:\/\/news.canadamotorjobs.com\/fr\/le-plus-petit-etat-au-monde-passe-au-vert\/#primaryimage"},"image":{"@id":"https:\/\/news.canadamotorjobs.com\/fr\/le-plus-petit-etat-au-monde-passe-au-vert\/#primaryimage"},"thumbnailUrl":"https:\/\/news.canadamotorjobs.com\/wp-content\/uploads\/2023\/11\/B2023NR00248_small.jpg","datePublished":"2023-11-16T14:49:01+00:00","dateModified":"2023-11-16T14:59:05+00:00","description":"Le plus petit \u00e9tat au monde passe au vert - Benoit Charette - Annuel automobile - CanadaMotorJobs.com.","breadcrumb":{"@id":"https:\/\/news.canadamotorjobs.com\/fr\/le-plus-petit-etat-au-monde-passe-au-vert\/#breadcrumb"},"inLanguage":"fr-CA","potentialAction":[{"@type":"ReadAction","target":["https:\/\/news.canadamotorjobs.com\/fr\/le-plus-petit-etat-au-monde-passe-au-vert\/"]}]},{"@type":"ImageObject","inLanguage":"fr-CA","@id":"https:\/\/news.canadamotorjobs.com\/fr\/le-plus-petit-etat-au-monde-passe-au-vert\/#primaryimage","url":"https:\/\/news.canadamotorjobs.com\/wp-content\/uploads\/2023\/11\/B2023NR00248_small.jpg","contentUrl":"https:\/\/news.canadamotorjobs.com\/wp-content\/uploads\/2023\/11\/B2023NR00248_small.jpg","width":1024,"height":683},{"@type":"BreadcrumbList","@id":"https:\/\/news.canadamotorjobs.com\/fr\/le-plus-petit-etat-au-monde-passe-au-vert\/#breadcrumb","itemListElement":[{"@type":"ListItem","position":1,"name":"Home","item":"https:\/\/news.canadamotorjobs.com\/fr\/blog\/"},{"@type":"ListItem","position":2,"name":"Le plus petit \u00e9tat au monde passe au vert"}]},{"@type":"WebSite","@id":"https:\/\/news.canadamotorjobs.com\/#website","url":"https:\/\/news.canadamotorjobs.com\/","name":"CanadaMotorJobs.com","description":"Automotive Jobs","publisher":{"@id":"https:\/\/news.canadamotorjobs.com\/#organization"},"potentialAction":[{"@type":"SearchAction","target":{"@type":"EntryPoint","urlTemplate":"https:\/\/news.canadamotorjobs.com\/?s={search_term_string}"},"query-input":"required name=search_term_string"}],"inLanguage":"fr-CA"},{"@type":"Organization","@id":"https:\/\/news.canadamotorjobs.com\/#organization","name":"Canada Motor Jobs","url":"https:\/\/news.canadamotorjobs.com\/","logo":{"@type":"ImageObject","inLanguage":"fr-CA","@id":"https:\/\/news.canadamotorjobs.com\/#\/schema\/logo\/image\/","url":"https:\/\/news.canadamotorjobs.com\/wp-content\/uploads\/2022\/10\/logo-canada-motor-jobs-1.png","contentUrl":"https:\/\/news.canadamotorjobs.com\/wp-content\/uploads\/2022\/10\/logo-canada-motor-jobs-1.png","width":800,"height":400,"caption":"Canada Motor Jobs"},"image":{"@id":"https:\/\/news.canadamotorjobs.com\/#\/schema\/logo\/image\/"},"sameAs":["https:\/\/www.facebook.com\/canadamotorjobs\/","https:\/\/x.com\/canadamotorjobs","https:\/\/www.instagram.com\/canadamotorjobs\/","https:\/\/www.linkedin.com\/company\/canadamotorjobs"]},{"@type":"Person","@id":"https:\/\/news.canadamotorjobs.com\/#\/schema\/person\/51793d1f87d44011d7bcc2ed99269a90","name":"Benoit Charette","image":{"@type":"ImageObject","inLanguage":"fr-CA","@id":"https:\/\/news.canadamotorjobs.com\/#\/schema\/person\/image\/","url":"https:\/\/secure.gravatar.com\/avatar\/45f3d2eebcccd909668d7ce7ea7267b6?s=96&d=mm&r=g","contentUrl":"https:\/\/secure.gravatar.com\/avatar\/45f3d2eebcccd909668d7ce7ea7267b6?s=96&d=mm&r=g","caption":"Benoit Charette"},"description":"Benoit Charette \/ Propri\u00e9taire et r\u00e9dacteur en chef Benoit Charette pratique le journalisme automobile depuis bient\u00f4t 30 ans. Il a fait ses classes au c\u00f4t\u00e9 de Daniel H\u00e9raud et au Carnet de route de 1992 \u00e0 2001. Il est fondateur, copropri\u00e9taire et r\u00e9dacteur en chef de L\u2019Annuel de l\u2019automobile, qu\u2019il publie depuis 2001. Il a anim\u00e9 les \u00e9missions RPM et RPM+ sur V et les L\u00e9gendes de la route sur Historia. \u00c0 la radio depuis 1986, il reprend l\u2019antenne cette ann\u00e9e sur les ondes de Cogeco et participe pour la deuxi\u00e8me ann\u00e9e \u00e0 l\u2019\u00e9mission Passion Auto sur RDS en plus de mettre en ligne le site Web officiel de L\u2019Annuel de l\u2019automobile sur annuelauto.ca.","sameAs":["https:\/\/annuelauto.ca\/"],"url":"https:\/\/news.canadamotorjobs.com\/fr\/author\/benoit-charette\/"}]}},"_links":{"self":[{"href":"https:\/\/news.canadamotorjobs.com\/fr\/wp-json\/wp\/v2\/posts\/153992"}],"collection":[{"href":"https:\/\/news.canadamotorjobs.com\/fr\/wp-json\/wp\/v2\/posts"}],"about":[{"href":"https:\/\/news.canadamotorjobs.com\/fr\/wp-json\/wp\/v2\/types\/post"}],"author":[{"embeddable":true,"href":"https:\/\/news.canadamotorjobs.com\/fr\/wp-json\/wp\/v2\/users\/8"}],"replies":[{"embeddable":true,"href":"https:\/\/news.canadamotorjobs.com\/fr\/wp-json\/wp\/v2\/comments?post=153992"}],"version-history":[{"count":2,"href":"https:\/\/news.canadamotorjobs.com\/fr\/wp-json\/wp\/v2\/posts\/153992\/revisions"}],"predecessor-version":[{"id":153996,"href":"https:\/\/news.canadamotorjobs.com\/fr\/wp-json\/wp\/v2\/posts\/153992\/revisions\/153996"}],"wp:featuredmedia":[{"embeddable":true,"href":"https:\/\/news.canadamotorjobs.com\/fr\/wp-json\/wp\/v2\/media\/153994"}],"wp:attachment":[{"href":"https:\/\/news.canadamotorjobs.com\/fr\/wp-json\/wp\/v2\/media?parent=153992"}],"wp:term":[{"taxonomy":"category","embeddable":true,"href":"https:\/\/news.canadamotorjobs.com\/fr\/wp-json\/wp\/v2\/categories?post=153992"},{"taxonomy":"post_tag","embeddable":true,"href":"https:\/\/news.canadamotorjobs.com\/fr\/wp-json\/wp\/v2\/tags?post=153992"}],"curies":[{"name":"wp","href":"https:\/\/api.w.org\/{rel}","templated":true}]}}