{"id":153969,"date":"2023-11-16T09:29:23","date_gmt":"2023-11-16T14:29:23","guid":{"rendered":"https:\/\/news.canadamotorjobs.com\/?p=153969"},"modified":"2023-11-16T09:29:33","modified_gmt":"2023-11-16T14:29:33","slug":"hyundai-ioniq-5-n-quand-le-sport-sinvite-dans-le-monde-electrique","status":"publish","type":"post","link":"https:\/\/news.canadamotorjobs.com\/fr\/hyundai-ioniq-5-n-quand-le-sport-sinvite-dans-le-monde-electrique\/","title":{"rendered":"Hyundai Ioniq 5 N\u00a0:Quand le sport s\u2019invite dans le monde \u00e9lectrique"},"content":{"rendered":"<\/p>\n<p>La Hyundai Ioniq 5 N a fait son entr\u00e9e aux \u00c9tats-Unis lors du Salon de l\u2019auto de Los Angeles quelques mois apr\u00e8s sa premi\u00e8re mondiale en juillet. Cette voiture \u00e9lectrique performante est un v\u00e9ritable bijou, sp\u00e9cialement sur un march\u00e9 am\u00e9ricain friand de vitesse. Avec une puissance pouvant atteindre jusqu&#8217;\u00e0 641 chevaux (activant le mode N Grin Boost) et 601 chevaux sans ce mode, elle peut atteindre 60 miles par heure en 3,25 secondes, avec une vitesse maximale de 162 miles par heure.<\/p>\n<h3><strong>Performance Adapt\u00e9e aux Virages et aux Circuits<\/strong><\/h3>\n<p>\nContrairement \u00e0 la plupart des v\u00e9hicules \u00e9lectriques performants, la Ioniq 5 N a \u00e9t\u00e9 repens\u00e9e pour exceller dans les virages et les circuits sinueux. Pour transformer ce crossover en une voiture de performance, Hyundai a renforc\u00e9 la carrosserie avec 42 points de soudure suppl\u00e9mentaires et des adh\u00e9sifs structurels suppl\u00e9mentaires par rapport \u00e0 la Ioniq 5 standard.<\/p>\n<h3><strong>Des Am\u00e9liorations Ax\u00e9es sur la Performance<\/strong><\/h3>\n<p>\nEn plus des am\u00e9liorations structurelles, des \u00e9l\u00e9ments tels que les sous-cadres avant et arri\u00e8re, les moteurs \u00e9lectriques renforc\u00e9s et les supports de batterie ont \u00e9t\u00e9 revus. Inspir\u00e9 du monde du rallye, Hyundai a renforc\u00e9 les essieux moteurs int\u00e9gr\u00e9s \u00e0 l&#8217;avant et \u00e0 l&#8217;arri\u00e8re pour g\u00e9rer la surabondance de couple, procurant \u00e0 la voiture une rigidit\u00e9 accrue dans les virages pour une conduite plus agile et excitante.<\/p>\n<h3><strong>Une Gestion Thermique et des Freins Innovants<\/strong><\/h3>\n<p>\nLa Ioniq 5 N est \u00e9quip\u00e9e d&#8217;un syst\u00e8me de gestion thermique avanc\u00e9, offrant une plus grande surface de refroidissement, un refroidisseur de batterie et un syst\u00e8me de refroidissement de l&#8217;huile moteur. Ses freins, les plus puissants jamais con\u00e7us par Hyundai, comprennent des rotors sp\u00e9ciaux, des \u00e9triers \u00e0 quatre pistons \u00e0 l&#8217;avant et des rotors arri\u00e8re optimis\u00e9s pour une performance a\u00e9rienne.<\/p>\n<h3><strong>N e-Shift et Confort Int\u00e9rieur<\/strong><\/h3>\n<p>\nLe N e-Shift offre au conducteur une exp\u00e9rience de conduite exceptionnelle, simulant les changements de vitesse d&#8217;une bo\u00eete de vitesses \u00e0 huit rapports. Le design int\u00e9rieur met l&#8217;accent sur la performance avec un volant con\u00e7u par N, des palettes de changement de vitesse et des si\u00e8ges baquets N rev\u00eatus de cuir \u00e9cologique et d&#8217;Alcantara en poly\u00e9thyl\u00e8ne recycl\u00e9.<\/p>\n<h3><strong>\u00c9l\u00e9gance et Durabilit\u00e9<\/strong><\/h3>\n<p>\n\u00c0 l&#8217;ext\u00e9rieur, la Ioniq 5 N affiche un style unique avec des am\u00e9liorations esth\u00e9tiques telles qu&#8217;un becquet sportif, des jantes l\u00e9g\u00e8res forg\u00e9es de 21 pouces et des accents orange. L&#8217;int\u00e9rieur est \u00e9galement soign\u00e9 avec des mat\u00e9riaux durables et recyclables, affirmant l&#8217;engagement de Hyundai envers la durabilit\u00e9.<\/p>\n<h3><strong>L&#8217;Exp\u00e9rience \u00c9lectrique \u00e0 un Niveau Sup\u00e9rieur<\/strong><\/h3>\n<p>\nBien que les d\u00e9tails complets d\u00e9passent le cadre de cet aper\u00e7u, l&#8217;objectif principal de la Ioniq 5 N est d&#8217;offrir une exp\u00e9rience de conduite \u00e9lectrique palpitante \u00e0 tous les niveaux. Hyundai n&#8217;a pas encore communiqu\u00e9 de prix, mais le mod\u00e8le arrive chez les concessionnaires en mars 2024.<\/p>\n<p>\u00a0<\/p>\n<p>Le texte <a rel=\"nofollow\" href=\"https:\/\/annuelauto.ca\/hyundai-ioniq-5-n-quand-le-sport-sinvite-dans-le-monde-electrique\/\">Hyundai Ioniq 5 N\u00a0:Quand le sport s\u2019invite dans le monde \u00e9lectrique<\/a> provient de <a rel=\"nofollow\" href=\"https:\/\/annuelauto.ca\">L&#8217;annuel de l&#8217;automobile &#8211; Actualit\u00e9 automobile<\/a><\/p>\n<p><\/p>\n","protected":false},"excerpt":{"rendered":"<p>La Hyundai Ioniq 5 N a fait son entr\u00e9e aux \u00c9tats-Unis lors du Salon de l\u2019auto de Los Angeles quelques mois apr\u00e8s sa premi\u00e8re mondiale en juillet. Cette voiture \u00e9lectrique performante est un v\u00e9ritable bijou, sp\u00e9cialement sur un march\u00e9 am\u00e9ricain friand de vitesse. Avec une puissance pouvant atteindre jusqu&#8217;\u00e0 641 chevaux (activant le mode N [&hellip;]<\/p>\n","protected":false},"author":8,"featured_media":153971,"comment_status":"close","ping_status":"closed","sticky":false,"template":"","format":"standard","meta":{"_monsterinsights_skip_tracking":false,"_monsterinsights_sitenote_active":false,"_monsterinsights_sitenote_note":"","_monsterinsights_sitenote_category":0,"footnotes":""},"categories":[101],"tags":[],"yoast_head":"<!-- This site is optimized with the Yoast SEO plugin v23.2 - https:\/\/yoast.com\/wordpress\/plugins\/seo\/ -->\n<title>Hyundai Ioniq 5 N\u00a0:Quand le sport s\u2019invite dans le monde \u00e9lectrique - CanadaMotorJobs.com<\/title>\n<meta name=\"description\" content=\"Hyundai Ioniq 5 N\u00a0:Quand le sport s\u2019invite dans le monde \u00e9lectrique - Benoit Charette - Annuel automobile - CanadaMotorJobs.com.\" \/>\n<meta name=\"robots\" content=\"index, follow, max-snippet:-1, max-image-preview:large, max-video-preview:-1\" \/>\n<meta property=\"og:locale\" content=\"fr_CA\" \/>\n<meta property=\"og:type\" content=\"article\" \/>\n<meta property=\"og:title\" content=\"Hyundai Ioniq 5 N\u00a0:Quand le sport s\u2019invite dans le monde \u00e9lectrique - CanadaMotorJobs.com\" \/>\n<meta property=\"og:description\" content=\"Hyundai Ioniq 5 N\u00a0:Quand le sport s\u2019invite dans le monde \u00e9lectrique - Benoit Charette - Annuel automobile - CanadaMotorJobs.com.\" \/>\n<meta property=\"og:url\" content=\"https:\/\/news.canadamotorjobs.com\/fr\/hyundai-ioniq-5-n-quand-le-sport-sinvite-dans-le-monde-electrique\/\" \/>\n<meta property=\"og:site_name\" content=\"CanadaMotorJobs.com\" \/>\n<meta property=\"article:publisher\" content=\"https:\/\/www.facebook.com\/canadamotorjobs\/\" \/>\n<meta property=\"article:published_time\" content=\"2023-11-16T14:29:23+00:00\" \/>\n<meta property=\"article:modified_time\" content=\"2023-11-16T14:29:33+00:00\" \/>\n<meta property=\"og:image\" content=\"https:\/\/news.canadamotorjobs.com\/wp-content\/uploads\/2023\/11\/57293-2025IONIQ5N.jpg\" \/>\n\t<meta property=\"og:image:width\" content=\"1200\" \/>\n\t<meta property=\"og:image:height\" content=\"800\" \/>\n\t<meta property=\"og:image:type\" content=\"image\/jpeg\" \/>\n<meta name=\"author\" content=\"Benoit Charette\" \/>\n<meta name=\"twitter:card\" content=\"summary_large_image\" \/>\n<meta name=\"twitter:creator\" content=\"@canadamotorjobs\" \/>\n<meta name=\"twitter:site\" content=\"@canadamotorjobs\" \/>\n<meta name=\"twitter:label1\" content=\"\u00c9crit par\" \/>\n\t<meta name=\"twitter:data1\" content=\"Benoit Charette\" \/>\n\t<meta name=\"twitter:label2\" content=\"Estimation du temps de lecture\" \/>\n\t<meta name=\"twitter:data2\" content=\"3 minutes\" \/>\n<!-- \/ Yoast SEO plugin. -->","yoast_head_json":{"title":"Hyundai Ioniq 5 N\u00a0:Quand le sport s\u2019invite dans le monde \u00e9lectrique - CanadaMotorJobs.com","description":"Hyundai Ioniq 5 N\u00a0:Quand le sport s\u2019invite dans le monde \u00e9lectrique - Benoit Charette - Annuel automobile - CanadaMotorJobs.com.","robots":{"index":"index","follow":"follow","max-snippet":"max-snippet:-1","max-image-preview":"max-image-preview:large","max-video-preview":"max-video-preview:-1"},"og_locale":"fr_CA","og_type":"article","og_title":"Hyundai Ioniq 5 N\u00a0:Quand le sport s\u2019invite dans le monde \u00e9lectrique - CanadaMotorJobs.com","og_description":"Hyundai Ioniq 5 N\u00a0:Quand le sport s\u2019invite dans le monde \u00e9lectrique - Benoit Charette - Annuel automobile - CanadaMotorJobs.com.","og_url":"https:\/\/news.canadamotorjobs.com\/fr\/hyundai-ioniq-5-n-quand-le-sport-sinvite-dans-le-monde-electrique\/","og_site_name":"CanadaMotorJobs.com","article_publisher":"https:\/\/www.facebook.com\/canadamotorjobs\/","article_published_time":"2023-11-16T14:29:23+00:00","article_modified_time":"2023-11-16T14:29:33+00:00","og_image":[{"width":1200,"height":800,"url":"https:\/\/news.canadamotorjobs.com\/wp-content\/uploads\/2023\/11\/57293-2025IONIQ5N.jpg","type":"image\/jpeg"}],"author":"Benoit Charette","twitter_card":"summary_large_image","twitter_creator":"@canadamotorjobs","twitter_site":"@canadamotorjobs","twitter_misc":{"\u00c9crit par":"Benoit Charette","Estimation du temps de lecture":"3 minutes"},"schema":{"@context":"https:\/\/schema.org","@graph":[{"@type":"Article","@id":"https:\/\/news.canadamotorjobs.com\/fr\/hyundai-ioniq-5-n-quand-le-sport-sinvite-dans-le-monde-electrique\/#article","isPartOf":{"@id":"https:\/\/news.canadamotorjobs.com\/fr\/hyundai-ioniq-5-n-quand-le-sport-sinvite-dans-le-monde-electrique\/"},"author":{"name":"Benoit Charette","@id":"https:\/\/news.canadamotorjobs.com\/#\/schema\/person\/51793d1f87d44011d7bcc2ed99269a90"},"headline":"Hyundai Ioniq 5 N\u00a0:Quand le sport s\u2019invite dans le monde \u00e9lectrique","datePublished":"2023-11-16T14:29:23+00:00","dateModified":"2023-11-16T14:29:33+00:00","mainEntityOfPage":{"@id":"https:\/\/news.canadamotorjobs.com\/fr\/hyundai-ioniq-5-n-quand-le-sport-sinvite-dans-le-monde-electrique\/"},"wordCount":531,"publisher":{"@id":"https:\/\/news.canadamotorjobs.com\/#organization"},"image":{"@id":"https:\/\/news.canadamotorjobs.com\/fr\/hyundai-ioniq-5-n-quand-le-sport-sinvite-dans-le-monde-electrique\/#primaryimage"},"thumbnailUrl":"https:\/\/news.canadamotorjobs.com\/wp-content\/uploads\/2023\/11\/57293-2025IONIQ5N.jpg","articleSection":["Annuel automobile"],"inLanguage":"fr-CA"},{"@type":"WebPage","@id":"https:\/\/news.canadamotorjobs.com\/fr\/hyundai-ioniq-5-n-quand-le-sport-sinvite-dans-le-monde-electrique\/","url":"https:\/\/news.canadamotorjobs.com\/fr\/hyundai-ioniq-5-n-quand-le-sport-sinvite-dans-le-monde-electrique\/","name":"Hyundai Ioniq 5 N\u00a0:Quand le sport s\u2019invite dans le monde \u00e9lectrique - CanadaMotorJobs.com","isPartOf":{"@id":"https:\/\/news.canadamotorjobs.com\/#website"},"primaryImageOfPage":{"@id":"https:\/\/news.canadamotorjobs.com\/fr\/hyundai-ioniq-5-n-quand-le-sport-sinvite-dans-le-monde-electrique\/#primaryimage"},"image":{"@id":"https:\/\/news.canadamotorjobs.com\/fr\/hyundai-ioniq-5-n-quand-le-sport-sinvite-dans-le-monde-electrique\/#primaryimage"},"thumbnailUrl":"https:\/\/news.canadamotorjobs.com\/wp-content\/uploads\/2023\/11\/57293-2025IONIQ5N.jpg","datePublished":"2023-11-16T14:29:23+00:00","dateModified":"2023-11-16T14:29:33+00:00","description":"Hyundai Ioniq 5 N\u00a0:Quand le sport s\u2019invite dans le monde \u00e9lectrique - Benoit Charette - Annuel automobile - CanadaMotorJobs.com.","breadcrumb":{"@id":"https:\/\/news.canadamotorjobs.com\/fr\/hyundai-ioniq-5-n-quand-le-sport-sinvite-dans-le-monde-electrique\/#breadcrumb"},"inLanguage":"fr-CA","potentialAction":[{"@type":"ReadAction","target":["https:\/\/news.canadamotorjobs.com\/fr\/hyundai-ioniq-5-n-quand-le-sport-sinvite-dans-le-monde-electrique\/"]}]},{"@type":"ImageObject","inLanguage":"fr-CA","@id":"https:\/\/news.canadamotorjobs.com\/fr\/hyundai-ioniq-5-n-quand-le-sport-sinvite-dans-le-monde-electrique\/#primaryimage","url":"https:\/\/news.canadamotorjobs.com\/wp-content\/uploads\/2023\/11\/57293-2025IONIQ5N.jpg","contentUrl":"https:\/\/news.canadamotorjobs.com\/wp-content\/uploads\/2023\/11\/57293-2025IONIQ5N.jpg","width":1200,"height":800},{"@type":"BreadcrumbList","@id":"https:\/\/news.canadamotorjobs.com\/fr\/hyundai-ioniq-5-n-quand-le-sport-sinvite-dans-le-monde-electrique\/#breadcrumb","itemListElement":[{"@type":"ListItem","position":1,"name":"Home","item":"https:\/\/news.canadamotorjobs.com\/fr\/blog\/"},{"@type":"ListItem","position":2,"name":"Hyundai Ioniq 5 N\u00a0:Quand le sport s\u2019invite dans le monde \u00e9lectrique"}]},{"@type":"WebSite","@id":"https:\/\/news.canadamotorjobs.com\/#website","url":"https:\/\/news.canadamotorjobs.com\/","name":"CanadaMotorJobs.com","description":"Automotive Jobs","publisher":{"@id":"https:\/\/news.canadamotorjobs.com\/#organization"},"potentialAction":[{"@type":"SearchAction","target":{"@type":"EntryPoint","urlTemplate":"https:\/\/news.canadamotorjobs.com\/?s={search_term_string}"},"query-input":"required name=search_term_string"}],"inLanguage":"fr-CA"},{"@type":"Organization","@id":"https:\/\/news.canadamotorjobs.com\/#organization","name":"Canada Motor Jobs","url":"https:\/\/news.canadamotorjobs.com\/","logo":{"@type":"ImageObject","inLanguage":"fr-CA","@id":"https:\/\/news.canadamotorjobs.com\/#\/schema\/logo\/image\/","url":"https:\/\/news.canadamotorjobs.com\/wp-content\/uploads\/2022\/10\/logo-canada-motor-jobs-1.png","contentUrl":"https:\/\/news.canadamotorjobs.com\/wp-content\/uploads\/2022\/10\/logo-canada-motor-jobs-1.png","width":800,"height":400,"caption":"Canada Motor Jobs"},"image":{"@id":"https:\/\/news.canadamotorjobs.com\/#\/schema\/logo\/image\/"},"sameAs":["https:\/\/www.facebook.com\/canadamotorjobs\/","https:\/\/x.com\/canadamotorjobs","https:\/\/www.instagram.com\/canadamotorjobs\/","https:\/\/www.linkedin.com\/company\/canadamotorjobs"]},{"@type":"Person","@id":"https:\/\/news.canadamotorjobs.com\/#\/schema\/person\/51793d1f87d44011d7bcc2ed99269a90","name":"Benoit Charette","image":{"@type":"ImageObject","inLanguage":"fr-CA","@id":"https:\/\/news.canadamotorjobs.com\/#\/schema\/person\/image\/","url":"https:\/\/secure.gravatar.com\/avatar\/45f3d2eebcccd909668d7ce7ea7267b6?s=96&d=mm&r=g","contentUrl":"https:\/\/secure.gravatar.com\/avatar\/45f3d2eebcccd909668d7ce7ea7267b6?s=96&d=mm&r=g","caption":"Benoit Charette"},"description":"Benoit Charette \/ Propri\u00e9taire et r\u00e9dacteur en chef Benoit Charette pratique le journalisme automobile depuis bient\u00f4t 30 ans. Il a fait ses classes au c\u00f4t\u00e9 de Daniel H\u00e9raud et au Carnet de route de 1992 \u00e0 2001. Il est fondateur, copropri\u00e9taire et r\u00e9dacteur en chef de L\u2019Annuel de l\u2019automobile, qu\u2019il publie depuis 2001. Il a anim\u00e9 les \u00e9missions RPM et RPM+ sur V et les L\u00e9gendes de la route sur Historia. \u00c0 la radio depuis 1986, il reprend l\u2019antenne cette ann\u00e9e sur les ondes de Cogeco et participe pour la deuxi\u00e8me ann\u00e9e \u00e0 l\u2019\u00e9mission Passion Auto sur RDS en plus de mettre en ligne le site Web officiel de L\u2019Annuel de l\u2019automobile sur annuelauto.ca.","sameAs":["https:\/\/annuelauto.ca\/"],"url":"https:\/\/news.canadamotorjobs.com\/fr\/author\/benoit-charette\/"}]}},"_links":{"self":[{"href":"https:\/\/news.canadamotorjobs.com\/fr\/wp-json\/wp\/v2\/posts\/153969"}],"collection":[{"href":"https:\/\/news.canadamotorjobs.com\/fr\/wp-json\/wp\/v2\/posts"}],"about":[{"href":"https:\/\/news.canadamotorjobs.com\/fr\/wp-json\/wp\/v2\/types\/post"}],"author":[{"embeddable":true,"href":"https:\/\/news.canadamotorjobs.com\/fr\/wp-json\/wp\/v2\/users\/8"}],"replies":[{"embeddable":true,"href":"https:\/\/news.canadamotorjobs.com\/fr\/wp-json\/wp\/v2\/comments?post=153969"}],"version-history":[{"count":2,"href":"https:\/\/news.canadamotorjobs.com\/fr\/wp-json\/wp\/v2\/posts\/153969\/revisions"}],"predecessor-version":[{"id":153973,"href":"https:\/\/news.canadamotorjobs.com\/fr\/wp-json\/wp\/v2\/posts\/153969\/revisions\/153973"}],"wp:featuredmedia":[{"embeddable":true,"href":"https:\/\/news.canadamotorjobs.com\/fr\/wp-json\/wp\/v2\/media\/153971"}],"wp:attachment":[{"href":"https:\/\/news.canadamotorjobs.com\/fr\/wp-json\/wp\/v2\/media?parent=153969"}],"wp:term":[{"taxonomy":"category","embeddable":true,"href":"https:\/\/news.canadamotorjobs.com\/fr\/wp-json\/wp\/v2\/categories?post=153969"},{"taxonomy":"post_tag","embeddable":true,"href":"https:\/\/news.canadamotorjobs.com\/fr\/wp-json\/wp\/v2\/tags?post=153969"}],"curies":[{"name":"wp","href":"https:\/\/api.w.org\/{rel}","templated":true}]}}