{"id":153927,"date":"2023-11-15T12:27:28","date_gmt":"2023-11-15T17:27:28","guid":{"rendered":"https:\/\/news.canadamotorjobs.com\/?p=153927"},"modified":"2023-11-15T12:29:11","modified_gmt":"2023-11-15T17:29:11","slug":"le-genesis-gv80-fait-peau-neuve-pour-2025-et-ajoute-une-version-coupe","status":"publish","type":"post","link":"https:\/\/news.canadamotorjobs.com\/fr\/le-genesis-gv80-fait-peau-neuve-pour-2025-et-ajoute-une-version-coupe\/","title":{"rendered":"Le Genesis GV80 fait peau neuve pour 2025 et ajoute une version coup\u00e9"},"content":{"rendered":"<\/p>\n<p>Le GV80 fra\u00eechement redessin\u00e9 voit son premier changement de mod\u00e8le depuis plus de trois ans, avec une refonte compl\u00e8te de son int\u00e9rieur. Dot\u00e9 d&#8217;un ext\u00e9rieur dynamique et d&#8217;un int\u00e9rieur sportif technologique, ce bolide aux airs audacieux est propuls\u00e9 par un moteur biturbo de 3,5 L avec un compresseur \u00e9lectrique 48V (e-S\/C).<\/p>\n<h3>Le GV80 d\u00e9barque avec tout ce qu&#8217;il faut l\u00e0 o\u00f9 il faut<\/h3>\n<p>\nSous son capot, pr\u00eat \u00e0 rugir avec ses technologies de pointe. \u00c0 l&#8217;avant, le GV80 se pare d&#8217;une nouvelle calandre G-Matrix \u00e0 double maille et des phares avant embl\u00e9matiques. La calandre red\u00e9finit l&#8217;\u00e9l\u00e9gance du mod\u00e8le avec des lignes plus fluides, et les phares au design futuriste, gr\u00e2ce \u00e0 la technologie MLA (Micro Lens Array). Un nouveau fini chrom\u00e9 court le long des c\u00f4t\u00e9s, imposant une pr\u00e9sence puissante de l&#8217;avant \u00e0 l&#8217;arri\u00e8re. Deux nouveaux designs de jantes ajoutent \u00e0 son caract\u00e8re solide et raffin\u00e9.<\/p>\n<h3>Un int\u00e9rieur \u00e9l\u00e9gant alliant technologie de pointe et sensation d&#8217;ouverture.<\/h3>\n<p>\nL&#8217;int\u00e9rieur du nouveau GV80 met en valeur l&#8217;esth\u00e9tique de la &#8220;Beaut\u00e9 de l&#8217;Ouverture&#8221; ch\u00e8re \u00e0 Genesis, avec l&#8217;int\u00e9gration de nouvelles technologies pour une ambiance sophistiqu\u00e9e. Un \u00e9cran OLED de 27 pouces int\u00e8gre le tableau de bord et l&#8217;\u00e9cran AVN (Audio, Vid\u00e9o, Navigation), symbolisant l&#8217;harmonie entre technologie et informations dans une disposition horizontale ultra-moderne. Le design sans faille se prolonge vers la console centrale, o\u00f9 le syst\u00e8me de climatisation tactile (HVAC) offre aux conducteurs un contr\u00f4le ais\u00e9. Le levier de vitesse redessin\u00e9, tel un cristal, assure une prise en main confortable. Un plateau de recharge sans fil redessin\u00e9 rend la recharge plus pratique et offre une meilleure visibilit\u00e9 du t\u00e9l\u00e9phone pendant qu&#8217;il se recharge. D&#8217;autres am\u00e9nagements incluent un porte-gobelet agrandi et de nouveaux boutons de r\u00e9glage du volume.<\/p>\n<h3>Style sportif sp\u00e9cifique au coup\u00e9.<\/h3>\n<p>\nL&#8217;int\u00e9rieur du GV80 Coup\u00e9 capture une sensation sportive avec un design unique au coup\u00e9. Le volant D-cut bicolore disponible ainsi que les accents m\u00e9talliques sur les p\u00e9dales d&#8217;acc\u00e9l\u00e9rateur et de frein renforcent sa dynamique de conduite. Des motifs et des coutures exclusifs au coup\u00e9 contribuent davantage \u00e0 son design raffin\u00e9.<\/p>\n<h3>Puissance et Performance<\/h3>\n<p>\nLe GV80 SUV sera \u00e9quip\u00e9 de deux options de motorisation : un moteur turbo de 2,5 L, d\u00e9livrant 300 chevaux, et un moteur essence biturbo de 3,5 L, produisant 375 chevaux. Le GV80 Coup\u00e9 sera exclusivement propos\u00e9 avec un moteur biturbo de 3,5 L \u00e9quip\u00e9 d&#8217;un compresseur \u00e9lectrique 48V (e-S\/C), offrant une puissance robuste de 409 chevaux et 405 lb-pi de couple d\u00e8s 1 300 tr\/min. Des d\u00e9tails suppl\u00e9mentaires sur la disponibilit\u00e9, les sp\u00e9cifications et les prix des futurs GV80 SUV et GV80 Coup\u00e9 2025 seront annonc\u00e9s en 2024.<\/p>\n<p>Source: Genesis Canada<\/p>\n<p>\u00a0<\/p>\n<p>Le texte <a rel=\"nofollow\" href=\"https:\/\/annuelauto.ca\/le-genesis-gv80-fait-peau-neuve-pour-2025-et-ajoute-une-version-coupe\/\">Le Genesis GV80 fait peau neuve pour 2025 et ajoute une version coup\u00e9<\/a> provient de <a rel=\"nofollow\" href=\"https:\/\/annuelauto.ca\">L&#8217;annuel de l&#8217;automobile &#8211; Actualit\u00e9 automobile<\/a><\/p>\n<p><\/p>\n","protected":false},"excerpt":{"rendered":"<p>Le GV80 fra\u00eechement redessin\u00e9 voit son premier changement de mod\u00e8le depuis plus de trois ans, avec une refonte compl\u00e8te de son int\u00e9rieur. Dot\u00e9 d&#8217;un ext\u00e9rieur dynamique et d&#8217;un int\u00e9rieur sportif technologique, ce bolide aux airs audacieux est propuls\u00e9 par un moteur biturbo de 3,5 L avec un compresseur \u00e9lectrique 48V (e-S\/C). Le GV80 d\u00e9barque avec [&hellip;]<\/p>\n","protected":false},"author":8,"featured_media":153929,"comment_status":"close","ping_status":"closed","sticky":false,"template":"","format":"standard","meta":{"_monsterinsights_skip_tracking":false,"_monsterinsights_sitenote_active":false,"_monsterinsights_sitenote_note":"","_monsterinsights_sitenote_category":0,"footnotes":""},"categories":[101],"tags":[],"yoast_head":"<!-- This site is optimized with the Yoast SEO plugin v23.2 - https:\/\/yoast.com\/wordpress\/plugins\/seo\/ -->\n<title>Le Genesis GV80 fait peau neuve pour 2025 et ajoute une version coup\u00e9 - CanadaMotorJobs.com<\/title>\n<meta name=\"description\" content=\"Le Genesis GV80 fait peau neuve pour 2025 et ajoute une version coup\u00e9 - Benoit Charette - Annuel automobile - CanadaMotorJobs.com.\" \/>\n<meta name=\"robots\" content=\"index, follow, max-snippet:-1, max-image-preview:large, max-video-preview:-1\" \/>\n<meta property=\"og:locale\" content=\"fr_CA\" \/>\n<meta property=\"og:type\" content=\"article\" \/>\n<meta property=\"og:title\" content=\"Le Genesis GV80 fait peau neuve pour 2025 et ajoute une version coup\u00e9 - CanadaMotorJobs.com\" \/>\n<meta property=\"og:description\" content=\"Le Genesis GV80 fait peau neuve pour 2025 et ajoute une version coup\u00e9 - Benoit Charette - Annuel automobile - CanadaMotorJobs.com.\" \/>\n<meta property=\"og:url\" content=\"https:\/\/news.canadamotorjobs.com\/fr\/le-genesis-gv80-fait-peau-neuve-pour-2025-et-ajoute-une-version-coupe\/\" \/>\n<meta property=\"og:site_name\" content=\"CanadaMotorJobs.com\" \/>\n<meta property=\"article:publisher\" content=\"https:\/\/www.facebook.com\/canadamotorjobs\/\" \/>\n<meta property=\"article:published_time\" content=\"2023-11-15T17:27:28+00:00\" \/>\n<meta property=\"article:modified_time\" content=\"2023-11-15T17:29:11+00:00\" \/>\n<meta property=\"og:image\" content=\"https:\/\/news.canadamotorjobs.com\/wp-content\/uploads\/2023\/11\/6405-GENESISUNVEILSNEWGV80SUVANDFIRST-EVERGV80COUPEFORNORTHAMERICANMARKET.jpg\" \/>\n\t<meta property=\"og:image:width\" content=\"1200\" \/>\n\t<meta property=\"og:image:height\" content=\"800\" \/>\n\t<meta property=\"og:image:type\" content=\"image\/jpeg\" \/>\n<meta name=\"author\" content=\"Benoit Charette\" \/>\n<meta name=\"twitter:card\" content=\"summary_large_image\" \/>\n<meta name=\"twitter:creator\" content=\"@canadamotorjobs\" \/>\n<meta name=\"twitter:site\" content=\"@canadamotorjobs\" \/>\n<meta name=\"twitter:label1\" content=\"\u00c9crit par\" \/>\n\t<meta name=\"twitter:data1\" content=\"Benoit Charette\" \/>\n\t<meta name=\"twitter:label2\" content=\"Estimation du temps de lecture\" \/>\n\t<meta name=\"twitter:data2\" content=\"2 minutes\" \/>\n<!-- \/ Yoast SEO plugin. -->","yoast_head_json":{"title":"Le Genesis GV80 fait peau neuve pour 2025 et ajoute une version coup\u00e9 - CanadaMotorJobs.com","description":"Le Genesis GV80 fait peau neuve pour 2025 et ajoute une version coup\u00e9 - Benoit Charette - Annuel automobile - CanadaMotorJobs.com.","robots":{"index":"index","follow":"follow","max-snippet":"max-snippet:-1","max-image-preview":"max-image-preview:large","max-video-preview":"max-video-preview:-1"},"og_locale":"fr_CA","og_type":"article","og_title":"Le Genesis GV80 fait peau neuve pour 2025 et ajoute une version coup\u00e9 - CanadaMotorJobs.com","og_description":"Le Genesis GV80 fait peau neuve pour 2025 et ajoute une version coup\u00e9 - Benoit Charette - Annuel automobile - CanadaMotorJobs.com.","og_url":"https:\/\/news.canadamotorjobs.com\/fr\/le-genesis-gv80-fait-peau-neuve-pour-2025-et-ajoute-une-version-coupe\/","og_site_name":"CanadaMotorJobs.com","article_publisher":"https:\/\/www.facebook.com\/canadamotorjobs\/","article_published_time":"2023-11-15T17:27:28+00:00","article_modified_time":"2023-11-15T17:29:11+00:00","og_image":[{"width":1200,"height":800,"url":"https:\/\/news.canadamotorjobs.com\/wp-content\/uploads\/2023\/11\/6405-GENESISUNVEILSNEWGV80SUVANDFIRST-EVERGV80COUPEFORNORTHAMERICANMARKET.jpg","type":"image\/jpeg"}],"author":"Benoit Charette","twitter_card":"summary_large_image","twitter_creator":"@canadamotorjobs","twitter_site":"@canadamotorjobs","twitter_misc":{"\u00c9crit par":"Benoit Charette","Estimation du temps de lecture":"2 minutes"},"schema":{"@context":"https:\/\/schema.org","@graph":[{"@type":"Article","@id":"https:\/\/news.canadamotorjobs.com\/fr\/le-genesis-gv80-fait-peau-neuve-pour-2025-et-ajoute-une-version-coupe\/#article","isPartOf":{"@id":"https:\/\/news.canadamotorjobs.com\/fr\/le-genesis-gv80-fait-peau-neuve-pour-2025-et-ajoute-une-version-coupe\/"},"author":{"name":"Benoit Charette","@id":"https:\/\/news.canadamotorjobs.com\/#\/schema\/person\/51793d1f87d44011d7bcc2ed99269a90"},"headline":"Le Genesis GV80 fait peau neuve pour 2025 et ajoute une version coup\u00e9","datePublished":"2023-11-15T17:27:28+00:00","dateModified":"2023-11-15T17:29:11+00:00","mainEntityOfPage":{"@id":"https:\/\/news.canadamotorjobs.com\/fr\/le-genesis-gv80-fait-peau-neuve-pour-2025-et-ajoute-une-version-coupe\/"},"wordCount":515,"publisher":{"@id":"https:\/\/news.canadamotorjobs.com\/#organization"},"image":{"@id":"https:\/\/news.canadamotorjobs.com\/fr\/le-genesis-gv80-fait-peau-neuve-pour-2025-et-ajoute-une-version-coupe\/#primaryimage"},"thumbnailUrl":"https:\/\/news.canadamotorjobs.com\/wp-content\/uploads\/2023\/11\/6405-GENESISUNVEILSNEWGV80SUVANDFIRST-EVERGV80COUPEFORNORTHAMERICANMARKET.jpg","articleSection":["Annuel automobile"],"inLanguage":"fr-CA"},{"@type":"WebPage","@id":"https:\/\/news.canadamotorjobs.com\/fr\/le-genesis-gv80-fait-peau-neuve-pour-2025-et-ajoute-une-version-coupe\/","url":"https:\/\/news.canadamotorjobs.com\/fr\/le-genesis-gv80-fait-peau-neuve-pour-2025-et-ajoute-une-version-coupe\/","name":"Le Genesis GV80 fait peau neuve pour 2025 et ajoute une version coup\u00e9 - CanadaMotorJobs.com","isPartOf":{"@id":"https:\/\/news.canadamotorjobs.com\/#website"},"primaryImageOfPage":{"@id":"https:\/\/news.canadamotorjobs.com\/fr\/le-genesis-gv80-fait-peau-neuve-pour-2025-et-ajoute-une-version-coupe\/#primaryimage"},"image":{"@id":"https:\/\/news.canadamotorjobs.com\/fr\/le-genesis-gv80-fait-peau-neuve-pour-2025-et-ajoute-une-version-coupe\/#primaryimage"},"thumbnailUrl":"https:\/\/news.canadamotorjobs.com\/wp-content\/uploads\/2023\/11\/6405-GENESISUNVEILSNEWGV80SUVANDFIRST-EVERGV80COUPEFORNORTHAMERICANMARKET.jpg","datePublished":"2023-11-15T17:27:28+00:00","dateModified":"2023-11-15T17:29:11+00:00","description":"Le Genesis GV80 fait peau neuve pour 2025 et ajoute une version coup\u00e9 - Benoit Charette - Annuel automobile - CanadaMotorJobs.com.","breadcrumb":{"@id":"https:\/\/news.canadamotorjobs.com\/fr\/le-genesis-gv80-fait-peau-neuve-pour-2025-et-ajoute-une-version-coupe\/#breadcrumb"},"inLanguage":"fr-CA","potentialAction":[{"@type":"ReadAction","target":["https:\/\/news.canadamotorjobs.com\/fr\/le-genesis-gv80-fait-peau-neuve-pour-2025-et-ajoute-une-version-coupe\/"]}]},{"@type":"ImageObject","inLanguage":"fr-CA","@id":"https:\/\/news.canadamotorjobs.com\/fr\/le-genesis-gv80-fait-peau-neuve-pour-2025-et-ajoute-une-version-coupe\/#primaryimage","url":"https:\/\/news.canadamotorjobs.com\/wp-content\/uploads\/2023\/11\/6405-GENESISUNVEILSNEWGV80SUVANDFIRST-EVERGV80COUPEFORNORTHAMERICANMARKET.jpg","contentUrl":"https:\/\/news.canadamotorjobs.com\/wp-content\/uploads\/2023\/11\/6405-GENESISUNVEILSNEWGV80SUVANDFIRST-EVERGV80COUPEFORNORTHAMERICANMARKET.jpg","width":1200,"height":800},{"@type":"BreadcrumbList","@id":"https:\/\/news.canadamotorjobs.com\/fr\/le-genesis-gv80-fait-peau-neuve-pour-2025-et-ajoute-une-version-coupe\/#breadcrumb","itemListElement":[{"@type":"ListItem","position":1,"name":"Home","item":"https:\/\/news.canadamotorjobs.com\/fr\/blog\/"},{"@type":"ListItem","position":2,"name":"Le Genesis GV80 fait peau neuve pour 2025 et ajoute une version coup\u00e9"}]},{"@type":"WebSite","@id":"https:\/\/news.canadamotorjobs.com\/#website","url":"https:\/\/news.canadamotorjobs.com\/","name":"CanadaMotorJobs.com","description":"Automotive Jobs","publisher":{"@id":"https:\/\/news.canadamotorjobs.com\/#organization"},"potentialAction":[{"@type":"SearchAction","target":{"@type":"EntryPoint","urlTemplate":"https:\/\/news.canadamotorjobs.com\/?s={search_term_string}"},"query-input":"required name=search_term_string"}],"inLanguage":"fr-CA"},{"@type":"Organization","@id":"https:\/\/news.canadamotorjobs.com\/#organization","name":"Canada Motor Jobs","url":"https:\/\/news.canadamotorjobs.com\/","logo":{"@type":"ImageObject","inLanguage":"fr-CA","@id":"https:\/\/news.canadamotorjobs.com\/#\/schema\/logo\/image\/","url":"https:\/\/news.canadamotorjobs.com\/wp-content\/uploads\/2022\/10\/logo-canada-motor-jobs-1.png","contentUrl":"https:\/\/news.canadamotorjobs.com\/wp-content\/uploads\/2022\/10\/logo-canada-motor-jobs-1.png","width":800,"height":400,"caption":"Canada Motor Jobs"},"image":{"@id":"https:\/\/news.canadamotorjobs.com\/#\/schema\/logo\/image\/"},"sameAs":["https:\/\/www.facebook.com\/canadamotorjobs\/","https:\/\/x.com\/canadamotorjobs","https:\/\/www.instagram.com\/canadamotorjobs\/","https:\/\/www.linkedin.com\/company\/canadamotorjobs"]},{"@type":"Person","@id":"https:\/\/news.canadamotorjobs.com\/#\/schema\/person\/51793d1f87d44011d7bcc2ed99269a90","name":"Benoit Charette","image":{"@type":"ImageObject","inLanguage":"fr-CA","@id":"https:\/\/news.canadamotorjobs.com\/#\/schema\/person\/image\/","url":"https:\/\/secure.gravatar.com\/avatar\/45f3d2eebcccd909668d7ce7ea7267b6?s=96&d=mm&r=g","contentUrl":"https:\/\/secure.gravatar.com\/avatar\/45f3d2eebcccd909668d7ce7ea7267b6?s=96&d=mm&r=g","caption":"Benoit Charette"},"description":"Benoit Charette \/ Propri\u00e9taire et r\u00e9dacteur en chef Benoit Charette pratique le journalisme automobile depuis bient\u00f4t 30 ans. Il a fait ses classes au c\u00f4t\u00e9 de Daniel H\u00e9raud et au Carnet de route de 1992 \u00e0 2001. Il est fondateur, copropri\u00e9taire et r\u00e9dacteur en chef de L\u2019Annuel de l\u2019automobile, qu\u2019il publie depuis 2001. Il a anim\u00e9 les \u00e9missions RPM et RPM+ sur V et les L\u00e9gendes de la route sur Historia. \u00c0 la radio depuis 1986, il reprend l\u2019antenne cette ann\u00e9e sur les ondes de Cogeco et participe pour la deuxi\u00e8me ann\u00e9e \u00e0 l\u2019\u00e9mission Passion Auto sur RDS en plus de mettre en ligne le site Web officiel de L\u2019Annuel de l\u2019automobile sur annuelauto.ca.","sameAs":["https:\/\/annuelauto.ca\/"],"url":"https:\/\/news.canadamotorjobs.com\/fr\/author\/benoit-charette\/"}]}},"_links":{"self":[{"href":"https:\/\/news.canadamotorjobs.com\/fr\/wp-json\/wp\/v2\/posts\/153927"}],"collection":[{"href":"https:\/\/news.canadamotorjobs.com\/fr\/wp-json\/wp\/v2\/posts"}],"about":[{"href":"https:\/\/news.canadamotorjobs.com\/fr\/wp-json\/wp\/v2\/types\/post"}],"author":[{"embeddable":true,"href":"https:\/\/news.canadamotorjobs.com\/fr\/wp-json\/wp\/v2\/users\/8"}],"replies":[{"embeddable":true,"href":"https:\/\/news.canadamotorjobs.com\/fr\/wp-json\/wp\/v2\/comments?post=153927"}],"version-history":[{"count":2,"href":"https:\/\/news.canadamotorjobs.com\/fr\/wp-json\/wp\/v2\/posts\/153927\/revisions"}],"predecessor-version":[{"id":153931,"href":"https:\/\/news.canadamotorjobs.com\/fr\/wp-json\/wp\/v2\/posts\/153927\/revisions\/153931"}],"wp:featuredmedia":[{"embeddable":true,"href":"https:\/\/news.canadamotorjobs.com\/fr\/wp-json\/wp\/v2\/media\/153929"}],"wp:attachment":[{"href":"https:\/\/news.canadamotorjobs.com\/fr\/wp-json\/wp\/v2\/media?parent=153927"}],"wp:term":[{"taxonomy":"category","embeddable":true,"href":"https:\/\/news.canadamotorjobs.com\/fr\/wp-json\/wp\/v2\/categories?post=153927"},{"taxonomy":"post_tag","embeddable":true,"href":"https:\/\/news.canadamotorjobs.com\/fr\/wp-json\/wp\/v2\/tags?post=153927"}],"curies":[{"name":"wp","href":"https:\/\/api.w.org\/{rel}","templated":true}]}}