{"id":153904,"date":"2023-11-15T11:55:06","date_gmt":"2023-11-15T16:55:06","guid":{"rendered":"https:\/\/news.canadamotorjobs.com\/?p=153904"},"modified":"2023-11-15T12:00:17","modified_gmt":"2023-11-15T17:00:17","slug":"la-berline-nest-pas-morte-voici-la-toyota-camry-2025","status":"publish","type":"post","link":"https:\/\/news.canadamotorjobs.com\/fr\/la-berline-nest-pas-morte-voici-la-toyota-camry-2025\/","title":{"rendered":"La berline n\u2019est pas morte: Voici la Toyota Camry 2025"},"content":{"rendered":"<\/p>\n<div class=\"flex flex-grow flex-col max-w-full gap-3 gizmo:gap-0\"><\/p>\n<div class=\"min-h-[20px] text-message peer flex flex-col items-start gap-3 whitespace-pre-wrap break-words peer-[.text-message]:mt-5 overflow-x-auto\" data-message-author-role=\"assistant\" data-message-id=\"ea2c9894-9749-48d6-ac6f-4c9bc4c122e8\"><\/p>\n<div class=\"markdown prose w-full break-words dark:prose-invert light\">\n<p>Cinqui\u00e8me v\u00e9hicule le plus vendu aux \u00c9tats-Unis, la Camnry pla\u00eet encore \u00e0 un large publique et Toyota a profit\u00e9 du Salon de l\u2019auto mde L\u2019os Angeles pour refaire une beaut\u00e9 au mod\u00e8le. Le mod\u00e8le 2025 ne repart pas \u00e0 z\u00e9ro, mais vise \u00e0 relander l\u2019engouement pour une berline, une nouvelle qui fait plaisir dans un mode automobile envahi par les VUS.<\/p>\n<h3>Uniquement en version hybride<\/h3>\n<p>\nLa grande nouvelle de la Camry 2025 est que la berline de taille moyenne devient exclusivement hybride, et que le syst\u00e8me hybride n&#8217;est plus limit\u00e9 aux mod\u00e8les \u00e0 traction. Tant les mod\u00e8les \u00e0 traction avant que ceux \u00e0 quatre roues motrices utilisent le m\u00eame moteur \u00e0 essence quatre cylindres de 2,5 litres, agr\u00e9ment\u00e9 de deux moteurs \u00e9lectriques. Cependant, alors que la version \u00e0 traction offre 225 chevaux, la version \u00e0 quatre roues motrices atteint 232 chevaux. La Camry \u00e0 quatre roues motrices est en fait, nominalement \u00e0 traction avant, la capacit\u00e9 \u00e0 quatre roues motrices provenant d&#8217;un troisi\u00e8me moteur \u00e9lectrique mont\u00e9 \u00e0 l&#8217;arri\u00e8re qui entre en action au besoin.<\/p>\n<h3>Fini le V6<\/h3>\n<p>\nAvec seulement 7 % des acheteurs qui se pr\u00e9valaient d\u2019un V6, Toyota a d\u00e9.cid\u00e9 de retirer l\u2019offre du catalogue. De m\u00eame, il est int\u00e9ressant de noter que seuls 11 % des acheteurs actuels optent pour l&#8217;hybride, tandis que 82 % choisissent le moteur essence classique. On note dans le nouveau style de la Camry, quelques influences de Crownau niveau de la face avant, qui est comme une fusion des museaux de la Crown et de la Prius, et \u00e9galement dans la conception de l&#8217;int\u00e9rieur, qui n&#8217;est pas directement reprise de la Crown, mais pr\u00e9sente une ressemblance frappante.<\/p>\n<h3>Technologie am\u00e9lior\u00e9e<\/h3>\n<p>\nToutes les versions b\u00e9n\u00e9ficient d&#8217;un d\u00e9marrage sans cl\u00e9, d&#8217;une climatisation \u00e0 deux zones, d&#8217;un chargeur de t\u00e9l\u00e9phone sans fil, et d&#8217;un ensemble de s\u00e9curit\u00e9 complet comprenant un avertisseur d&#8217;angle mort ainsi qu&#8217;une alerte de trafic transversal arri\u00e8re. Mais tandis que la LE et sa version SE se contentent d&#8217;un groupe d&#8217;instruments num\u00e9riques de 7 pouces et d&#8217;un \u00e9cran tactile de 8 pouces, la XLE et la XSE disposent de deux \u00e9crans de 12,3 pouces.<\/p>\n<h3>La SE toujours au catalogue<\/h3>\n<p>\nLa SE montre son c\u00f4t\u00e9 sportif avec des p\u00e9dales en aluminium, des palettes de changement de vitesse, une calandre en maille noire et des ailettes sur le pare-chocs avant. Elles sont accompagn\u00e9es d&#8217;un becquet de couleur carrosserie, d&#8217;un diffuseur arri\u00e8re, d&#8217;une double sortie d&#8217;\u00e9chappement et d&#8217;une suspension plus ferme. La XSE va encore plus loin avec des roues de 19 pouces, des si\u00e8ges en cuir chauffants, du verre acoustique, un \u00e9clairage d&#8217;ambiance et un acc\u00e8s sans cl\u00e9 intelligent. Si vous souhaitez tous les \u00e9quipements de luxe de la XSE, mais pensez que les ailettes et les spoilers sont mieux laiss\u00e9s sur la piste, la XLE est la voiture pour vous.<\/p>\n<h3>En concession au printemps 2024<\/h3>\n<p>\nLa Camry 2025 devrait arriver chez les concessionnaires Toyota au printemps 2024 et les prix seront annonc\u00e9s plus pr\u00e8s du lancement. Cependant, une augmentation de prix semble in\u00e9vitable, d&#8217;autant plus que la motorisation hybride est d\u00e9sormais de s\u00e9rie.<\/p>\n<p>Source: Toyota<\/p>\n<\/div>\n<p>\n<\/div>\n<p>\n<\/div>\n<p>Le texte <a rel=\"nofollow\" href=\"https:\/\/annuelauto.ca\/la-berline-nest-pas-morte-voici-la-toyota-camry-2025\/\">La berline n\u2019est pas morte: Voici la Toyota Camry 2025<\/a> provient de <a rel=\"nofollow\" href=\"https:\/\/annuelauto.ca\">L&#8217;annuel de l&#8217;automobile &#8211; Actualit\u00e9 automobile<\/a><\/p>\n<p><\/p>\n","protected":false},"excerpt":{"rendered":"<p>Cinqui\u00e8me v\u00e9hicule le plus vendu aux \u00c9tats-Unis, la Camnry pla\u00eet encore \u00e0 un large publique et Toyota a profit\u00e9 du Salon de l\u2019auto mde L\u2019os Angeles pour refaire une beaut\u00e9 au mod\u00e8le. Le mod\u00e8le 2025 ne repart pas \u00e0 z\u00e9ro, mais vise \u00e0 relander l\u2019engouement pour une berline, une nouvelle qui fait plaisir dans un [&hellip;]<\/p>\n","protected":false},"author":8,"featured_media":153906,"comment_status":"close","ping_status":"closed","sticky":false,"template":"","format":"standard","meta":{"_monsterinsights_skip_tracking":false,"_monsterinsights_sitenote_active":false,"_monsterinsights_sitenote_note":"","_monsterinsights_sitenote_category":0,"footnotes":""},"categories":[101],"tags":[],"yoast_head":"<!-- This site is optimized with the Yoast SEO plugin v23.2 - https:\/\/yoast.com\/wordpress\/plugins\/seo\/ -->\n<title>La berline n\u2019est pas morte: Voici la Toyota Camry 2025 - CanadaMotorJobs.com<\/title>\n<meta name=\"description\" content=\"La berline n\u2019est pas morte: Voici la Toyota Camry 2025 - Benoit Charette - Annuel automobile - CanadaMotorJobs.com.\" \/>\n<meta name=\"robots\" content=\"index, follow, max-snippet:-1, max-image-preview:large, max-video-preview:-1\" \/>\n<meta property=\"og:locale\" content=\"fr_CA\" \/>\n<meta property=\"og:type\" content=\"article\" \/>\n<meta property=\"og:title\" content=\"La berline n\u2019est pas morte: Voici la Toyota Camry 2025 - CanadaMotorJobs.com\" \/>\n<meta property=\"og:description\" content=\"La berline n\u2019est pas morte: Voici la Toyota Camry 2025 - Benoit Charette - Annuel automobile - CanadaMotorJobs.com.\" \/>\n<meta property=\"og:url\" content=\"https:\/\/news.canadamotorjobs.com\/fr\/la-berline-nest-pas-morte-voici-la-toyota-camry-2025\/\" \/>\n<meta property=\"og:site_name\" content=\"CanadaMotorJobs.com\" \/>\n<meta property=\"article:publisher\" content=\"https:\/\/www.facebook.com\/canadamotorjobs\/\" \/>\n<meta property=\"article:published_time\" content=\"2023-11-15T16:55:06+00:00\" \/>\n<meta property=\"article:modified_time\" content=\"2023-11-15T17:00:17+00:00\" \/>\n<meta property=\"og:image\" content=\"https:\/\/news.canadamotorjobs.com\/wp-content\/uploads\/2023\/11\/2025_Toyota-Camry_Group-Shot_HERO-1500x1125-1.jpg\" \/>\n\t<meta property=\"og:image:width\" content=\"1500\" \/>\n\t<meta property=\"og:image:height\" content=\"1125\" \/>\n\t<meta property=\"og:image:type\" content=\"image\/jpeg\" \/>\n<meta name=\"author\" content=\"Benoit Charette\" \/>\n<meta name=\"twitter:card\" content=\"summary_large_image\" \/>\n<meta name=\"twitter:creator\" content=\"@canadamotorjobs\" \/>\n<meta name=\"twitter:site\" content=\"@canadamotorjobs\" \/>\n<meta name=\"twitter:label1\" content=\"\u00c9crit par\" \/>\n\t<meta name=\"twitter:data1\" content=\"Benoit Charette\" \/>\n\t<meta name=\"twitter:label2\" content=\"Estimation du temps de lecture\" \/>\n\t<meta name=\"twitter:data2\" content=\"3 minutes\" \/>\n<!-- \/ Yoast SEO plugin. -->","yoast_head_json":{"title":"La berline n\u2019est pas morte: Voici la Toyota Camry 2025 - CanadaMotorJobs.com","description":"La berline n\u2019est pas morte: Voici la Toyota Camry 2025 - Benoit Charette - Annuel automobile - CanadaMotorJobs.com.","robots":{"index":"index","follow":"follow","max-snippet":"max-snippet:-1","max-image-preview":"max-image-preview:large","max-video-preview":"max-video-preview:-1"},"og_locale":"fr_CA","og_type":"article","og_title":"La berline n\u2019est pas morte: Voici la Toyota Camry 2025 - CanadaMotorJobs.com","og_description":"La berline n\u2019est pas morte: Voici la Toyota Camry 2025 - Benoit Charette - Annuel automobile - CanadaMotorJobs.com.","og_url":"https:\/\/news.canadamotorjobs.com\/fr\/la-berline-nest-pas-morte-voici-la-toyota-camry-2025\/","og_site_name":"CanadaMotorJobs.com","article_publisher":"https:\/\/www.facebook.com\/canadamotorjobs\/","article_published_time":"2023-11-15T16:55:06+00:00","article_modified_time":"2023-11-15T17:00:17+00:00","og_image":[{"width":1500,"height":1125,"url":"https:\/\/news.canadamotorjobs.com\/wp-content\/uploads\/2023\/11\/2025_Toyota-Camry_Group-Shot_HERO-1500x1125-1.jpg","type":"image\/jpeg"}],"author":"Benoit Charette","twitter_card":"summary_large_image","twitter_creator":"@canadamotorjobs","twitter_site":"@canadamotorjobs","twitter_misc":{"\u00c9crit par":"Benoit Charette","Estimation du temps de lecture":"3 minutes"},"schema":{"@context":"https:\/\/schema.org","@graph":[{"@type":"Article","@id":"https:\/\/news.canadamotorjobs.com\/fr\/la-berline-nest-pas-morte-voici-la-toyota-camry-2025\/#article","isPartOf":{"@id":"https:\/\/news.canadamotorjobs.com\/fr\/la-berline-nest-pas-morte-voici-la-toyota-camry-2025\/"},"author":{"name":"Benoit Charette","@id":"https:\/\/news.canadamotorjobs.com\/#\/schema\/person\/51793d1f87d44011d7bcc2ed99269a90"},"headline":"La berline n\u2019est pas morte: Voici la Toyota Camry 2025","datePublished":"2023-11-15T16:55:06+00:00","dateModified":"2023-11-15T17:00:17+00:00","mainEntityOfPage":{"@id":"https:\/\/news.canadamotorjobs.com\/fr\/la-berline-nest-pas-morte-voici-la-toyota-camry-2025\/"},"wordCount":578,"publisher":{"@id":"https:\/\/news.canadamotorjobs.com\/#organization"},"image":{"@id":"https:\/\/news.canadamotorjobs.com\/fr\/la-berline-nest-pas-morte-voici-la-toyota-camry-2025\/#primaryimage"},"thumbnailUrl":"https:\/\/news.canadamotorjobs.com\/wp-content\/uploads\/2023\/11\/2025_Toyota-Camry_Group-Shot_HERO-1500x1125-1.jpg","articleSection":["Annuel automobile"],"inLanguage":"fr-CA"},{"@type":"WebPage","@id":"https:\/\/news.canadamotorjobs.com\/fr\/la-berline-nest-pas-morte-voici-la-toyota-camry-2025\/","url":"https:\/\/news.canadamotorjobs.com\/fr\/la-berline-nest-pas-morte-voici-la-toyota-camry-2025\/","name":"La berline n\u2019est pas morte: Voici la Toyota Camry 2025 - CanadaMotorJobs.com","isPartOf":{"@id":"https:\/\/news.canadamotorjobs.com\/#website"},"primaryImageOfPage":{"@id":"https:\/\/news.canadamotorjobs.com\/fr\/la-berline-nest-pas-morte-voici-la-toyota-camry-2025\/#primaryimage"},"image":{"@id":"https:\/\/news.canadamotorjobs.com\/fr\/la-berline-nest-pas-morte-voici-la-toyota-camry-2025\/#primaryimage"},"thumbnailUrl":"https:\/\/news.canadamotorjobs.com\/wp-content\/uploads\/2023\/11\/2025_Toyota-Camry_Group-Shot_HERO-1500x1125-1.jpg","datePublished":"2023-11-15T16:55:06+00:00","dateModified":"2023-11-15T17:00:17+00:00","description":"La berline n\u2019est pas morte: Voici la Toyota Camry 2025 - Benoit Charette - Annuel automobile - CanadaMotorJobs.com.","breadcrumb":{"@id":"https:\/\/news.canadamotorjobs.com\/fr\/la-berline-nest-pas-morte-voici-la-toyota-camry-2025\/#breadcrumb"},"inLanguage":"fr-CA","potentialAction":[{"@type":"ReadAction","target":["https:\/\/news.canadamotorjobs.com\/fr\/la-berline-nest-pas-morte-voici-la-toyota-camry-2025\/"]}]},{"@type":"ImageObject","inLanguage":"fr-CA","@id":"https:\/\/news.canadamotorjobs.com\/fr\/la-berline-nest-pas-morte-voici-la-toyota-camry-2025\/#primaryimage","url":"https:\/\/news.canadamotorjobs.com\/wp-content\/uploads\/2023\/11\/2025_Toyota-Camry_Group-Shot_HERO-1500x1125-1.jpg","contentUrl":"https:\/\/news.canadamotorjobs.com\/wp-content\/uploads\/2023\/11\/2025_Toyota-Camry_Group-Shot_HERO-1500x1125-1.jpg","width":1500,"height":1125},{"@type":"BreadcrumbList","@id":"https:\/\/news.canadamotorjobs.com\/fr\/la-berline-nest-pas-morte-voici-la-toyota-camry-2025\/#breadcrumb","itemListElement":[{"@type":"ListItem","position":1,"name":"Home","item":"https:\/\/news.canadamotorjobs.com\/fr\/blog\/"},{"@type":"ListItem","position":2,"name":"La berline n\u2019est pas morte: Voici la Toyota Camry 2025"}]},{"@type":"WebSite","@id":"https:\/\/news.canadamotorjobs.com\/#website","url":"https:\/\/news.canadamotorjobs.com\/","name":"CanadaMotorJobs.com","description":"Automotive Jobs","publisher":{"@id":"https:\/\/news.canadamotorjobs.com\/#organization"},"potentialAction":[{"@type":"SearchAction","target":{"@type":"EntryPoint","urlTemplate":"https:\/\/news.canadamotorjobs.com\/?s={search_term_string}"},"query-input":"required name=search_term_string"}],"inLanguage":"fr-CA"},{"@type":"Organization","@id":"https:\/\/news.canadamotorjobs.com\/#organization","name":"Canada Motor Jobs","url":"https:\/\/news.canadamotorjobs.com\/","logo":{"@type":"ImageObject","inLanguage":"fr-CA","@id":"https:\/\/news.canadamotorjobs.com\/#\/schema\/logo\/image\/","url":"https:\/\/news.canadamotorjobs.com\/wp-content\/uploads\/2022\/10\/logo-canada-motor-jobs-1.png","contentUrl":"https:\/\/news.canadamotorjobs.com\/wp-content\/uploads\/2022\/10\/logo-canada-motor-jobs-1.png","width":800,"height":400,"caption":"Canada Motor Jobs"},"image":{"@id":"https:\/\/news.canadamotorjobs.com\/#\/schema\/logo\/image\/"},"sameAs":["https:\/\/www.facebook.com\/canadamotorjobs\/","https:\/\/x.com\/canadamotorjobs","https:\/\/www.instagram.com\/canadamotorjobs\/","https:\/\/www.linkedin.com\/company\/canadamotorjobs"]},{"@type":"Person","@id":"https:\/\/news.canadamotorjobs.com\/#\/schema\/person\/51793d1f87d44011d7bcc2ed99269a90","name":"Benoit Charette","image":{"@type":"ImageObject","inLanguage":"fr-CA","@id":"https:\/\/news.canadamotorjobs.com\/#\/schema\/person\/image\/","url":"https:\/\/secure.gravatar.com\/avatar\/45f3d2eebcccd909668d7ce7ea7267b6?s=96&d=mm&r=g","contentUrl":"https:\/\/secure.gravatar.com\/avatar\/45f3d2eebcccd909668d7ce7ea7267b6?s=96&d=mm&r=g","caption":"Benoit Charette"},"description":"Benoit Charette \/ Propri\u00e9taire et r\u00e9dacteur en chef Benoit Charette pratique le journalisme automobile depuis bient\u00f4t 30 ans. Il a fait ses classes au c\u00f4t\u00e9 de Daniel H\u00e9raud et au Carnet de route de 1992 \u00e0 2001. Il est fondateur, copropri\u00e9taire et r\u00e9dacteur en chef de L\u2019Annuel de l\u2019automobile, qu\u2019il publie depuis 2001. Il a anim\u00e9 les \u00e9missions RPM et RPM+ sur V et les L\u00e9gendes de la route sur Historia. \u00c0 la radio depuis 1986, il reprend l\u2019antenne cette ann\u00e9e sur les ondes de Cogeco et participe pour la deuxi\u00e8me ann\u00e9e \u00e0 l\u2019\u00e9mission Passion Auto sur RDS en plus de mettre en ligne le site Web officiel de L\u2019Annuel de l\u2019automobile sur annuelauto.ca.","sameAs":["https:\/\/annuelauto.ca\/"],"url":"https:\/\/news.canadamotorjobs.com\/fr\/author\/benoit-charette\/"}]}},"_links":{"self":[{"href":"https:\/\/news.canadamotorjobs.com\/fr\/wp-json\/wp\/v2\/posts\/153904"}],"collection":[{"href":"https:\/\/news.canadamotorjobs.com\/fr\/wp-json\/wp\/v2\/posts"}],"about":[{"href":"https:\/\/news.canadamotorjobs.com\/fr\/wp-json\/wp\/v2\/types\/post"}],"author":[{"embeddable":true,"href":"https:\/\/news.canadamotorjobs.com\/fr\/wp-json\/wp\/v2\/users\/8"}],"replies":[{"embeddable":true,"href":"https:\/\/news.canadamotorjobs.com\/fr\/wp-json\/wp\/v2\/comments?post=153904"}],"version-history":[{"count":2,"href":"https:\/\/news.canadamotorjobs.com\/fr\/wp-json\/wp\/v2\/posts\/153904\/revisions"}],"predecessor-version":[{"id":153908,"href":"https:\/\/news.canadamotorjobs.com\/fr\/wp-json\/wp\/v2\/posts\/153904\/revisions\/153908"}],"wp:featuredmedia":[{"embeddable":true,"href":"https:\/\/news.canadamotorjobs.com\/fr\/wp-json\/wp\/v2\/media\/153906"}],"wp:attachment":[{"href":"https:\/\/news.canadamotorjobs.com\/fr\/wp-json\/wp\/v2\/media?parent=153904"}],"wp:term":[{"taxonomy":"category","embeddable":true,"href":"https:\/\/news.canadamotorjobs.com\/fr\/wp-json\/wp\/v2\/categories?post=153904"},{"taxonomy":"post_tag","embeddable":true,"href":"https:\/\/news.canadamotorjobs.com\/fr\/wp-json\/wp\/v2\/tags?post=153904"}],"curies":[{"name":"wp","href":"https:\/\/api.w.org\/{rel}","templated":true}]}}