{"id":153849,"date":"2023-11-14T14:35:31","date_gmt":"2023-11-14T19:35:31","guid":{"rendered":"https:\/\/news.canadamotorjobs.com\/?p=153849"},"modified":"2023-11-14T14:58:59","modified_gmt":"2023-11-14T19:58:59","slug":"karma-passe-en-mode-renaissance","status":"publish","type":"post","link":"https:\/\/news.canadamotorjobs.com\/fr\/karma-passe-en-mode-renaissance\/","title":{"rendered":"Karma passe en mode renaissance"},"content":{"rendered":"<\/p>\n<p>Le petit constructeur californien de voitures de prestige Karma passe en mode \u00ab\u00a0renaissance\u00a0\u00bb. Lors d\u2019une conf\u00e9rence de presse organis\u00e9e dans le cadre du concours d\u2019\u00e9l\u00e9gance Wynn <a href=\"https:\/\/annuelauto.ca\/une-voiture-canadienne-100-electrique-devoiles-a-las-vegas\/\" target=\"_blank\" rel=\"noopener noreferrer\">Las Vegas<\/a>, pr\u00e9sent\u00e9 du 10 au 12 novembre derniers, il a annonc\u00e9, entre autres, le lancement prochain de trois nouveaut\u00e9s.<\/p>\n<p>La soci\u00e9t\u00e9 Karma Automotive est \u00e0 un tournant crucial, explique Marques McCammon, son pr\u00e9sident, dans un communiqu\u00e9 publi\u00e9 le 13 novembre. \u00ab\u00a0Nous relan\u00e7ons l&#8217;entreprise en lui donnant une nouvelle image de marque pour produire des v\u00e9hicules \u00e9poustouflants et intemporels, qui m\u00e8neront notre organisation sur une nouvelle voie.\u00a0\u00bb<\/p>\n<h3><strong>Kaveya, la nouvelle orientation de Karma<\/strong><\/h3>\n<p>\n\u00c0 Las Vegas, Karma a d\u2019abord d\u00e9voil\u00e9 le prototype (immobile) d\u2019un coup\u00e9 de haute performance pr\u00e9figurant cette relance\u00a0: la Kaveya, une \u00e9l\u00e9gante biplace \u00e9lectrique \u00e0 portes en \u00e9lytre. Cette voiture aura un ch\u00e2ssis en aluminium habill\u00e9 d\u2019une carrosserie en fibre de carbone et elle sera offerte en deux versions sur lesquelles on sait toutefois tr\u00e8s peu de choses.<\/p>\n<p>\u00c0 partir du quatri\u00e8me trimestre de 2025, Karma offrira d\u2019abord une version \u00e0 propulsion dot\u00e9e d\u2019une motorisation d\u00e9veloppant 536\u00a0ch. Le constructeur nous en apprend davantage sur la version int\u00e9grale de cette GT, qui fera ses d\u00e9buts un an plus tard. B\u00e9n\u00e9ficiant d\u2019une autonomie d\u00e9passant les 400\u00a0kilom\u00e8tres, cette variante aura une motorisation produisant 1\u00a0080\u00a0ch et 1\u00a0270\u00a0pi-lb de couple autorisant une vitesse de pointe d\u00e9passant 290\u00a0km\/h.<\/p>\n<p>\u00ab Ce produit phare d\u00e9finit l&#8217;orientation de notre entreprise pour l&#8217;avenir \u00bb, d\u00e9clare McCammon.<\/p>\n<h3><strong>Une \u00e9volution \u00e9lectrique de la Revero<\/strong><\/h3>\n<p>\n\u00c0 Las Vegas, le constructeur a \u00e9galement annonc\u00e9 le lancement de deux autres nouveaut\u00e9s d\u2019ici la fin de 2024; deux mod\u00e8les sur lesquels il a cependant \u00e9t\u00e9 aussi avare d\u2019informations.<\/p>\n<p>La premi\u00e8re nouveaut\u00e9 s\u2019appelle Gyesera, une berline dont on n\u2019a vu que deux images en clair-obscure. Cette berline aura les m\u00eames dimensions qu\u2019une Revero et une silhouette tr\u00e8s similaire. Elle s\u2019en distinguera toutefois par sa motorisation \u00e9lectrique. Forte de ses 590\u00a0ch et 693\u00a0lb-pi, elle pourra atteindre 100\u00a0km\/h en pr\u00e8s de 4,2\u00a0s, en plus d\u2019avoir une vitesse de pointe proche de 220\u00a0km\/h. En outre, une batterie de 120\u00a0kWh permettra \u00e0 la Gyesera de parcourir pr\u00e8s de 400\u00a0kilom\u00e8tres.<\/p>\n<p>Par ailleurs, la Revero figurera toujours au catalogue, avec une motorisation hybride branchable presque aussi puissante. Forte de ses 536\u00a0ch et 708\u00a0li-pi, elle autorisera un 0-100\u00a0km\/h en pr\u00e8s de 4,0\u00a0s et lui donne une vitesse de pointe d\u2019environ 210\u00a0km\/h. De plus, gr\u00e2ce \u00e0 une batterie de 28\u00a0kWh, la Revero pourra parcourir un peu plus de 100\u00a0km en propulsion \u00e9lectrique. La premi\u00e8re version de la Revero, qui a \u00e9t\u00e9 commercialis\u00e9e \u00e0 partir de 2016, avait une autonomie \u00e9lectrique de 80\u00a0kilom\u00e8tres.<\/p>\n<h3><strong>Marque \u00e0 l\u2019histoire mouvement\u00e9e<\/strong><\/h3>\n<p>\nLa soci\u00e9t\u00e9 Karma Automotive a eu bien des hauts et des bas au cours des 10\u00a0derni\u00e8res ann\u00e9es, admet le pr\u00e9sident de l\u2019entreprise, qui n\u2019est en poste que depuis mars dernier. M.\u00a0McCammon reconna\u00eet, en outre, que les objectifs de Karma sont pour le moins ambitieux. \u00ab\u00a0Apr\u00e8s avoir lanc\u00e9 nos [trois] premiers nouveaux v\u00e9hicules, \u00e0 partir du troisi\u00e8me trimestre de 2024, nous d\u00e9voilerons de nouveaux produits et des concepts tous les six mois.\u00a0\u00bb<\/p>\n<p>Rappelons qu\u2019en septembre 2015 Karma Automotive a succ\u00e9d\u00e9 \u00e0 Fisker Automotive, l\u2019entreprise fond\u00e9e en ao\u00fbt 2007 par le designer et homme d\u2019affaires d\u2019origine danoise Henrik Fisker, qui en avait \u00e9t\u00e9 \u00e9vinc\u00e9 en mars 2013.<\/p>\n<p>Puis, en novembre 2013, Fisker Automotive d\u00e9posait son bilan. L\u2019entreprise cr\u00e9\u00e9e pour fabriquer la Fisker Karma fut alors rachet\u00e9e en f\u00e9vrier 2014 par le groupe Wanxiang, une multinationale chinoise sp\u00e9cialis\u00e9e dans la fabrication de composants automobiles dont, entre autres, des batteries. Par la suite, Wanxiang a rebaptis\u00e9 la voiture Karma Revero.<\/p>\n<p>De son c\u00f4t\u00e9, apr\u00e8s son d\u00e9part de Fisker Automotive, Henrik Fisker a fond\u00e9 la soci\u00e9t\u00e9 Fisker inc., en octobre 2016. \u00c9tablie \u00e0 Manhattan Beach, en Californie, cette entreprise florissante s\u2019affaire actuellement \u00e0 commercialiser l\u2019utilitaire \u00e9lectrique <a href=\"https:\/\/annuelauto.ca\/14-000-reservations-pour-la-fisker-ocean\/\" target=\"_blank\" rel=\"noopener noreferrer\">Ocean<\/a> sur plusieurs continents. <a href=\"https:\/\/annuelauto.ca\/fisker-apres-locean-lalaska\/\" target=\"_blank\" rel=\"noopener noreferrer\">Quelques autres mod\u00e8les \u00e9lectriques sont \u00e9galement en chantier<\/a>.<\/p>\n<p><em>Photos : Karma<\/em><\/p>\n<p>Le texte <a rel=\"nofollow\" href=\"https:\/\/annuelauto.ca\/karma-passe-en-mode-renaissance\/\">Karma passe en mode renaissance<\/a> provient de <a rel=\"nofollow\" href=\"https:\/\/annuelauto.ca\">L&#8217;annuel de l&#8217;automobile &#8211; Actualit\u00e9 automobile<\/a><\/p>\n<p><\/p>\n","protected":false},"excerpt":{"rendered":"<p>Le petit constructeur californien de voitures de prestige Karma passe en mode \u00ab\u00a0renaissance\u00a0\u00bb. Lors d\u2019une conf\u00e9rence de presse organis\u00e9e dans le cadre du concours d\u2019\u00e9l\u00e9gance Wynn Las Vegas, pr\u00e9sent\u00e9 du 10 au 12 novembre derniers, il a annonc\u00e9, entre autres, le lancement prochain de trois nouveaut\u00e9s. La soci\u00e9t\u00e9 Karma Automotive est \u00e0 un tournant crucial, [&hellip;]<\/p>\n","protected":false},"author":8,"featured_media":153851,"comment_status":"close","ping_status":"closed","sticky":false,"template":"","format":"standard","meta":{"_monsterinsights_skip_tracking":false,"_monsterinsights_sitenote_active":false,"_monsterinsights_sitenote_note":"","_monsterinsights_sitenote_category":0,"footnotes":""},"categories":[101],"tags":[],"yoast_head":"<!-- This site is optimized with the Yoast SEO plugin v23.2 - https:\/\/yoast.com\/wordpress\/plugins\/seo\/ -->\n<title>Karma passe en mode renaissance - CanadaMotorJobs.com<\/title>\n<meta name=\"description\" content=\"Karma passe en mode renaissance - Benoit Charette - Annuel automobile - CanadaMotorJobs.com.\" \/>\n<meta name=\"robots\" content=\"index, follow, max-snippet:-1, max-image-preview:large, max-video-preview:-1\" \/>\n<meta property=\"og:locale\" content=\"fr_CA\" \/>\n<meta property=\"og:type\" content=\"article\" \/>\n<meta property=\"og:title\" content=\"Karma passe en mode renaissance - CanadaMotorJobs.com\" \/>\n<meta property=\"og:description\" content=\"Karma passe en mode renaissance - Benoit Charette - Annuel automobile - CanadaMotorJobs.com.\" \/>\n<meta property=\"og:url\" content=\"https:\/\/news.canadamotorjobs.com\/fr\/karma-passe-en-mode-renaissance\/\" \/>\n<meta property=\"og:site_name\" content=\"CanadaMotorJobs.com\" \/>\n<meta property=\"article:publisher\" content=\"https:\/\/www.facebook.com\/canadamotorjobs\/\" \/>\n<meta property=\"article:published_time\" content=\"2023-11-14T19:35:31+00:00\" \/>\n<meta property=\"article:modified_time\" content=\"2023-11-14T19:58:59+00:00\" \/>\n<meta property=\"og:image\" content=\"https:\/\/news.canadamotorjobs.com\/wp-content\/uploads\/2023\/11\/Karma-Kaveya_3.jpg\" \/>\n\t<meta property=\"og:image:width\" content=\"1024\" \/>\n\t<meta property=\"og:image:height\" content=\"640\" \/>\n\t<meta property=\"og:image:type\" content=\"image\/jpeg\" \/>\n<meta name=\"author\" content=\"Benoit Charette\" \/>\n<meta name=\"twitter:card\" content=\"summary_large_image\" \/>\n<meta name=\"twitter:creator\" content=\"@canadamotorjobs\" \/>\n<meta name=\"twitter:site\" content=\"@canadamotorjobs\" \/>\n<meta name=\"twitter:label1\" content=\"\u00c9crit par\" \/>\n\t<meta name=\"twitter:data1\" content=\"Benoit Charette\" \/>\n\t<meta name=\"twitter:label2\" content=\"Estimation du temps de lecture\" \/>\n\t<meta name=\"twitter:data2\" content=\"4 minutes\" \/>\n<!-- \/ Yoast SEO plugin. -->","yoast_head_json":{"title":"Karma passe en mode renaissance - CanadaMotorJobs.com","description":"Karma passe en mode renaissance - Benoit Charette - Annuel automobile - CanadaMotorJobs.com.","robots":{"index":"index","follow":"follow","max-snippet":"max-snippet:-1","max-image-preview":"max-image-preview:large","max-video-preview":"max-video-preview:-1"},"og_locale":"fr_CA","og_type":"article","og_title":"Karma passe en mode renaissance - CanadaMotorJobs.com","og_description":"Karma passe en mode renaissance - Benoit Charette - Annuel automobile - CanadaMotorJobs.com.","og_url":"https:\/\/news.canadamotorjobs.com\/fr\/karma-passe-en-mode-renaissance\/","og_site_name":"CanadaMotorJobs.com","article_publisher":"https:\/\/www.facebook.com\/canadamotorjobs\/","article_published_time":"2023-11-14T19:35:31+00:00","article_modified_time":"2023-11-14T19:58:59+00:00","og_image":[{"width":1024,"height":640,"url":"https:\/\/news.canadamotorjobs.com\/wp-content\/uploads\/2023\/11\/Karma-Kaveya_3.jpg","type":"image\/jpeg"}],"author":"Benoit Charette","twitter_card":"summary_large_image","twitter_creator":"@canadamotorjobs","twitter_site":"@canadamotorjobs","twitter_misc":{"\u00c9crit par":"Benoit Charette","Estimation du temps de lecture":"4 minutes"},"schema":{"@context":"https:\/\/schema.org","@graph":[{"@type":"Article","@id":"https:\/\/news.canadamotorjobs.com\/fr\/karma-passe-en-mode-renaissance\/#article","isPartOf":{"@id":"https:\/\/news.canadamotorjobs.com\/fr\/karma-passe-en-mode-renaissance\/"},"author":{"name":"Benoit Charette","@id":"https:\/\/news.canadamotorjobs.com\/#\/schema\/person\/51793d1f87d44011d7bcc2ed99269a90"},"headline":"Karma passe en mode renaissance","datePublished":"2023-11-14T19:35:31+00:00","dateModified":"2023-11-14T19:58:59+00:00","mainEntityOfPage":{"@id":"https:\/\/news.canadamotorjobs.com\/fr\/karma-passe-en-mode-renaissance\/"},"wordCount":728,"publisher":{"@id":"https:\/\/news.canadamotorjobs.com\/#organization"},"image":{"@id":"https:\/\/news.canadamotorjobs.com\/fr\/karma-passe-en-mode-renaissance\/#primaryimage"},"thumbnailUrl":"https:\/\/news.canadamotorjobs.com\/wp-content\/uploads\/2023\/11\/Karma-Kaveya_3.jpg","articleSection":["Annuel automobile"],"inLanguage":"fr-CA"},{"@type":"WebPage","@id":"https:\/\/news.canadamotorjobs.com\/fr\/karma-passe-en-mode-renaissance\/","url":"https:\/\/news.canadamotorjobs.com\/fr\/karma-passe-en-mode-renaissance\/","name":"Karma passe en mode renaissance - CanadaMotorJobs.com","isPartOf":{"@id":"https:\/\/news.canadamotorjobs.com\/#website"},"primaryImageOfPage":{"@id":"https:\/\/news.canadamotorjobs.com\/fr\/karma-passe-en-mode-renaissance\/#primaryimage"},"image":{"@id":"https:\/\/news.canadamotorjobs.com\/fr\/karma-passe-en-mode-renaissance\/#primaryimage"},"thumbnailUrl":"https:\/\/news.canadamotorjobs.com\/wp-content\/uploads\/2023\/11\/Karma-Kaveya_3.jpg","datePublished":"2023-11-14T19:35:31+00:00","dateModified":"2023-11-14T19:58:59+00:00","description":"Karma passe en mode renaissance - Benoit Charette - Annuel automobile - CanadaMotorJobs.com.","breadcrumb":{"@id":"https:\/\/news.canadamotorjobs.com\/fr\/karma-passe-en-mode-renaissance\/#breadcrumb"},"inLanguage":"fr-CA","potentialAction":[{"@type":"ReadAction","target":["https:\/\/news.canadamotorjobs.com\/fr\/karma-passe-en-mode-renaissance\/"]}]},{"@type":"ImageObject","inLanguage":"fr-CA","@id":"https:\/\/news.canadamotorjobs.com\/fr\/karma-passe-en-mode-renaissance\/#primaryimage","url":"https:\/\/news.canadamotorjobs.com\/wp-content\/uploads\/2023\/11\/Karma-Kaveya_3.jpg","contentUrl":"https:\/\/news.canadamotorjobs.com\/wp-content\/uploads\/2023\/11\/Karma-Kaveya_3.jpg","width":1024,"height":640},{"@type":"BreadcrumbList","@id":"https:\/\/news.canadamotorjobs.com\/fr\/karma-passe-en-mode-renaissance\/#breadcrumb","itemListElement":[{"@type":"ListItem","position":1,"name":"Home","item":"https:\/\/news.canadamotorjobs.com\/fr\/blog\/"},{"@type":"ListItem","position":2,"name":"Karma passe en mode renaissance"}]},{"@type":"WebSite","@id":"https:\/\/news.canadamotorjobs.com\/#website","url":"https:\/\/news.canadamotorjobs.com\/","name":"CanadaMotorJobs.com","description":"Automotive Jobs","publisher":{"@id":"https:\/\/news.canadamotorjobs.com\/#organization"},"potentialAction":[{"@type":"SearchAction","target":{"@type":"EntryPoint","urlTemplate":"https:\/\/news.canadamotorjobs.com\/?s={search_term_string}"},"query-input":"required name=search_term_string"}],"inLanguage":"fr-CA"},{"@type":"Organization","@id":"https:\/\/news.canadamotorjobs.com\/#organization","name":"Canada Motor Jobs","url":"https:\/\/news.canadamotorjobs.com\/","logo":{"@type":"ImageObject","inLanguage":"fr-CA","@id":"https:\/\/news.canadamotorjobs.com\/#\/schema\/logo\/image\/","url":"https:\/\/news.canadamotorjobs.com\/wp-content\/uploads\/2022\/10\/logo-canada-motor-jobs-1.png","contentUrl":"https:\/\/news.canadamotorjobs.com\/wp-content\/uploads\/2022\/10\/logo-canada-motor-jobs-1.png","width":800,"height":400,"caption":"Canada Motor Jobs"},"image":{"@id":"https:\/\/news.canadamotorjobs.com\/#\/schema\/logo\/image\/"},"sameAs":["https:\/\/www.facebook.com\/canadamotorjobs\/","https:\/\/x.com\/canadamotorjobs","https:\/\/www.instagram.com\/canadamotorjobs\/","https:\/\/www.linkedin.com\/company\/canadamotorjobs"]},{"@type":"Person","@id":"https:\/\/news.canadamotorjobs.com\/#\/schema\/person\/51793d1f87d44011d7bcc2ed99269a90","name":"Benoit Charette","image":{"@type":"ImageObject","inLanguage":"fr-CA","@id":"https:\/\/news.canadamotorjobs.com\/#\/schema\/person\/image\/","url":"https:\/\/secure.gravatar.com\/avatar\/45f3d2eebcccd909668d7ce7ea7267b6?s=96&d=mm&r=g","contentUrl":"https:\/\/secure.gravatar.com\/avatar\/45f3d2eebcccd909668d7ce7ea7267b6?s=96&d=mm&r=g","caption":"Benoit Charette"},"description":"Benoit Charette \/ Propri\u00e9taire et r\u00e9dacteur en chef Benoit Charette pratique le journalisme automobile depuis bient\u00f4t 30 ans. Il a fait ses classes au c\u00f4t\u00e9 de Daniel H\u00e9raud et au Carnet de route de 1992 \u00e0 2001. Il est fondateur, copropri\u00e9taire et r\u00e9dacteur en chef de L\u2019Annuel de l\u2019automobile, qu\u2019il publie depuis 2001. Il a anim\u00e9 les \u00e9missions RPM et RPM+ sur V et les L\u00e9gendes de la route sur Historia. \u00c0 la radio depuis 1986, il reprend l\u2019antenne cette ann\u00e9e sur les ondes de Cogeco et participe pour la deuxi\u00e8me ann\u00e9e \u00e0 l\u2019\u00e9mission Passion Auto sur RDS en plus de mettre en ligne le site Web officiel de L\u2019Annuel de l\u2019automobile sur annuelauto.ca.","sameAs":["https:\/\/annuelauto.ca\/"],"url":"https:\/\/news.canadamotorjobs.com\/fr\/author\/benoit-charette\/"}]}},"_links":{"self":[{"href":"https:\/\/news.canadamotorjobs.com\/fr\/wp-json\/wp\/v2\/posts\/153849"}],"collection":[{"href":"https:\/\/news.canadamotorjobs.com\/fr\/wp-json\/wp\/v2\/posts"}],"about":[{"href":"https:\/\/news.canadamotorjobs.com\/fr\/wp-json\/wp\/v2\/types\/post"}],"author":[{"embeddable":true,"href":"https:\/\/news.canadamotorjobs.com\/fr\/wp-json\/wp\/v2\/users\/8"}],"replies":[{"embeddable":true,"href":"https:\/\/news.canadamotorjobs.com\/fr\/wp-json\/wp\/v2\/comments?post=153849"}],"version-history":[{"count":2,"href":"https:\/\/news.canadamotorjobs.com\/fr\/wp-json\/wp\/v2\/posts\/153849\/revisions"}],"predecessor-version":[{"id":153853,"href":"https:\/\/news.canadamotorjobs.com\/fr\/wp-json\/wp\/v2\/posts\/153849\/revisions\/153853"}],"wp:featuredmedia":[{"embeddable":true,"href":"https:\/\/news.canadamotorjobs.com\/fr\/wp-json\/wp\/v2\/media\/153851"}],"wp:attachment":[{"href":"https:\/\/news.canadamotorjobs.com\/fr\/wp-json\/wp\/v2\/media?parent=153849"}],"wp:term":[{"taxonomy":"category","embeddable":true,"href":"https:\/\/news.canadamotorjobs.com\/fr\/wp-json\/wp\/v2\/categories?post=153849"},{"taxonomy":"post_tag","embeddable":true,"href":"https:\/\/news.canadamotorjobs.com\/fr\/wp-json\/wp\/v2\/tags?post=153849"}],"curies":[{"name":"wp","href":"https:\/\/api.w.org\/{rel}","templated":true}]}}