{"id":153725,"date":"2023-11-14T07:17:08","date_gmt":"2023-11-14T12:17:08","guid":{"rendered":"https:\/\/news.canadamotorjobs.com\/?p=153725"},"modified":"2023-11-14T07:29:49","modified_gmt":"2023-11-14T12:29:49","slug":"nissan-ariya","status":"publish","type":"post","link":"https:\/\/news.canadamotorjobs.com\/fr\/nissan-ariya\/","title":{"rendered":"Nissan Ariya"},"content":{"rendered":"<\/p>\n<p>Depuis le temps qu\u2019on en parle, il est enfin arriv\u00e9, le petit VUS \u00e9lectrique de Nissan. Encore que vu ses dimensions, l\u2019Ariya a plut\u00f4t la forme d\u2019une petite familiale. Nissan parle d\u2019un \u00abmultisegments\u00bb, mais comme c\u2019est une expression dont on est loin de raffoler, on pr\u00e9f\u00e8re y aller avec cette formule\u00a0: voici enfin arriv\u00e9e sur la route la familiale compacte qui vient relancer Nissan dans le march\u00e9 des v\u00e9hicules \u00e9lectriques, et il \u00e9tait temps, car la Leaf commen\u00e7ait s\u00e9rieusement \u00e0 s\u2019essouffler.<\/p>\n<p>L\u2019Ariya, on l\u2019a d\u00e9j\u00e0 dit, a \u00e9t\u00e9 victime de probl\u00e8mes internes chez Nissan, ce qui explique son arriv\u00e9e tardive sur le march\u00e9. On en parlait d\u00e9j\u00e0 en 2018 et on aurait pu voir ce mod\u00e8le sur la route il y a au moins deux ans, si la direction du groupe japonais ne s\u2019\u00e9tait pas auto-d\u00e9capit\u00e9e \u00e0 l\u2019aube de la pand\u00e9mie.<\/p>\n<p>Mill\u00e9sim\u00e9 2024, l\u2019Ariya vient s\u2019ajouter \u00e0 d\u2019autres petits v\u00e9hicules \u00e9lectriques de m\u00eame format, comme ll\u2019ID4 de Volkswagen, qui en ont profit\u00e9 pour s\u2019imposer comme les mod\u00e8les de r\u00e9f\u00e9rence dans ce march\u00e9, on va se le dire, fort populaire au Qu\u00e9bec.<\/p>\n<p>L\u2019Ariya devra donc jouer en mode rattrapage. Et disons qu\u2019il s\u2019en sauve de justesse, car on ne peut pas dire que ce mod\u00e8le est r\u00e9volutionnaire. De base, \u00e0 un prix de d\u00e9tail de 55\u00a0000 $, on a droit \u00e0 sa version \u00e0 roues motrices \u00e0 l\u2019arri\u00e8re seulement. Ce mod\u00e8le est propuls\u00e9 par un moteur de 214 chevaux et est anim\u00e9 par la plus petite des deux batteries propos\u00e9es sur ce mod\u00e8le. Elle fait 66 kilowatts-heure et est suffisante pour 348 kilom\u00e8tres, selon Nissan. Selon nous, on parle plut\u00f4t de 300 km tout rond, peut-\u00eatre un peu moins par temps froid.<\/p>\n<p>C\u2019est malheureusement insuffisant, vu son prix de d\u00e9tail. Car le mod\u00e8le le plus int\u00e9ressant, celui qui est apte \u00e0 rivaliser avec ses rivaux sign\u00e9s Chevrolet, Kia et Hyundai, entre autres, est l\u2019\u00e9dition e-4ORCE, qui a droit \u00e0 deux moteurs et \u00e0 un rouage int\u00e9gral, ainsi qu\u2019\u00e0 la plus grosse batterie, qui fait 87 kw\/h. C\u2019est bon pour une autonomie de 490 km, selon Nissan, et d\u2019un peu plus de 400 km, selon notre essai d\u2019une semaine effectu\u00e9 alors qu\u2019il faisait 0 degr\u00e9 C \u00e0 l\u2019ext\u00e9rieur.<\/p>\n<p>Tout \u00e7a fait grimper le prix de l\u2019Ariya \u00e0 72\u00a0000 $. C\u2019est beaucoup. Heureusement, il existe une version \u00e0 deux roues motrices \u00e9quip\u00e9 de la grosse batterie, et celui-l\u00e0 co\u00fbte 62\u00a0400$. Si on avait \u00e0 vous sugg\u00e9rer une version de l\u2019Ariya, ce serait celle-l\u00e0, \u00e7a ne fait aucun doute. Notez que l\u2019aide gouvernementale retranche jusqu\u2019\u00e0 12\u00a0000 $ \u00e0 son prix final. \u00c7a aide un peu.<\/p>\n<p>\u00c0 ce prix, vous obtenez une petite familiale assez logeable pour quatre personnes et une grosse \u00e9picerie. La banquette est quand m\u00eame plut\u00f4t \u00e9troite. Nissan a aussi opt\u00e9 pour une console centrale entre les deux si\u00e8ges \u00e0 l\u2019avant qui est m\u00e9canis\u00e9e pour s\u2019avancer et se reculer, au choix, et cr\u00e9er ainsi une esp\u00e8ce de console pour les places arri\u00e8re. C\u2019est \u00e9trange.<\/p>\n<p>Cette console, et le tableau de bord, sont orn\u00e9s d\u2019une bande de faux bois tactile extr\u00eamement jolie, mais tr\u00e8s lisse, dans laquelle Nissan encastre les commandes de la climatisation et des modes de conduite, comme le mode One-Step qui permet presque de conduire \u00e0 une seule p\u00e9dale, mais pas tout \u00e0 fait. C\u2019est \u00e9l\u00e9gant, mais c\u2019est loin d\u2019\u00eatre pratique, puisqu\u2019on n\u2019a aucune id\u00e9e sur quelle touche on appuie si on ne regarde pas directement ce qu\u2019on fait.<\/p>\n<p>Ce qui est dommage, car sinon, l\u2019Ariya est un v\u00e9hicule qui remplit les attentes ad\u00e9quatement. Rien de spectaculaire, une petite touche d\u2019audace visuelle, peut-\u00eatre, et une m\u00e9canique qui est dans la bonne moyenne pour son format. Mais son prix un peu \u00e9lev\u00e9 et une arriv\u00e9e un peu tardive sur le march\u00e9 rendent ce mod\u00e8le moins attrayant que si Nissan l\u2019avait mis sur la route il y a deux ans.<\/p>\n<p>\u00a0<\/p>\n<p>-30-<\/p>\n<p>\u00a0<\/p>\n<p>Le texte <a rel=\"nofollow\" href=\"https:\/\/annuelauto.ca\/nissan-ariya\/\">Nissan Ariya<\/a> provient de <a rel=\"nofollow\" href=\"https:\/\/annuelauto.ca\">L&#8217;annuel de l&#8217;automobile &#8211; Actualit\u00e9 automobile<\/a><\/p>\n<p><\/p>\n","protected":false},"excerpt":{"rendered":"<p>Depuis le temps qu\u2019on en parle, il est enfin arriv\u00e9, le petit VUS \u00e9lectrique de Nissan. Encore que vu ses dimensions, l\u2019Ariya a plut\u00f4t la forme d\u2019une petite familiale. Nissan parle d\u2019un \u00abmultisegments\u00bb, mais comme c\u2019est une expression dont on est loin de raffoler, on pr\u00e9f\u00e8re y aller avec cette formule\u00a0: voici enfin arriv\u00e9e sur [&hellip;]<\/p>\n","protected":false},"author":8,"featured_media":153727,"comment_status":"close","ping_status":"closed","sticky":false,"template":"","format":"standard","meta":{"_monsterinsights_skip_tracking":false,"_monsterinsights_sitenote_active":false,"_monsterinsights_sitenote_note":"","_monsterinsights_sitenote_category":0,"footnotes":""},"categories":[101],"tags":[],"yoast_head":"<!-- This site is optimized with the Yoast SEO plugin v23.2 - https:\/\/yoast.com\/wordpress\/plugins\/seo\/ -->\n<title>Nissan Ariya - CanadaMotorJobs.com<\/title>\n<meta name=\"description\" content=\"Nissan Ariya - Benoit Charette - Annuel automobile - CanadaMotorJobs.com.\" \/>\n<meta name=\"robots\" content=\"index, follow, max-snippet:-1, max-image-preview:large, max-video-preview:-1\" \/>\n<meta property=\"og:locale\" content=\"fr_CA\" \/>\n<meta property=\"og:type\" content=\"article\" \/>\n<meta property=\"og:title\" content=\"Nissan Ariya - CanadaMotorJobs.com\" \/>\n<meta property=\"og:description\" content=\"Nissan Ariya - Benoit Charette - Annuel automobile - CanadaMotorJobs.com.\" \/>\n<meta property=\"og:url\" content=\"https:\/\/news.canadamotorjobs.com\/fr\/nissan-ariya\/\" \/>\n<meta property=\"og:site_name\" content=\"CanadaMotorJobs.com\" \/>\n<meta property=\"article:publisher\" content=\"https:\/\/www.facebook.com\/canadamotorjobs\/\" \/>\n<meta property=\"article:published_time\" content=\"2023-11-14T12:17:08+00:00\" \/>\n<meta property=\"article:modified_time\" content=\"2023-11-14T12:29:49+00:00\" \/>\n<meta property=\"og:image\" content=\"https:\/\/news.canadamotorjobs.com\/wp-content\/uploads\/2023\/11\/Nissan_Ariya_042.jpg\" \/>\n\t<meta property=\"og:image:width\" content=\"1200\" \/>\n\t<meta property=\"og:image:height\" content=\"800\" \/>\n\t<meta property=\"og:image:type\" content=\"image\/jpeg\" \/>\n<meta name=\"author\" content=\"Benoit Charette\" \/>\n<meta name=\"twitter:card\" content=\"summary_large_image\" \/>\n<meta name=\"twitter:creator\" content=\"@canadamotorjobs\" \/>\n<meta name=\"twitter:site\" content=\"@canadamotorjobs\" \/>\n<meta name=\"twitter:label1\" content=\"\u00c9crit par\" \/>\n\t<meta name=\"twitter:data1\" content=\"Benoit Charette\" \/>\n\t<meta name=\"twitter:label2\" content=\"Estimation du temps de lecture\" \/>\n\t<meta name=\"twitter:data2\" content=\"4 minutes\" \/>\n<!-- \/ Yoast SEO plugin. -->","yoast_head_json":{"title":"Nissan Ariya - CanadaMotorJobs.com","description":"Nissan Ariya - Benoit Charette - Annuel automobile - CanadaMotorJobs.com.","robots":{"index":"index","follow":"follow","max-snippet":"max-snippet:-1","max-image-preview":"max-image-preview:large","max-video-preview":"max-video-preview:-1"},"og_locale":"fr_CA","og_type":"article","og_title":"Nissan Ariya - CanadaMotorJobs.com","og_description":"Nissan Ariya - Benoit Charette - Annuel automobile - CanadaMotorJobs.com.","og_url":"https:\/\/news.canadamotorjobs.com\/fr\/nissan-ariya\/","og_site_name":"CanadaMotorJobs.com","article_publisher":"https:\/\/www.facebook.com\/canadamotorjobs\/","article_published_time":"2023-11-14T12:17:08+00:00","article_modified_time":"2023-11-14T12:29:49+00:00","og_image":[{"width":1200,"height":800,"url":"https:\/\/news.canadamotorjobs.com\/wp-content\/uploads\/2023\/11\/Nissan_Ariya_042.jpg","type":"image\/jpeg"}],"author":"Benoit Charette","twitter_card":"summary_large_image","twitter_creator":"@canadamotorjobs","twitter_site":"@canadamotorjobs","twitter_misc":{"\u00c9crit par":"Benoit Charette","Estimation du temps de lecture":"4 minutes"},"schema":{"@context":"https:\/\/schema.org","@graph":[{"@type":"Article","@id":"https:\/\/news.canadamotorjobs.com\/fr\/nissan-ariya\/#article","isPartOf":{"@id":"https:\/\/news.canadamotorjobs.com\/fr\/nissan-ariya\/"},"author":{"name":"Benoit Charette","@id":"https:\/\/news.canadamotorjobs.com\/#\/schema\/person\/51793d1f87d44011d7bcc2ed99269a90"},"headline":"Nissan Ariya","datePublished":"2023-11-14T12:17:08+00:00","dateModified":"2023-11-14T12:29:49+00:00","mainEntityOfPage":{"@id":"https:\/\/news.canadamotorjobs.com\/fr\/nissan-ariya\/"},"wordCount":725,"publisher":{"@id":"https:\/\/news.canadamotorjobs.com\/#organization"},"image":{"@id":"https:\/\/news.canadamotorjobs.com\/fr\/nissan-ariya\/#primaryimage"},"thumbnailUrl":"https:\/\/news.canadamotorjobs.com\/wp-content\/uploads\/2023\/11\/Nissan_Ariya_042.jpg","articleSection":["Annuel automobile"],"inLanguage":"fr-CA"},{"@type":"WebPage","@id":"https:\/\/news.canadamotorjobs.com\/fr\/nissan-ariya\/","url":"https:\/\/news.canadamotorjobs.com\/fr\/nissan-ariya\/","name":"Nissan Ariya - CanadaMotorJobs.com","isPartOf":{"@id":"https:\/\/news.canadamotorjobs.com\/#website"},"primaryImageOfPage":{"@id":"https:\/\/news.canadamotorjobs.com\/fr\/nissan-ariya\/#primaryimage"},"image":{"@id":"https:\/\/news.canadamotorjobs.com\/fr\/nissan-ariya\/#primaryimage"},"thumbnailUrl":"https:\/\/news.canadamotorjobs.com\/wp-content\/uploads\/2023\/11\/Nissan_Ariya_042.jpg","datePublished":"2023-11-14T12:17:08+00:00","dateModified":"2023-11-14T12:29:49+00:00","description":"Nissan Ariya - Benoit Charette - Annuel automobile - CanadaMotorJobs.com.","breadcrumb":{"@id":"https:\/\/news.canadamotorjobs.com\/fr\/nissan-ariya\/#breadcrumb"},"inLanguage":"fr-CA","potentialAction":[{"@type":"ReadAction","target":["https:\/\/news.canadamotorjobs.com\/fr\/nissan-ariya\/"]}]},{"@type":"ImageObject","inLanguage":"fr-CA","@id":"https:\/\/news.canadamotorjobs.com\/fr\/nissan-ariya\/#primaryimage","url":"https:\/\/news.canadamotorjobs.com\/wp-content\/uploads\/2023\/11\/Nissan_Ariya_042.jpg","contentUrl":"https:\/\/news.canadamotorjobs.com\/wp-content\/uploads\/2023\/11\/Nissan_Ariya_042.jpg","width":1200,"height":800},{"@type":"BreadcrumbList","@id":"https:\/\/news.canadamotorjobs.com\/fr\/nissan-ariya\/#breadcrumb","itemListElement":[{"@type":"ListItem","position":1,"name":"Home","item":"https:\/\/news.canadamotorjobs.com\/fr\/blog\/"},{"@type":"ListItem","position":2,"name":"Nissan Ariya"}]},{"@type":"WebSite","@id":"https:\/\/news.canadamotorjobs.com\/#website","url":"https:\/\/news.canadamotorjobs.com\/","name":"CanadaMotorJobs.com","description":"Automotive Jobs","publisher":{"@id":"https:\/\/news.canadamotorjobs.com\/#organization"},"potentialAction":[{"@type":"SearchAction","target":{"@type":"EntryPoint","urlTemplate":"https:\/\/news.canadamotorjobs.com\/?s={search_term_string}"},"query-input":"required name=search_term_string"}],"inLanguage":"fr-CA"},{"@type":"Organization","@id":"https:\/\/news.canadamotorjobs.com\/#organization","name":"Canada Motor Jobs","url":"https:\/\/news.canadamotorjobs.com\/","logo":{"@type":"ImageObject","inLanguage":"fr-CA","@id":"https:\/\/news.canadamotorjobs.com\/#\/schema\/logo\/image\/","url":"https:\/\/news.canadamotorjobs.com\/wp-content\/uploads\/2022\/10\/logo-canada-motor-jobs-1.png","contentUrl":"https:\/\/news.canadamotorjobs.com\/wp-content\/uploads\/2022\/10\/logo-canada-motor-jobs-1.png","width":800,"height":400,"caption":"Canada Motor Jobs"},"image":{"@id":"https:\/\/news.canadamotorjobs.com\/#\/schema\/logo\/image\/"},"sameAs":["https:\/\/www.facebook.com\/canadamotorjobs\/","https:\/\/x.com\/canadamotorjobs","https:\/\/www.instagram.com\/canadamotorjobs\/","https:\/\/www.linkedin.com\/company\/canadamotorjobs"]},{"@type":"Person","@id":"https:\/\/news.canadamotorjobs.com\/#\/schema\/person\/51793d1f87d44011d7bcc2ed99269a90","name":"Benoit Charette","image":{"@type":"ImageObject","inLanguage":"fr-CA","@id":"https:\/\/news.canadamotorjobs.com\/#\/schema\/person\/image\/","url":"https:\/\/secure.gravatar.com\/avatar\/45f3d2eebcccd909668d7ce7ea7267b6?s=96&d=mm&r=g","contentUrl":"https:\/\/secure.gravatar.com\/avatar\/45f3d2eebcccd909668d7ce7ea7267b6?s=96&d=mm&r=g","caption":"Benoit Charette"},"description":"Benoit Charette \/ Propri\u00e9taire et r\u00e9dacteur en chef Benoit Charette pratique le journalisme automobile depuis bient\u00f4t 30 ans. Il a fait ses classes au c\u00f4t\u00e9 de Daniel H\u00e9raud et au Carnet de route de 1992 \u00e0 2001. Il est fondateur, copropri\u00e9taire et r\u00e9dacteur en chef de L\u2019Annuel de l\u2019automobile, qu\u2019il publie depuis 2001. Il a anim\u00e9 les \u00e9missions RPM et RPM+ sur V et les L\u00e9gendes de la route sur Historia. \u00c0 la radio depuis 1986, il reprend l\u2019antenne cette ann\u00e9e sur les ondes de Cogeco et participe pour la deuxi\u00e8me ann\u00e9e \u00e0 l\u2019\u00e9mission Passion Auto sur RDS en plus de mettre en ligne le site Web officiel de L\u2019Annuel de l\u2019automobile sur annuelauto.ca.","sameAs":["https:\/\/annuelauto.ca\/"],"url":"https:\/\/news.canadamotorjobs.com\/fr\/author\/benoit-charette\/"}]}},"_links":{"self":[{"href":"https:\/\/news.canadamotorjobs.com\/fr\/wp-json\/wp\/v2\/posts\/153725"}],"collection":[{"href":"https:\/\/news.canadamotorjobs.com\/fr\/wp-json\/wp\/v2\/posts"}],"about":[{"href":"https:\/\/news.canadamotorjobs.com\/fr\/wp-json\/wp\/v2\/types\/post"}],"author":[{"embeddable":true,"href":"https:\/\/news.canadamotorjobs.com\/fr\/wp-json\/wp\/v2\/users\/8"}],"replies":[{"embeddable":true,"href":"https:\/\/news.canadamotorjobs.com\/fr\/wp-json\/wp\/v2\/comments?post=153725"}],"version-history":[{"count":2,"href":"https:\/\/news.canadamotorjobs.com\/fr\/wp-json\/wp\/v2\/posts\/153725\/revisions"}],"predecessor-version":[{"id":153729,"href":"https:\/\/news.canadamotorjobs.com\/fr\/wp-json\/wp\/v2\/posts\/153725\/revisions\/153729"}],"wp:featuredmedia":[{"embeddable":true,"href":"https:\/\/news.canadamotorjobs.com\/fr\/wp-json\/wp\/v2\/media\/153727"}],"wp:attachment":[{"href":"https:\/\/news.canadamotorjobs.com\/fr\/wp-json\/wp\/v2\/media?parent=153725"}],"wp:term":[{"taxonomy":"category","embeddable":true,"href":"https:\/\/news.canadamotorjobs.com\/fr\/wp-json\/wp\/v2\/categories?post=153725"},{"taxonomy":"post_tag","embeddable":true,"href":"https:\/\/news.canadamotorjobs.com\/fr\/wp-json\/wp\/v2\/tags?post=153725"}],"curies":[{"name":"wp","href":"https:\/\/api.w.org\/{rel}","templated":true}]}}