{"id":153690,"date":"2023-11-13T07:52:33","date_gmt":"2023-11-13T12:52:33","guid":{"rendered":"https:\/\/news.canadamotorjobs.com\/?p=153690"},"modified":"2023-11-13T07:59:17","modified_gmt":"2023-11-13T12:59:17","slug":"tesla-va-interdire-la-revente-prematuree-de-son-cybertruck","status":"publish","type":"post","link":"https:\/\/news.canadamotorjobs.com\/fr\/tesla-va-interdire-la-revente-prematuree-de-son-cybertruck\/","title":{"rendered":"Tesla va interdire la revente pr\u00e9matur\u00e9e de son Cybertruck"},"content":{"rendered":"<\/p>\n<p>La sortie imminente du Tesla Cybertruck a suscit\u00e9 un int\u00e9r\u00eat croissant, mais une r\u00e9cente mise \u00e0 jour du contrat d&#8217;achat de Tesla apporte une restriction surprenante. Les premiers propri\u00e9taires de Cybertruck ne pourront pas revendre leur v\u00e9hicule avant un an apr\u00e8s l&#8217;achat sous menace de fortes sanctions.<\/p>\n<h3>Premier droit de refus et menace de poursuite<\/h3>\n<p>\nTesla a introduit une clause sp\u00e9cifique dans son contrat, restreignant la revente des Cybertrucks pendant la premi\u00e8re ann\u00e9e. Si un propri\u00e9taire d\u00e9cide de revendre sa voiture, Tesla exige le premier droit de refus avant que la vente ne soit ouverte au public. Des poursuites sont envisag\u00e9es en cas de non-respect de cette restriction, avec des sanctions financi\u00e8res de 50 000 dollars ou plus.<\/p>\n<h3>On veut contr\u00f4ler le march\u00e9<\/h3>\n<p>\nBien que cette mesure puisse sembler draconienne, Tesla n&#8217;est pas \u00e9tranger \u00e0 la gestion des premi\u00e8res ventes de v\u00e9hicules populaires. La Model 3 avait initialement \u00e9t\u00e9 r\u00e9serv\u00e9e aux employ\u00e9s, limitant ainsi l&#8217;acc\u00e8s du grand public. Ces restrictions visent \u00e0 contr\u00f4ler la sp\u00e9culation et \u00e0 \u00e9viter des reventes \u00e0 des prix exorbitants.<\/p>\n<h3>Tesla Rompt avec la Tradition de Revente Pr\u00e9coce<\/h3>\n<p>\nLa d\u00e9cision de Tesla d&#8217;imposer une p\u00e9riode d&#8217;attente d&#8217;un an avant la revente des Cybertrucks marque un changement dans la strat\u00e9gie de l&#8217;entreprise, visant \u00e0 maintenir le contr\u00f4le sur le march\u00e9 des v\u00e9hicules \u00e9lectriques tr\u00e8s attendus. Cette nouvelle clause soul\u00e8ve des questions sur la fa\u00e7on dont les premiers acheteurs r\u00e9agiront \u00e0 cette restriction inattendue.<\/p>\n<h3>Clauses d\u2019exclusivit\u00e9<\/h3>\n<p>\nCes clauses ne sont pas rares dans le monde des voitures exclusives. Des constructeurs tels que Ford et Ferrari ont impos\u00e9 des restrictions similaires \u00e0 leurs mod\u00e8les en \u00e9dition limit\u00e9e. Le cas du lutteur John Cena, poursuivi par Ford pour avoir revendu une Ford GT en violation du contrat, en est un exemple.<\/p>\n<h3>Un &#8220;premier Cybertruck VIN&#8221; vendu ench\u00e8res pour 400 000 Dollars<\/h3>\n<p>\nLe mois dernier, le Petersen Automotive Museum de Los Angeles a organis\u00e9 une vente aux ench\u00e8res o\u00f9 un &#8220;premier Cybertruck VIN&#8221; a \u00e9t\u00e9 adjug\u00e9 pour une somme impressionnante de 400 000 dollars. Cette nouvelle a suscit\u00e9 des interrogations parmi les r\u00e9servataires potentiels.<\/p>\n<h3>Une mise sur le march\u00e9 &#8220;d&#8217;abord en quantit\u00e9 limit\u00e9e&#8221;<\/h3>\n<p>\nTesla affirme que les Cybertrucks seront &#8220;d&#8217;abord commercialis\u00e9s en quantit\u00e9 limit\u00e9e&#8221;, bien que la capacit\u00e9 de production actuelle soit de 125 000 v\u00e9hicules par an. Les premiers acheteurs pourraient ainsi voir la valeur de leur Cybertruck atteindre six chiffres avant d&#8217;envisager une revente.<\/p>\n<p>\u00a0<\/p>\n<p>Avec des renseignements d&#8217;Electrek<\/p>\n<p>Le texte <a rel=\"nofollow\" href=\"https:\/\/annuelauto.ca\/tesla-va-interdire-la-revente-prematuree-de-son-cybertruck\/\">Tesla va interdire la revente pr\u00e9matur\u00e9e de son Cybertruck<\/a> provient de <a rel=\"nofollow\" href=\"https:\/\/annuelauto.ca\">L&#8217;annuel de l&#8217;automobile &#8211; Actualit\u00e9 automobile<\/a><\/p>\n<p><\/p>\n","protected":false},"excerpt":{"rendered":"<p>La sortie imminente du Tesla Cybertruck a suscit\u00e9 un int\u00e9r\u00eat croissant, mais une r\u00e9cente mise \u00e0 jour du contrat d&#8217;achat de Tesla apporte une restriction surprenante. Les premiers propri\u00e9taires de Cybertruck ne pourront pas revendre leur v\u00e9hicule avant un an apr\u00e8s l&#8217;achat sous menace de fortes sanctions. Premier droit de refus et menace de poursuite [&hellip;]<\/p>\n","protected":false},"author":8,"featured_media":153692,"comment_status":"close","ping_status":"closed","sticky":false,"template":"","format":"standard","meta":{"_monsterinsights_skip_tracking":false,"_monsterinsights_sitenote_active":false,"_monsterinsights_sitenote_note":"","_monsterinsights_sitenote_category":0,"footnotes":""},"categories":[101],"tags":[],"yoast_head":"<!-- This site is optimized with the Yoast SEO plugin v23.2 - https:\/\/yoast.com\/wordpress\/plugins\/seo\/ -->\n<title>Tesla va interdire la revente pr\u00e9matur\u00e9e de son Cybertruck - CanadaMotorJobs.com<\/title>\n<meta name=\"description\" content=\"Tesla va interdire la revente pr\u00e9matur\u00e9e de son Cybertruck - Benoit Charette - Annuel automobile - CanadaMotorJobs.com.\" \/>\n<meta name=\"robots\" content=\"index, follow, max-snippet:-1, max-image-preview:large, max-video-preview:-1\" \/>\n<meta property=\"og:locale\" content=\"fr_CA\" \/>\n<meta property=\"og:type\" content=\"article\" \/>\n<meta property=\"og:title\" content=\"Tesla va interdire la revente pr\u00e9matur\u00e9e de son Cybertruck - CanadaMotorJobs.com\" \/>\n<meta property=\"og:description\" content=\"Tesla va interdire la revente pr\u00e9matur\u00e9e de son Cybertruck - Benoit Charette - Annuel automobile - CanadaMotorJobs.com.\" \/>\n<meta property=\"og:url\" content=\"https:\/\/news.canadamotorjobs.com\/fr\/tesla-va-interdire-la-revente-prematuree-de-son-cybertruck\/\" \/>\n<meta property=\"og:site_name\" content=\"CanadaMotorJobs.com\" \/>\n<meta property=\"article:publisher\" content=\"https:\/\/www.facebook.com\/canadamotorjobs\/\" \/>\n<meta property=\"article:published_time\" content=\"2023-11-13T12:52:33+00:00\" \/>\n<meta property=\"article:modified_time\" content=\"2023-11-13T12:59:17+00:00\" \/>\n<meta property=\"og:image\" content=\"https:\/\/news.canadamotorjobs.com\/wp-content\/uploads\/2023\/11\/04_Desktop.jpg\" \/>\n\t<meta property=\"og:image:width\" content=\"1240\" \/>\n\t<meta property=\"og:image:height\" content=\"620\" \/>\n\t<meta property=\"og:image:type\" content=\"image\/jpeg\" \/>\n<meta name=\"author\" content=\"Benoit Charette\" \/>\n<meta name=\"twitter:card\" content=\"summary_large_image\" \/>\n<meta name=\"twitter:creator\" content=\"@canadamotorjobs\" \/>\n<meta name=\"twitter:site\" content=\"@canadamotorjobs\" \/>\n<meta name=\"twitter:label1\" content=\"\u00c9crit par\" \/>\n\t<meta name=\"twitter:data1\" content=\"Benoit Charette\" \/>\n\t<meta name=\"twitter:label2\" content=\"Estimation du temps de lecture\" \/>\n\t<meta name=\"twitter:data2\" content=\"2 minutes\" \/>\n<!-- \/ Yoast SEO plugin. -->","yoast_head_json":{"title":"Tesla va interdire la revente pr\u00e9matur\u00e9e de son Cybertruck - CanadaMotorJobs.com","description":"Tesla va interdire la revente pr\u00e9matur\u00e9e de son Cybertruck - Benoit Charette - Annuel automobile - CanadaMotorJobs.com.","robots":{"index":"index","follow":"follow","max-snippet":"max-snippet:-1","max-image-preview":"max-image-preview:large","max-video-preview":"max-video-preview:-1"},"og_locale":"fr_CA","og_type":"article","og_title":"Tesla va interdire la revente pr\u00e9matur\u00e9e de son Cybertruck - CanadaMotorJobs.com","og_description":"Tesla va interdire la revente pr\u00e9matur\u00e9e de son Cybertruck - Benoit Charette - Annuel automobile - CanadaMotorJobs.com.","og_url":"https:\/\/news.canadamotorjobs.com\/fr\/tesla-va-interdire-la-revente-prematuree-de-son-cybertruck\/","og_site_name":"CanadaMotorJobs.com","article_publisher":"https:\/\/www.facebook.com\/canadamotorjobs\/","article_published_time":"2023-11-13T12:52:33+00:00","article_modified_time":"2023-11-13T12:59:17+00:00","og_image":[{"width":1240,"height":620,"url":"https:\/\/news.canadamotorjobs.com\/wp-content\/uploads\/2023\/11\/04_Desktop.jpg","type":"image\/jpeg"}],"author":"Benoit Charette","twitter_card":"summary_large_image","twitter_creator":"@canadamotorjobs","twitter_site":"@canadamotorjobs","twitter_misc":{"\u00c9crit par":"Benoit Charette","Estimation du temps de lecture":"2 minutes"},"schema":{"@context":"https:\/\/schema.org","@graph":[{"@type":"Article","@id":"https:\/\/news.canadamotorjobs.com\/fr\/tesla-va-interdire-la-revente-prematuree-de-son-cybertruck\/#article","isPartOf":{"@id":"https:\/\/news.canadamotorjobs.com\/fr\/tesla-va-interdire-la-revente-prematuree-de-son-cybertruck\/"},"author":{"name":"Benoit Charette","@id":"https:\/\/news.canadamotorjobs.com\/#\/schema\/person\/51793d1f87d44011d7bcc2ed99269a90"},"headline":"Tesla va interdire la revente pr\u00e9matur\u00e9e de son Cybertruck","datePublished":"2023-11-13T12:52:33+00:00","dateModified":"2023-11-13T12:59:17+00:00","mainEntityOfPage":{"@id":"https:\/\/news.canadamotorjobs.com\/fr\/tesla-va-interdire-la-revente-prematuree-de-son-cybertruck\/"},"wordCount":469,"publisher":{"@id":"https:\/\/news.canadamotorjobs.com\/#organization"},"image":{"@id":"https:\/\/news.canadamotorjobs.com\/fr\/tesla-va-interdire-la-revente-prematuree-de-son-cybertruck\/#primaryimage"},"thumbnailUrl":"https:\/\/news.canadamotorjobs.com\/wp-content\/uploads\/2023\/11\/04_Desktop.jpg","articleSection":["Annuel automobile"],"inLanguage":"fr-CA"},{"@type":"WebPage","@id":"https:\/\/news.canadamotorjobs.com\/fr\/tesla-va-interdire-la-revente-prematuree-de-son-cybertruck\/","url":"https:\/\/news.canadamotorjobs.com\/fr\/tesla-va-interdire-la-revente-prematuree-de-son-cybertruck\/","name":"Tesla va interdire la revente pr\u00e9matur\u00e9e de son Cybertruck - CanadaMotorJobs.com","isPartOf":{"@id":"https:\/\/news.canadamotorjobs.com\/#website"},"primaryImageOfPage":{"@id":"https:\/\/news.canadamotorjobs.com\/fr\/tesla-va-interdire-la-revente-prematuree-de-son-cybertruck\/#primaryimage"},"image":{"@id":"https:\/\/news.canadamotorjobs.com\/fr\/tesla-va-interdire-la-revente-prematuree-de-son-cybertruck\/#primaryimage"},"thumbnailUrl":"https:\/\/news.canadamotorjobs.com\/wp-content\/uploads\/2023\/11\/04_Desktop.jpg","datePublished":"2023-11-13T12:52:33+00:00","dateModified":"2023-11-13T12:59:17+00:00","description":"Tesla va interdire la revente pr\u00e9matur\u00e9e de son Cybertruck - Benoit Charette - Annuel automobile - CanadaMotorJobs.com.","breadcrumb":{"@id":"https:\/\/news.canadamotorjobs.com\/fr\/tesla-va-interdire-la-revente-prematuree-de-son-cybertruck\/#breadcrumb"},"inLanguage":"fr-CA","potentialAction":[{"@type":"ReadAction","target":["https:\/\/news.canadamotorjobs.com\/fr\/tesla-va-interdire-la-revente-prematuree-de-son-cybertruck\/"]}]},{"@type":"ImageObject","inLanguage":"fr-CA","@id":"https:\/\/news.canadamotorjobs.com\/fr\/tesla-va-interdire-la-revente-prematuree-de-son-cybertruck\/#primaryimage","url":"https:\/\/news.canadamotorjobs.com\/wp-content\/uploads\/2023\/11\/04_Desktop.jpg","contentUrl":"https:\/\/news.canadamotorjobs.com\/wp-content\/uploads\/2023\/11\/04_Desktop.jpg","width":1240,"height":620},{"@type":"BreadcrumbList","@id":"https:\/\/news.canadamotorjobs.com\/fr\/tesla-va-interdire-la-revente-prematuree-de-son-cybertruck\/#breadcrumb","itemListElement":[{"@type":"ListItem","position":1,"name":"Home","item":"https:\/\/news.canadamotorjobs.com\/fr\/blog\/"},{"@type":"ListItem","position":2,"name":"Tesla va interdire la revente pr\u00e9matur\u00e9e de son Cybertruck"}]},{"@type":"WebSite","@id":"https:\/\/news.canadamotorjobs.com\/#website","url":"https:\/\/news.canadamotorjobs.com\/","name":"CanadaMotorJobs.com","description":"Automotive Jobs","publisher":{"@id":"https:\/\/news.canadamotorjobs.com\/#organization"},"potentialAction":[{"@type":"SearchAction","target":{"@type":"EntryPoint","urlTemplate":"https:\/\/news.canadamotorjobs.com\/?s={search_term_string}"},"query-input":"required name=search_term_string"}],"inLanguage":"fr-CA"},{"@type":"Organization","@id":"https:\/\/news.canadamotorjobs.com\/#organization","name":"Canada Motor Jobs","url":"https:\/\/news.canadamotorjobs.com\/","logo":{"@type":"ImageObject","inLanguage":"fr-CA","@id":"https:\/\/news.canadamotorjobs.com\/#\/schema\/logo\/image\/","url":"https:\/\/news.canadamotorjobs.com\/wp-content\/uploads\/2022\/10\/logo-canada-motor-jobs-1.png","contentUrl":"https:\/\/news.canadamotorjobs.com\/wp-content\/uploads\/2022\/10\/logo-canada-motor-jobs-1.png","width":800,"height":400,"caption":"Canada Motor Jobs"},"image":{"@id":"https:\/\/news.canadamotorjobs.com\/#\/schema\/logo\/image\/"},"sameAs":["https:\/\/www.facebook.com\/canadamotorjobs\/","https:\/\/x.com\/canadamotorjobs","https:\/\/www.instagram.com\/canadamotorjobs\/","https:\/\/www.linkedin.com\/company\/canadamotorjobs"]},{"@type":"Person","@id":"https:\/\/news.canadamotorjobs.com\/#\/schema\/person\/51793d1f87d44011d7bcc2ed99269a90","name":"Benoit Charette","image":{"@type":"ImageObject","inLanguage":"fr-CA","@id":"https:\/\/news.canadamotorjobs.com\/#\/schema\/person\/image\/","url":"https:\/\/secure.gravatar.com\/avatar\/45f3d2eebcccd909668d7ce7ea7267b6?s=96&d=mm&r=g","contentUrl":"https:\/\/secure.gravatar.com\/avatar\/45f3d2eebcccd909668d7ce7ea7267b6?s=96&d=mm&r=g","caption":"Benoit Charette"},"description":"Benoit Charette \/ Propri\u00e9taire et r\u00e9dacteur en chef Benoit Charette pratique le journalisme automobile depuis bient\u00f4t 30 ans. Il a fait ses classes au c\u00f4t\u00e9 de Daniel H\u00e9raud et au Carnet de route de 1992 \u00e0 2001. Il est fondateur, copropri\u00e9taire et r\u00e9dacteur en chef de L\u2019Annuel de l\u2019automobile, qu\u2019il publie depuis 2001. Il a anim\u00e9 les \u00e9missions RPM et RPM+ sur V et les L\u00e9gendes de la route sur Historia. \u00c0 la radio depuis 1986, il reprend l\u2019antenne cette ann\u00e9e sur les ondes de Cogeco et participe pour la deuxi\u00e8me ann\u00e9e \u00e0 l\u2019\u00e9mission Passion Auto sur RDS en plus de mettre en ligne le site Web officiel de L\u2019Annuel de l\u2019automobile sur annuelauto.ca.","sameAs":["https:\/\/annuelauto.ca\/"],"url":"https:\/\/news.canadamotorjobs.com\/fr\/author\/benoit-charette\/"}]}},"_links":{"self":[{"href":"https:\/\/news.canadamotorjobs.com\/fr\/wp-json\/wp\/v2\/posts\/153690"}],"collection":[{"href":"https:\/\/news.canadamotorjobs.com\/fr\/wp-json\/wp\/v2\/posts"}],"about":[{"href":"https:\/\/news.canadamotorjobs.com\/fr\/wp-json\/wp\/v2\/types\/post"}],"author":[{"embeddable":true,"href":"https:\/\/news.canadamotorjobs.com\/fr\/wp-json\/wp\/v2\/users\/8"}],"replies":[{"embeddable":true,"href":"https:\/\/news.canadamotorjobs.com\/fr\/wp-json\/wp\/v2\/comments?post=153690"}],"version-history":[{"count":2,"href":"https:\/\/news.canadamotorjobs.com\/fr\/wp-json\/wp\/v2\/posts\/153690\/revisions"}],"predecessor-version":[{"id":153694,"href":"https:\/\/news.canadamotorjobs.com\/fr\/wp-json\/wp\/v2\/posts\/153690\/revisions\/153694"}],"wp:featuredmedia":[{"embeddable":true,"href":"https:\/\/news.canadamotorjobs.com\/fr\/wp-json\/wp\/v2\/media\/153692"}],"wp:attachment":[{"href":"https:\/\/news.canadamotorjobs.com\/fr\/wp-json\/wp\/v2\/media?parent=153690"}],"wp:term":[{"taxonomy":"category","embeddable":true,"href":"https:\/\/news.canadamotorjobs.com\/fr\/wp-json\/wp\/v2\/categories?post=153690"},{"taxonomy":"post_tag","embeddable":true,"href":"https:\/\/news.canadamotorjobs.com\/fr\/wp-json\/wp\/v2\/tags?post=153690"}],"curies":[{"name":"wp","href":"https:\/\/api.w.org\/{rel}","templated":true}]}}