{"id":153671,"date":"2023-11-13T07:13:37","date_gmt":"2023-11-13T12:13:37","guid":{"rendered":"https:\/\/news.canadamotorjobs.com\/?p=153671"},"modified":"2023-11-13T07:14:47","modified_gmt":"2023-11-13T12:14:47","slug":"un-rappel-important-pour-plus-de-4-200-mazda-cx-90-phev","status":"publish","type":"post","link":"https:\/\/news.canadamotorjobs.com\/fr\/un-rappel-important-pour-plus-de-4-200-mazda-cx-90-phev\/","title":{"rendered":"Un rappel important pour plus de 4\u00a0200 Mazda CX-90 PHEV"},"content":{"rendered":"<\/p>\n<p>Le Mazda CX-90 PHEV 2024, premi\u00e8re incursion du constructeur japonais dans le domaine des hybrides rechargeables, a \u00e9t\u00e9 sujet \u00e0 un rappel massif en raison d&#8217;une erreur logicielle. Le rappel concerne 4 252 mod\u00e8les produits entre le 28 d\u00e9cembre 2022 et le 20 juin 2023.<\/p>\n<h3><strong>Le v\u00e9hicule peut s\u2019arr\u00eater de mani\u00e8re inattendue<\/strong><\/h3>\n<p>\nLe rappel \u00e9mis par Mazda North America Operations indique un risque d&#8217;arr\u00eat inattendu du groupe motopropulseur, caus\u00e9 par une erreur logicielle. Cette d\u00e9faillance pourrait entra\u00eener une perte de puissance, augmentant ainsi le risque d&#8217;accident.<\/p>\n<h3><strong>Cause de la d\u00e9faillance<\/strong><\/h3>\n<p>\nSelon l&#8217;avis de rappel de la NHTSA datant du 26 octobre, la temp\u00e9rature de l&#8217;onduleur du syst\u00e8me PHEV peut d\u00e9passer un seuil critique, activant le mode &#8220;failsafe&#8221;. Ce mode arr\u00eate les op\u00e9rations du moteur thermique et \u00e9lectrique sans avertissement au conducteur, avec les voyants d&#8217;avertissement s&#8217;allumant apr\u00e8s l&#8217;activation du mode &#8220;failsafe&#8221;.<\/p>\n<h3><strong>Solution propos\u00e9e<\/strong><\/h3>\n<p>\nLes propri\u00e9taires concern\u00e9s recevront bient\u00f4t une notification par courrier les informant du rappel. La solution implique une visite chez un concessionnaire Mazda agr\u00e9\u00e9, o\u00f9 les modules de commande du groupe motopropulseur et du moteur seront reprogramm\u00e9s \u00e0 l&#8217;aide d&#8217;un logiciel mis \u00e0 jour. Cette mise \u00e0 jour sera gratuite pour les propri\u00e9taires.<\/p>\n<h3><strong>Un second rappel<\/strong><\/h3>\n<p>\nCe n&#8217;est pas le seul rappel pour la CX-90 en octobre. Un autre rappel a \u00e9t\u00e9 \u00e9mis pour 10 782 mod\u00e8les CX-90, concernant la cam\u00e9ra de recul et le moniteur de vision \u00e0 360 degr\u00e9s. Les images des cam\u00e9ras peuvent vaciller et ne plus s&#8217;afficher dans certains cas. Les propri\u00e9taires concern\u00e9s seront \u00e9galement avertis et pourront faire reprogrammer gratuitement le module de commande du moniteur de vision.<\/p>\n<h3><strong>Impact sur les ventes<\/strong><\/h3>\n<p>\nCes rappels ont marqu\u00e9 un d\u00e9but inhabituel pour la CX-90, le rempla\u00e7ant du CX-9 en tant que SUV phare de Mazda. Le mod\u00e8le, avec son moteur six cylindres en ligne 3,3 litres turbocompress\u00e9 et son syst\u00e8me hybride l\u00e9ger, offre une option hybride rechargeable, une premi\u00e8re pour la marque.<\/p>\n<p>Avec des renseignements de Motorbiscuit<\/p>\n<p>Le texte <a rel=\"nofollow\" href=\"https:\/\/annuelauto.ca\/un-rappel-important-pour-plus-de-4-200-mazda-cx-90-phev\/\">Un rappel important pour plus de 4\u00a0200 Mazda CX-90 PHEV<\/a> provient de <a rel=\"nofollow\" href=\"https:\/\/annuelauto.ca\">L&#8217;annuel de l&#8217;automobile &#8211; Actualit\u00e9 automobile<\/a><\/p>\n<p><\/p>\n","protected":false},"excerpt":{"rendered":"<p>Le Mazda CX-90 PHEV 2024, premi\u00e8re incursion du constructeur japonais dans le domaine des hybrides rechargeables, a \u00e9t\u00e9 sujet \u00e0 un rappel massif en raison d&#8217;une erreur logicielle. Le rappel concerne 4 252 mod\u00e8les produits entre le 28 d\u00e9cembre 2022 et le 20 juin 2023. Le v\u00e9hicule peut s\u2019arr\u00eater de mani\u00e8re inattendue Le rappel \u00e9mis [&hellip;]<\/p>\n","protected":false},"author":8,"featured_media":153673,"comment_status":"close","ping_status":"closed","sticky":false,"template":"","format":"standard","meta":{"_monsterinsights_skip_tracking":false,"_monsterinsights_sitenote_active":false,"_monsterinsights_sitenote_note":"","_monsterinsights_sitenote_category":0,"footnotes":""},"categories":[101],"tags":[],"yoast_head":"<!-- This site is optimized with the Yoast SEO plugin v23.2 - https:\/\/yoast.com\/wordpress\/plugins\/seo\/ -->\n<title>Un rappel important pour plus de 4\u00a0200 Mazda CX-90 PHEV - CanadaMotorJobs.com<\/title>\n<meta name=\"description\" content=\"Un rappel important pour plus de 4\u00a0200 Mazda CX-90 PHEV - Benoit Charette - Annuel automobile - CanadaMotorJobs.com.\" \/>\n<meta name=\"robots\" content=\"index, follow, max-snippet:-1, max-image-preview:large, max-video-preview:-1\" \/>\n<meta property=\"og:locale\" content=\"fr_CA\" \/>\n<meta property=\"og:type\" content=\"article\" \/>\n<meta property=\"og:title\" content=\"Un rappel important pour plus de 4\u00a0200 Mazda CX-90 PHEV - CanadaMotorJobs.com\" \/>\n<meta property=\"og:description\" content=\"Un rappel important pour plus de 4\u00a0200 Mazda CX-90 PHEV - Benoit Charette - Annuel automobile - CanadaMotorJobs.com.\" \/>\n<meta property=\"og:url\" content=\"https:\/\/news.canadamotorjobs.com\/fr\/un-rappel-important-pour-plus-de-4-200-mazda-cx-90-phev\/\" \/>\n<meta property=\"og:site_name\" content=\"CanadaMotorJobs.com\" \/>\n<meta property=\"article:publisher\" content=\"https:\/\/www.facebook.com\/canadamotorjobs\/\" \/>\n<meta property=\"article:published_time\" content=\"2023-11-13T12:13:37+00:00\" \/>\n<meta property=\"article:modified_time\" content=\"2023-11-13T12:14:47+00:00\" \/>\n<meta property=\"og:image\" content=\"https:\/\/news.canadamotorjobs.com\/wp-content\/uploads\/2023\/11\/IMG_6312-1024x768-1.jpg\" \/>\n\t<meta property=\"og:image:width\" content=\"1024\" \/>\n\t<meta property=\"og:image:height\" content=\"768\" \/>\n\t<meta property=\"og:image:type\" content=\"image\/jpeg\" \/>\n<meta name=\"author\" content=\"Benoit Charette\" \/>\n<meta name=\"twitter:card\" content=\"summary_large_image\" \/>\n<meta name=\"twitter:creator\" content=\"@canadamotorjobs\" \/>\n<meta name=\"twitter:site\" content=\"@canadamotorjobs\" \/>\n<meta name=\"twitter:label1\" content=\"\u00c9crit par\" \/>\n\t<meta name=\"twitter:data1\" content=\"Benoit Charette\" \/>\n\t<meta name=\"twitter:label2\" content=\"Estimation du temps de lecture\" \/>\n\t<meta name=\"twitter:data2\" content=\"2 minutes\" \/>\n<!-- \/ Yoast SEO plugin. -->","yoast_head_json":{"title":"Un rappel important pour plus de 4\u00a0200 Mazda CX-90 PHEV - CanadaMotorJobs.com","description":"Un rappel important pour plus de 4\u00a0200 Mazda CX-90 PHEV - Benoit Charette - Annuel automobile - CanadaMotorJobs.com.","robots":{"index":"index","follow":"follow","max-snippet":"max-snippet:-1","max-image-preview":"max-image-preview:large","max-video-preview":"max-video-preview:-1"},"og_locale":"fr_CA","og_type":"article","og_title":"Un rappel important pour plus de 4\u00a0200 Mazda CX-90 PHEV - CanadaMotorJobs.com","og_description":"Un rappel important pour plus de 4\u00a0200 Mazda CX-90 PHEV - Benoit Charette - Annuel automobile - CanadaMotorJobs.com.","og_url":"https:\/\/news.canadamotorjobs.com\/fr\/un-rappel-important-pour-plus-de-4-200-mazda-cx-90-phev\/","og_site_name":"CanadaMotorJobs.com","article_publisher":"https:\/\/www.facebook.com\/canadamotorjobs\/","article_published_time":"2023-11-13T12:13:37+00:00","article_modified_time":"2023-11-13T12:14:47+00:00","og_image":[{"width":1024,"height":768,"url":"https:\/\/news.canadamotorjobs.com\/wp-content\/uploads\/2023\/11\/IMG_6312-1024x768-1.jpg","type":"image\/jpeg"}],"author":"Benoit Charette","twitter_card":"summary_large_image","twitter_creator":"@canadamotorjobs","twitter_site":"@canadamotorjobs","twitter_misc":{"\u00c9crit par":"Benoit Charette","Estimation du temps de lecture":"2 minutes"},"schema":{"@context":"https:\/\/schema.org","@graph":[{"@type":"Article","@id":"https:\/\/news.canadamotorjobs.com\/fr\/un-rappel-important-pour-plus-de-4-200-mazda-cx-90-phev\/#article","isPartOf":{"@id":"https:\/\/news.canadamotorjobs.com\/fr\/un-rappel-important-pour-plus-de-4-200-mazda-cx-90-phev\/"},"author":{"name":"Benoit Charette","@id":"https:\/\/news.canadamotorjobs.com\/#\/schema\/person\/51793d1f87d44011d7bcc2ed99269a90"},"headline":"Un rappel important pour plus de 4\u00a0200 Mazda CX-90 PHEV","datePublished":"2023-11-13T12:13:37+00:00","dateModified":"2023-11-13T12:14:47+00:00","mainEntityOfPage":{"@id":"https:\/\/news.canadamotorjobs.com\/fr\/un-rappel-important-pour-plus-de-4-200-mazda-cx-90-phev\/"},"wordCount":381,"publisher":{"@id":"https:\/\/news.canadamotorjobs.com\/#organization"},"image":{"@id":"https:\/\/news.canadamotorjobs.com\/fr\/un-rappel-important-pour-plus-de-4-200-mazda-cx-90-phev\/#primaryimage"},"thumbnailUrl":"https:\/\/news.canadamotorjobs.com\/wp-content\/uploads\/2023\/11\/IMG_6312-1024x768-1.jpg","articleSection":["Annuel automobile"],"inLanguage":"fr-CA"},{"@type":"WebPage","@id":"https:\/\/news.canadamotorjobs.com\/fr\/un-rappel-important-pour-plus-de-4-200-mazda-cx-90-phev\/","url":"https:\/\/news.canadamotorjobs.com\/fr\/un-rappel-important-pour-plus-de-4-200-mazda-cx-90-phev\/","name":"Un rappel important pour plus de 4\u00a0200 Mazda CX-90 PHEV - CanadaMotorJobs.com","isPartOf":{"@id":"https:\/\/news.canadamotorjobs.com\/#website"},"primaryImageOfPage":{"@id":"https:\/\/news.canadamotorjobs.com\/fr\/un-rappel-important-pour-plus-de-4-200-mazda-cx-90-phev\/#primaryimage"},"image":{"@id":"https:\/\/news.canadamotorjobs.com\/fr\/un-rappel-important-pour-plus-de-4-200-mazda-cx-90-phev\/#primaryimage"},"thumbnailUrl":"https:\/\/news.canadamotorjobs.com\/wp-content\/uploads\/2023\/11\/IMG_6312-1024x768-1.jpg","datePublished":"2023-11-13T12:13:37+00:00","dateModified":"2023-11-13T12:14:47+00:00","description":"Un rappel important pour plus de 4\u00a0200 Mazda CX-90 PHEV - Benoit Charette - Annuel automobile - CanadaMotorJobs.com.","breadcrumb":{"@id":"https:\/\/news.canadamotorjobs.com\/fr\/un-rappel-important-pour-plus-de-4-200-mazda-cx-90-phev\/#breadcrumb"},"inLanguage":"fr-CA","potentialAction":[{"@type":"ReadAction","target":["https:\/\/news.canadamotorjobs.com\/fr\/un-rappel-important-pour-plus-de-4-200-mazda-cx-90-phev\/"]}]},{"@type":"ImageObject","inLanguage":"fr-CA","@id":"https:\/\/news.canadamotorjobs.com\/fr\/un-rappel-important-pour-plus-de-4-200-mazda-cx-90-phev\/#primaryimage","url":"https:\/\/news.canadamotorjobs.com\/wp-content\/uploads\/2023\/11\/IMG_6312-1024x768-1.jpg","contentUrl":"https:\/\/news.canadamotorjobs.com\/wp-content\/uploads\/2023\/11\/IMG_6312-1024x768-1.jpg","width":1024,"height":768},{"@type":"BreadcrumbList","@id":"https:\/\/news.canadamotorjobs.com\/fr\/un-rappel-important-pour-plus-de-4-200-mazda-cx-90-phev\/#breadcrumb","itemListElement":[{"@type":"ListItem","position":1,"name":"Home","item":"https:\/\/news.canadamotorjobs.com\/fr\/blog\/"},{"@type":"ListItem","position":2,"name":"Un rappel important pour plus de 4\u00a0200 Mazda CX-90 PHEV"}]},{"@type":"WebSite","@id":"https:\/\/news.canadamotorjobs.com\/#website","url":"https:\/\/news.canadamotorjobs.com\/","name":"CanadaMotorJobs.com","description":"Automotive Jobs","publisher":{"@id":"https:\/\/news.canadamotorjobs.com\/#organization"},"potentialAction":[{"@type":"SearchAction","target":{"@type":"EntryPoint","urlTemplate":"https:\/\/news.canadamotorjobs.com\/?s={search_term_string}"},"query-input":"required name=search_term_string"}],"inLanguage":"fr-CA"},{"@type":"Organization","@id":"https:\/\/news.canadamotorjobs.com\/#organization","name":"Canada Motor Jobs","url":"https:\/\/news.canadamotorjobs.com\/","logo":{"@type":"ImageObject","inLanguage":"fr-CA","@id":"https:\/\/news.canadamotorjobs.com\/#\/schema\/logo\/image\/","url":"https:\/\/news.canadamotorjobs.com\/wp-content\/uploads\/2022\/10\/logo-canada-motor-jobs-1.png","contentUrl":"https:\/\/news.canadamotorjobs.com\/wp-content\/uploads\/2022\/10\/logo-canada-motor-jobs-1.png","width":800,"height":400,"caption":"Canada Motor Jobs"},"image":{"@id":"https:\/\/news.canadamotorjobs.com\/#\/schema\/logo\/image\/"},"sameAs":["https:\/\/www.facebook.com\/canadamotorjobs\/","https:\/\/x.com\/canadamotorjobs","https:\/\/www.instagram.com\/canadamotorjobs\/","https:\/\/www.linkedin.com\/company\/canadamotorjobs"]},{"@type":"Person","@id":"https:\/\/news.canadamotorjobs.com\/#\/schema\/person\/51793d1f87d44011d7bcc2ed99269a90","name":"Benoit Charette","image":{"@type":"ImageObject","inLanguage":"fr-CA","@id":"https:\/\/news.canadamotorjobs.com\/#\/schema\/person\/image\/","url":"https:\/\/secure.gravatar.com\/avatar\/45f3d2eebcccd909668d7ce7ea7267b6?s=96&d=mm&r=g","contentUrl":"https:\/\/secure.gravatar.com\/avatar\/45f3d2eebcccd909668d7ce7ea7267b6?s=96&d=mm&r=g","caption":"Benoit Charette"},"description":"Benoit Charette \/ Propri\u00e9taire et r\u00e9dacteur en chef Benoit Charette pratique le journalisme automobile depuis bient\u00f4t 30 ans. Il a fait ses classes au c\u00f4t\u00e9 de Daniel H\u00e9raud et au Carnet de route de 1992 \u00e0 2001. Il est fondateur, copropri\u00e9taire et r\u00e9dacteur en chef de L\u2019Annuel de l\u2019automobile, qu\u2019il publie depuis 2001. Il a anim\u00e9 les \u00e9missions RPM et RPM+ sur V et les L\u00e9gendes de la route sur Historia. \u00c0 la radio depuis 1986, il reprend l\u2019antenne cette ann\u00e9e sur les ondes de Cogeco et participe pour la deuxi\u00e8me ann\u00e9e \u00e0 l\u2019\u00e9mission Passion Auto sur RDS en plus de mettre en ligne le site Web officiel de L\u2019Annuel de l\u2019automobile sur annuelauto.ca.","sameAs":["https:\/\/annuelauto.ca\/"],"url":"https:\/\/news.canadamotorjobs.com\/fr\/author\/benoit-charette\/"}]}},"_links":{"self":[{"href":"https:\/\/news.canadamotorjobs.com\/fr\/wp-json\/wp\/v2\/posts\/153671"}],"collection":[{"href":"https:\/\/news.canadamotorjobs.com\/fr\/wp-json\/wp\/v2\/posts"}],"about":[{"href":"https:\/\/news.canadamotorjobs.com\/fr\/wp-json\/wp\/v2\/types\/post"}],"author":[{"embeddable":true,"href":"https:\/\/news.canadamotorjobs.com\/fr\/wp-json\/wp\/v2\/users\/8"}],"replies":[{"embeddable":true,"href":"https:\/\/news.canadamotorjobs.com\/fr\/wp-json\/wp\/v2\/comments?post=153671"}],"version-history":[{"count":2,"href":"https:\/\/news.canadamotorjobs.com\/fr\/wp-json\/wp\/v2\/posts\/153671\/revisions"}],"predecessor-version":[{"id":153675,"href":"https:\/\/news.canadamotorjobs.com\/fr\/wp-json\/wp\/v2\/posts\/153671\/revisions\/153675"}],"wp:featuredmedia":[{"embeddable":true,"href":"https:\/\/news.canadamotorjobs.com\/fr\/wp-json\/wp\/v2\/media\/153673"}],"wp:attachment":[{"href":"https:\/\/news.canadamotorjobs.com\/fr\/wp-json\/wp\/v2\/media?parent=153671"}],"wp:term":[{"taxonomy":"category","embeddable":true,"href":"https:\/\/news.canadamotorjobs.com\/fr\/wp-json\/wp\/v2\/categories?post=153671"},{"taxonomy":"post_tag","embeddable":true,"href":"https:\/\/news.canadamotorjobs.com\/fr\/wp-json\/wp\/v2\/tags?post=153671"}],"curies":[{"name":"wp","href":"https:\/\/api.w.org\/{rel}","templated":true}]}}