{"id":153629,"date":"2023-11-12T09:48:11","date_gmt":"2023-11-12T14:48:11","guid":{"rendered":"https:\/\/news.canadamotorjobs.com\/?p=153629"},"modified":"2023-11-12T09:59:03","modified_gmt":"2023-11-12T14:59:03","slug":"une-fourgonnette-volvo-ca-vous-interesse","status":"publish","type":"post","link":"https:\/\/news.canadamotorjobs.com\/fr\/une-fourgonnette-volvo-ca-vous-interesse\/","title":{"rendered":"Une fourgonnette Volvo: \u00e7a vous int\u00e9resse"},"content":{"rendered":"<\/p>\n<p>La toute premi\u00e8re fourgonnette de Volvo est bas\u00e9 sur le Zeekr 009 construit par Geely qui est propri\u00e9taire des deux marques. Il comporte six places et est propuls\u00e9 par un moteur \u00e9lectrique de 268 ch.<\/p>\n<h3>Un regain en Asie<\/h3>\n<p>\nLes fourgonnettes ne sont plus les reines de la route sur les march\u00e9s nord-am\u00e9ricains et europ\u00e9ens (\u00e9clips\u00e9s par la popularit\u00e9 des VUS), mais ils connaissent apparemment une renaissance dans de nombreuses r\u00e9gions d&#8217;Asie, en particulier les mod\u00e8les de luxe. Volvo, avec le soutien de Geely, exploite cette tendance en lan\u00e7ant sa premi\u00e8re fourgonnette. Baptis\u00e9 EM90, ce mod\u00e8le enti\u00e8rement \u00e9lectrique affiche une autonomie de plus de 720 km et est sp\u00e9cialement con\u00e7u pour les clients chinois. Pour l&#8217;instant, il n&#8217;est pas pr\u00e9vu de l&#8217;introduire sur les march\u00e9s occidentaux.<\/p>\n<h3>Un Zeekr 009 en tenue su\u00e9doise<\/h3>\n<p>\nVolvo affirme que le mod\u00e8le est un clin d&#8217;\u0153il \u00e0 la Duett de 1953, une familiale haut de gamme qui a perdur\u00e9 jusqu&#8217;en 1969. En r\u00e9alit\u00e9, le EM30 est le fr\u00e8re jumeau du Zeekr 009 \u00e0 l&#8217;exception de la calandre Volvo distinctive de l&#8217;EM90, des phares en forme de marteau de Thor et de quelques garnitures fantaisistes. Les dimensions ext\u00e9rieures sont aussi les m\u00eame avec 5 209 mm de long, 2 024 mm de large et 1 867 mm de haut, avec un empattement de 3 205 mm.<\/p>\n<h3>Un 3<sup>e<\/sup> mod\u00e8le enti\u00e8rement \u00e9lectrique cette ann\u00e9e<\/h3>\n<p>\nLe troisi\u00e8me mod\u00e8le enti\u00e8rement \u00e9lectrique d\u00e9voil\u00e9 par Volvo au cours de l&#8217;ann\u00e9e \u00e9coul\u00e9e, apr\u00e8s l&#8217;EX90 et les plus petits SUV EX30, devrait \u00eatre lanc\u00e9 avec un seul moteur \u00e9lectrique de 268 ch (200 kW) sur l&#8217;essieu arri\u00e8re. Ce groupe motopropulseur permet d&#8217;acc\u00e9l\u00e9rer de 0 \u00e0 100 km\/h en 8,3 secondes. \u00a0Il est associ\u00e9 \u00e0 une batterie CATL de 116 kWh qui peut se recharger de 10 \u00e0 80 % en un peu moins de 30 minutes. Volvo affirme que le EM90 offre une autonomie de 459 miles (738 km) selon les tests du cycle de conduite chinois CLTC, qui sont g\u00e9n\u00e9ralement au moins 15 % plus g\u00e9n\u00e9reux que les chiffres du cycle WLTP.<\/p>\n<h3>Deux ou quatre roues motrices<\/h3>\n<p>\nVolvo n&#8217;a pas confirm\u00e9 si l&#8217;EM90 sera propos\u00e9 avec les deux moteurs \u00e9lectriques de pointe de la 009, qui assurent la transmission int\u00e9grale et produisent une puissance combin\u00e9e de 536 ch (400 kW \/ 544 PS). Avec une acc\u00e9l\u00e9ration de 0 \u00e0 100 km\/h en 4,5 secondes, le Zeekr 009 pourrait bien \u00eatre le monospace de s\u00e9rie le plus rapide au monde \u00e0 l&#8217;heure actuelle<\/p>\n<p>\u00a0<\/p>\n<p>Avec des renseignements de Carscoops.<\/p>\n<p>Le texte <a rel=\"nofollow\" href=\"https:\/\/annuelauto.ca\/une-fourgonnette-volvo-ca-vous-interesse\/\">Une fourgonnette Volvo: \u00e7a vous int\u00e9resse<\/a> provient de <a rel=\"nofollow\" href=\"https:\/\/annuelauto.ca\">L&#8217;annuel de l&#8217;automobile &#8211; Actualit\u00e9 automobile<\/a><\/p>\n<p><\/p>\n","protected":false},"excerpt":{"rendered":"<p>La toute premi\u00e8re fourgonnette de Volvo est bas\u00e9 sur le Zeekr 009 construit par Geely qui est propri\u00e9taire des deux marques. Il comporte six places et est propuls\u00e9 par un moteur \u00e9lectrique de 268 ch. Un regain en Asie Les fourgonnettes ne sont plus les reines de la route sur les march\u00e9s nord-am\u00e9ricains et europ\u00e9ens [&hellip;]<\/p>\n","protected":false},"author":8,"featured_media":153631,"comment_status":"close","ping_status":"closed","sticky":false,"template":"","format":"standard","meta":{"_monsterinsights_skip_tracking":false,"_monsterinsights_sitenote_active":false,"_monsterinsights_sitenote_note":"","_monsterinsights_sitenote_category":0,"footnotes":""},"categories":[101],"tags":[],"yoast_head":"<!-- This site is optimized with the Yoast SEO plugin v23.2 - https:\/\/yoast.com\/wordpress\/plugins\/seo\/ -->\n<title>Une fourgonnette Volvo: \u00e7a vous int\u00e9resse - CanadaMotorJobs.com<\/title>\n<meta name=\"description\" content=\"Une fourgonnette Volvo: \u00e7a vous int\u00e9resse - Benoit Charette - Annuel automobile - CanadaMotorJobs.com.\" \/>\n<meta name=\"robots\" content=\"index, follow, max-snippet:-1, max-image-preview:large, max-video-preview:-1\" \/>\n<meta property=\"og:locale\" content=\"fr_CA\" \/>\n<meta property=\"og:type\" content=\"article\" \/>\n<meta property=\"og:title\" content=\"Une fourgonnette Volvo: \u00e7a vous int\u00e9resse - CanadaMotorJobs.com\" \/>\n<meta property=\"og:description\" content=\"Une fourgonnette Volvo: \u00e7a vous int\u00e9resse - Benoit Charette - Annuel automobile - CanadaMotorJobs.com.\" \/>\n<meta property=\"og:url\" content=\"https:\/\/news.canadamotorjobs.com\/fr\/une-fourgonnette-volvo-ca-vous-interesse\/\" \/>\n<meta property=\"og:site_name\" content=\"CanadaMotorJobs.com\" \/>\n<meta property=\"article:publisher\" content=\"https:\/\/www.facebook.com\/canadamotorjobs\/\" \/>\n<meta property=\"article:published_time\" content=\"2023-11-12T14:48:11+00:00\" \/>\n<meta property=\"article:modified_time\" content=\"2023-11-12T14:59:03+00:00\" \/>\n<meta property=\"og:image\" content=\"https:\/\/news.canadamotorjobs.com\/wp-content\/uploads\/2023\/11\/320165_Volvo_EM90_PR_Images.jpg\" \/>\n\t<meta property=\"og:image:width\" content=\"2000\" \/>\n\t<meta property=\"og:image:height\" content=\"1503\" \/>\n\t<meta property=\"og:image:type\" content=\"image\/jpeg\" \/>\n<meta name=\"author\" content=\"Benoit Charette\" \/>\n<meta name=\"twitter:card\" content=\"summary_large_image\" \/>\n<meta name=\"twitter:creator\" content=\"@canadamotorjobs\" \/>\n<meta name=\"twitter:site\" content=\"@canadamotorjobs\" \/>\n<meta name=\"twitter:label1\" content=\"\u00c9crit par\" \/>\n\t<meta name=\"twitter:data1\" content=\"Benoit Charette\" \/>\n\t<meta name=\"twitter:label2\" content=\"Estimation du temps de lecture\" \/>\n\t<meta name=\"twitter:data2\" content=\"2 minutes\" \/>\n<!-- \/ Yoast SEO plugin. -->","yoast_head_json":{"title":"Une fourgonnette Volvo: \u00e7a vous int\u00e9resse - CanadaMotorJobs.com","description":"Une fourgonnette Volvo: \u00e7a vous int\u00e9resse - Benoit Charette - Annuel automobile - CanadaMotorJobs.com.","robots":{"index":"index","follow":"follow","max-snippet":"max-snippet:-1","max-image-preview":"max-image-preview:large","max-video-preview":"max-video-preview:-1"},"og_locale":"fr_CA","og_type":"article","og_title":"Une fourgonnette Volvo: \u00e7a vous int\u00e9resse - CanadaMotorJobs.com","og_description":"Une fourgonnette Volvo: \u00e7a vous int\u00e9resse - Benoit Charette - Annuel automobile - CanadaMotorJobs.com.","og_url":"https:\/\/news.canadamotorjobs.com\/fr\/une-fourgonnette-volvo-ca-vous-interesse\/","og_site_name":"CanadaMotorJobs.com","article_publisher":"https:\/\/www.facebook.com\/canadamotorjobs\/","article_published_time":"2023-11-12T14:48:11+00:00","article_modified_time":"2023-11-12T14:59:03+00:00","og_image":[{"width":2000,"height":1503,"url":"https:\/\/news.canadamotorjobs.com\/wp-content\/uploads\/2023\/11\/320165_Volvo_EM90_PR_Images.jpg","type":"image\/jpeg"}],"author":"Benoit Charette","twitter_card":"summary_large_image","twitter_creator":"@canadamotorjobs","twitter_site":"@canadamotorjobs","twitter_misc":{"\u00c9crit par":"Benoit Charette","Estimation du temps de lecture":"2 minutes"},"schema":{"@context":"https:\/\/schema.org","@graph":[{"@type":"Article","@id":"https:\/\/news.canadamotorjobs.com\/fr\/une-fourgonnette-volvo-ca-vous-interesse\/#article","isPartOf":{"@id":"https:\/\/news.canadamotorjobs.com\/fr\/une-fourgonnette-volvo-ca-vous-interesse\/"},"author":{"name":"Benoit Charette","@id":"https:\/\/news.canadamotorjobs.com\/#\/schema\/person\/51793d1f87d44011d7bcc2ed99269a90"},"headline":"Une fourgonnette Volvo: \u00e7a vous int\u00e9resse","datePublished":"2023-11-12T14:48:11+00:00","dateModified":"2023-11-12T14:59:03+00:00","mainEntityOfPage":{"@id":"https:\/\/news.canadamotorjobs.com\/fr\/une-fourgonnette-volvo-ca-vous-interesse\/"},"wordCount":457,"publisher":{"@id":"https:\/\/news.canadamotorjobs.com\/#organization"},"image":{"@id":"https:\/\/news.canadamotorjobs.com\/fr\/une-fourgonnette-volvo-ca-vous-interesse\/#primaryimage"},"thumbnailUrl":"https:\/\/news.canadamotorjobs.com\/wp-content\/uploads\/2023\/11\/320165_Volvo_EM90_PR_Images.jpg","articleSection":["Annuel automobile"],"inLanguage":"fr-CA"},{"@type":"WebPage","@id":"https:\/\/news.canadamotorjobs.com\/fr\/une-fourgonnette-volvo-ca-vous-interesse\/","url":"https:\/\/news.canadamotorjobs.com\/fr\/une-fourgonnette-volvo-ca-vous-interesse\/","name":"Une fourgonnette Volvo: \u00e7a vous int\u00e9resse - CanadaMotorJobs.com","isPartOf":{"@id":"https:\/\/news.canadamotorjobs.com\/#website"},"primaryImageOfPage":{"@id":"https:\/\/news.canadamotorjobs.com\/fr\/une-fourgonnette-volvo-ca-vous-interesse\/#primaryimage"},"image":{"@id":"https:\/\/news.canadamotorjobs.com\/fr\/une-fourgonnette-volvo-ca-vous-interesse\/#primaryimage"},"thumbnailUrl":"https:\/\/news.canadamotorjobs.com\/wp-content\/uploads\/2023\/11\/320165_Volvo_EM90_PR_Images.jpg","datePublished":"2023-11-12T14:48:11+00:00","dateModified":"2023-11-12T14:59:03+00:00","description":"Une fourgonnette Volvo: \u00e7a vous int\u00e9resse - Benoit Charette - Annuel automobile - CanadaMotorJobs.com.","breadcrumb":{"@id":"https:\/\/news.canadamotorjobs.com\/fr\/une-fourgonnette-volvo-ca-vous-interesse\/#breadcrumb"},"inLanguage":"fr-CA","potentialAction":[{"@type":"ReadAction","target":["https:\/\/news.canadamotorjobs.com\/fr\/une-fourgonnette-volvo-ca-vous-interesse\/"]}]},{"@type":"ImageObject","inLanguage":"fr-CA","@id":"https:\/\/news.canadamotorjobs.com\/fr\/une-fourgonnette-volvo-ca-vous-interesse\/#primaryimage","url":"https:\/\/news.canadamotorjobs.com\/wp-content\/uploads\/2023\/11\/320165_Volvo_EM90_PR_Images.jpg","contentUrl":"https:\/\/news.canadamotorjobs.com\/wp-content\/uploads\/2023\/11\/320165_Volvo_EM90_PR_Images.jpg","width":2000,"height":1503},{"@type":"BreadcrumbList","@id":"https:\/\/news.canadamotorjobs.com\/fr\/une-fourgonnette-volvo-ca-vous-interesse\/#breadcrumb","itemListElement":[{"@type":"ListItem","position":1,"name":"Home","item":"https:\/\/news.canadamotorjobs.com\/fr\/blog\/"},{"@type":"ListItem","position":2,"name":"Une fourgonnette Volvo: \u00e7a vous int\u00e9resse"}]},{"@type":"WebSite","@id":"https:\/\/news.canadamotorjobs.com\/#website","url":"https:\/\/news.canadamotorjobs.com\/","name":"CanadaMotorJobs.com","description":"Automotive Jobs","publisher":{"@id":"https:\/\/news.canadamotorjobs.com\/#organization"},"potentialAction":[{"@type":"SearchAction","target":{"@type":"EntryPoint","urlTemplate":"https:\/\/news.canadamotorjobs.com\/?s={search_term_string}"},"query-input":"required name=search_term_string"}],"inLanguage":"fr-CA"},{"@type":"Organization","@id":"https:\/\/news.canadamotorjobs.com\/#organization","name":"Canada Motor Jobs","url":"https:\/\/news.canadamotorjobs.com\/","logo":{"@type":"ImageObject","inLanguage":"fr-CA","@id":"https:\/\/news.canadamotorjobs.com\/#\/schema\/logo\/image\/","url":"https:\/\/news.canadamotorjobs.com\/wp-content\/uploads\/2022\/10\/logo-canada-motor-jobs-1.png","contentUrl":"https:\/\/news.canadamotorjobs.com\/wp-content\/uploads\/2022\/10\/logo-canada-motor-jobs-1.png","width":800,"height":400,"caption":"Canada Motor Jobs"},"image":{"@id":"https:\/\/news.canadamotorjobs.com\/#\/schema\/logo\/image\/"},"sameAs":["https:\/\/www.facebook.com\/canadamotorjobs\/","https:\/\/x.com\/canadamotorjobs","https:\/\/www.instagram.com\/canadamotorjobs\/","https:\/\/www.linkedin.com\/company\/canadamotorjobs"]},{"@type":"Person","@id":"https:\/\/news.canadamotorjobs.com\/#\/schema\/person\/51793d1f87d44011d7bcc2ed99269a90","name":"Benoit Charette","image":{"@type":"ImageObject","inLanguage":"fr-CA","@id":"https:\/\/news.canadamotorjobs.com\/#\/schema\/person\/image\/","url":"https:\/\/secure.gravatar.com\/avatar\/45f3d2eebcccd909668d7ce7ea7267b6?s=96&d=mm&r=g","contentUrl":"https:\/\/secure.gravatar.com\/avatar\/45f3d2eebcccd909668d7ce7ea7267b6?s=96&d=mm&r=g","caption":"Benoit Charette"},"description":"Benoit Charette \/ Propri\u00e9taire et r\u00e9dacteur en chef Benoit Charette pratique le journalisme automobile depuis bient\u00f4t 30 ans. Il a fait ses classes au c\u00f4t\u00e9 de Daniel H\u00e9raud et au Carnet de route de 1992 \u00e0 2001. Il est fondateur, copropri\u00e9taire et r\u00e9dacteur en chef de L\u2019Annuel de l\u2019automobile, qu\u2019il publie depuis 2001. Il a anim\u00e9 les \u00e9missions RPM et RPM+ sur V et les L\u00e9gendes de la route sur Historia. \u00c0 la radio depuis 1986, il reprend l\u2019antenne cette ann\u00e9e sur les ondes de Cogeco et participe pour la deuxi\u00e8me ann\u00e9e \u00e0 l\u2019\u00e9mission Passion Auto sur RDS en plus de mettre en ligne le site Web officiel de L\u2019Annuel de l\u2019automobile sur annuelauto.ca.","sameAs":["https:\/\/annuelauto.ca\/"],"url":"https:\/\/news.canadamotorjobs.com\/fr\/author\/benoit-charette\/"}]}},"_links":{"self":[{"href":"https:\/\/news.canadamotorjobs.com\/fr\/wp-json\/wp\/v2\/posts\/153629"}],"collection":[{"href":"https:\/\/news.canadamotorjobs.com\/fr\/wp-json\/wp\/v2\/posts"}],"about":[{"href":"https:\/\/news.canadamotorjobs.com\/fr\/wp-json\/wp\/v2\/types\/post"}],"author":[{"embeddable":true,"href":"https:\/\/news.canadamotorjobs.com\/fr\/wp-json\/wp\/v2\/users\/8"}],"replies":[{"embeddable":true,"href":"https:\/\/news.canadamotorjobs.com\/fr\/wp-json\/wp\/v2\/comments?post=153629"}],"version-history":[{"count":2,"href":"https:\/\/news.canadamotorjobs.com\/fr\/wp-json\/wp\/v2\/posts\/153629\/revisions"}],"predecessor-version":[{"id":153633,"href":"https:\/\/news.canadamotorjobs.com\/fr\/wp-json\/wp\/v2\/posts\/153629\/revisions\/153633"}],"wp:featuredmedia":[{"embeddable":true,"href":"https:\/\/news.canadamotorjobs.com\/fr\/wp-json\/wp\/v2\/media\/153631"}],"wp:attachment":[{"href":"https:\/\/news.canadamotorjobs.com\/fr\/wp-json\/wp\/v2\/media?parent=153629"}],"wp:term":[{"taxonomy":"category","embeddable":true,"href":"https:\/\/news.canadamotorjobs.com\/fr\/wp-json\/wp\/v2\/categories?post=153629"},{"taxonomy":"post_tag","embeddable":true,"href":"https:\/\/news.canadamotorjobs.com\/fr\/wp-json\/wp\/v2\/tags?post=153629"}],"curies":[{"name":"wp","href":"https:\/\/api.w.org\/{rel}","templated":true}]}}