{"id":153598,"date":"2023-11-11T08:44:34","date_gmt":"2023-11-11T13:44:34","guid":{"rendered":"https:\/\/news.canadamotorjobs.com\/?p=153598"},"modified":"2023-11-11T09:00:40","modified_gmt":"2023-11-11T14:00:40","slug":"repercussions-des-victoires-historiques-de-luaw-chez-honda-et-toyota","status":"publish","type":"post","link":"https:\/\/news.canadamotorjobs.com\/fr\/repercussions-des-victoires-historiques-de-luaw-chez-honda-et-toyota\/","title":{"rendered":"R\u00e9percussions des Victoires Historiques de l\u2019UAW chez Honda et Toyota"},"content":{"rendered":"<\/p>\n<p>Honda a r\u00e9v\u00e9l\u00e9 une hausse de salaire de 11 % pour certains de ses travailleurs am\u00e9ricains, une d\u00e9cision suivant les r\u00e9centes victoires salariales historiques de l&#8217;UAW.<\/p>\n<h3><em>Impact sur l&#8217;industrie automobile<\/em><\/h3>\n<p>\nCette initiative suit la tendance \u00e9tablie par Toyota la semaine derni\u00e8re, soulignant comment les succ\u00e8s des syndicats influent sur des secteurs entiers, am\u00e9liorant les conditions pour les entreprises non syndiqu\u00e9es.<\/p>\n<h3><em>D\u00e9tails des avantages pour les travailleurs<\/em><\/h3>\n<p>\nSelon une note interne, outre l&#8217;augmentation de salaire de base, Honda r\u00e9duira le temps n\u00e9cessaire pour atteindre le salaire maximal et ajoutera plus de 10 avantages, tels que des allocations de garde d&#8217;enfants et de pr\u00eats \u00e9tudiants.<\/p>\n<h3><em>Honda vise la comp\u00e9titivit\u00e9 et le bien-\u00eatre des employ\u00e9s<\/em><\/h3>\n<p>\nHonda a affirm\u00e9 qu&#8217;elle ajustait constamment ses programmes de r\u00e9mun\u00e9ration pour rester comp\u00e9titive et offrir une excellente exp\u00e9rience d&#8217;emploi \u00e0 ses associ\u00e9s.<\/p>\n<h3><em>R\u00e9ponse similaire dans le secteur<\/em><\/h3>\n<p>\nNon seulement Honda, mais Toyota a \u00e9galement augment\u00e9 les salaires de ses ouvriers d&#8217;assemblage de 9,2 % aux \u00c9tats-Unis apr\u00e8s les accords de l&#8217;UAW.<\/p>\n<h3><em>Les plans ambitieux de l&#8217;UAW<\/em><\/h3>\n<p>\nL&#8217;UAW, apr\u00e8s sa victoire, envisage de syndiquer davantage d&#8217;entreprises non syndiqu\u00e9es aux \u00c9tats-Unis, visant un \u00e9largissement potentiel \u00e0 un &#8220;Big Five&#8221; ou &#8220;Big Six&#8221; d&#8217;ici 2028.<\/p>\n<h3><em>Soutien du pr\u00e9sident<\/em><\/h3>\n<p>\nLe pr\u00e9sident Biden a exprim\u00e9 son soutien aux efforts de l&#8217;UAW pour syndiquer Toyota et Tesla, marquant un contexte politique important autour de ces d\u00e9veloppements.<\/p>\n<h3><em>Perspectives d&#8217;expansion syndicale<\/em><\/h3>\n<p>\nAlors que les n\u00e9gociations contractuelles s&#8217;annoncent pour 2028, l&#8217;UAW semble pr\u00eate \u00e0 \u00e9tendre son influence, avec des sp\u00e9culations sur l&#8217;inclusion de soci\u00e9t\u00e9s telles que Toyota et Tesla dans ses futurs plans de syndicalisation.<\/p>\n<p>\u00a0<\/p>\n<p>Le texte <a rel=\"nofollow\" href=\"https:\/\/annuelauto.ca\/repercussions-des-victoires-historiques-de-luaw-chez-honda-et-toyota\/\">R\u00e9percussions des Victoires Historiques de l\u2019UAW chez Honda et Toyota<\/a> provient de <a rel=\"nofollow\" href=\"https:\/\/annuelauto.ca\">L&#8217;annuel de l&#8217;automobile &#8211; Actualit\u00e9 automobile<\/a><\/p>\n<p><\/p>\n","protected":false},"excerpt":{"rendered":"<p>Honda a r\u00e9v\u00e9l\u00e9 une hausse de salaire de 11 % pour certains de ses travailleurs am\u00e9ricains, une d\u00e9cision suivant les r\u00e9centes victoires salariales historiques de l&#8217;UAW. Impact sur l&#8217;industrie automobile Cette initiative suit la tendance \u00e9tablie par Toyota la semaine derni\u00e8re, soulignant comment les succ\u00e8s des syndicats influent sur des secteurs entiers, am\u00e9liorant les conditions [&hellip;]<\/p>\n","protected":false},"author":8,"featured_media":153600,"comment_status":"close","ping_status":"closed","sticky":false,"template":"","format":"standard","meta":{"_monsterinsights_skip_tracking":false,"_monsterinsights_sitenote_active":false,"_monsterinsights_sitenote_note":"","_monsterinsights_sitenote_category":0,"footnotes":""},"categories":[101],"tags":[],"yoast_head":"<!-- This site is optimized with the Yoast SEO plugin v23.2 - https:\/\/yoast.com\/wordpress\/plugins\/seo\/ -->\n<title>R\u00e9percussions des Victoires Historiques de l\u2019UAW chez Honda et Toyota - CanadaMotorJobs.com<\/title>\n<meta name=\"description\" content=\"R\u00e9percussions des Victoires Historiques de l\u2019UAW chez Honda et Toyota - Benoit Charette - Annuel automobile - CanadaMotorJobs.com.\" \/>\n<meta name=\"robots\" content=\"index, follow, max-snippet:-1, max-image-preview:large, max-video-preview:-1\" \/>\n<meta property=\"og:locale\" content=\"fr_CA\" \/>\n<meta property=\"og:type\" content=\"article\" \/>\n<meta property=\"og:title\" content=\"R\u00e9percussions des Victoires Historiques de l\u2019UAW chez Honda et Toyota - CanadaMotorJobs.com\" \/>\n<meta property=\"og:description\" content=\"R\u00e9percussions des Victoires Historiques de l\u2019UAW chez Honda et Toyota - Benoit Charette - Annuel automobile - CanadaMotorJobs.com.\" \/>\n<meta property=\"og:url\" content=\"https:\/\/news.canadamotorjobs.com\/fr\/repercussions-des-victoires-historiques-de-luaw-chez-honda-et-toyota\/\" \/>\n<meta property=\"og:site_name\" content=\"CanadaMotorJobs.com\" \/>\n<meta property=\"article:publisher\" content=\"https:\/\/www.facebook.com\/canadamotorjobs\/\" \/>\n<meta property=\"article:published_time\" content=\"2023-11-11T13:44:34+00:00\" \/>\n<meta property=\"article:modified_time\" content=\"2023-11-11T14:00:40+00:00\" \/>\n<meta property=\"og:image\" content=\"https:\/\/news.canadamotorjobs.com\/wp-content\/uploads\/2023\/11\/United_Auto_Workers_Strike_2023-scaled-1.jpg\" \/>\n\t<meta property=\"og:image:width\" content=\"2560\" \/>\n\t<meta property=\"og:image:height\" content=\"1707\" \/>\n\t<meta property=\"og:image:type\" content=\"image\/jpeg\" \/>\n<meta name=\"author\" content=\"Benoit Charette\" \/>\n<meta name=\"twitter:card\" content=\"summary_large_image\" \/>\n<meta name=\"twitter:creator\" content=\"@canadamotorjobs\" \/>\n<meta name=\"twitter:site\" content=\"@canadamotorjobs\" \/>\n<meta name=\"twitter:label1\" content=\"\u00c9crit par\" \/>\n\t<meta name=\"twitter:data1\" content=\"Benoit Charette\" \/>\n\t<meta name=\"twitter:label2\" content=\"Estimation du temps de lecture\" \/>\n\t<meta name=\"twitter:data2\" content=\"2 minutes\" \/>\n<!-- \/ Yoast SEO plugin. -->","yoast_head_json":{"title":"R\u00e9percussions des Victoires Historiques de l\u2019UAW chez Honda et Toyota - CanadaMotorJobs.com","description":"R\u00e9percussions des Victoires Historiques de l\u2019UAW chez Honda et Toyota - Benoit Charette - Annuel automobile - CanadaMotorJobs.com.","robots":{"index":"index","follow":"follow","max-snippet":"max-snippet:-1","max-image-preview":"max-image-preview:large","max-video-preview":"max-video-preview:-1"},"og_locale":"fr_CA","og_type":"article","og_title":"R\u00e9percussions des Victoires Historiques de l\u2019UAW chez Honda et Toyota - CanadaMotorJobs.com","og_description":"R\u00e9percussions des Victoires Historiques de l\u2019UAW chez Honda et Toyota - Benoit Charette - Annuel automobile - CanadaMotorJobs.com.","og_url":"https:\/\/news.canadamotorjobs.com\/fr\/repercussions-des-victoires-historiques-de-luaw-chez-honda-et-toyota\/","og_site_name":"CanadaMotorJobs.com","article_publisher":"https:\/\/www.facebook.com\/canadamotorjobs\/","article_published_time":"2023-11-11T13:44:34+00:00","article_modified_time":"2023-11-11T14:00:40+00:00","og_image":[{"width":2560,"height":1707,"url":"https:\/\/news.canadamotorjobs.com\/wp-content\/uploads\/2023\/11\/United_Auto_Workers_Strike_2023-scaled-1.jpg","type":"image\/jpeg"}],"author":"Benoit Charette","twitter_card":"summary_large_image","twitter_creator":"@canadamotorjobs","twitter_site":"@canadamotorjobs","twitter_misc":{"\u00c9crit par":"Benoit Charette","Estimation du temps de lecture":"2 minutes"},"schema":{"@context":"https:\/\/schema.org","@graph":[{"@type":"Article","@id":"https:\/\/news.canadamotorjobs.com\/fr\/repercussions-des-victoires-historiques-de-luaw-chez-honda-et-toyota\/#article","isPartOf":{"@id":"https:\/\/news.canadamotorjobs.com\/fr\/repercussions-des-victoires-historiques-de-luaw-chez-honda-et-toyota\/"},"author":{"name":"Benoit Charette","@id":"https:\/\/news.canadamotorjobs.com\/#\/schema\/person\/51793d1f87d44011d7bcc2ed99269a90"},"headline":"R\u00e9percussions des Victoires Historiques de l\u2019UAW chez Honda et Toyota","datePublished":"2023-11-11T13:44:34+00:00","dateModified":"2023-11-11T14:00:40+00:00","mainEntityOfPage":{"@id":"https:\/\/news.canadamotorjobs.com\/fr\/repercussions-des-victoires-historiques-de-luaw-chez-honda-et-toyota\/"},"wordCount":334,"publisher":{"@id":"https:\/\/news.canadamotorjobs.com\/#organization"},"image":{"@id":"https:\/\/news.canadamotorjobs.com\/fr\/repercussions-des-victoires-historiques-de-luaw-chez-honda-et-toyota\/#primaryimage"},"thumbnailUrl":"https:\/\/news.canadamotorjobs.com\/wp-content\/uploads\/2023\/11\/United_Auto_Workers_Strike_2023-scaled-1.jpg","articleSection":["Annuel automobile"],"inLanguage":"fr-CA"},{"@type":"WebPage","@id":"https:\/\/news.canadamotorjobs.com\/fr\/repercussions-des-victoires-historiques-de-luaw-chez-honda-et-toyota\/","url":"https:\/\/news.canadamotorjobs.com\/fr\/repercussions-des-victoires-historiques-de-luaw-chez-honda-et-toyota\/","name":"R\u00e9percussions des Victoires Historiques de l\u2019UAW chez Honda et Toyota - CanadaMotorJobs.com","isPartOf":{"@id":"https:\/\/news.canadamotorjobs.com\/#website"},"primaryImageOfPage":{"@id":"https:\/\/news.canadamotorjobs.com\/fr\/repercussions-des-victoires-historiques-de-luaw-chez-honda-et-toyota\/#primaryimage"},"image":{"@id":"https:\/\/news.canadamotorjobs.com\/fr\/repercussions-des-victoires-historiques-de-luaw-chez-honda-et-toyota\/#primaryimage"},"thumbnailUrl":"https:\/\/news.canadamotorjobs.com\/wp-content\/uploads\/2023\/11\/United_Auto_Workers_Strike_2023-scaled-1.jpg","datePublished":"2023-11-11T13:44:34+00:00","dateModified":"2023-11-11T14:00:40+00:00","description":"R\u00e9percussions des Victoires Historiques de l\u2019UAW chez Honda et Toyota - Benoit Charette - Annuel automobile - CanadaMotorJobs.com.","breadcrumb":{"@id":"https:\/\/news.canadamotorjobs.com\/fr\/repercussions-des-victoires-historiques-de-luaw-chez-honda-et-toyota\/#breadcrumb"},"inLanguage":"fr-CA","potentialAction":[{"@type":"ReadAction","target":["https:\/\/news.canadamotorjobs.com\/fr\/repercussions-des-victoires-historiques-de-luaw-chez-honda-et-toyota\/"]}]},{"@type":"ImageObject","inLanguage":"fr-CA","@id":"https:\/\/news.canadamotorjobs.com\/fr\/repercussions-des-victoires-historiques-de-luaw-chez-honda-et-toyota\/#primaryimage","url":"https:\/\/news.canadamotorjobs.com\/wp-content\/uploads\/2023\/11\/United_Auto_Workers_Strike_2023-scaled-1.jpg","contentUrl":"https:\/\/news.canadamotorjobs.com\/wp-content\/uploads\/2023\/11\/United_Auto_Workers_Strike_2023-scaled-1.jpg","width":2560,"height":1707},{"@type":"BreadcrumbList","@id":"https:\/\/news.canadamotorjobs.com\/fr\/repercussions-des-victoires-historiques-de-luaw-chez-honda-et-toyota\/#breadcrumb","itemListElement":[{"@type":"ListItem","position":1,"name":"Home","item":"https:\/\/news.canadamotorjobs.com\/fr\/blog\/"},{"@type":"ListItem","position":2,"name":"R\u00e9percussions des Victoires Historiques de l\u2019UAW chez Honda et Toyota"}]},{"@type":"WebSite","@id":"https:\/\/news.canadamotorjobs.com\/#website","url":"https:\/\/news.canadamotorjobs.com\/","name":"CanadaMotorJobs.com","description":"Automotive Jobs","publisher":{"@id":"https:\/\/news.canadamotorjobs.com\/#organization"},"potentialAction":[{"@type":"SearchAction","target":{"@type":"EntryPoint","urlTemplate":"https:\/\/news.canadamotorjobs.com\/?s={search_term_string}"},"query-input":"required name=search_term_string"}],"inLanguage":"fr-CA"},{"@type":"Organization","@id":"https:\/\/news.canadamotorjobs.com\/#organization","name":"Canada Motor Jobs","url":"https:\/\/news.canadamotorjobs.com\/","logo":{"@type":"ImageObject","inLanguage":"fr-CA","@id":"https:\/\/news.canadamotorjobs.com\/#\/schema\/logo\/image\/","url":"https:\/\/news.canadamotorjobs.com\/wp-content\/uploads\/2022\/10\/logo-canada-motor-jobs-1.png","contentUrl":"https:\/\/news.canadamotorjobs.com\/wp-content\/uploads\/2022\/10\/logo-canada-motor-jobs-1.png","width":800,"height":400,"caption":"Canada Motor Jobs"},"image":{"@id":"https:\/\/news.canadamotorjobs.com\/#\/schema\/logo\/image\/"},"sameAs":["https:\/\/www.facebook.com\/canadamotorjobs\/","https:\/\/x.com\/canadamotorjobs","https:\/\/www.instagram.com\/canadamotorjobs\/","https:\/\/www.linkedin.com\/company\/canadamotorjobs"]},{"@type":"Person","@id":"https:\/\/news.canadamotorjobs.com\/#\/schema\/person\/51793d1f87d44011d7bcc2ed99269a90","name":"Benoit Charette","image":{"@type":"ImageObject","inLanguage":"fr-CA","@id":"https:\/\/news.canadamotorjobs.com\/#\/schema\/person\/image\/","url":"https:\/\/secure.gravatar.com\/avatar\/45f3d2eebcccd909668d7ce7ea7267b6?s=96&d=mm&r=g","contentUrl":"https:\/\/secure.gravatar.com\/avatar\/45f3d2eebcccd909668d7ce7ea7267b6?s=96&d=mm&r=g","caption":"Benoit Charette"},"description":"Benoit Charette \/ Propri\u00e9taire et r\u00e9dacteur en chef Benoit Charette pratique le journalisme automobile depuis bient\u00f4t 30 ans. Il a fait ses classes au c\u00f4t\u00e9 de Daniel H\u00e9raud et au Carnet de route de 1992 \u00e0 2001. Il est fondateur, copropri\u00e9taire et r\u00e9dacteur en chef de L\u2019Annuel de l\u2019automobile, qu\u2019il publie depuis 2001. Il a anim\u00e9 les \u00e9missions RPM et RPM+ sur V et les L\u00e9gendes de la route sur Historia. \u00c0 la radio depuis 1986, il reprend l\u2019antenne cette ann\u00e9e sur les ondes de Cogeco et participe pour la deuxi\u00e8me ann\u00e9e \u00e0 l\u2019\u00e9mission Passion Auto sur RDS en plus de mettre en ligne le site Web officiel de L\u2019Annuel de l\u2019automobile sur annuelauto.ca.","sameAs":["https:\/\/annuelauto.ca\/"],"url":"https:\/\/news.canadamotorjobs.com\/fr\/author\/benoit-charette\/"}]}},"_links":{"self":[{"href":"https:\/\/news.canadamotorjobs.com\/fr\/wp-json\/wp\/v2\/posts\/153598"}],"collection":[{"href":"https:\/\/news.canadamotorjobs.com\/fr\/wp-json\/wp\/v2\/posts"}],"about":[{"href":"https:\/\/news.canadamotorjobs.com\/fr\/wp-json\/wp\/v2\/types\/post"}],"author":[{"embeddable":true,"href":"https:\/\/news.canadamotorjobs.com\/fr\/wp-json\/wp\/v2\/users\/8"}],"replies":[{"embeddable":true,"href":"https:\/\/news.canadamotorjobs.com\/fr\/wp-json\/wp\/v2\/comments?post=153598"}],"version-history":[{"count":2,"href":"https:\/\/news.canadamotorjobs.com\/fr\/wp-json\/wp\/v2\/posts\/153598\/revisions"}],"predecessor-version":[{"id":153602,"href":"https:\/\/news.canadamotorjobs.com\/fr\/wp-json\/wp\/v2\/posts\/153598\/revisions\/153602"}],"wp:featuredmedia":[{"embeddable":true,"href":"https:\/\/news.canadamotorjobs.com\/fr\/wp-json\/wp\/v2\/media\/153600"}],"wp:attachment":[{"href":"https:\/\/news.canadamotorjobs.com\/fr\/wp-json\/wp\/v2\/media?parent=153598"}],"wp:term":[{"taxonomy":"category","embeddable":true,"href":"https:\/\/news.canadamotorjobs.com\/fr\/wp-json\/wp\/v2\/categories?post=153598"},{"taxonomy":"post_tag","embeddable":true,"href":"https:\/\/news.canadamotorjobs.com\/fr\/wp-json\/wp\/v2\/tags?post=153598"}],"curies":[{"name":"wp","href":"https:\/\/api.w.org\/{rel}","templated":true}]}}