{"id":153575,"date":"2023-11-11T08:14:37","date_gmt":"2023-11-11T13:14:37","guid":{"rendered":"https:\/\/news.canadamotorjobs.com\/?p=153575"},"modified":"2023-11-11T08:16:16","modified_gmt":"2023-11-11T13:16:16","slug":"les-voitures-electriques-chinoise-a-nos-portes","status":"publish","type":"post","link":"https:\/\/news.canadamotorjobs.com\/fr\/les-voitures-electriques-chinoise-a-nos-portes\/","title":{"rendered":"Les voitures \u00e9lectriques chinoise \u00e0 nos portes"},"content":{"rendered":"<\/p>\n<ul><\/p>\n<li>\n<h3>Geely va construire deux multisegments pour le march\u00e9 mexicain<\/h3>\n<p>\n<\/li>\n<p><\/p>\n<li>\n<h3>Le constructeur automobile poursuit son expansion en dehors de son march\u00e9 national<\/h3>\n<p>\n<\/li>\n<p>\n<\/ul>\n<p>\nQuelques jours apr\u00e8s la publication d&#8217;informations montrant que le gouvernement am\u00e9ricain s&#8217;inqui\u00e8te de l&#8217;afflux de v\u00e9hicules \u00e9lectriques chinois, l&#8217;un des plus grands constructeurs automobiles du pays a annonc\u00e9 le d\u00e9but de la production dans son usine mexicaine.<\/p>\n<h3>De l\u2019\u00e9lectrique \u00e0 bas prix<\/h3>\n<p>\nGeely Auto, propri\u00e9taire de Volvo et de Polestar a officiellement commenc\u00e9 \u00e0 construire des VUS \u00e9lectrique \u00e0 petit prix dans sa nouvelle usine au Mexique. L&#8217;usine produira deux v\u00e9hicules pour ce march\u00e9, le Geely Coolray \u00e0 essence et le Geely Geometry C \u00e9lectrique. Lors de l&#8217;inauguration, le PDG de Geely Auto, Gan Jiayue, a d\u00e9clar\u00e9 : &#8220;Avec nos partenaires mexicains, nous nous concentrons sur les utilisateurs, sur des strat\u00e9gies adapt\u00e9es au march\u00e9 mexicain, sur la cr\u00e9ation d&#8217;un &#8220;nouvel \u00e9cosyst\u00e8me&#8221; tourn\u00e9 vers l&#8217;avenir et sur la livraison constante de v\u00e9hicules de grande valeur pour r\u00e9pondre aux besoins locaux, tout en construisant progressivement un syst\u00e8me d&#8217;exploitation et de service qui trouve un \u00e9cho aupr\u00e8s des consommateurs&#8221;.<\/p>\n<h3>D\u2019autres mod\u00e8les \u00e0 venir\u00a0?<\/h3>\n<p>\nL&#8217;entreprise n&#8217;a pas annonc\u00e9 son intention de commercialiser ces v\u00e9hicules dans le reste de l&#8217;Am\u00e9rique du Nord, mais le fait d&#8217;avoir une usine au Mexique facilite les choses. La production de cette usine rel\u00e8verait de l&#8217;accord commercial USMCA, qui supprimerait les droits de douane pour les v\u00e9hicules. Les marques de Geely Holding ont vendu plus de 2,3 millions de v\u00e9hicules en 2022, dont 615 000 Volvo. Volvo poss\u00e8de une usine aux \u00c9tats-Unis, qui fabrique des v\u00e9hicules \u00e9lectriques Volvo et Polestar.<\/p>\n<p>Avec des renseignements de Motor Illustrated<\/p>\n<p>Le texte <a rel=\"nofollow\" href=\"https:\/\/annuelauto.ca\/691389\/\">Les voitures \u00e9lectriques chinoise \u00e0 nos portes<\/a> provient de <a rel=\"nofollow\" href=\"https:\/\/annuelauto.ca\">L&#8217;annuel de l&#8217;automobile &#8211; Actualit\u00e9 automobile<\/a><\/p>\n<p><\/p>\n","protected":false},"excerpt":{"rendered":"<p>Geely va construire deux multisegments pour le march\u00e9 mexicain Le constructeur automobile poursuit son expansion en dehors de son march\u00e9 national Quelques jours apr\u00e8s la publication d&#8217;informations montrant que le gouvernement am\u00e9ricain s&#8217;inqui\u00e8te de l&#8217;afflux de v\u00e9hicules \u00e9lectriques chinois, l&#8217;un des plus grands constructeurs automobiles du pays a annonc\u00e9 le d\u00e9but de la production dans [&hellip;]<\/p>\n","protected":false},"author":8,"featured_media":153577,"comment_status":"close","ping_status":"closed","sticky":false,"template":"","format":"standard","meta":{"_monsterinsights_skip_tracking":false,"_monsterinsights_sitenote_active":false,"_monsterinsights_sitenote_note":"","_monsterinsights_sitenote_category":0,"footnotes":""},"categories":[101],"tags":[],"yoast_head":"<!-- This site is optimized with the Yoast SEO plugin v23.2 - https:\/\/yoast.com\/wordpress\/plugins\/seo\/ -->\n<title>Les voitures \u00e9lectriques chinoise \u00e0 nos portes - CanadaMotorJobs.com<\/title>\n<meta name=\"description\" content=\"Les voitures \u00e9lectriques chinoise \u00e0 nos portes - Benoit Charette - Annuel automobile - CanadaMotorJobs.com.\" \/>\n<meta name=\"robots\" content=\"index, follow, max-snippet:-1, max-image-preview:large, max-video-preview:-1\" \/>\n<meta property=\"og:locale\" content=\"fr_CA\" \/>\n<meta property=\"og:type\" content=\"article\" \/>\n<meta property=\"og:title\" content=\"Les voitures \u00e9lectriques chinoise \u00e0 nos portes - CanadaMotorJobs.com\" \/>\n<meta property=\"og:description\" content=\"Les voitures \u00e9lectriques chinoise \u00e0 nos portes - Benoit Charette - Annuel automobile - CanadaMotorJobs.com.\" \/>\n<meta property=\"og:url\" content=\"https:\/\/news.canadamotorjobs.com\/fr\/les-voitures-electriques-chinoise-a-nos-portes\/\" \/>\n<meta property=\"og:site_name\" content=\"CanadaMotorJobs.com\" \/>\n<meta property=\"article:publisher\" content=\"https:\/\/www.facebook.com\/canadamotorjobs\/\" \/>\n<meta property=\"article:published_time\" content=\"2023-11-11T13:14:37+00:00\" \/>\n<meta property=\"article:modified_time\" content=\"2023-11-11T13:16:16+00:00\" \/>\n<meta property=\"og:image\" content=\"https:\/\/news.canadamotorjobs.com\/wp-content\/uploads\/2023\/11\/out_64c5278ef3ce61690642318.jpg\" \/>\n\t<meta property=\"og:image:width\" content=\"1500\" \/>\n\t<meta property=\"og:image:height\" content=\"800\" \/>\n\t<meta property=\"og:image:type\" content=\"image\/jpeg\" \/>\n<meta name=\"author\" content=\"Benoit Charette\" \/>\n<meta name=\"twitter:card\" content=\"summary_large_image\" \/>\n<meta name=\"twitter:creator\" content=\"@canadamotorjobs\" \/>\n<meta name=\"twitter:site\" content=\"@canadamotorjobs\" \/>\n<meta name=\"twitter:label1\" content=\"\u00c9crit par\" \/>\n\t<meta name=\"twitter:data1\" content=\"Benoit Charette\" \/>\n\t<meta name=\"twitter:label2\" content=\"Estimation du temps de lecture\" \/>\n\t<meta name=\"twitter:data2\" content=\"1 minute\" \/>\n<!-- \/ Yoast SEO plugin. -->","yoast_head_json":{"title":"Les voitures \u00e9lectriques chinoise \u00e0 nos portes - CanadaMotorJobs.com","description":"Les voitures \u00e9lectriques chinoise \u00e0 nos portes - Benoit Charette - Annuel automobile - CanadaMotorJobs.com.","robots":{"index":"index","follow":"follow","max-snippet":"max-snippet:-1","max-image-preview":"max-image-preview:large","max-video-preview":"max-video-preview:-1"},"og_locale":"fr_CA","og_type":"article","og_title":"Les voitures \u00e9lectriques chinoise \u00e0 nos portes - CanadaMotorJobs.com","og_description":"Les voitures \u00e9lectriques chinoise \u00e0 nos portes - Benoit Charette - Annuel automobile - CanadaMotorJobs.com.","og_url":"https:\/\/news.canadamotorjobs.com\/fr\/les-voitures-electriques-chinoise-a-nos-portes\/","og_site_name":"CanadaMotorJobs.com","article_publisher":"https:\/\/www.facebook.com\/canadamotorjobs\/","article_published_time":"2023-11-11T13:14:37+00:00","article_modified_time":"2023-11-11T13:16:16+00:00","og_image":[{"width":1500,"height":800,"url":"https:\/\/news.canadamotorjobs.com\/wp-content\/uploads\/2023\/11\/out_64c5278ef3ce61690642318.jpg","type":"image\/jpeg"}],"author":"Benoit Charette","twitter_card":"summary_large_image","twitter_creator":"@canadamotorjobs","twitter_site":"@canadamotorjobs","twitter_misc":{"\u00c9crit par":"Benoit Charette","Estimation du temps de lecture":"1 minute"},"schema":{"@context":"https:\/\/schema.org","@graph":[{"@type":"Article","@id":"https:\/\/news.canadamotorjobs.com\/fr\/les-voitures-electriques-chinoise-a-nos-portes\/#article","isPartOf":{"@id":"https:\/\/news.canadamotorjobs.com\/fr\/les-voitures-electriques-chinoise-a-nos-portes\/"},"author":{"name":"Benoit Charette","@id":"https:\/\/news.canadamotorjobs.com\/#\/schema\/person\/51793d1f87d44011d7bcc2ed99269a90"},"headline":"Les voitures \u00e9lectriques chinoise \u00e0 nos portes","datePublished":"2023-11-11T13:14:37+00:00","dateModified":"2023-11-11T13:16:16+00:00","mainEntityOfPage":{"@id":"https:\/\/news.canadamotorjobs.com\/fr\/les-voitures-electriques-chinoise-a-nos-portes\/"},"wordCount":320,"publisher":{"@id":"https:\/\/news.canadamotorjobs.com\/#organization"},"image":{"@id":"https:\/\/news.canadamotorjobs.com\/fr\/les-voitures-electriques-chinoise-a-nos-portes\/#primaryimage"},"thumbnailUrl":"https:\/\/news.canadamotorjobs.com\/wp-content\/uploads\/2023\/11\/out_64c5278ef3ce61690642318.jpg","articleSection":["Annuel automobile"],"inLanguage":"fr-CA"},{"@type":"WebPage","@id":"https:\/\/news.canadamotorjobs.com\/fr\/les-voitures-electriques-chinoise-a-nos-portes\/","url":"https:\/\/news.canadamotorjobs.com\/fr\/les-voitures-electriques-chinoise-a-nos-portes\/","name":"Les voitures \u00e9lectriques chinoise \u00e0 nos portes - CanadaMotorJobs.com","isPartOf":{"@id":"https:\/\/news.canadamotorjobs.com\/#website"},"primaryImageOfPage":{"@id":"https:\/\/news.canadamotorjobs.com\/fr\/les-voitures-electriques-chinoise-a-nos-portes\/#primaryimage"},"image":{"@id":"https:\/\/news.canadamotorjobs.com\/fr\/les-voitures-electriques-chinoise-a-nos-portes\/#primaryimage"},"thumbnailUrl":"https:\/\/news.canadamotorjobs.com\/wp-content\/uploads\/2023\/11\/out_64c5278ef3ce61690642318.jpg","datePublished":"2023-11-11T13:14:37+00:00","dateModified":"2023-11-11T13:16:16+00:00","description":"Les voitures \u00e9lectriques chinoise \u00e0 nos portes - Benoit Charette - Annuel automobile - CanadaMotorJobs.com.","breadcrumb":{"@id":"https:\/\/news.canadamotorjobs.com\/fr\/les-voitures-electriques-chinoise-a-nos-portes\/#breadcrumb"},"inLanguage":"fr-CA","potentialAction":[{"@type":"ReadAction","target":["https:\/\/news.canadamotorjobs.com\/fr\/les-voitures-electriques-chinoise-a-nos-portes\/"]}]},{"@type":"ImageObject","inLanguage":"fr-CA","@id":"https:\/\/news.canadamotorjobs.com\/fr\/les-voitures-electriques-chinoise-a-nos-portes\/#primaryimage","url":"https:\/\/news.canadamotorjobs.com\/wp-content\/uploads\/2023\/11\/out_64c5278ef3ce61690642318.jpg","contentUrl":"https:\/\/news.canadamotorjobs.com\/wp-content\/uploads\/2023\/11\/out_64c5278ef3ce61690642318.jpg","width":1500,"height":800},{"@type":"BreadcrumbList","@id":"https:\/\/news.canadamotorjobs.com\/fr\/les-voitures-electriques-chinoise-a-nos-portes\/#breadcrumb","itemListElement":[{"@type":"ListItem","position":1,"name":"Home","item":"https:\/\/news.canadamotorjobs.com\/fr\/blog\/"},{"@type":"ListItem","position":2,"name":"Les voitures \u00e9lectriques chinoise \u00e0 nos portes"}]},{"@type":"WebSite","@id":"https:\/\/news.canadamotorjobs.com\/#website","url":"https:\/\/news.canadamotorjobs.com\/","name":"CanadaMotorJobs.com","description":"Automotive Jobs","publisher":{"@id":"https:\/\/news.canadamotorjobs.com\/#organization"},"potentialAction":[{"@type":"SearchAction","target":{"@type":"EntryPoint","urlTemplate":"https:\/\/news.canadamotorjobs.com\/?s={search_term_string}"},"query-input":"required name=search_term_string"}],"inLanguage":"fr-CA"},{"@type":"Organization","@id":"https:\/\/news.canadamotorjobs.com\/#organization","name":"Canada Motor Jobs","url":"https:\/\/news.canadamotorjobs.com\/","logo":{"@type":"ImageObject","inLanguage":"fr-CA","@id":"https:\/\/news.canadamotorjobs.com\/#\/schema\/logo\/image\/","url":"https:\/\/news.canadamotorjobs.com\/wp-content\/uploads\/2022\/10\/logo-canada-motor-jobs-1.png","contentUrl":"https:\/\/news.canadamotorjobs.com\/wp-content\/uploads\/2022\/10\/logo-canada-motor-jobs-1.png","width":800,"height":400,"caption":"Canada Motor Jobs"},"image":{"@id":"https:\/\/news.canadamotorjobs.com\/#\/schema\/logo\/image\/"},"sameAs":["https:\/\/www.facebook.com\/canadamotorjobs\/","https:\/\/x.com\/canadamotorjobs","https:\/\/www.instagram.com\/canadamotorjobs\/","https:\/\/www.linkedin.com\/company\/canadamotorjobs"]},{"@type":"Person","@id":"https:\/\/news.canadamotorjobs.com\/#\/schema\/person\/51793d1f87d44011d7bcc2ed99269a90","name":"Benoit Charette","image":{"@type":"ImageObject","inLanguage":"fr-CA","@id":"https:\/\/news.canadamotorjobs.com\/#\/schema\/person\/image\/","url":"https:\/\/secure.gravatar.com\/avatar\/45f3d2eebcccd909668d7ce7ea7267b6?s=96&d=mm&r=g","contentUrl":"https:\/\/secure.gravatar.com\/avatar\/45f3d2eebcccd909668d7ce7ea7267b6?s=96&d=mm&r=g","caption":"Benoit Charette"},"description":"Benoit Charette \/ Propri\u00e9taire et r\u00e9dacteur en chef Benoit Charette pratique le journalisme automobile depuis bient\u00f4t 30 ans. Il a fait ses classes au c\u00f4t\u00e9 de Daniel H\u00e9raud et au Carnet de route de 1992 \u00e0 2001. Il est fondateur, copropri\u00e9taire et r\u00e9dacteur en chef de L\u2019Annuel de l\u2019automobile, qu\u2019il publie depuis 2001. Il a anim\u00e9 les \u00e9missions RPM et RPM+ sur V et les L\u00e9gendes de la route sur Historia. \u00c0 la radio depuis 1986, il reprend l\u2019antenne cette ann\u00e9e sur les ondes de Cogeco et participe pour la deuxi\u00e8me ann\u00e9e \u00e0 l\u2019\u00e9mission Passion Auto sur RDS en plus de mettre en ligne le site Web officiel de L\u2019Annuel de l\u2019automobile sur annuelauto.ca.","sameAs":["https:\/\/annuelauto.ca\/"],"url":"https:\/\/news.canadamotorjobs.com\/fr\/author\/benoit-charette\/"}]}},"_links":{"self":[{"href":"https:\/\/news.canadamotorjobs.com\/fr\/wp-json\/wp\/v2\/posts\/153575"}],"collection":[{"href":"https:\/\/news.canadamotorjobs.com\/fr\/wp-json\/wp\/v2\/posts"}],"about":[{"href":"https:\/\/news.canadamotorjobs.com\/fr\/wp-json\/wp\/v2\/types\/post"}],"author":[{"embeddable":true,"href":"https:\/\/news.canadamotorjobs.com\/fr\/wp-json\/wp\/v2\/users\/8"}],"replies":[{"embeddable":true,"href":"https:\/\/news.canadamotorjobs.com\/fr\/wp-json\/wp\/v2\/comments?post=153575"}],"version-history":[{"count":2,"href":"https:\/\/news.canadamotorjobs.com\/fr\/wp-json\/wp\/v2\/posts\/153575\/revisions"}],"predecessor-version":[{"id":153579,"href":"https:\/\/news.canadamotorjobs.com\/fr\/wp-json\/wp\/v2\/posts\/153575\/revisions\/153579"}],"wp:featuredmedia":[{"embeddable":true,"href":"https:\/\/news.canadamotorjobs.com\/fr\/wp-json\/wp\/v2\/media\/153577"}],"wp:attachment":[{"href":"https:\/\/news.canadamotorjobs.com\/fr\/wp-json\/wp\/v2\/media?parent=153575"}],"wp:term":[{"taxonomy":"category","embeddable":true,"href":"https:\/\/news.canadamotorjobs.com\/fr\/wp-json\/wp\/v2\/categories?post=153575"},{"taxonomy":"post_tag","embeddable":true,"href":"https:\/\/news.canadamotorjobs.com\/fr\/wp-json\/wp\/v2\/tags?post=153575"}],"curies":[{"name":"wp","href":"https:\/\/api.w.org\/{rel}","templated":true}]}}