{"id":153529,"date":"2023-11-10T07:51:37","date_gmt":"2023-11-10T12:51:37","guid":{"rendered":"https:\/\/news.canadamotorjobs.com\/?p=153529"},"modified":"2023-11-10T07:59:08","modified_gmt":"2023-11-10T12:59:08","slug":"la-toyota-camry-se-refait-une-beaute-pour-2025","status":"publish","type":"post","link":"https:\/\/news.canadamotorjobs.com\/fr\/la-toyota-camry-se-refait-une-beaute-pour-2025\/","title":{"rendered":"La Toyota Camry se refait une beaut\u00e9 pour 2025"},"content":{"rendered":"<\/p>\n<p>C\u2019est la semaine prochaine au Salon de l\u2019auto de Los Angeles que Toyota va officiellement d\u00e9voil\u00e9 la version 2025 de la Camry. Pour le moment, seule une image montrant un feu arri\u00e8re a \u00e9t\u00e9 d\u00e9voil\u00e9, accompagn\u00e9e d&#8217;un texte nous disant que &#8220;la Toyota Camry atteint de nouveaux sommets sans compromis&#8221;, un vieux truc de marketing.<\/p>\n<h3>Que savons-nous ?<\/h3>\n<p>\nQuelques photos espion ont coul\u00e9es et m\u00eame sous un lourd d\u00e9guisement, nous pouvons voir qu&#8217;elle conserve tous les aspects d\u2019une berline. La hauteur de caisse semble un peu plus g\u00e9n\u00e9reuse qu&#8217;auparavant, et est-ce le contour des enjoliveurs de passage de roue en plastique que l&#8217;on voit d\u00e9passer sous le camouflage des ailes ? Il semble que Toyota pourrait essayer de soutenir la popularit\u00e9 de la Camry en utilisant les m\u00eames astuces que Subaru a employ\u00e9es pour r\u00e9inventer la WRX. Nous aurons toujours les m\u00eames caract\u00e9ristiques dans une pr\u00e9sentation un peu plus \u00ab funky \u00bb.<\/p>\n<h3>\u00catre de son temps<\/h3>\n<p>\nToyota a d\u00e9j\u00e0 appliqu\u00e9 ce m\u00eame raisonnement \u00e0 la nouvelle s\u0153ur de la Camry, la Crown, qui est plus longue de 86 mm que la Camry, mais qui pr\u00e9sente un design dans le style liftback, est \u00e9quip\u00e9e de s\u00e9rie d&#8217;une transmission int\u00e9grale et d\u00e9marre \u00e0 46 000 $ au lieu de 28 000 $. La Crown est apparue pour l&#8217;ann\u00e9e-mod\u00e8le 2023 et repose sur une version actualis\u00e9e de la plateforme TNGA-K est aussi \u00e0 la base de la Camry depuis 2017. Ce que nous ne savons pas, c&#8217;est si Toyota se contentera de mettre \u00e0 jour la Camry actuelle, ou si la nouvelle Camry est essentiellement une version berline de la Crown \u00e0 prix plus abordable.<\/p>\n<h3>Quelques d\u00e9tails suppl\u00e9mentaires<\/h3>\n<p>\nLa prochaine Camry sera \u00e9quip\u00e9e de feux de jour qui ressemblent aux DEL de la nouvelle Prius. La voiture de 2025 sera \u00e9quip\u00e9e d&#8217;un syst\u00e8me hybride et d&#8217;une transmission int\u00e9grale qui sera toutefois r\u00e9serv\u00e9 au mod\u00e8le \u00e0 essence seulement, excluant la version hybride. La Crown ne propose pas de moteur V6, et nous ne serions donc pas surpris que le V6 3,5 litres de 301 ch (305 PS) de l&#8217;actuelle Camry soit mis au rancart pour 2025. Nous en saurons plus le 14 novembre lorsque Toyota d\u00e9voilera tous les d\u00e9tails.<\/p>\n<p>\u00a0<\/p>\n<p>Avec des renseignements de Carscoops<\/p>\n<p>Le texte <a rel=\"nofollow\" href=\"https:\/\/annuelauto.ca\/la-toyota-camry-se-refait-une-beaute-pour-2025\/\">La Toyota Camry se refait une beaut\u00e9 pour 2025<\/a> provient de <a rel=\"nofollow\" href=\"https:\/\/annuelauto.ca\">L&#8217;annuel de l&#8217;automobile &#8211; Actualit\u00e9 automobile<\/a><\/p>\n<p><\/p>\n","protected":false},"excerpt":{"rendered":"<p>C\u2019est la semaine prochaine au Salon de l\u2019auto de Los Angeles que Toyota va officiellement d\u00e9voil\u00e9 la version 2025 de la Camry. Pour le moment, seule une image montrant un feu arri\u00e8re a \u00e9t\u00e9 d\u00e9voil\u00e9, accompagn\u00e9e d&#8217;un texte nous disant que &#8220;la Toyota Camry atteint de nouveaux sommets sans compromis&#8221;, un vieux truc de marketing. [&hellip;]<\/p>\n","protected":false},"author":8,"featured_media":153531,"comment_status":"close","ping_status":"closed","sticky":false,"template":"","format":"standard","meta":{"_monsterinsights_skip_tracking":false,"_monsterinsights_sitenote_active":false,"_monsterinsights_sitenote_note":"","_monsterinsights_sitenote_category":0,"footnotes":""},"categories":[101],"tags":[],"yoast_head":"<!-- This site is optimized with the Yoast SEO plugin v23.2 - https:\/\/yoast.com\/wordpress\/plugins\/seo\/ -->\n<title>La Toyota Camry se refait une beaut\u00e9 pour 2025 - CanadaMotorJobs.com<\/title>\n<meta name=\"description\" content=\"La Toyota Camry se refait une beaut\u00e9 pour 2025 - Benoit Charette - Annuel automobile - CanadaMotorJobs.com.\" \/>\n<meta name=\"robots\" content=\"index, follow, max-snippet:-1, max-image-preview:large, max-video-preview:-1\" \/>\n<meta property=\"og:locale\" content=\"fr_CA\" \/>\n<meta property=\"og:type\" content=\"article\" \/>\n<meta property=\"og:title\" content=\"La Toyota Camry se refait une beaut\u00e9 pour 2025 - CanadaMotorJobs.com\" \/>\n<meta property=\"og:description\" content=\"La Toyota Camry se refait une beaut\u00e9 pour 2025 - Benoit Charette - Annuel automobile - CanadaMotorJobs.com.\" \/>\n<meta property=\"og:url\" content=\"https:\/\/news.canadamotorjobs.com\/fr\/la-toyota-camry-se-refait-une-beaute-pour-2025\/\" \/>\n<meta property=\"og:site_name\" content=\"CanadaMotorJobs.com\" \/>\n<meta property=\"article:publisher\" content=\"https:\/\/www.facebook.com\/canadamotorjobs\/\" \/>\n<meta property=\"article:published_time\" content=\"2023-11-10T12:51:37+00:00\" \/>\n<meta property=\"article:modified_time\" content=\"2023-11-10T12:59:08+00:00\" \/>\n<meta property=\"og:image\" content=\"https:\/\/news.canadamotorjobs.com\/wp-content\/uploads\/2023\/11\/2025-Toyota-Camry-teaser-1024x576-1.jpg\" \/>\n\t<meta property=\"og:image:width\" content=\"1024\" \/>\n\t<meta property=\"og:image:height\" content=\"576\" \/>\n\t<meta property=\"og:image:type\" content=\"image\/jpeg\" \/>\n<meta name=\"author\" content=\"Benoit Charette\" \/>\n<meta name=\"twitter:card\" content=\"summary_large_image\" \/>\n<meta name=\"twitter:creator\" content=\"@canadamotorjobs\" \/>\n<meta name=\"twitter:site\" content=\"@canadamotorjobs\" \/>\n<meta name=\"twitter:label1\" content=\"\u00c9crit par\" \/>\n\t<meta name=\"twitter:data1\" content=\"Benoit Charette\" \/>\n\t<meta name=\"twitter:label2\" content=\"Estimation du temps de lecture\" \/>\n\t<meta name=\"twitter:data2\" content=\"2 minutes\" \/>\n<!-- \/ Yoast SEO plugin. -->","yoast_head_json":{"title":"La Toyota Camry se refait une beaut\u00e9 pour 2025 - CanadaMotorJobs.com","description":"La Toyota Camry se refait une beaut\u00e9 pour 2025 - Benoit Charette - Annuel automobile - CanadaMotorJobs.com.","robots":{"index":"index","follow":"follow","max-snippet":"max-snippet:-1","max-image-preview":"max-image-preview:large","max-video-preview":"max-video-preview:-1"},"og_locale":"fr_CA","og_type":"article","og_title":"La Toyota Camry se refait une beaut\u00e9 pour 2025 - CanadaMotorJobs.com","og_description":"La Toyota Camry se refait une beaut\u00e9 pour 2025 - Benoit Charette - Annuel automobile - CanadaMotorJobs.com.","og_url":"https:\/\/news.canadamotorjobs.com\/fr\/la-toyota-camry-se-refait-une-beaute-pour-2025\/","og_site_name":"CanadaMotorJobs.com","article_publisher":"https:\/\/www.facebook.com\/canadamotorjobs\/","article_published_time":"2023-11-10T12:51:37+00:00","article_modified_time":"2023-11-10T12:59:08+00:00","og_image":[{"width":1024,"height":576,"url":"https:\/\/news.canadamotorjobs.com\/wp-content\/uploads\/2023\/11\/2025-Toyota-Camry-teaser-1024x576-1.jpg","type":"image\/jpeg"}],"author":"Benoit Charette","twitter_card":"summary_large_image","twitter_creator":"@canadamotorjobs","twitter_site":"@canadamotorjobs","twitter_misc":{"\u00c9crit par":"Benoit Charette","Estimation du temps de lecture":"2 minutes"},"schema":{"@context":"https:\/\/schema.org","@graph":[{"@type":"Article","@id":"https:\/\/news.canadamotorjobs.com\/fr\/la-toyota-camry-se-refait-une-beaute-pour-2025\/#article","isPartOf":{"@id":"https:\/\/news.canadamotorjobs.com\/fr\/la-toyota-camry-se-refait-une-beaute-pour-2025\/"},"author":{"name":"Benoit Charette","@id":"https:\/\/news.canadamotorjobs.com\/#\/schema\/person\/51793d1f87d44011d7bcc2ed99269a90"},"headline":"La Toyota Camry se refait une beaut\u00e9 pour 2025","datePublished":"2023-11-10T12:51:37+00:00","dateModified":"2023-11-10T12:59:08+00:00","mainEntityOfPage":{"@id":"https:\/\/news.canadamotorjobs.com\/fr\/la-toyota-camry-se-refait-une-beaute-pour-2025\/"},"wordCount":421,"publisher":{"@id":"https:\/\/news.canadamotorjobs.com\/#organization"},"image":{"@id":"https:\/\/news.canadamotorjobs.com\/fr\/la-toyota-camry-se-refait-une-beaute-pour-2025\/#primaryimage"},"thumbnailUrl":"https:\/\/news.canadamotorjobs.com\/wp-content\/uploads\/2023\/11\/2025-Toyota-Camry-teaser-1024x576-1.jpg","articleSection":["Annuel automobile"],"inLanguage":"fr-CA"},{"@type":"WebPage","@id":"https:\/\/news.canadamotorjobs.com\/fr\/la-toyota-camry-se-refait-une-beaute-pour-2025\/","url":"https:\/\/news.canadamotorjobs.com\/fr\/la-toyota-camry-se-refait-une-beaute-pour-2025\/","name":"La Toyota Camry se refait une beaut\u00e9 pour 2025 - CanadaMotorJobs.com","isPartOf":{"@id":"https:\/\/news.canadamotorjobs.com\/#website"},"primaryImageOfPage":{"@id":"https:\/\/news.canadamotorjobs.com\/fr\/la-toyota-camry-se-refait-une-beaute-pour-2025\/#primaryimage"},"image":{"@id":"https:\/\/news.canadamotorjobs.com\/fr\/la-toyota-camry-se-refait-une-beaute-pour-2025\/#primaryimage"},"thumbnailUrl":"https:\/\/news.canadamotorjobs.com\/wp-content\/uploads\/2023\/11\/2025-Toyota-Camry-teaser-1024x576-1.jpg","datePublished":"2023-11-10T12:51:37+00:00","dateModified":"2023-11-10T12:59:08+00:00","description":"La Toyota Camry se refait une beaut\u00e9 pour 2025 - Benoit Charette - Annuel automobile - CanadaMotorJobs.com.","breadcrumb":{"@id":"https:\/\/news.canadamotorjobs.com\/fr\/la-toyota-camry-se-refait-une-beaute-pour-2025\/#breadcrumb"},"inLanguage":"fr-CA","potentialAction":[{"@type":"ReadAction","target":["https:\/\/news.canadamotorjobs.com\/fr\/la-toyota-camry-se-refait-une-beaute-pour-2025\/"]}]},{"@type":"ImageObject","inLanguage":"fr-CA","@id":"https:\/\/news.canadamotorjobs.com\/fr\/la-toyota-camry-se-refait-une-beaute-pour-2025\/#primaryimage","url":"https:\/\/news.canadamotorjobs.com\/wp-content\/uploads\/2023\/11\/2025-Toyota-Camry-teaser-1024x576-1.jpg","contentUrl":"https:\/\/news.canadamotorjobs.com\/wp-content\/uploads\/2023\/11\/2025-Toyota-Camry-teaser-1024x576-1.jpg","width":1024,"height":576},{"@type":"BreadcrumbList","@id":"https:\/\/news.canadamotorjobs.com\/fr\/la-toyota-camry-se-refait-une-beaute-pour-2025\/#breadcrumb","itemListElement":[{"@type":"ListItem","position":1,"name":"Home","item":"https:\/\/news.canadamotorjobs.com\/fr\/blog\/"},{"@type":"ListItem","position":2,"name":"La Toyota Camry se refait une beaut\u00e9 pour 2025"}]},{"@type":"WebSite","@id":"https:\/\/news.canadamotorjobs.com\/#website","url":"https:\/\/news.canadamotorjobs.com\/","name":"CanadaMotorJobs.com","description":"Automotive Jobs","publisher":{"@id":"https:\/\/news.canadamotorjobs.com\/#organization"},"potentialAction":[{"@type":"SearchAction","target":{"@type":"EntryPoint","urlTemplate":"https:\/\/news.canadamotorjobs.com\/?s={search_term_string}"},"query-input":"required name=search_term_string"}],"inLanguage":"fr-CA"},{"@type":"Organization","@id":"https:\/\/news.canadamotorjobs.com\/#organization","name":"Canada Motor Jobs","url":"https:\/\/news.canadamotorjobs.com\/","logo":{"@type":"ImageObject","inLanguage":"fr-CA","@id":"https:\/\/news.canadamotorjobs.com\/#\/schema\/logo\/image\/","url":"https:\/\/news.canadamotorjobs.com\/wp-content\/uploads\/2022\/10\/logo-canada-motor-jobs-1.png","contentUrl":"https:\/\/news.canadamotorjobs.com\/wp-content\/uploads\/2022\/10\/logo-canada-motor-jobs-1.png","width":800,"height":400,"caption":"Canada Motor Jobs"},"image":{"@id":"https:\/\/news.canadamotorjobs.com\/#\/schema\/logo\/image\/"},"sameAs":["https:\/\/www.facebook.com\/canadamotorjobs\/","https:\/\/x.com\/canadamotorjobs","https:\/\/www.instagram.com\/canadamotorjobs\/","https:\/\/www.linkedin.com\/company\/canadamotorjobs"]},{"@type":"Person","@id":"https:\/\/news.canadamotorjobs.com\/#\/schema\/person\/51793d1f87d44011d7bcc2ed99269a90","name":"Benoit Charette","image":{"@type":"ImageObject","inLanguage":"fr-CA","@id":"https:\/\/news.canadamotorjobs.com\/#\/schema\/person\/image\/","url":"https:\/\/secure.gravatar.com\/avatar\/45f3d2eebcccd909668d7ce7ea7267b6?s=96&d=mm&r=g","contentUrl":"https:\/\/secure.gravatar.com\/avatar\/45f3d2eebcccd909668d7ce7ea7267b6?s=96&d=mm&r=g","caption":"Benoit Charette"},"description":"Benoit Charette \/ Propri\u00e9taire et r\u00e9dacteur en chef Benoit Charette pratique le journalisme automobile depuis bient\u00f4t 30 ans. Il a fait ses classes au c\u00f4t\u00e9 de Daniel H\u00e9raud et au Carnet de route de 1992 \u00e0 2001. Il est fondateur, copropri\u00e9taire et r\u00e9dacteur en chef de L\u2019Annuel de l\u2019automobile, qu\u2019il publie depuis 2001. Il a anim\u00e9 les \u00e9missions RPM et RPM+ sur V et les L\u00e9gendes de la route sur Historia. \u00c0 la radio depuis 1986, il reprend l\u2019antenne cette ann\u00e9e sur les ondes de Cogeco et participe pour la deuxi\u00e8me ann\u00e9e \u00e0 l\u2019\u00e9mission Passion Auto sur RDS en plus de mettre en ligne le site Web officiel de L\u2019Annuel de l\u2019automobile sur annuelauto.ca.","sameAs":["https:\/\/annuelauto.ca\/"],"url":"https:\/\/news.canadamotorjobs.com\/fr\/author\/benoit-charette\/"}]}},"_links":{"self":[{"href":"https:\/\/news.canadamotorjobs.com\/fr\/wp-json\/wp\/v2\/posts\/153529"}],"collection":[{"href":"https:\/\/news.canadamotorjobs.com\/fr\/wp-json\/wp\/v2\/posts"}],"about":[{"href":"https:\/\/news.canadamotorjobs.com\/fr\/wp-json\/wp\/v2\/types\/post"}],"author":[{"embeddable":true,"href":"https:\/\/news.canadamotorjobs.com\/fr\/wp-json\/wp\/v2\/users\/8"}],"replies":[{"embeddable":true,"href":"https:\/\/news.canadamotorjobs.com\/fr\/wp-json\/wp\/v2\/comments?post=153529"}],"version-history":[{"count":2,"href":"https:\/\/news.canadamotorjobs.com\/fr\/wp-json\/wp\/v2\/posts\/153529\/revisions"}],"predecessor-version":[{"id":153533,"href":"https:\/\/news.canadamotorjobs.com\/fr\/wp-json\/wp\/v2\/posts\/153529\/revisions\/153533"}],"wp:featuredmedia":[{"embeddable":true,"href":"https:\/\/news.canadamotorjobs.com\/fr\/wp-json\/wp\/v2\/media\/153531"}],"wp:attachment":[{"href":"https:\/\/news.canadamotorjobs.com\/fr\/wp-json\/wp\/v2\/media?parent=153529"}],"wp:term":[{"taxonomy":"category","embeddable":true,"href":"https:\/\/news.canadamotorjobs.com\/fr\/wp-json\/wp\/v2\/categories?post=153529"},{"taxonomy":"post_tag","embeddable":true,"href":"https:\/\/news.canadamotorjobs.com\/fr\/wp-json\/wp\/v2\/tags?post=153529"}],"curies":[{"name":"wp","href":"https:\/\/api.w.org\/{rel}","templated":true}]}}