{"id":153473,"date":"2023-11-09T11:56:14","date_gmt":"2023-11-09T16:56:14","guid":{"rendered":"https:\/\/news.canadamotorjobs.com\/?p=153473"},"modified":"2023-11-09T12:43:57","modified_gmt":"2023-11-09T17:43:57","slug":"le-salon-retromobile-prepare-une-fete-pour-les-100-ans-de-mg","status":"publish","type":"post","link":"https:\/\/news.canadamotorjobs.com\/fr\/le-salon-retromobile-prepare-une-fete-pour-les-100-ans-de-mg\/","title":{"rendered":"Le salon R\u00e9tromobile pr\u00e9pare une f\u00eate pour les 100 ans de MG"},"content":{"rendered":"<\/p>\n<p>MG a 100\u00a0ans. Depuis quelques mois, des passionn\u00e9s des quatre coins du monde c\u00e9l\u00e8brent ce centenaire. Et \u00e7a ne s\u2019arr\u00eatera pas l\u00e0, car d\u2019autres festivit\u00e9s sont pr\u00e9vues dans diff\u00e9rentes r\u00e9gions du monde en 2024, \u00e0 commencer par Paris. L\u2019affiche officielle de la 48e\u00a0\u00e9dition du salon R\u00e9tromobile, qui ouvre ses portes dans la Ville lumi\u00e8re \u00e0 la fin de janvier, pr\u00e9figure avec l\u2019EX181 le clin d\u2019\u0153il qui sera consacr\u00e9 \u00e0 la marque cr\u00e9\u00e9e par le Britannique <a href=\"https:\/\/annuelauto.ca\/12-avril-1888-maissance-de-cecil-kimber-fondateur-de-mg\/\" target=\"_blank\" rel=\"noopener noreferrer\">Cecil Kimber<\/a>.<\/p>\n<p>Cette c\u00e9l\u00e9bration rappellera un centenaire jalonn\u00e9 de nombreuses cr\u00e9ations originales et marquantes, mais aussi un parcours historique sinueux. Britannique \u00e0 sa naissance, cette marque a \u00e9t\u00e9 int\u00e9gr\u00e9e successivement \u00e0 plusieurs consortiums de la fi\u00e8re Albion avant de devenir chinoise, lorsque Nanjing Auto l\u2019a rachet\u00e9e en 2005. Un constructeur qui sera lui-m\u00eame absorb\u00e9 deux ans plus tard par le g\u00e9ant chinois <a href=\"https:\/\/annuelauto.ca\/maxus-la-marque-qui-a-ete-britannique-russe-puis-chinoise\/\" target=\"_blank\" rel=\"noopener noreferrer\">SAIC<\/a>.<\/p>\n<p>Tous ces bouleversements n\u2019ont rien chang\u00e9 \u00e0 la passion que plusieurs vouent \u00e0 cette marque. Les organisateurs de ce salon l\u2019ont compris. \u00ab\u00a0\u00c0 l\u2019occasion des 100\u00a0ans de MG, R\u00e9tromobile fera (re)d\u00e9couvrir l\u2019histoire de cette marque embl\u00e9matique originaire de Grande-Bretagne \u00e0 travers des archives in\u00e9dites et des v\u00e9hicules encore jamais vus en France\u00bb, expliquent-ils dans un communiqu\u00e9.<\/p>\n<h3><strong>Plusieurs v\u00e9hicules historiquement importants<\/strong><\/h3>\n<p>\nOn fait miroiter une exposition in\u00e9dite r\u00e9unissant une douzaine de v\u00e9hicules qui sera organis\u00e9e en partenariat par le MG\u00a0Club de France et le British Motor Museum de Gaydon, en Angleterre.<\/p>\n<p>Elle verra notamment quelques v\u00e9hicules uniques provenant du mus\u00e9e et de ses r\u00e9serves qui ont marqu\u00e9 l\u2019histoire de MG comme, par exemple, la \u00ab\u00a0Old\u00a0Number\u00a0One\u00a0\u00bb de 1925, qu\u2019on d\u00e9crit g\u00e9n\u00e9ralement comme la \u00ab\u00a0premi\u00e8re MG\u00a0\u00bb.<\/p>\n<p>On verra aussi deux voitures de record\u00a0: la MG\u00a0EX135, qui avait atteint la vitesse de 187,6 mi\/h (301,9\u00a0km\/h) sur une autobahn en Allemagne, en 1938, et, pour faire honneur \u00e0 l\u2019affiche de R\u00e9tromobile, l\u2019EX181 qui a \u00e9tabli six records mondiaux de vitesse et d\u2019endurance entre 1957 et 1959 avec Stirling Moss et Phil Hill \u00e0 ses commandes.<\/p>\n<p>SAIC, le constructeur qui commercialise aujourd\u2019hui une gamme de produits MG sur le vieux continent, pr\u00e9sentera aussi sur son kiosque une r\u00e9trospective d\u00e9di\u00e9e aux roadsters de la marque. On y verra peut-\u00eatre aussi la <a href=\"https:\/\/annuelauto.ca\/mg-aura-sa-petite-sportive-electrique\/\" target=\"_blank\" rel=\"noopener noreferrer\">Cyberster<\/a>, son nouveau mod\u00e8le vedette.<\/p>\n<h3><strong>Un centenaire \u00ab\u00a0modulable\u00a0\u00bb<\/strong><\/h3>\n<p>\nL\u2019exposition pr\u00e9sent\u00e9e \u00e0 Paris ne sera pas la premi\u00e8re \u00e0 souligner ce centenaire. Le MG\u00a0Car\u00a0Club, une association fond\u00e9e en 1930 \u00e0 Abingdon, o\u00f9 des MG ont \u00e9t\u00e9 fabriqu\u00e9es de 1929 \u00e0 1980, nous le rappelle avec son calendrier de c\u00e9l\u00e9brations.<\/p>\n<p>Depuis le mois de mai, il y en a eu au Luxembourg, en Autriche, en Allemagne et en France, mais aussi au Danemark, en Afrique du Sud, aux \u00c9tats-Unis et m\u00eame au Japon. Plusieurs autres sont pr\u00e9vues en 2024, par exemple en Nouvelle-Z\u00e9lande et en Australie, au Luxembourg et en Suisse, et naturellement dans plusieurs villes du Royaume-Uni.<\/p>\n<p>Apr\u00e8s tout, une vari\u00e9t\u00e9 de points de rep\u00e8re historiques peuvent justifier le choix d\u2019une date en particulier pour marquer le tournant de ce centenaire. Par exemple, certains ont choisi le mois de juin cette ann\u00e9e pour rappeler le jour o\u00f9 Cecil Kimber aurait livr\u00e9 les six premi\u00e8res Morris modifi\u00e9es \u00e0 son initiative par Morris Garage d\u2019Oxford, l\u2019entreprise qui l\u2019employait en 1923.<\/p>\n<p>D\u2019autres organisateurs ont pr\u00e9f\u00e9r\u00e9 pointer le mois de novembre 1923 o\u00f9, pour la premi\u00e8re fois, une publicit\u00e9 publi\u00e9e dans un journal d\u2019Oxford a annonc\u00e9 un produit MG en affichant l\u2019\u00e9cusson octogonal.<\/p>\n<p>Il faut aussi pr\u00e9voir des c\u00e9l\u00e9brations autour du 1er mai 2024. Apr\u00e8s tout, ce jour-l\u00e0, il y a 100\u00a0ans, ce fameux logo est devenu officiellement une marque de commerce enregistr\u00e9e.<\/p>\n<h3><strong>R\u00e9tromobile, un grand salon<\/strong><\/h3>\n<p>\nRappelons qu\u2019en janvier dernier, le salon R\u00e9tromobile a accueilli plus de 125\u00a0000\u00a0visiteurs, soit la plus grande assistance obtenue depuis sa cr\u00e9ation en 1976. Cette exposition pr\u00e9sentait environ 1\u00a0000\u00a0v\u00e9hicules anciens et de collection, de m\u00eame que plus de 500 exposants dont 12 constructeurs. Pr\u00e9sent\u00e9e au complexe \u00e9v\u00e9nementiel Paris\u00a0Expo Porte\u00a0de\u00a0Versailles, l\u2019\u00e9dition 2024 au lieu du 31 janvier au 4 f\u00e9vrier prochain.<\/p>\n<p><em>Photos : British Motor Museum et MG<br \/>\n<\/em><\/p>\n<p>Le texte <a rel=\"nofollow\" href=\"https:\/\/annuelauto.ca\/le-salon-retromobile-prepare-une-fete-pour-les-100-ans-de-mg\/\">Le salon R\u00e9tromobile pr\u00e9pare une f\u00eate pour les 100 ans de MG<\/a> provient de <a rel=\"nofollow\" href=\"https:\/\/annuelauto.ca\">L&#8217;annuel de l&#8217;automobile &#8211; Actualit\u00e9 automobile<\/a><\/p>\n<p><\/p>\n","protected":false},"excerpt":{"rendered":"<p>MG a 100\u00a0ans. Depuis quelques mois, des passionn\u00e9s des quatre coins du monde c\u00e9l\u00e8brent ce centenaire. Et \u00e7a ne s\u2019arr\u00eatera pas l\u00e0, car d\u2019autres festivit\u00e9s sont pr\u00e9vues dans diff\u00e9rentes r\u00e9gions du monde en 2024, \u00e0 commencer par Paris. L\u2019affiche officielle de la 48e\u00a0\u00e9dition du salon R\u00e9tromobile, qui ouvre ses portes dans la Ville lumi\u00e8re \u00e0 [&hellip;]<\/p>\n","protected":false},"author":8,"featured_media":153475,"comment_status":"close","ping_status":"closed","sticky":false,"template":"","format":"standard","meta":{"_monsterinsights_skip_tracking":false,"_monsterinsights_sitenote_active":false,"_monsterinsights_sitenote_note":"","_monsterinsights_sitenote_category":0,"footnotes":""},"categories":[101],"tags":[],"yoast_head":"<!-- This site is optimized with the Yoast SEO plugin v23.2 - https:\/\/yoast.com\/wordpress\/plugins\/seo\/ -->\n<title>Le salon R\u00e9tromobile pr\u00e9pare une f\u00eate pour les 100 ans de MG - CanadaMotorJobs.com<\/title>\n<meta name=\"description\" content=\"Le salon R\u00e9tromobile pr\u00e9pare une f\u00eate pour les 100 ans de MG - Benoit Charette - Annuel automobile - CanadaMotorJobs.com.\" \/>\n<meta name=\"robots\" content=\"index, follow, max-snippet:-1, max-image-preview:large, max-video-preview:-1\" \/>\n<meta property=\"og:locale\" content=\"fr_CA\" \/>\n<meta property=\"og:type\" content=\"article\" \/>\n<meta property=\"og:title\" content=\"Le salon R\u00e9tromobile pr\u00e9pare une f\u00eate pour les 100 ans de MG - CanadaMotorJobs.com\" \/>\n<meta property=\"og:description\" content=\"Le salon R\u00e9tromobile pr\u00e9pare une f\u00eate pour les 100 ans de MG - Benoit Charette - Annuel automobile - CanadaMotorJobs.com.\" \/>\n<meta property=\"og:url\" content=\"https:\/\/news.canadamotorjobs.com\/fr\/le-salon-retromobile-prepare-une-fete-pour-les-100-ans-de-mg\/\" \/>\n<meta property=\"og:site_name\" content=\"CanadaMotorJobs.com\" \/>\n<meta property=\"article:publisher\" content=\"https:\/\/www.facebook.com\/canadamotorjobs\/\" \/>\n<meta property=\"article:published_time\" content=\"2023-11-09T16:56:14+00:00\" \/>\n<meta property=\"article:modified_time\" content=\"2023-11-09T17:43:57+00:00\" \/>\n<meta property=\"og:image\" content=\"https:\/\/news.canadamotorjobs.com\/wp-content\/uploads\/2023\/11\/MG-EX-181-1957.jpg\" \/>\n\t<meta property=\"og:image:width\" content=\"1024\" \/>\n\t<meta property=\"og:image:height\" content=\"683\" \/>\n\t<meta property=\"og:image:type\" content=\"image\/jpeg\" \/>\n<meta name=\"author\" content=\"Benoit Charette\" \/>\n<meta name=\"twitter:card\" content=\"summary_large_image\" \/>\n<meta name=\"twitter:creator\" content=\"@canadamotorjobs\" \/>\n<meta name=\"twitter:site\" content=\"@canadamotorjobs\" \/>\n<meta name=\"twitter:label1\" content=\"\u00c9crit par\" \/>\n\t<meta name=\"twitter:data1\" content=\"Benoit Charette\" \/>\n\t<meta name=\"twitter:label2\" content=\"Estimation du temps de lecture\" \/>\n\t<meta name=\"twitter:data2\" content=\"4 minutes\" \/>\n<!-- \/ Yoast SEO plugin. -->","yoast_head_json":{"title":"Le salon R\u00e9tromobile pr\u00e9pare une f\u00eate pour les 100 ans de MG - CanadaMotorJobs.com","description":"Le salon R\u00e9tromobile pr\u00e9pare une f\u00eate pour les 100 ans de MG - Benoit Charette - Annuel automobile - CanadaMotorJobs.com.","robots":{"index":"index","follow":"follow","max-snippet":"max-snippet:-1","max-image-preview":"max-image-preview:large","max-video-preview":"max-video-preview:-1"},"og_locale":"fr_CA","og_type":"article","og_title":"Le salon R\u00e9tromobile pr\u00e9pare une f\u00eate pour les 100 ans de MG - CanadaMotorJobs.com","og_description":"Le salon R\u00e9tromobile pr\u00e9pare une f\u00eate pour les 100 ans de MG - Benoit Charette - Annuel automobile - CanadaMotorJobs.com.","og_url":"https:\/\/news.canadamotorjobs.com\/fr\/le-salon-retromobile-prepare-une-fete-pour-les-100-ans-de-mg\/","og_site_name":"CanadaMotorJobs.com","article_publisher":"https:\/\/www.facebook.com\/canadamotorjobs\/","article_published_time":"2023-11-09T16:56:14+00:00","article_modified_time":"2023-11-09T17:43:57+00:00","og_image":[{"width":1024,"height":683,"url":"https:\/\/news.canadamotorjobs.com\/wp-content\/uploads\/2023\/11\/MG-EX-181-1957.jpg","type":"image\/jpeg"}],"author":"Benoit Charette","twitter_card":"summary_large_image","twitter_creator":"@canadamotorjobs","twitter_site":"@canadamotorjobs","twitter_misc":{"\u00c9crit par":"Benoit Charette","Estimation du temps de lecture":"4 minutes"},"schema":{"@context":"https:\/\/schema.org","@graph":[{"@type":"Article","@id":"https:\/\/news.canadamotorjobs.com\/fr\/le-salon-retromobile-prepare-une-fete-pour-les-100-ans-de-mg\/#article","isPartOf":{"@id":"https:\/\/news.canadamotorjobs.com\/fr\/le-salon-retromobile-prepare-une-fete-pour-les-100-ans-de-mg\/"},"author":{"name":"Benoit Charette","@id":"https:\/\/news.canadamotorjobs.com\/#\/schema\/person\/51793d1f87d44011d7bcc2ed99269a90"},"headline":"Le salon R\u00e9tromobile pr\u00e9pare une f\u00eate pour les 100 ans de MG","datePublished":"2023-11-09T16:56:14+00:00","dateModified":"2023-11-09T17:43:57+00:00","mainEntityOfPage":{"@id":"https:\/\/news.canadamotorjobs.com\/fr\/le-salon-retromobile-prepare-une-fete-pour-les-100-ans-de-mg\/"},"wordCount":772,"publisher":{"@id":"https:\/\/news.canadamotorjobs.com\/#organization"},"image":{"@id":"https:\/\/news.canadamotorjobs.com\/fr\/le-salon-retromobile-prepare-une-fete-pour-les-100-ans-de-mg\/#primaryimage"},"thumbnailUrl":"https:\/\/news.canadamotorjobs.com\/wp-content\/uploads\/2023\/11\/MG-EX-181-1957.jpg","articleSection":["Annuel automobile"],"inLanguage":"fr-CA"},{"@type":"WebPage","@id":"https:\/\/news.canadamotorjobs.com\/fr\/le-salon-retromobile-prepare-une-fete-pour-les-100-ans-de-mg\/","url":"https:\/\/news.canadamotorjobs.com\/fr\/le-salon-retromobile-prepare-une-fete-pour-les-100-ans-de-mg\/","name":"Le salon R\u00e9tromobile pr\u00e9pare une f\u00eate pour les 100 ans de MG - CanadaMotorJobs.com","isPartOf":{"@id":"https:\/\/news.canadamotorjobs.com\/#website"},"primaryImageOfPage":{"@id":"https:\/\/news.canadamotorjobs.com\/fr\/le-salon-retromobile-prepare-une-fete-pour-les-100-ans-de-mg\/#primaryimage"},"image":{"@id":"https:\/\/news.canadamotorjobs.com\/fr\/le-salon-retromobile-prepare-une-fete-pour-les-100-ans-de-mg\/#primaryimage"},"thumbnailUrl":"https:\/\/news.canadamotorjobs.com\/wp-content\/uploads\/2023\/11\/MG-EX-181-1957.jpg","datePublished":"2023-11-09T16:56:14+00:00","dateModified":"2023-11-09T17:43:57+00:00","description":"Le salon R\u00e9tromobile pr\u00e9pare une f\u00eate pour les 100 ans de MG - Benoit Charette - Annuel automobile - CanadaMotorJobs.com.","breadcrumb":{"@id":"https:\/\/news.canadamotorjobs.com\/fr\/le-salon-retromobile-prepare-une-fete-pour-les-100-ans-de-mg\/#breadcrumb"},"inLanguage":"fr-CA","potentialAction":[{"@type":"ReadAction","target":["https:\/\/news.canadamotorjobs.com\/fr\/le-salon-retromobile-prepare-une-fete-pour-les-100-ans-de-mg\/"]}]},{"@type":"ImageObject","inLanguage":"fr-CA","@id":"https:\/\/news.canadamotorjobs.com\/fr\/le-salon-retromobile-prepare-une-fete-pour-les-100-ans-de-mg\/#primaryimage","url":"https:\/\/news.canadamotorjobs.com\/wp-content\/uploads\/2023\/11\/MG-EX-181-1957.jpg","contentUrl":"https:\/\/news.canadamotorjobs.com\/wp-content\/uploads\/2023\/11\/MG-EX-181-1957.jpg","width":1024,"height":683},{"@type":"BreadcrumbList","@id":"https:\/\/news.canadamotorjobs.com\/fr\/le-salon-retromobile-prepare-une-fete-pour-les-100-ans-de-mg\/#breadcrumb","itemListElement":[{"@type":"ListItem","position":1,"name":"Home","item":"https:\/\/news.canadamotorjobs.com\/fr\/blog\/"},{"@type":"ListItem","position":2,"name":"Le salon R\u00e9tromobile pr\u00e9pare une f\u00eate pour les 100 ans de MG"}]},{"@type":"WebSite","@id":"https:\/\/news.canadamotorjobs.com\/#website","url":"https:\/\/news.canadamotorjobs.com\/","name":"CanadaMotorJobs.com","description":"Automotive Jobs","publisher":{"@id":"https:\/\/news.canadamotorjobs.com\/#organization"},"potentialAction":[{"@type":"SearchAction","target":{"@type":"EntryPoint","urlTemplate":"https:\/\/news.canadamotorjobs.com\/?s={search_term_string}"},"query-input":"required name=search_term_string"}],"inLanguage":"fr-CA"},{"@type":"Organization","@id":"https:\/\/news.canadamotorjobs.com\/#organization","name":"Canada Motor Jobs","url":"https:\/\/news.canadamotorjobs.com\/","logo":{"@type":"ImageObject","inLanguage":"fr-CA","@id":"https:\/\/news.canadamotorjobs.com\/#\/schema\/logo\/image\/","url":"https:\/\/news.canadamotorjobs.com\/wp-content\/uploads\/2022\/10\/logo-canada-motor-jobs-1.png","contentUrl":"https:\/\/news.canadamotorjobs.com\/wp-content\/uploads\/2022\/10\/logo-canada-motor-jobs-1.png","width":800,"height":400,"caption":"Canada Motor Jobs"},"image":{"@id":"https:\/\/news.canadamotorjobs.com\/#\/schema\/logo\/image\/"},"sameAs":["https:\/\/www.facebook.com\/canadamotorjobs\/","https:\/\/x.com\/canadamotorjobs","https:\/\/www.instagram.com\/canadamotorjobs\/","https:\/\/www.linkedin.com\/company\/canadamotorjobs"]},{"@type":"Person","@id":"https:\/\/news.canadamotorjobs.com\/#\/schema\/person\/51793d1f87d44011d7bcc2ed99269a90","name":"Benoit Charette","image":{"@type":"ImageObject","inLanguage":"fr-CA","@id":"https:\/\/news.canadamotorjobs.com\/#\/schema\/person\/image\/","url":"https:\/\/secure.gravatar.com\/avatar\/45f3d2eebcccd909668d7ce7ea7267b6?s=96&d=mm&r=g","contentUrl":"https:\/\/secure.gravatar.com\/avatar\/45f3d2eebcccd909668d7ce7ea7267b6?s=96&d=mm&r=g","caption":"Benoit Charette"},"description":"Benoit Charette \/ Propri\u00e9taire et r\u00e9dacteur en chef Benoit Charette pratique le journalisme automobile depuis bient\u00f4t 30 ans. Il a fait ses classes au c\u00f4t\u00e9 de Daniel H\u00e9raud et au Carnet de route de 1992 \u00e0 2001. Il est fondateur, copropri\u00e9taire et r\u00e9dacteur en chef de L\u2019Annuel de l\u2019automobile, qu\u2019il publie depuis 2001. Il a anim\u00e9 les \u00e9missions RPM et RPM+ sur V et les L\u00e9gendes de la route sur Historia. \u00c0 la radio depuis 1986, il reprend l\u2019antenne cette ann\u00e9e sur les ondes de Cogeco et participe pour la deuxi\u00e8me ann\u00e9e \u00e0 l\u2019\u00e9mission Passion Auto sur RDS en plus de mettre en ligne le site Web officiel de L\u2019Annuel de l\u2019automobile sur annuelauto.ca.","sameAs":["https:\/\/annuelauto.ca\/"],"url":"https:\/\/news.canadamotorjobs.com\/fr\/author\/benoit-charette\/"}]}},"_links":{"self":[{"href":"https:\/\/news.canadamotorjobs.com\/fr\/wp-json\/wp\/v2\/posts\/153473"}],"collection":[{"href":"https:\/\/news.canadamotorjobs.com\/fr\/wp-json\/wp\/v2\/posts"}],"about":[{"href":"https:\/\/news.canadamotorjobs.com\/fr\/wp-json\/wp\/v2\/types\/post"}],"author":[{"embeddable":true,"href":"https:\/\/news.canadamotorjobs.com\/fr\/wp-json\/wp\/v2\/users\/8"}],"replies":[{"embeddable":true,"href":"https:\/\/news.canadamotorjobs.com\/fr\/wp-json\/wp\/v2\/comments?post=153473"}],"version-history":[{"count":2,"href":"https:\/\/news.canadamotorjobs.com\/fr\/wp-json\/wp\/v2\/posts\/153473\/revisions"}],"predecessor-version":[{"id":153477,"href":"https:\/\/news.canadamotorjobs.com\/fr\/wp-json\/wp\/v2\/posts\/153473\/revisions\/153477"}],"wp:featuredmedia":[{"embeddable":true,"href":"https:\/\/news.canadamotorjobs.com\/fr\/wp-json\/wp\/v2\/media\/153475"}],"wp:attachment":[{"href":"https:\/\/news.canadamotorjobs.com\/fr\/wp-json\/wp\/v2\/media?parent=153473"}],"wp:term":[{"taxonomy":"category","embeddable":true,"href":"https:\/\/news.canadamotorjobs.com\/fr\/wp-json\/wp\/v2\/categories?post=153473"},{"taxonomy":"post_tag","embeddable":true,"href":"https:\/\/news.canadamotorjobs.com\/fr\/wp-json\/wp\/v2\/tags?post=153473"}],"curies":[{"name":"wp","href":"https:\/\/api.w.org\/{rel}","templated":true}]}}