{"id":153427,"date":"2023-11-09T06:20:21","date_gmt":"2023-11-09T11:20:21","guid":{"rendered":"https:\/\/news.canadamotorjobs.com\/?p=153427"},"modified":"2023-11-09T06:28:59","modified_gmt":"2023-11-09T11:28:59","slug":"voici-la-nouvelle-mini-john-cooper-works-countryman","status":"publish","type":"post","link":"https:\/\/news.canadamotorjobs.com\/fr\/voici-la-nouvelle-mini-john-cooper-works-countryman\/","title":{"rendered":"Voici la nouvelle MINI John Cooper Works Countryman"},"content":{"rendered":"<\/p>\n<p>Les mod\u00e8les MINI John Cooper Works ont toujours \u00e9t\u00e9 reconnus pour leurs performances impressionnantes. Le nouveau MINI John Cooper Works Countryman, propuls\u00e9 par un moteur quatre cylindres de 2,0 litres, incarne cette exp\u00e9rience de conduite incomparable.<\/p>\n<h3><strong>Une nouvelle \u00e9volution<\/strong><\/h3>\n<p>\nLa nouvelle g\u00e9n\u00e9ration de ce v\u00e9hicule polyvalent spacieux s&#8217;est agrandie, offrant plus d&#8217;espace, de confort et de s\u00e9curit\u00e9. Avec sa transmission int\u00e9grale ALL4, ce Crossover excelle \u00e9galement en dehors de la route.<\/p>\n<h3><strong>Un style unique<\/strong><\/h3>\n<p>\nLa MINI John Cooper Works est une combinaison unique de style, de puissance et d&#8217;aventure. Son moteur puissant et son design sportif en font le compagnon id\u00e9al pour les amateurs de voitures sp\u00e9ciales.<\/p>\n<h3><strong>Design \u00e9pur\u00e9 et a\u00e9rodynamique<\/strong><\/h3>\n<p>\nLe nouveau design arbore une silhouette droite et minimaliste, conf\u00e9rant \u00e0 la MINI John Cooper Works Countryman un sentiment d&#8217;aventure, de polyvalence et de fiabilit\u00e9. Le logo John Cooper Works, modernis\u00e9, ajoute une touche distinctive. Pour la premi\u00e8re fois, le logo est utilis\u00e9 avec des couleurs classiques noir, rouge et blanc.<\/p>\n<h3><strong>Performance de haut niveau<\/strong><\/h3>\n<p>\nAvec un coefficient de tra\u00een\u00e9e de seulement 0,26, la MINI John Cooper Works Countryman est l&#8217;une des voitures les plus a\u00e9rodynamiques de sa cat\u00e9gorie. Son moteur de 312 ch lui permet d&#8217;atteindre 0 \u00e0 100 km\/h en seulement 5,4 secondes, offrant une exp\u00e9rience de conduite exaltante.<\/p>\n<h3><strong>Transmission int\u00e9grale<\/strong><\/h3>\n<p>\nLa transmission int\u00e9grale de s\u00e9rie r\u00e9partit la puissance avec pr\u00e9cision et fiabilit\u00e9, tandis qu&#8217;un syst\u00e8me de freinage haute performance assure une d\u00e9c\u00e9l\u00e9ration puissante et pr\u00e9cise. Le son caract\u00e9ristique du syst\u00e8me d&#8217;\u00e9chappement renforce l&#8217;exp\u00e9rience de conduite.<\/p>\n<h3><strong>Conduite dynamique<\/strong><\/h3>\n<p>\nDes composants optimis\u00e9s, un turbocompresseur d&#8217;\u00e9chappement avanc\u00e9 et des ajustements moteur permettent de tirer le maximum de puissance du moteur turbo de deux litres. Le diam\u00e8tre des pneus, \u00e9largi de 30 mm, renforce la sensation typique de karting de la MINI.<\/p>\n<h3><strong>Une bonne dose de techno <\/strong><\/h3>\n<p>\nLes syst\u00e8mes d&#8217;assistance avanc\u00e9s offrent un confort accru. La MINI JCW Countryman est \u00e9quip\u00e9e de 12 capteurs \u00e0 ultrasons et de quatre cam\u00e9ras de surveillance, permettant une conduite partiellement automatis\u00e9e de niveau 2.. L&#8217;ext\u00e9rieur du nouveau MINI John Cooper Works Countryman pr\u00e9sente des \u00e9l\u00e9ments a\u00e9rodynamiques distinctifs, des phares au DEL et une calandre octogonale en noir brillant.<\/p>\n<h3><strong>Int\u00e9rieur minimaliste<\/strong><\/h3>\n<p>\nL&#8217;int\u00e9rieur minimaliste met en valeur l&#8217;ADN de la course automobile. La palette de couleurs rouge et noire rappelle l&#8217;h\u00e9ritage de MINI en mati\u00e8re de course. La polyvalence est \u00e9galement mise en avant avec une rang\u00e9e de si\u00e8ges arri\u00e8re r\u00e9glable en longueur.<\/p>\n<h3><strong>Exp\u00e9rience de conduite personnalis\u00e9e<\/strong><\/h3>\n<p>\nL&#8217;utilisation des interrupteurs \u00e0 bascule et de l&#8217;\u00e9cran OLED central permet de personnaliser l&#8217;ambiance de conduite avec diff\u00e9rents modes. Le mode karting offre une exp\u00e9rience sportive intense.<\/p>\n<h3><strong>Et le prix<\/strong><\/h3>\n<p>\nLa MINI John Cooper Works Countryman d\u00e9butera \u00e0 56 290 $ CAD au Canada, avec une production pr\u00e9vue pour mars 2024 et des livraisons chez les concessionnaires en mai 2024.<\/p>\n<p>\u00a0<\/p>\n<p>Le texte <a rel=\"nofollow\" href=\"https:\/\/annuelauto.ca\/voici-la-nouvelle-mini-john-cooper-works-countryman\/\">Voici la nouvelle MINI John Cooper Works Countryman<\/a> provient de <a rel=\"nofollow\" href=\"https:\/\/annuelauto.ca\">L&#8217;annuel de l&#8217;automobile &#8211; Actualit\u00e9 automobile<\/a><\/p>\n<p><\/p>\n","protected":false},"excerpt":{"rendered":"<p>Les mod\u00e8les MINI John Cooper Works ont toujours \u00e9t\u00e9 reconnus pour leurs performances impressionnantes. Le nouveau MINI John Cooper Works Countryman, propuls\u00e9 par un moteur quatre cylindres de 2,0 litres, incarne cette exp\u00e9rience de conduite incomparable. Une nouvelle \u00e9volution La nouvelle g\u00e9n\u00e9ration de ce v\u00e9hicule polyvalent spacieux s&#8217;est agrandie, offrant plus d&#8217;espace, de confort et [&hellip;]<\/p>\n","protected":false},"author":8,"featured_media":153429,"comment_status":"close","ping_status":"closed","sticky":false,"template":"","format":"standard","meta":{"_monsterinsights_skip_tracking":false,"_monsterinsights_sitenote_active":false,"_monsterinsights_sitenote_note":"","_monsterinsights_sitenote_category":0,"footnotes":""},"categories":[101],"tags":[],"yoast_head":"<!-- This site is optimized with the Yoast SEO plugin v23.2 - https:\/\/yoast.com\/wordpress\/plugins\/seo\/ -->\n<title>Voici la nouvelle MINI John Cooper Works Countryman - CanadaMotorJobs.com<\/title>\n<meta name=\"description\" content=\"Voici la nouvelle MINI John Cooper Works Countryman - Benoit Charette - Annuel automobile - CanadaMotorJobs.com.\" \/>\n<meta name=\"robots\" content=\"index, follow, max-snippet:-1, max-image-preview:large, max-video-preview:-1\" \/>\n<meta property=\"og:locale\" content=\"fr_CA\" \/>\n<meta property=\"og:type\" content=\"article\" \/>\n<meta property=\"og:title\" content=\"Voici la nouvelle MINI John Cooper Works Countryman - CanadaMotorJobs.com\" \/>\n<meta property=\"og:description\" content=\"Voici la nouvelle MINI John Cooper Works Countryman - Benoit Charette - Annuel automobile - CanadaMotorJobs.com.\" \/>\n<meta property=\"og:url\" content=\"https:\/\/news.canadamotorjobs.com\/fr\/voici-la-nouvelle-mini-john-cooper-works-countryman\/\" \/>\n<meta property=\"og:site_name\" content=\"CanadaMotorJobs.com\" \/>\n<meta property=\"article:publisher\" content=\"https:\/\/www.facebook.com\/canadamotorjobs\/\" \/>\n<meta property=\"article:published_time\" content=\"2023-11-09T11:20:21+00:00\" \/>\n<meta property=\"article:modified_time\" content=\"2023-11-09T11:28:59+00:00\" \/>\n<meta property=\"og:image\" content=\"https:\/\/news.canadamotorjobs.com\/wp-content\/uploads\/2023\/11\/P90530241_highRes.jpg\" \/>\n\t<meta property=\"og:image:width\" content=\"1200\" \/>\n\t<meta property=\"og:image:height\" content=\"800\" \/>\n\t<meta property=\"og:image:type\" content=\"image\/jpeg\" \/>\n<meta name=\"author\" content=\"Benoit Charette\" \/>\n<meta name=\"twitter:card\" content=\"summary_large_image\" \/>\n<meta name=\"twitter:creator\" content=\"@canadamotorjobs\" \/>\n<meta name=\"twitter:site\" content=\"@canadamotorjobs\" \/>\n<meta name=\"twitter:label1\" content=\"\u00c9crit par\" \/>\n\t<meta name=\"twitter:data1\" content=\"Benoit Charette\" \/>\n\t<meta name=\"twitter:label2\" content=\"Estimation du temps de lecture\" \/>\n\t<meta name=\"twitter:data2\" content=\"3 minutes\" \/>\n<!-- \/ Yoast SEO plugin. -->","yoast_head_json":{"title":"Voici la nouvelle MINI John Cooper Works Countryman - CanadaMotorJobs.com","description":"Voici la nouvelle MINI John Cooper Works Countryman - Benoit Charette - Annuel automobile - CanadaMotorJobs.com.","robots":{"index":"index","follow":"follow","max-snippet":"max-snippet:-1","max-image-preview":"max-image-preview:large","max-video-preview":"max-video-preview:-1"},"og_locale":"fr_CA","og_type":"article","og_title":"Voici la nouvelle MINI John Cooper Works Countryman - CanadaMotorJobs.com","og_description":"Voici la nouvelle MINI John Cooper Works Countryman - Benoit Charette - Annuel automobile - CanadaMotorJobs.com.","og_url":"https:\/\/news.canadamotorjobs.com\/fr\/voici-la-nouvelle-mini-john-cooper-works-countryman\/","og_site_name":"CanadaMotorJobs.com","article_publisher":"https:\/\/www.facebook.com\/canadamotorjobs\/","article_published_time":"2023-11-09T11:20:21+00:00","article_modified_time":"2023-11-09T11:28:59+00:00","og_image":[{"width":1200,"height":800,"url":"https:\/\/news.canadamotorjobs.com\/wp-content\/uploads\/2023\/11\/P90530241_highRes.jpg","type":"image\/jpeg"}],"author":"Benoit Charette","twitter_card":"summary_large_image","twitter_creator":"@canadamotorjobs","twitter_site":"@canadamotorjobs","twitter_misc":{"\u00c9crit par":"Benoit Charette","Estimation du temps de lecture":"3 minutes"},"schema":{"@context":"https:\/\/schema.org","@graph":[{"@type":"Article","@id":"https:\/\/news.canadamotorjobs.com\/fr\/voici-la-nouvelle-mini-john-cooper-works-countryman\/#article","isPartOf":{"@id":"https:\/\/news.canadamotorjobs.com\/fr\/voici-la-nouvelle-mini-john-cooper-works-countryman\/"},"author":{"name":"Benoit Charette","@id":"https:\/\/news.canadamotorjobs.com\/#\/schema\/person\/51793d1f87d44011d7bcc2ed99269a90"},"headline":"Voici la nouvelle MINI John Cooper Works Countryman","datePublished":"2023-11-09T11:20:21+00:00","dateModified":"2023-11-09T11:28:59+00:00","mainEntityOfPage":{"@id":"https:\/\/news.canadamotorjobs.com\/fr\/voici-la-nouvelle-mini-john-cooper-works-countryman\/"},"wordCount":544,"publisher":{"@id":"https:\/\/news.canadamotorjobs.com\/#organization"},"image":{"@id":"https:\/\/news.canadamotorjobs.com\/fr\/voici-la-nouvelle-mini-john-cooper-works-countryman\/#primaryimage"},"thumbnailUrl":"https:\/\/news.canadamotorjobs.com\/wp-content\/uploads\/2023\/11\/P90530241_highRes.jpg","articleSection":["Annuel automobile"],"inLanguage":"fr-CA"},{"@type":"WebPage","@id":"https:\/\/news.canadamotorjobs.com\/fr\/voici-la-nouvelle-mini-john-cooper-works-countryman\/","url":"https:\/\/news.canadamotorjobs.com\/fr\/voici-la-nouvelle-mini-john-cooper-works-countryman\/","name":"Voici la nouvelle MINI John Cooper Works Countryman - CanadaMotorJobs.com","isPartOf":{"@id":"https:\/\/news.canadamotorjobs.com\/#website"},"primaryImageOfPage":{"@id":"https:\/\/news.canadamotorjobs.com\/fr\/voici-la-nouvelle-mini-john-cooper-works-countryman\/#primaryimage"},"image":{"@id":"https:\/\/news.canadamotorjobs.com\/fr\/voici-la-nouvelle-mini-john-cooper-works-countryman\/#primaryimage"},"thumbnailUrl":"https:\/\/news.canadamotorjobs.com\/wp-content\/uploads\/2023\/11\/P90530241_highRes.jpg","datePublished":"2023-11-09T11:20:21+00:00","dateModified":"2023-11-09T11:28:59+00:00","description":"Voici la nouvelle MINI John Cooper Works Countryman - Benoit Charette - Annuel automobile - CanadaMotorJobs.com.","breadcrumb":{"@id":"https:\/\/news.canadamotorjobs.com\/fr\/voici-la-nouvelle-mini-john-cooper-works-countryman\/#breadcrumb"},"inLanguage":"fr-CA","potentialAction":[{"@type":"ReadAction","target":["https:\/\/news.canadamotorjobs.com\/fr\/voici-la-nouvelle-mini-john-cooper-works-countryman\/"]}]},{"@type":"ImageObject","inLanguage":"fr-CA","@id":"https:\/\/news.canadamotorjobs.com\/fr\/voici-la-nouvelle-mini-john-cooper-works-countryman\/#primaryimage","url":"https:\/\/news.canadamotorjobs.com\/wp-content\/uploads\/2023\/11\/P90530241_highRes.jpg","contentUrl":"https:\/\/news.canadamotorjobs.com\/wp-content\/uploads\/2023\/11\/P90530241_highRes.jpg","width":1200,"height":800},{"@type":"BreadcrumbList","@id":"https:\/\/news.canadamotorjobs.com\/fr\/voici-la-nouvelle-mini-john-cooper-works-countryman\/#breadcrumb","itemListElement":[{"@type":"ListItem","position":1,"name":"Home","item":"https:\/\/news.canadamotorjobs.com\/fr\/blog\/"},{"@type":"ListItem","position":2,"name":"Voici la nouvelle MINI John Cooper Works Countryman"}]},{"@type":"WebSite","@id":"https:\/\/news.canadamotorjobs.com\/#website","url":"https:\/\/news.canadamotorjobs.com\/","name":"CanadaMotorJobs.com","description":"Automotive Jobs","publisher":{"@id":"https:\/\/news.canadamotorjobs.com\/#organization"},"potentialAction":[{"@type":"SearchAction","target":{"@type":"EntryPoint","urlTemplate":"https:\/\/news.canadamotorjobs.com\/?s={search_term_string}"},"query-input":"required name=search_term_string"}],"inLanguage":"fr-CA"},{"@type":"Organization","@id":"https:\/\/news.canadamotorjobs.com\/#organization","name":"Canada Motor Jobs","url":"https:\/\/news.canadamotorjobs.com\/","logo":{"@type":"ImageObject","inLanguage":"fr-CA","@id":"https:\/\/news.canadamotorjobs.com\/#\/schema\/logo\/image\/","url":"https:\/\/news.canadamotorjobs.com\/wp-content\/uploads\/2022\/10\/logo-canada-motor-jobs-1.png","contentUrl":"https:\/\/news.canadamotorjobs.com\/wp-content\/uploads\/2022\/10\/logo-canada-motor-jobs-1.png","width":800,"height":400,"caption":"Canada Motor Jobs"},"image":{"@id":"https:\/\/news.canadamotorjobs.com\/#\/schema\/logo\/image\/"},"sameAs":["https:\/\/www.facebook.com\/canadamotorjobs\/","https:\/\/x.com\/canadamotorjobs","https:\/\/www.instagram.com\/canadamotorjobs\/","https:\/\/www.linkedin.com\/company\/canadamotorjobs"]},{"@type":"Person","@id":"https:\/\/news.canadamotorjobs.com\/#\/schema\/person\/51793d1f87d44011d7bcc2ed99269a90","name":"Benoit Charette","image":{"@type":"ImageObject","inLanguage":"fr-CA","@id":"https:\/\/news.canadamotorjobs.com\/#\/schema\/person\/image\/","url":"https:\/\/secure.gravatar.com\/avatar\/45f3d2eebcccd909668d7ce7ea7267b6?s=96&d=mm&r=g","contentUrl":"https:\/\/secure.gravatar.com\/avatar\/45f3d2eebcccd909668d7ce7ea7267b6?s=96&d=mm&r=g","caption":"Benoit Charette"},"description":"Benoit Charette \/ Propri\u00e9taire et r\u00e9dacteur en chef Benoit Charette pratique le journalisme automobile depuis bient\u00f4t 30 ans. Il a fait ses classes au c\u00f4t\u00e9 de Daniel H\u00e9raud et au Carnet de route de 1992 \u00e0 2001. Il est fondateur, copropri\u00e9taire et r\u00e9dacteur en chef de L\u2019Annuel de l\u2019automobile, qu\u2019il publie depuis 2001. Il a anim\u00e9 les \u00e9missions RPM et RPM+ sur V et les L\u00e9gendes de la route sur Historia. \u00c0 la radio depuis 1986, il reprend l\u2019antenne cette ann\u00e9e sur les ondes de Cogeco et participe pour la deuxi\u00e8me ann\u00e9e \u00e0 l\u2019\u00e9mission Passion Auto sur RDS en plus de mettre en ligne le site Web officiel de L\u2019Annuel de l\u2019automobile sur annuelauto.ca.","sameAs":["https:\/\/annuelauto.ca\/"],"url":"https:\/\/news.canadamotorjobs.com\/fr\/author\/benoit-charette\/"}]}},"_links":{"self":[{"href":"https:\/\/news.canadamotorjobs.com\/fr\/wp-json\/wp\/v2\/posts\/153427"}],"collection":[{"href":"https:\/\/news.canadamotorjobs.com\/fr\/wp-json\/wp\/v2\/posts"}],"about":[{"href":"https:\/\/news.canadamotorjobs.com\/fr\/wp-json\/wp\/v2\/types\/post"}],"author":[{"embeddable":true,"href":"https:\/\/news.canadamotorjobs.com\/fr\/wp-json\/wp\/v2\/users\/8"}],"replies":[{"embeddable":true,"href":"https:\/\/news.canadamotorjobs.com\/fr\/wp-json\/wp\/v2\/comments?post=153427"}],"version-history":[{"count":2,"href":"https:\/\/news.canadamotorjobs.com\/fr\/wp-json\/wp\/v2\/posts\/153427\/revisions"}],"predecessor-version":[{"id":153431,"href":"https:\/\/news.canadamotorjobs.com\/fr\/wp-json\/wp\/v2\/posts\/153427\/revisions\/153431"}],"wp:featuredmedia":[{"embeddable":true,"href":"https:\/\/news.canadamotorjobs.com\/fr\/wp-json\/wp\/v2\/media\/153429"}],"wp:attachment":[{"href":"https:\/\/news.canadamotorjobs.com\/fr\/wp-json\/wp\/v2\/media?parent=153427"}],"wp:term":[{"taxonomy":"category","embeddable":true,"href":"https:\/\/news.canadamotorjobs.com\/fr\/wp-json\/wp\/v2\/categories?post=153427"},{"taxonomy":"post_tag","embeddable":true,"href":"https:\/\/news.canadamotorjobs.com\/fr\/wp-json\/wp\/v2\/tags?post=153427"}],"curies":[{"name":"wp","href":"https:\/\/api.w.org\/{rel}","templated":true}]}}