{"id":153373,"date":"2023-11-08T05:59:37","date_gmt":"2023-11-08T10:59:37","guid":{"rendered":"https:\/\/news.canadamotorjobs.com\/?p=153373"},"modified":"2023-11-08T06:13:57","modified_gmt":"2023-11-08T11:13:57","slug":"audi-q8-2024","status":"publish","type":"post","link":"https:\/\/news.canadamotorjobs.com\/fr\/audi-q8-2024\/","title":{"rendered":"Audi Q8 2024"},"content":{"rendered":"<\/p>\n<p>Le Cap, Afrique du Sud &#8211; Apr\u00e8s cinq ans sur le march\u00e9, il est temps pour une nouvelle g\u00e9n\u00e9ration, n&#8217;est-ce pas ? Enfin, pas pour le Q8 ! Pourquoi, me demandez-vous ? Eh bien, c&#8217;est parce que le nom Q8 est d\u00e9sormais attribu\u00e9 au mod\u00e8le e-tron, conform\u00e9ment \u00e0 la nouvelle nomenclature d&#8217;Audi. Cela signifie que nous allons voir le Q8 \u00e9lectrique et le Q8 essence cohabiter encore un an ou deux avant l&#8217;arriv\u00e9e d&#8217;un grand fr\u00e8re, le Q9.<\/p>\n<h3><em>Une petite cure de jouvence esth\u00e9tique<\/em><\/h3>\n<p>\nLes changements majeurs sont essentiellement d&#8217;ordre esth\u00e9tique. \u00c0 l&#8217;avant, Audi a remani\u00e9 la calandre pour un look plus \u00e9pur\u00e9 et les phares arborent une nouvelle signature lumineuse unique. Ces phares int\u00e8grent la technologie Matrix DEL avec un \u00e9clairage laser pour une s\u00e9curit\u00e9 accrue en feux de route. De plus, vous avez le choix entre plusieurs teintes de calandre en fonction de la version. Audi a \u00e9galement repens\u00e9 les jantes, offrant des tailles allant de 21 \u00e0 23 pouces. \u00c0 l&#8217;arri\u00e8re, la simplicit\u00e9 pr\u00e9vaut, et de nouvelles teintes de carrosserie sont au menu, dont le Bleu Ascari, le rouge Chili et le Or Sakhir.<\/p>\n<h3><em>Un int\u00e9rieur subtilement am\u00e9lior\u00e9<\/em><\/h3>\n<p>\n\u00c0 l&#8217;int\u00e9rieur, les changements sont tout aussi subtils. Les \u00e9crans sup\u00e9rieur et inf\u00e9rieur dans la console centrale sont toujours pr\u00e9sents, accompagn\u00e9s d&#8217;un centre d&#8217;information num\u00e9rique devant le conducteur. L&#8217;interface MMI propose quelques nouveaut\u00e9s, comme l&#8217;information sur la circulation en direct qui s&#8217;affiche sur l&#8217;\u00e9cran. Les conducteurs peuvent d\u00e9sormais choisir parmi quatre signatures lumineuses \u00e0 l&#8217;avant et \u00e0 l&#8217;arri\u00e8re gr\u00e2ce \u00e0 l&#8217;interface MMI. Audi propose \u00e9galement quatre nouveaux inserts d\u00e9coratifs pour l&#8217;habitacle.<\/p>\n<h3><em>L&#8217;espace et le confort : toujours au rendez-vous<\/em><\/h3>\n<p>\nLe Q8 maintient ses excellentes notes en termes d&#8217;espace pour les passagers. La ligne de toit plus basse n&#8217;impacte pas l&#8217;espace int\u00e9rieur, et les si\u00e8ges sont confortables, \u00e0 l&#8217;avant comme \u00e0 l&#8217;arri\u00e8re. De plus, la possibilit\u00e9 de r\u00e9gler les si\u00e8ges avant est appr\u00e9ciable. Cependant, l&#8217;espace de rangement pour les petits objets est limit\u00e9.<\/p>\n<h3><em>Technologie<\/em><\/h3>\n<p>\nAudi conserve son approche \u00e0 trois \u00e9crans dans le v\u00e9hicule, offrant une technologie moderne, bien que l\u00e9g\u00e8rement complexe. Vous b\u00e9n\u00e9ficiez de l&#8217;int\u00e9gration sans fil et du tableau de bord Digital Cockpit, mais la commande vocale pourrait \u00eatre plus performante. Les aides \u00e0 la conduite sont nombreuses et efficaces, variant selon la version choisie.<\/p>\n<h3><em>Les choix et les prix au Canada<\/em><\/h3>\n<p>\nAu Canada, vous avez le choix entre le Q8 55 TFSI quattro Progressiv, le Q8 55 TFSI Technik et le SQ8 Quattro. Les prix commencent \u00e0 95 450 $ pour le Q8 Progressiv et montent \u00e0 124 150 $ pour le SQ8. Cependant, il faut tenir compte des frais suppl\u00e9mentaires, notamment la taxe de luxe pour les mod\u00e8les de plus de 100 000 $.<\/p>\n<h3><em>Sur la route<br \/>\n<\/em><\/h3>\n<p>\nSous le capot, rien de neuf. Le Q8 est toujours \u00e9quip\u00e9 d&#8217;un moteur V6 de 3,0 litres turbo offrant une puissance de 335 chevaux. Il peut atteindre 100 km\/h en seulement 5,9 secondes, une performance solide. Le SQ8, avec son V8 de 4,0 litres turbo de 500 chevaux, abat cet exercice en 4 secondes. De plus, le Q8 peut remorquer jusqu&#8217;\u00e0 7700 livres. Malgr\u00e9 son poids de 2 140 kilos, le Q8 se comporte admirablement dans les virages serr\u00e9s comme dans les courbes. La suspension est bien r\u00e9gl\u00e9e en mode Sport, et le roulis de caisse est bien contr\u00f4l\u00e9. Ce n&#8217;est que dans les virages \u00e0 haute vitesse que le poids de la Q8 devient un facteur limitant. La direction est pr\u00e9cise et bien r\u00e9gl\u00e9e en termes d&#8217;effort. Notre SQ8 venait avec le groupe de conduite dynamique avec diff\u00e9rentiel sport, des roues directionnelles \u00e0 l\u2019arri\u00e8re et une suspension pneumatique. Au pays des gazelles, on se sentait aussi agile que l\u2019\u00e9quipe de Rugby championne du monde. A vitesse d&#8217;autoroute, le bruit de la route est marginal et le bruit du vent autour du pare-brise faible. Autrement, tous les autres bruits ambiants sont bien isol\u00e9s.<\/p>\n<h3><em>Conclusion<\/em><\/h3>\n<p>\nLe Q8 s\u00e9duit par son \u00e9l\u00e9gance, son confort et sa qualit\u00e9 de fabrication. Cependant, il ne faut pas oublier que cela a un prix. Un Q8 de base avec un V6 co\u00fbtera presque in\u00e9vitablement plus de 100 000 $. Mais, pour certains, cette s\u00e9duction a ses limites. Le Q8 se positionne n\u00e9anmoins comme un choix solide dans le segment. Si vous envisagez d&#8217;explorer d&#8217;autres options, le Porsche Cayenne coup\u00e9, le Mercedes-Benz GLE Coup\u00e9 et le BMW X6 sont des concurrents \u00e0 consid\u00e9rer. Le Genesis GV80 est \u00e9galement une option int\u00e9ressante dans ce segment.<\/p>\n<h3>Forces<\/h3>\n<p><\/p>\n<ul><\/p>\n<li>Bien \u00e9quip\u00e9 avec de nombreuses caract\u00e9ristiques de s\u00e9rie<\/li>\n<p><\/p>\n<li>Confort de conduite<\/li>\n<p><\/p>\n<li>Mat\u00e9riaux de haute qualit\u00e9 dans l&#8217;habitacle<\/li>\n<p><\/p>\n<li>Les si\u00e8ges avant et arri\u00e8re tr\u00e8s confortables<\/li>\n<p>\n<\/ul>\n<p>\nFaiblesses :<\/p>\n<ul><\/p>\n<li>Un peu moins pratique que le Q7<\/li>\n<p><\/p>\n<li>L&#8217;interface de l&#8217;\u00e9cran tactile demeure un peu complexe<\/li>\n<p><\/p>\n<li>L\u2019acc\u00e9l\u00e9rateur \u00e9lectronique toujours aussi aga\u00e7ant<\/li>\n<p>\n<\/ul>\n<p>\n\u00a0<\/p>\n<p>Le texte <a rel=\"nofollow\" href=\"https:\/\/annuelauto.ca\/audi-q8-2024\/\">Audi Q8 2024<\/a> provient de <a rel=\"nofollow\" href=\"https:\/\/annuelauto.ca\">L&#8217;annuel de l&#8217;automobile &#8211; Actualit\u00e9 automobile<\/a><\/p>\n<p><\/p>\n","protected":false},"excerpt":{"rendered":"<p>Le Cap, Afrique du Sud &#8211; Apr\u00e8s cinq ans sur le march\u00e9, il est temps pour une nouvelle g\u00e9n\u00e9ration, n&#8217;est-ce pas ? Enfin, pas pour le Q8 ! Pourquoi, me demandez-vous ? Eh bien, c&#8217;est parce que le nom Q8 est d\u00e9sormais attribu\u00e9 au mod\u00e8le e-tron, conform\u00e9ment \u00e0 la nouvelle nomenclature d&#8217;Audi. Cela signifie que [&hellip;]<\/p>\n","protected":false},"author":8,"featured_media":153375,"comment_status":"close","ping_status":"closed","sticky":false,"template":"","format":"standard","meta":{"_monsterinsights_skip_tracking":false,"_monsterinsights_sitenote_active":false,"_monsterinsights_sitenote_note":"","_monsterinsights_sitenote_category":0,"footnotes":""},"categories":[101],"tags":[],"yoast_head":"<!-- This site is optimized with the Yoast SEO plugin v23.2 - https:\/\/yoast.com\/wordpress\/plugins\/seo\/ -->\n<title>Audi Q8 2024 - CanadaMotorJobs.com<\/title>\n<meta name=\"description\" content=\"Audi Q8 2024 - Benoit Charette - Annuel automobile - CanadaMotorJobs.com.\" \/>\n<meta name=\"robots\" content=\"index, follow, max-snippet:-1, max-image-preview:large, max-video-preview:-1\" \/>\n<meta property=\"og:locale\" content=\"fr_CA\" \/>\n<meta property=\"og:type\" content=\"article\" \/>\n<meta property=\"og:title\" content=\"Audi Q8 2024 - CanadaMotorJobs.com\" \/>\n<meta property=\"og:description\" content=\"Audi Q8 2024 - Benoit Charette - Annuel automobile - CanadaMotorJobs.com.\" \/>\n<meta property=\"og:url\" content=\"https:\/\/news.canadamotorjobs.com\/fr\/audi-q8-2024\/\" \/>\n<meta property=\"og:site_name\" content=\"CanadaMotorJobs.com\" \/>\n<meta property=\"article:publisher\" content=\"https:\/\/www.facebook.com\/canadamotorjobs\/\" \/>\n<meta property=\"article:published_time\" content=\"2023-11-08T10:59:37+00:00\" \/>\n<meta property=\"article:modified_time\" content=\"2023-11-08T11:13:57+00:00\" \/>\n<meta property=\"og:image\" content=\"https:\/\/news.canadamotorjobs.com\/wp-content\/uploads\/2023\/11\/AudiQ8SUV_group_00001.jpg\" \/>\n\t<meta property=\"og:image:width\" content=\"1199\" \/>\n\t<meta property=\"og:image:height\" content=\"800\" \/>\n\t<meta property=\"og:image:type\" content=\"image\/jpeg\" \/>\n<meta name=\"author\" content=\"Benoit Charette\" \/>\n<meta name=\"twitter:card\" content=\"summary_large_image\" \/>\n<meta name=\"twitter:creator\" content=\"@canadamotorjobs\" \/>\n<meta name=\"twitter:site\" content=\"@canadamotorjobs\" \/>\n<meta name=\"twitter:label1\" content=\"\u00c9crit par\" \/>\n\t<meta name=\"twitter:data1\" content=\"Benoit Charette\" \/>\n\t<meta name=\"twitter:label2\" content=\"Estimation du temps de lecture\" \/>\n\t<meta name=\"twitter:data2\" content=\"4 minutes\" \/>\n<!-- \/ Yoast SEO plugin. -->","yoast_head_json":{"title":"Audi Q8 2024 - CanadaMotorJobs.com","description":"Audi Q8 2024 - Benoit Charette - Annuel automobile - CanadaMotorJobs.com.","robots":{"index":"index","follow":"follow","max-snippet":"max-snippet:-1","max-image-preview":"max-image-preview:large","max-video-preview":"max-video-preview:-1"},"og_locale":"fr_CA","og_type":"article","og_title":"Audi Q8 2024 - CanadaMotorJobs.com","og_description":"Audi Q8 2024 - Benoit Charette - Annuel automobile - CanadaMotorJobs.com.","og_url":"https:\/\/news.canadamotorjobs.com\/fr\/audi-q8-2024\/","og_site_name":"CanadaMotorJobs.com","article_publisher":"https:\/\/www.facebook.com\/canadamotorjobs\/","article_published_time":"2023-11-08T10:59:37+00:00","article_modified_time":"2023-11-08T11:13:57+00:00","og_image":[{"width":1199,"height":800,"url":"https:\/\/news.canadamotorjobs.com\/wp-content\/uploads\/2023\/11\/AudiQ8SUV_group_00001.jpg","type":"image\/jpeg"}],"author":"Benoit Charette","twitter_card":"summary_large_image","twitter_creator":"@canadamotorjobs","twitter_site":"@canadamotorjobs","twitter_misc":{"\u00c9crit par":"Benoit Charette","Estimation du temps de lecture":"4 minutes"},"schema":{"@context":"https:\/\/schema.org","@graph":[{"@type":"Article","@id":"https:\/\/news.canadamotorjobs.com\/fr\/audi-q8-2024\/#article","isPartOf":{"@id":"https:\/\/news.canadamotorjobs.com\/fr\/audi-q8-2024\/"},"author":{"name":"Benoit Charette","@id":"https:\/\/news.canadamotorjobs.com\/#\/schema\/person\/51793d1f87d44011d7bcc2ed99269a90"},"headline":"Audi Q8 2024","datePublished":"2023-11-08T10:59:37+00:00","dateModified":"2023-11-08T11:13:57+00:00","mainEntityOfPage":{"@id":"https:\/\/news.canadamotorjobs.com\/fr\/audi-q8-2024\/"},"wordCount":861,"publisher":{"@id":"https:\/\/news.canadamotorjobs.com\/#organization"},"image":{"@id":"https:\/\/news.canadamotorjobs.com\/fr\/audi-q8-2024\/#primaryimage"},"thumbnailUrl":"https:\/\/news.canadamotorjobs.com\/wp-content\/uploads\/2023\/11\/AudiQ8SUV_group_00001.jpg","articleSection":["Annuel automobile"],"inLanguage":"fr-CA"},{"@type":"WebPage","@id":"https:\/\/news.canadamotorjobs.com\/fr\/audi-q8-2024\/","url":"https:\/\/news.canadamotorjobs.com\/fr\/audi-q8-2024\/","name":"Audi Q8 2024 - CanadaMotorJobs.com","isPartOf":{"@id":"https:\/\/news.canadamotorjobs.com\/#website"},"primaryImageOfPage":{"@id":"https:\/\/news.canadamotorjobs.com\/fr\/audi-q8-2024\/#primaryimage"},"image":{"@id":"https:\/\/news.canadamotorjobs.com\/fr\/audi-q8-2024\/#primaryimage"},"thumbnailUrl":"https:\/\/news.canadamotorjobs.com\/wp-content\/uploads\/2023\/11\/AudiQ8SUV_group_00001.jpg","datePublished":"2023-11-08T10:59:37+00:00","dateModified":"2023-11-08T11:13:57+00:00","description":"Audi Q8 2024 - Benoit Charette - Annuel automobile - CanadaMotorJobs.com.","breadcrumb":{"@id":"https:\/\/news.canadamotorjobs.com\/fr\/audi-q8-2024\/#breadcrumb"},"inLanguage":"fr-CA","potentialAction":[{"@type":"ReadAction","target":["https:\/\/news.canadamotorjobs.com\/fr\/audi-q8-2024\/"]}]},{"@type":"ImageObject","inLanguage":"fr-CA","@id":"https:\/\/news.canadamotorjobs.com\/fr\/audi-q8-2024\/#primaryimage","url":"https:\/\/news.canadamotorjobs.com\/wp-content\/uploads\/2023\/11\/AudiQ8SUV_group_00001.jpg","contentUrl":"https:\/\/news.canadamotorjobs.com\/wp-content\/uploads\/2023\/11\/AudiQ8SUV_group_00001.jpg","width":1199,"height":800},{"@type":"BreadcrumbList","@id":"https:\/\/news.canadamotorjobs.com\/fr\/audi-q8-2024\/#breadcrumb","itemListElement":[{"@type":"ListItem","position":1,"name":"Home","item":"https:\/\/news.canadamotorjobs.com\/fr\/blog\/"},{"@type":"ListItem","position":2,"name":"Audi Q8 2024"}]},{"@type":"WebSite","@id":"https:\/\/news.canadamotorjobs.com\/#website","url":"https:\/\/news.canadamotorjobs.com\/","name":"CanadaMotorJobs.com","description":"Automotive Jobs","publisher":{"@id":"https:\/\/news.canadamotorjobs.com\/#organization"},"potentialAction":[{"@type":"SearchAction","target":{"@type":"EntryPoint","urlTemplate":"https:\/\/news.canadamotorjobs.com\/?s={search_term_string}"},"query-input":"required name=search_term_string"}],"inLanguage":"fr-CA"},{"@type":"Organization","@id":"https:\/\/news.canadamotorjobs.com\/#organization","name":"Canada Motor Jobs","url":"https:\/\/news.canadamotorjobs.com\/","logo":{"@type":"ImageObject","inLanguage":"fr-CA","@id":"https:\/\/news.canadamotorjobs.com\/#\/schema\/logo\/image\/","url":"https:\/\/news.canadamotorjobs.com\/wp-content\/uploads\/2022\/10\/logo-canada-motor-jobs-1.png","contentUrl":"https:\/\/news.canadamotorjobs.com\/wp-content\/uploads\/2022\/10\/logo-canada-motor-jobs-1.png","width":800,"height":400,"caption":"Canada Motor Jobs"},"image":{"@id":"https:\/\/news.canadamotorjobs.com\/#\/schema\/logo\/image\/"},"sameAs":["https:\/\/www.facebook.com\/canadamotorjobs\/","https:\/\/x.com\/canadamotorjobs","https:\/\/www.instagram.com\/canadamotorjobs\/","https:\/\/www.linkedin.com\/company\/canadamotorjobs"]},{"@type":"Person","@id":"https:\/\/news.canadamotorjobs.com\/#\/schema\/person\/51793d1f87d44011d7bcc2ed99269a90","name":"Benoit Charette","image":{"@type":"ImageObject","inLanguage":"fr-CA","@id":"https:\/\/news.canadamotorjobs.com\/#\/schema\/person\/image\/","url":"https:\/\/secure.gravatar.com\/avatar\/45f3d2eebcccd909668d7ce7ea7267b6?s=96&d=mm&r=g","contentUrl":"https:\/\/secure.gravatar.com\/avatar\/45f3d2eebcccd909668d7ce7ea7267b6?s=96&d=mm&r=g","caption":"Benoit Charette"},"description":"Benoit Charette \/ Propri\u00e9taire et r\u00e9dacteur en chef Benoit Charette pratique le journalisme automobile depuis bient\u00f4t 30 ans. Il a fait ses classes au c\u00f4t\u00e9 de Daniel H\u00e9raud et au Carnet de route de 1992 \u00e0 2001. Il est fondateur, copropri\u00e9taire et r\u00e9dacteur en chef de L\u2019Annuel de l\u2019automobile, qu\u2019il publie depuis 2001. Il a anim\u00e9 les \u00e9missions RPM et RPM+ sur V et les L\u00e9gendes de la route sur Historia. \u00c0 la radio depuis 1986, il reprend l\u2019antenne cette ann\u00e9e sur les ondes de Cogeco et participe pour la deuxi\u00e8me ann\u00e9e \u00e0 l\u2019\u00e9mission Passion Auto sur RDS en plus de mettre en ligne le site Web officiel de L\u2019Annuel de l\u2019automobile sur annuelauto.ca.","sameAs":["https:\/\/annuelauto.ca\/"],"url":"https:\/\/news.canadamotorjobs.com\/fr\/author\/benoit-charette\/"}]}},"_links":{"self":[{"href":"https:\/\/news.canadamotorjobs.com\/fr\/wp-json\/wp\/v2\/posts\/153373"}],"collection":[{"href":"https:\/\/news.canadamotorjobs.com\/fr\/wp-json\/wp\/v2\/posts"}],"about":[{"href":"https:\/\/news.canadamotorjobs.com\/fr\/wp-json\/wp\/v2\/types\/post"}],"author":[{"embeddable":true,"href":"https:\/\/news.canadamotorjobs.com\/fr\/wp-json\/wp\/v2\/users\/8"}],"replies":[{"embeddable":true,"href":"https:\/\/news.canadamotorjobs.com\/fr\/wp-json\/wp\/v2\/comments?post=153373"}],"version-history":[{"count":2,"href":"https:\/\/news.canadamotorjobs.com\/fr\/wp-json\/wp\/v2\/posts\/153373\/revisions"}],"predecessor-version":[{"id":153377,"href":"https:\/\/news.canadamotorjobs.com\/fr\/wp-json\/wp\/v2\/posts\/153373\/revisions\/153377"}],"wp:featuredmedia":[{"embeddable":true,"href":"https:\/\/news.canadamotorjobs.com\/fr\/wp-json\/wp\/v2\/media\/153375"}],"wp:attachment":[{"href":"https:\/\/news.canadamotorjobs.com\/fr\/wp-json\/wp\/v2\/media?parent=153373"}],"wp:term":[{"taxonomy":"category","embeddable":true,"href":"https:\/\/news.canadamotorjobs.com\/fr\/wp-json\/wp\/v2\/categories?post=153373"},{"taxonomy":"post_tag","embeddable":true,"href":"https:\/\/news.canadamotorjobs.com\/fr\/wp-json\/wp\/v2\/tags?post=153373"}],"curies":[{"name":"wp","href":"https:\/\/api.w.org\/{rel}","templated":true}]}}