{"id":153346,"date":"2023-11-07T10:03:31","date_gmt":"2023-11-07T15:03:31","guid":{"rendered":"https:\/\/news.canadamotorjobs.com\/?p=153346"},"modified":"2023-11-07T10:14:57","modified_gmt":"2023-11-07T15:14:57","slug":"un-record-du-monde-a-reculons-pour-la-rimac-nevera","status":"publish","type":"post","link":"https:\/\/news.canadamotorjobs.com\/fr\/un-record-du-monde-a-reculons-pour-la-rimac-nevera\/","title":{"rendered":"Un record du monde \u00e0 reculons pour la Rimac Nevera"},"content":{"rendered":"<\/p>\n<p>En une ann\u00e9e de record du tour au N\u00fcrburgring,\u00a0 plus de 20 nouveaux records d&#8217;acc\u00e9l\u00e9ration et de freinage et de succ\u00e8s notables dans des courses d\u2019acc\u00e9l\u00e9rations contre dedes voitures exotiques de premier plan, la Rimac Nevera a tout conquis. Pour terminer l&#8217;ann\u00e9e en beaut\u00e9, l&#8217;\u00e9quipe a donc d\u00e9cid\u00e9 de commencer \u00e0 battre des records \u00e0 reculons<\/p>\n<h3>Aussi rapide de reculons qu\u2019une Miura<\/h3>\n<p>\nEn 1967, la Lamborghini Miura est devenue la voiture de s\u00e9rie la plus rapide du monde, utilisant toute la puissance de son moteur V12 pour devenir la premi\u00e8re \u00e0 franchir la barre des 170 milles \u00e0 l&#8217;heure (273 km\/h). Quelques d\u00e9cennies plus tard, la Rimac Nevera vient d&#8217;atteindre la m\u00eame vitesse&#8230; mais en roulant \u00e0 reculons.<\/p>\n<h3>Dans le livre des records Guinness<\/h3>\n<p>\nT\u00e9moin du Guinness World Records et v\u00e9rifi\u00e9 \u00e0 l&#8217;aide des donn\u00e9es mesur\u00e9es par Dewesoft, la Nevera d\u00e9tient d\u00e9sormais officiellement le titre de GUINNESS WORLD RECORDS de la vitesse la plus rapide en marche arri\u00e8re. Accueillie sur le site d&#8217;Automotive Testing Papenburg en Allemagne, la Nevera est retourn\u00e9e \u00e0 l&#8217;endroit o\u00f9, plus t\u00f4t cette ann\u00e9e, elle avait battu plus de 20 records d&#8217;acc\u00e9l\u00e9ration et de freinage en une seule journ\u00e9e, ainsi qu&#8217;\u00e0 l&#8217;endroit o\u00f9 elle avait battu le record de vitesse maximale \u00e0 256mph (412km\/h). Habill\u00e9e de la livr\u00e9e Time Attack Edition port\u00e9e lors des pr\u00e9c\u00e9dents records &#8211; disponible pour seulement 12 clients dans le monde &#8211; la Nevera a \u00e9t\u00e9 conduite \u00e0 une vitesse maximale de 275,74 km\/h.<\/p>\n<h3>Pas de bo\u00eete de vitesse<\/h3>\n<p>\nContrairement \u00e0 une voiture \u00e0 moteur \u00e0 combustion interne, ou m\u00eame \u00e0 certaines voitures \u00e9lectriques, le groupe motopropulseur de la Nevera n&#8217;a pas d&#8217;engrenages &#8211; les quatre moteurs individuels avancent ou reculent, mais il s&#8217;agit toujours d&#8217;un mur d&#8217;acc\u00e9l\u00e9ration implacable \u00e0 partir de l&#8217;arr\u00eat. Cela signifie que le m\u00eame groupe motopropulseur, capable d&#8217;acc\u00e9l\u00e9rer de 0 \u00e0 100 km\/h en 3,21 secondes ou de 0 \u00e0 200 km\/h en un peu moins de 11 secondes en marche avant, pourrait \u00e9galement offrir des performances aussi impressionnantes en marche arri\u00e8re.<\/p>\n<p>\u00a0<\/p>\n<p>Source\u00a0: Rimac<\/p>\n<p>Le texte <a rel=\"nofollow\" href=\"https:\/\/annuelauto.ca\/un-record-du-monde-a-reculons-pour-la-rimac-nevera\/\">Un record du monde \u00e0 reculons pour la Rimac Nevera<\/a> provient de <a rel=\"nofollow\" href=\"https:\/\/annuelauto.ca\">L&#8217;annuel de l&#8217;automobile &#8211; Actualit\u00e9 automobile<\/a><\/p>\n<p><\/p>\n","protected":false},"excerpt":{"rendered":"<p>En une ann\u00e9e de record du tour au N\u00fcrburgring,\u00a0 plus de 20 nouveaux records d&#8217;acc\u00e9l\u00e9ration et de freinage et de succ\u00e8s notables dans des courses d\u2019acc\u00e9l\u00e9rations contre dedes voitures exotiques de premier plan, la Rimac Nevera a tout conquis. Pour terminer l&#8217;ann\u00e9e en beaut\u00e9, l&#8217;\u00e9quipe a donc d\u00e9cid\u00e9 de commencer \u00e0 battre des records \u00e0 [&hellip;]<\/p>\n","protected":false},"author":8,"featured_media":153348,"comment_status":"close","ping_status":"closed","sticky":false,"template":"","format":"standard","meta":{"_monsterinsights_skip_tracking":false,"_monsterinsights_sitenote_active":false,"_monsterinsights_sitenote_note":"","_monsterinsights_sitenote_category":0,"footnotes":""},"categories":[101],"tags":[],"yoast_head":"<!-- This site is optimized with the Yoast SEO plugin v23.2 - https:\/\/yoast.com\/wordpress\/plugins\/seo\/ -->\n<title>Un record du monde \u00e0 reculons pour la Rimac Nevera - CanadaMotorJobs.com<\/title>\n<meta name=\"description\" content=\"Un record du monde \u00e0 reculons pour la Rimac Nevera - Benoit Charette - Annuel automobile - CanadaMotorJobs.com.\" \/>\n<meta name=\"robots\" content=\"index, follow, max-snippet:-1, max-image-preview:large, max-video-preview:-1\" \/>\n<meta property=\"og:locale\" content=\"fr_CA\" \/>\n<meta property=\"og:type\" content=\"article\" \/>\n<meta property=\"og:title\" content=\"Un record du monde \u00e0 reculons pour la Rimac Nevera - CanadaMotorJobs.com\" \/>\n<meta property=\"og:description\" content=\"Un record du monde \u00e0 reculons pour la Rimac Nevera - Benoit Charette - Annuel automobile - CanadaMotorJobs.com.\" \/>\n<meta property=\"og:url\" content=\"https:\/\/news.canadamotorjobs.com\/fr\/un-record-du-monde-a-reculons-pour-la-rimac-nevera\/\" \/>\n<meta property=\"og:site_name\" content=\"CanadaMotorJobs.com\" \/>\n<meta property=\"article:publisher\" content=\"https:\/\/www.facebook.com\/canadamotorjobs\/\" \/>\n<meta property=\"article:published_time\" content=\"2023-11-07T15:03:31+00:00\" \/>\n<meta property=\"article:modified_time\" content=\"2023-11-07T15:14:57+00:00\" \/>\n<meta property=\"og:image\" content=\"https:\/\/news.canadamotorjobs.com\/wp-content\/uploads\/2023\/11\/rimac-nevera-guinness-world-record-1.jpg\" \/>\n\t<meta property=\"og:image:width\" content=\"2000\" \/>\n\t<meta property=\"og:image:height\" content=\"1334\" \/>\n\t<meta property=\"og:image:type\" content=\"image\/jpeg\" \/>\n<meta name=\"author\" content=\"Benoit Charette\" \/>\n<meta name=\"twitter:card\" content=\"summary_large_image\" \/>\n<meta name=\"twitter:creator\" content=\"@canadamotorjobs\" \/>\n<meta name=\"twitter:site\" content=\"@canadamotorjobs\" \/>\n<meta name=\"twitter:label1\" content=\"\u00c9crit par\" \/>\n\t<meta name=\"twitter:data1\" content=\"Benoit Charette\" \/>\n\t<meta name=\"twitter:label2\" content=\"Estimation du temps de lecture\" \/>\n\t<meta name=\"twitter:data2\" content=\"2 minutes\" \/>\n<!-- \/ Yoast SEO plugin. -->","yoast_head_json":{"title":"Un record du monde \u00e0 reculons pour la Rimac Nevera - CanadaMotorJobs.com","description":"Un record du monde \u00e0 reculons pour la Rimac Nevera - Benoit Charette - Annuel automobile - CanadaMotorJobs.com.","robots":{"index":"index","follow":"follow","max-snippet":"max-snippet:-1","max-image-preview":"max-image-preview:large","max-video-preview":"max-video-preview:-1"},"og_locale":"fr_CA","og_type":"article","og_title":"Un record du monde \u00e0 reculons pour la Rimac Nevera - CanadaMotorJobs.com","og_description":"Un record du monde \u00e0 reculons pour la Rimac Nevera - Benoit Charette - Annuel automobile - CanadaMotorJobs.com.","og_url":"https:\/\/news.canadamotorjobs.com\/fr\/un-record-du-monde-a-reculons-pour-la-rimac-nevera\/","og_site_name":"CanadaMotorJobs.com","article_publisher":"https:\/\/www.facebook.com\/canadamotorjobs\/","article_published_time":"2023-11-07T15:03:31+00:00","article_modified_time":"2023-11-07T15:14:57+00:00","og_image":[{"width":2000,"height":1334,"url":"https:\/\/news.canadamotorjobs.com\/wp-content\/uploads\/2023\/11\/rimac-nevera-guinness-world-record-1.jpg","type":"image\/jpeg"}],"author":"Benoit Charette","twitter_card":"summary_large_image","twitter_creator":"@canadamotorjobs","twitter_site":"@canadamotorjobs","twitter_misc":{"\u00c9crit par":"Benoit Charette","Estimation du temps de lecture":"2 minutes"},"schema":{"@context":"https:\/\/schema.org","@graph":[{"@type":"Article","@id":"https:\/\/news.canadamotorjobs.com\/fr\/un-record-du-monde-a-reculons-pour-la-rimac-nevera\/#article","isPartOf":{"@id":"https:\/\/news.canadamotorjobs.com\/fr\/un-record-du-monde-a-reculons-pour-la-rimac-nevera\/"},"author":{"name":"Benoit Charette","@id":"https:\/\/news.canadamotorjobs.com\/#\/schema\/person\/51793d1f87d44011d7bcc2ed99269a90"},"headline":"Un record du monde \u00e0 reculons pour la Rimac Nevera","datePublished":"2023-11-07T15:03:31+00:00","dateModified":"2023-11-07T15:14:57+00:00","mainEntityOfPage":{"@id":"https:\/\/news.canadamotorjobs.com\/fr\/un-record-du-monde-a-reculons-pour-la-rimac-nevera\/"},"wordCount":400,"publisher":{"@id":"https:\/\/news.canadamotorjobs.com\/#organization"},"image":{"@id":"https:\/\/news.canadamotorjobs.com\/fr\/un-record-du-monde-a-reculons-pour-la-rimac-nevera\/#primaryimage"},"thumbnailUrl":"https:\/\/news.canadamotorjobs.com\/wp-content\/uploads\/2023\/11\/rimac-nevera-guinness-world-record-1.jpg","articleSection":["Annuel automobile"],"inLanguage":"fr-CA"},{"@type":"WebPage","@id":"https:\/\/news.canadamotorjobs.com\/fr\/un-record-du-monde-a-reculons-pour-la-rimac-nevera\/","url":"https:\/\/news.canadamotorjobs.com\/fr\/un-record-du-monde-a-reculons-pour-la-rimac-nevera\/","name":"Un record du monde \u00e0 reculons pour la Rimac Nevera - CanadaMotorJobs.com","isPartOf":{"@id":"https:\/\/news.canadamotorjobs.com\/#website"},"primaryImageOfPage":{"@id":"https:\/\/news.canadamotorjobs.com\/fr\/un-record-du-monde-a-reculons-pour-la-rimac-nevera\/#primaryimage"},"image":{"@id":"https:\/\/news.canadamotorjobs.com\/fr\/un-record-du-monde-a-reculons-pour-la-rimac-nevera\/#primaryimage"},"thumbnailUrl":"https:\/\/news.canadamotorjobs.com\/wp-content\/uploads\/2023\/11\/rimac-nevera-guinness-world-record-1.jpg","datePublished":"2023-11-07T15:03:31+00:00","dateModified":"2023-11-07T15:14:57+00:00","description":"Un record du monde \u00e0 reculons pour la Rimac Nevera - Benoit Charette - Annuel automobile - CanadaMotorJobs.com.","breadcrumb":{"@id":"https:\/\/news.canadamotorjobs.com\/fr\/un-record-du-monde-a-reculons-pour-la-rimac-nevera\/#breadcrumb"},"inLanguage":"fr-CA","potentialAction":[{"@type":"ReadAction","target":["https:\/\/news.canadamotorjobs.com\/fr\/un-record-du-monde-a-reculons-pour-la-rimac-nevera\/"]}]},{"@type":"ImageObject","inLanguage":"fr-CA","@id":"https:\/\/news.canadamotorjobs.com\/fr\/un-record-du-monde-a-reculons-pour-la-rimac-nevera\/#primaryimage","url":"https:\/\/news.canadamotorjobs.com\/wp-content\/uploads\/2023\/11\/rimac-nevera-guinness-world-record-1.jpg","contentUrl":"https:\/\/news.canadamotorjobs.com\/wp-content\/uploads\/2023\/11\/rimac-nevera-guinness-world-record-1.jpg","width":2000,"height":1334},{"@type":"BreadcrumbList","@id":"https:\/\/news.canadamotorjobs.com\/fr\/un-record-du-monde-a-reculons-pour-la-rimac-nevera\/#breadcrumb","itemListElement":[{"@type":"ListItem","position":1,"name":"Home","item":"https:\/\/news.canadamotorjobs.com\/fr\/blog\/"},{"@type":"ListItem","position":2,"name":"Un record du monde \u00e0 reculons pour la Rimac Nevera"}]},{"@type":"WebSite","@id":"https:\/\/news.canadamotorjobs.com\/#website","url":"https:\/\/news.canadamotorjobs.com\/","name":"CanadaMotorJobs.com","description":"Automotive Jobs","publisher":{"@id":"https:\/\/news.canadamotorjobs.com\/#organization"},"potentialAction":[{"@type":"SearchAction","target":{"@type":"EntryPoint","urlTemplate":"https:\/\/news.canadamotorjobs.com\/?s={search_term_string}"},"query-input":"required name=search_term_string"}],"inLanguage":"fr-CA"},{"@type":"Organization","@id":"https:\/\/news.canadamotorjobs.com\/#organization","name":"Canada Motor Jobs","url":"https:\/\/news.canadamotorjobs.com\/","logo":{"@type":"ImageObject","inLanguage":"fr-CA","@id":"https:\/\/news.canadamotorjobs.com\/#\/schema\/logo\/image\/","url":"https:\/\/news.canadamotorjobs.com\/wp-content\/uploads\/2022\/10\/logo-canada-motor-jobs-1.png","contentUrl":"https:\/\/news.canadamotorjobs.com\/wp-content\/uploads\/2022\/10\/logo-canada-motor-jobs-1.png","width":800,"height":400,"caption":"Canada Motor Jobs"},"image":{"@id":"https:\/\/news.canadamotorjobs.com\/#\/schema\/logo\/image\/"},"sameAs":["https:\/\/www.facebook.com\/canadamotorjobs\/","https:\/\/x.com\/canadamotorjobs","https:\/\/www.instagram.com\/canadamotorjobs\/","https:\/\/www.linkedin.com\/company\/canadamotorjobs"]},{"@type":"Person","@id":"https:\/\/news.canadamotorjobs.com\/#\/schema\/person\/51793d1f87d44011d7bcc2ed99269a90","name":"Benoit Charette","image":{"@type":"ImageObject","inLanguage":"fr-CA","@id":"https:\/\/news.canadamotorjobs.com\/#\/schema\/person\/image\/","url":"https:\/\/secure.gravatar.com\/avatar\/45f3d2eebcccd909668d7ce7ea7267b6?s=96&d=mm&r=g","contentUrl":"https:\/\/secure.gravatar.com\/avatar\/45f3d2eebcccd909668d7ce7ea7267b6?s=96&d=mm&r=g","caption":"Benoit Charette"},"description":"Benoit Charette \/ Propri\u00e9taire et r\u00e9dacteur en chef Benoit Charette pratique le journalisme automobile depuis bient\u00f4t 30 ans. Il a fait ses classes au c\u00f4t\u00e9 de Daniel H\u00e9raud et au Carnet de route de 1992 \u00e0 2001. Il est fondateur, copropri\u00e9taire et r\u00e9dacteur en chef de L\u2019Annuel de l\u2019automobile, qu\u2019il publie depuis 2001. Il a anim\u00e9 les \u00e9missions RPM et RPM+ sur V et les L\u00e9gendes de la route sur Historia. \u00c0 la radio depuis 1986, il reprend l\u2019antenne cette ann\u00e9e sur les ondes de Cogeco et participe pour la deuxi\u00e8me ann\u00e9e \u00e0 l\u2019\u00e9mission Passion Auto sur RDS en plus de mettre en ligne le site Web officiel de L\u2019Annuel de l\u2019automobile sur annuelauto.ca.","sameAs":["https:\/\/annuelauto.ca\/"],"url":"https:\/\/news.canadamotorjobs.com\/fr\/author\/benoit-charette\/"}]}},"_links":{"self":[{"href":"https:\/\/news.canadamotorjobs.com\/fr\/wp-json\/wp\/v2\/posts\/153346"}],"collection":[{"href":"https:\/\/news.canadamotorjobs.com\/fr\/wp-json\/wp\/v2\/posts"}],"about":[{"href":"https:\/\/news.canadamotorjobs.com\/fr\/wp-json\/wp\/v2\/types\/post"}],"author":[{"embeddable":true,"href":"https:\/\/news.canadamotorjobs.com\/fr\/wp-json\/wp\/v2\/users\/8"}],"replies":[{"embeddable":true,"href":"https:\/\/news.canadamotorjobs.com\/fr\/wp-json\/wp\/v2\/comments?post=153346"}],"version-history":[{"count":2,"href":"https:\/\/news.canadamotorjobs.com\/fr\/wp-json\/wp\/v2\/posts\/153346\/revisions"}],"predecessor-version":[{"id":153350,"href":"https:\/\/news.canadamotorjobs.com\/fr\/wp-json\/wp\/v2\/posts\/153346\/revisions\/153350"}],"wp:featuredmedia":[{"embeddable":true,"href":"https:\/\/news.canadamotorjobs.com\/fr\/wp-json\/wp\/v2\/media\/153348"}],"wp:attachment":[{"href":"https:\/\/news.canadamotorjobs.com\/fr\/wp-json\/wp\/v2\/media?parent=153346"}],"wp:term":[{"taxonomy":"category","embeddable":true,"href":"https:\/\/news.canadamotorjobs.com\/fr\/wp-json\/wp\/v2\/categories?post=153346"},{"taxonomy":"post_tag","embeddable":true,"href":"https:\/\/news.canadamotorjobs.com\/fr\/wp-json\/wp\/v2\/tags?post=153346"}],"curies":[{"name":"wp","href":"https:\/\/api.w.org\/{rel}","templated":true}]}}