{"id":153323,"date":"2023-11-07T09:23:16","date_gmt":"2023-11-07T14:23:16","guid":{"rendered":"https:\/\/news.canadamotorjobs.com\/?p=153323"},"modified":"2023-11-07T09:29:56","modified_gmt":"2023-11-07T14:29:56","slug":"toyota-annonce-une-version-vus-de-son-crown","status":"publish","type":"post","link":"https:\/\/news.canadamotorjobs.com\/fr\/toyota-annonce-une-version-vus-de-son-crown\/","title":{"rendered":"Toyota annonce une version VUS de son Crown"},"content":{"rendered":"<\/p>\n<p>Toyota a officiellement confirm\u00e9 L\u2019arriv\u00e9 du Crown VUS le 14 novembre prochain. Connu sous le nom de Crown Estate au Japon, son nom refl\u00e8te plus une version familiale qu\u2019Une vocation de sport utilitaire. Mais, comme les am\u00e9ricains ont une aversion aux mod\u00e8les familiales, on en fera un VUS. Cela dit, le style de familiale sied beaucoup mieux \u00e0 ce mod\u00e8le que son style de dr\u00f4le de berline.<\/p>\n<h3>Toyota annonce une version VUS de son Crown<\/h3>\n<p>\nToyota a officiellement confirm\u00e9 L\u2019arriv\u00e9 du Crown VUS le 14 novembre prochain. Connu sous le nom de Crown Estate au Japon, son nom refl\u00e8te plus une version familiale qu\u2019Une vocation de sport utilitaire. Mais, comme les am\u00e9ricains ont une aversion aux mod\u00e8les familiales, on en fera un VUS. Cela dit, le style de familiale sied beaucoup mieux \u00e0 ce mod\u00e8le que son style de dr\u00f4le de berline.<\/p>\n<h3>Un format g\u00e9n\u00e9reux<\/h3>\n<p>\nD\u00e9crit comme un &#8220;SVUS interm\u00e9diaire hybride \u00e9lectrique \u00e0 transmission int\u00e9grale&#8221; qui sera bient\u00f4t disponible sur le march\u00e9 am\u00e9ricain et canadien, le nouveau mod\u00e8le est la version de production du concept Crown Estate, dont les d\u00e9buts au Japon ont \u00e9t\u00e9 confirm\u00e9s l&#8217;ann\u00e9e prochaine.<\/p>\n<h3>Une photo<\/h3>\n<p>\nLa photo\u00a0 que Toyota a diffus\u00e9 jusqu&#8217;\u00e0 pr\u00e9sent se concentrent sur la partie arri\u00e8re. Heureusement, ces images fournissent suffisamment de preuves pour les aligner avec l&#8217;\u00e9tude de quasi-production. Les feux arri\u00e8re \u00e0 DEL horizontaux sur toute la largeur, ainsi que les lignes du hayon et du pare-chocs, ressemblent beaucoup \u00e0 ceux du prototype Toyota Crown Estate, qui a \u00e9t\u00e9 pr\u00e9sent\u00e9 pour la premi\u00e8re fois en juillet 2022 avec la famille \u00e9largie des mod\u00e8les de la s\u00e9rie Crown.<\/p>\n<h3>Moteur hybride<\/h3>\n<p>\nLe logo arri\u00e8re confirme que la version am\u00e9ricaine et canadienne du mod\u00e8le sera \u00e9quip\u00e9e d&#8217;un groupe motopropulseur hybride \u00e0 recharge automatique et d&#8217;une transmission int\u00e9grale. Le mod\u00e8le conserverait les m\u00eames moteurs que la version Crown actuelle. L\u2019int\u00e9rieur va aussi s\u2019inspir\u00e9 de la berline. Bien qu&#8217;une date de vente officielle n&#8217;ait pas encore \u00e9t\u00e9 confirm\u00e9e, on s&#8217;attend \u00e0 ce que le lancement ait lieu au cours du premier semestre 2024. Une fois qu&#8217;il fera partie de la gamme Toyota, il s&#8217;agira du deuxi\u00e8me v\u00e9hicule portant le nom de Crown disponible sur le march\u00e9 am\u00e9ricain. Les clients japonais, en revanche, ont acc\u00e8s \u00e0 la gamme compl\u00e8te, qui comprend le Crown Crossover, le Crown Sport SUV, le Crown Estate SUV et la Crown Sedan.<\/p>\n<p>Source: Toyota<\/p>\n<p>Le texte <a rel=\"nofollow\" href=\"https:\/\/annuelauto.ca\/toyota-annonce-une-version-vus-de-son-crown\/\">Toyota annonce une version VUS de son Crown<\/a> provient de <a rel=\"nofollow\" href=\"https:\/\/annuelauto.ca\">L&#8217;annuel de l&#8217;automobile &#8211; Actualit\u00e9 automobile<\/a><\/p>\n<p><\/p>\n","protected":false},"excerpt":{"rendered":"<p>Toyota a officiellement confirm\u00e9 L\u2019arriv\u00e9 du Crown VUS le 14 novembre prochain. Connu sous le nom de Crown Estate au Japon, son nom refl\u00e8te plus une version familiale qu\u2019Une vocation de sport utilitaire. Mais, comme les am\u00e9ricains ont une aversion aux mod\u00e8les familiales, on en fera un VUS. Cela dit, le style de familiale sied [&hellip;]<\/p>\n","protected":false},"author":8,"featured_media":153325,"comment_status":"close","ping_status":"closed","sticky":false,"template":"","format":"standard","meta":{"_monsterinsights_skip_tracking":false,"_monsterinsights_sitenote_active":false,"_monsterinsights_sitenote_note":"","_monsterinsights_sitenote_category":0,"footnotes":""},"categories":[101],"tags":[],"yoast_head":"<!-- This site is optimized with the Yoast SEO plugin v23.2 - https:\/\/yoast.com\/wordpress\/plugins\/seo\/ -->\n<title>Toyota annonce une version VUS de son Crown - CanadaMotorJobs.com<\/title>\n<meta name=\"description\" content=\"Toyota annonce une version VUS de son Crown - Benoit Charette - Annuel automobile - CanadaMotorJobs.com.\" \/>\n<meta name=\"robots\" content=\"index, follow, max-snippet:-1, max-image-preview:large, max-video-preview:-1\" \/>\n<meta property=\"og:locale\" content=\"fr_CA\" \/>\n<meta property=\"og:type\" content=\"article\" \/>\n<meta property=\"og:title\" content=\"Toyota annonce une version VUS de son Crown - CanadaMotorJobs.com\" \/>\n<meta property=\"og:description\" content=\"Toyota annonce une version VUS de son Crown - Benoit Charette - Annuel automobile - CanadaMotorJobs.com.\" \/>\n<meta property=\"og:url\" content=\"https:\/\/news.canadamotorjobs.com\/fr\/toyota-annonce-une-version-vus-de-son-crown\/\" \/>\n<meta property=\"og:site_name\" content=\"CanadaMotorJobs.com\" \/>\n<meta property=\"article:publisher\" content=\"https:\/\/www.facebook.com\/canadamotorjobs\/\" \/>\n<meta property=\"article:published_time\" content=\"2023-11-07T14:23:16+00:00\" \/>\n<meta property=\"article:modified_time\" content=\"2023-11-07T14:29:56+00:00\" \/>\n<meta property=\"og:image\" content=\"https:\/\/news.canadamotorjobs.com\/wp-content\/uploads\/2023\/11\/image001.jpg\" \/>\n\t<meta property=\"og:image:width\" content=\"1430\" \/>\n\t<meta property=\"og:image:height\" content=\"858\" \/>\n\t<meta property=\"og:image:type\" content=\"image\/jpeg\" \/>\n<meta name=\"author\" content=\"Benoit Charette\" \/>\n<meta name=\"twitter:card\" content=\"summary_large_image\" \/>\n<meta name=\"twitter:creator\" content=\"@canadamotorjobs\" \/>\n<meta name=\"twitter:site\" content=\"@canadamotorjobs\" \/>\n<meta name=\"twitter:label1\" content=\"\u00c9crit par\" \/>\n\t<meta name=\"twitter:data1\" content=\"Benoit Charette\" \/>\n\t<meta name=\"twitter:label2\" content=\"Estimation du temps de lecture\" \/>\n\t<meta name=\"twitter:data2\" content=\"2 minutes\" \/>\n<!-- \/ Yoast SEO plugin. -->","yoast_head_json":{"title":"Toyota annonce une version VUS de son Crown - CanadaMotorJobs.com","description":"Toyota annonce une version VUS de son Crown - Benoit Charette - Annuel automobile - CanadaMotorJobs.com.","robots":{"index":"index","follow":"follow","max-snippet":"max-snippet:-1","max-image-preview":"max-image-preview:large","max-video-preview":"max-video-preview:-1"},"og_locale":"fr_CA","og_type":"article","og_title":"Toyota annonce une version VUS de son Crown - CanadaMotorJobs.com","og_description":"Toyota annonce une version VUS de son Crown - Benoit Charette - Annuel automobile - CanadaMotorJobs.com.","og_url":"https:\/\/news.canadamotorjobs.com\/fr\/toyota-annonce-une-version-vus-de-son-crown\/","og_site_name":"CanadaMotorJobs.com","article_publisher":"https:\/\/www.facebook.com\/canadamotorjobs\/","article_published_time":"2023-11-07T14:23:16+00:00","article_modified_time":"2023-11-07T14:29:56+00:00","og_image":[{"width":1430,"height":858,"url":"https:\/\/news.canadamotorjobs.com\/wp-content\/uploads\/2023\/11\/image001.jpg","type":"image\/jpeg"}],"author":"Benoit Charette","twitter_card":"summary_large_image","twitter_creator":"@canadamotorjobs","twitter_site":"@canadamotorjobs","twitter_misc":{"\u00c9crit par":"Benoit Charette","Estimation du temps de lecture":"2 minutes"},"schema":{"@context":"https:\/\/schema.org","@graph":[{"@type":"Article","@id":"https:\/\/news.canadamotorjobs.com\/fr\/toyota-annonce-une-version-vus-de-son-crown\/#article","isPartOf":{"@id":"https:\/\/news.canadamotorjobs.com\/fr\/toyota-annonce-une-version-vus-de-son-crown\/"},"author":{"name":"Benoit Charette","@id":"https:\/\/news.canadamotorjobs.com\/#\/schema\/person\/51793d1f87d44011d7bcc2ed99269a90"},"headline":"Toyota annonce une version VUS de son Crown","datePublished":"2023-11-07T14:23:16+00:00","dateModified":"2023-11-07T14:29:56+00:00","mainEntityOfPage":{"@id":"https:\/\/news.canadamotorjobs.com\/fr\/toyota-annonce-une-version-vus-de-son-crown\/"},"wordCount":463,"publisher":{"@id":"https:\/\/news.canadamotorjobs.com\/#organization"},"image":{"@id":"https:\/\/news.canadamotorjobs.com\/fr\/toyota-annonce-une-version-vus-de-son-crown\/#primaryimage"},"thumbnailUrl":"https:\/\/news.canadamotorjobs.com\/wp-content\/uploads\/2023\/11\/image001.jpg","articleSection":["Annuel automobile"],"inLanguage":"fr-CA"},{"@type":"WebPage","@id":"https:\/\/news.canadamotorjobs.com\/fr\/toyota-annonce-une-version-vus-de-son-crown\/","url":"https:\/\/news.canadamotorjobs.com\/fr\/toyota-annonce-une-version-vus-de-son-crown\/","name":"Toyota annonce une version VUS de son Crown - CanadaMotorJobs.com","isPartOf":{"@id":"https:\/\/news.canadamotorjobs.com\/#website"},"primaryImageOfPage":{"@id":"https:\/\/news.canadamotorjobs.com\/fr\/toyota-annonce-une-version-vus-de-son-crown\/#primaryimage"},"image":{"@id":"https:\/\/news.canadamotorjobs.com\/fr\/toyota-annonce-une-version-vus-de-son-crown\/#primaryimage"},"thumbnailUrl":"https:\/\/news.canadamotorjobs.com\/wp-content\/uploads\/2023\/11\/image001.jpg","datePublished":"2023-11-07T14:23:16+00:00","dateModified":"2023-11-07T14:29:56+00:00","description":"Toyota annonce une version VUS de son Crown - Benoit Charette - Annuel automobile - CanadaMotorJobs.com.","breadcrumb":{"@id":"https:\/\/news.canadamotorjobs.com\/fr\/toyota-annonce-une-version-vus-de-son-crown\/#breadcrumb"},"inLanguage":"fr-CA","potentialAction":[{"@type":"ReadAction","target":["https:\/\/news.canadamotorjobs.com\/fr\/toyota-annonce-une-version-vus-de-son-crown\/"]}]},{"@type":"ImageObject","inLanguage":"fr-CA","@id":"https:\/\/news.canadamotorjobs.com\/fr\/toyota-annonce-une-version-vus-de-son-crown\/#primaryimage","url":"https:\/\/news.canadamotorjobs.com\/wp-content\/uploads\/2023\/11\/image001.jpg","contentUrl":"https:\/\/news.canadamotorjobs.com\/wp-content\/uploads\/2023\/11\/image001.jpg","width":1430,"height":858},{"@type":"BreadcrumbList","@id":"https:\/\/news.canadamotorjobs.com\/fr\/toyota-annonce-une-version-vus-de-son-crown\/#breadcrumb","itemListElement":[{"@type":"ListItem","position":1,"name":"Home","item":"https:\/\/news.canadamotorjobs.com\/fr\/blog\/"},{"@type":"ListItem","position":2,"name":"Toyota annonce une version VUS de son Crown"}]},{"@type":"WebSite","@id":"https:\/\/news.canadamotorjobs.com\/#website","url":"https:\/\/news.canadamotorjobs.com\/","name":"CanadaMotorJobs.com","description":"Automotive Jobs","publisher":{"@id":"https:\/\/news.canadamotorjobs.com\/#organization"},"potentialAction":[{"@type":"SearchAction","target":{"@type":"EntryPoint","urlTemplate":"https:\/\/news.canadamotorjobs.com\/?s={search_term_string}"},"query-input":"required name=search_term_string"}],"inLanguage":"fr-CA"},{"@type":"Organization","@id":"https:\/\/news.canadamotorjobs.com\/#organization","name":"Canada Motor Jobs","url":"https:\/\/news.canadamotorjobs.com\/","logo":{"@type":"ImageObject","inLanguage":"fr-CA","@id":"https:\/\/news.canadamotorjobs.com\/#\/schema\/logo\/image\/","url":"https:\/\/news.canadamotorjobs.com\/wp-content\/uploads\/2022\/10\/logo-canada-motor-jobs-1.png","contentUrl":"https:\/\/news.canadamotorjobs.com\/wp-content\/uploads\/2022\/10\/logo-canada-motor-jobs-1.png","width":800,"height":400,"caption":"Canada Motor Jobs"},"image":{"@id":"https:\/\/news.canadamotorjobs.com\/#\/schema\/logo\/image\/"},"sameAs":["https:\/\/www.facebook.com\/canadamotorjobs\/","https:\/\/x.com\/canadamotorjobs","https:\/\/www.instagram.com\/canadamotorjobs\/","https:\/\/www.linkedin.com\/company\/canadamotorjobs"]},{"@type":"Person","@id":"https:\/\/news.canadamotorjobs.com\/#\/schema\/person\/51793d1f87d44011d7bcc2ed99269a90","name":"Benoit Charette","image":{"@type":"ImageObject","inLanguage":"fr-CA","@id":"https:\/\/news.canadamotorjobs.com\/#\/schema\/person\/image\/","url":"https:\/\/secure.gravatar.com\/avatar\/45f3d2eebcccd909668d7ce7ea7267b6?s=96&d=mm&r=g","contentUrl":"https:\/\/secure.gravatar.com\/avatar\/45f3d2eebcccd909668d7ce7ea7267b6?s=96&d=mm&r=g","caption":"Benoit Charette"},"description":"Benoit Charette \/ Propri\u00e9taire et r\u00e9dacteur en chef Benoit Charette pratique le journalisme automobile depuis bient\u00f4t 30 ans. Il a fait ses classes au c\u00f4t\u00e9 de Daniel H\u00e9raud et au Carnet de route de 1992 \u00e0 2001. Il est fondateur, copropri\u00e9taire et r\u00e9dacteur en chef de L\u2019Annuel de l\u2019automobile, qu\u2019il publie depuis 2001. Il a anim\u00e9 les \u00e9missions RPM et RPM+ sur V et les L\u00e9gendes de la route sur Historia. \u00c0 la radio depuis 1986, il reprend l\u2019antenne cette ann\u00e9e sur les ondes de Cogeco et participe pour la deuxi\u00e8me ann\u00e9e \u00e0 l\u2019\u00e9mission Passion Auto sur RDS en plus de mettre en ligne le site Web officiel de L\u2019Annuel de l\u2019automobile sur annuelauto.ca.","sameAs":["https:\/\/annuelauto.ca\/"],"url":"https:\/\/news.canadamotorjobs.com\/fr\/author\/benoit-charette\/"}]}},"_links":{"self":[{"href":"https:\/\/news.canadamotorjobs.com\/fr\/wp-json\/wp\/v2\/posts\/153323"}],"collection":[{"href":"https:\/\/news.canadamotorjobs.com\/fr\/wp-json\/wp\/v2\/posts"}],"about":[{"href":"https:\/\/news.canadamotorjobs.com\/fr\/wp-json\/wp\/v2\/types\/post"}],"author":[{"embeddable":true,"href":"https:\/\/news.canadamotorjobs.com\/fr\/wp-json\/wp\/v2\/users\/8"}],"replies":[{"embeddable":true,"href":"https:\/\/news.canadamotorjobs.com\/fr\/wp-json\/wp\/v2\/comments?post=153323"}],"version-history":[{"count":2,"href":"https:\/\/news.canadamotorjobs.com\/fr\/wp-json\/wp\/v2\/posts\/153323\/revisions"}],"predecessor-version":[{"id":153327,"href":"https:\/\/news.canadamotorjobs.com\/fr\/wp-json\/wp\/v2\/posts\/153323\/revisions\/153327"}],"wp:featuredmedia":[{"embeddable":true,"href":"https:\/\/news.canadamotorjobs.com\/fr\/wp-json\/wp\/v2\/media\/153325"}],"wp:attachment":[{"href":"https:\/\/news.canadamotorjobs.com\/fr\/wp-json\/wp\/v2\/media?parent=153323"}],"wp:term":[{"taxonomy":"category","embeddable":true,"href":"https:\/\/news.canadamotorjobs.com\/fr\/wp-json\/wp\/v2\/categories?post=153323"},{"taxonomy":"post_tag","embeddable":true,"href":"https:\/\/news.canadamotorjobs.com\/fr\/wp-json\/wp\/v2\/tags?post=153323"}],"curies":[{"name":"wp","href":"https:\/\/api.w.org\/{rel}","templated":true}]}}