{"id":153299,"date":"2023-11-07T07:27:31","date_gmt":"2023-11-07T12:27:31","guid":{"rendered":"https:\/\/news.canadamotorjobs.com\/?p=153299"},"modified":"2023-11-07T07:30:44","modified_gmt":"2023-11-07T12:30:44","slug":"le-ram-1500-abandonne-le-v8-hemi-pour-le-moteur-hurricane-a-six-cylindres","status":"publish","type":"post","link":"https:\/\/news.canadamotorjobs.com\/fr\/le-ram-1500-abandonne-le-v8-hemi-pour-le-moteur-hurricane-a-six-cylindres\/","title":{"rendered":"Le Ram 1500 abandonne le V8 Hemi pour le moteur Hurricane \u00e0 six cylindres"},"content":{"rendered":"<\/p>\n<p>Le Ram 1500 2025 subit une transformation majeure en optant pour le moteur six cylindres en ligne Hurricane en remplacement du V8 Hemi. Cette d\u00e9cision s&#8217;accompagne de changements significatifs, y compris l&#8217;introduction d&#8217;une version High Output du moteur Hurricane, d\u00e9veloppant une puissance impressionnante de 540 chevaux et 521 lb-pi de couple.<\/p>\n<h3>Le luxueux niveau de finition Tungsten red\u00e9finit la gamme Ram 1500<\/h3>\n<p>\nStellantis \u00e9l\u00e8ve le niveau de luxe du Ram 1500 en introduisant le mod\u00e8le Tungsten, qui offre un int\u00e9rieur somptueux avec des mat\u00e9riaux haut de gamme, une sellerie en cuir Natura Indigo\/Sea Salt, et des accents m\u00e9talliques d\u00e9cor\u00e9s de diamants. Les caract\u00e9ristiques ext\u00e9rieures uniques, telles qu&#8217;une calandre personnalis\u00e9e et des jantes de 22 pouces taill\u00e9es au diamant, distinguent ce mod\u00e8le des autres.<\/p>\n<h3>Des am\u00e9liorations esth\u00e9tiques pour un look rafra\u00eechi<\/h3>\n<p>\nLe Ram 1500 2025 conserve son design embl\u00e9matique, mais des mises \u00e0 jour subtiles lui donnent une apparence plus moderne. Les phares redessin\u00e9s avec un \u00e9clairage \u00e0 LED, la calandre agrandie, et les feux arri\u00e8re redessin\u00e9s contribuent \u00e0 l&#8217;esth\u00e9tique rafra\u00eechie du pick-<\/p>\n<h3>Int\u00e9rieur de pointe avec des technologies avanc\u00e9es<\/h3>\n<p>\nL&#8217;int\u00e9rieur du Ram 1500 2025 propose de nouvelles textures haut de gamme, du cuir de qualit\u00e9 sup\u00e9rieure, et m\u00eame de la fibre de carbone pour un luxe exceptionnel. Les mod\u00e8les Bighorn et Lone Star b\u00e9n\u00e9ficient de touches m\u00e9talliques \u00e9l\u00e9gantes, tandis que le Rebel se d\u00e9marque avec des inserts en maille Ombre rouge\/noir. Le Laramie offre des \u00e9l\u00e9ments de<\/p>\n<h3>Options de moteurs et capacit\u00e9s impressionnantes<\/h3>\n<p>\nLe Ram 1500 2025 offre trois options de moteurs, dont le moteur Hurricane High Output de 540 ch qui \u00e9quipe le nouveau Ram 1500 RHO, successeur du TRX. Malgr\u00e9 ces changements, le pick-up maintient ses capacit\u00e9s de remorquage de 11 580 lb et une charge utile de 2 300 lb.<\/p>\n<h3>Technologie avanc\u00e9e avec le syst\u00e8me Uconnect am\u00e9lior\u00e9<\/h3>\n<p>\nLe Ram 1500 2025 est \u00e9quip\u00e9 d&#8217;un syst\u00e8me d&#8217;infodivertissement Uconnect am\u00e9lior\u00e9, avec un \u00e9cran de 12 pouces en standard et une option pour un \u00e9cran tactile de 14,5 pouces. De plus, un \u00e9cran de 10,25 pouces est disponible pour le passager avant, offrant trois fonctions distinctes.<\/p>\n<p>Source\u00a0: Stellantis<\/p>\n<p>\u00a0<\/p>\n<p>Le texte <a rel=\"nofollow\" href=\"https:\/\/annuelauto.ca\/le-ram-1500-abandonne-le-v8-hemi-pour-le-moteur-hurricane-a-six-cylindres\/\">Le Ram 1500 abandonne le V8 Hemi pour le moteur Hurricane \u00e0 six cylindres<\/a> provient de <a rel=\"nofollow\" href=\"https:\/\/annuelauto.ca\">L&#8217;annuel de l&#8217;automobile &#8211; Actualit\u00e9 automobile<\/a><\/p>\n<p><\/p>\n","protected":false},"excerpt":{"rendered":"<p>Le Ram 1500 2025 subit une transformation majeure en optant pour le moteur six cylindres en ligne Hurricane en remplacement du V8 Hemi. Cette d\u00e9cision s&#8217;accompagne de changements significatifs, y compris l&#8217;introduction d&#8217;une version High Output du moteur Hurricane, d\u00e9veloppant une puissance impressionnante de 540 chevaux et 521 lb-pi de couple. Le luxueux niveau de [&hellip;]<\/p>\n","protected":false},"author":8,"featured_media":153301,"comment_status":"close","ping_status":"closed","sticky":false,"template":"","format":"standard","meta":{"_monsterinsights_skip_tracking":false,"_monsterinsights_sitenote_active":false,"_monsterinsights_sitenote_note":"","_monsterinsights_sitenote_category":0,"footnotes":""},"categories":[101],"tags":[],"yoast_head":"<!-- This site is optimized with the Yoast SEO plugin v23.2 - https:\/\/yoast.com\/wordpress\/plugins\/seo\/ -->\n<title>Le Ram 1500 abandonne le V8 Hemi pour le moteur Hurricane \u00e0 six cylindres - CanadaMotorJobs.com<\/title>\n<meta name=\"description\" content=\"Le Ram 1500 abandonne le V8 Hemi pour le moteur Hurricane \u00e0 six cylindres - Benoit Charette - Annuel automobile - CanadaMotorJobs.com.\" \/>\n<meta name=\"robots\" content=\"index, follow, max-snippet:-1, max-image-preview:large, max-video-preview:-1\" \/>\n<meta property=\"og:locale\" content=\"fr_CA\" \/>\n<meta property=\"og:type\" content=\"article\" \/>\n<meta property=\"og:title\" content=\"Le Ram 1500 abandonne le V8 Hemi pour le moteur Hurricane \u00e0 six cylindres - CanadaMotorJobs.com\" \/>\n<meta property=\"og:description\" content=\"Le Ram 1500 abandonne le V8 Hemi pour le moteur Hurricane \u00e0 six cylindres - Benoit Charette - Annuel automobile - CanadaMotorJobs.com.\" \/>\n<meta property=\"og:url\" content=\"https:\/\/news.canadamotorjobs.com\/fr\/le-ram-1500-abandonne-le-v8-hemi-pour-le-moteur-hurricane-a-six-cylindres\/\" \/>\n<meta property=\"og:site_name\" content=\"CanadaMotorJobs.com\" \/>\n<meta property=\"article:publisher\" content=\"https:\/\/www.facebook.com\/canadamotorjobs\/\" \/>\n<meta property=\"article:published_time\" content=\"2023-11-07T12:27:31+00:00\" \/>\n<meta property=\"article:modified_time\" content=\"2023-11-07T12:30:44+00:00\" \/>\n<meta property=\"og:image\" content=\"https:\/\/news.canadamotorjobs.com\/wp-content\/uploads\/2023\/11\/RM025_062FNobp7mgrv383h33ri6d7bugunc0.jpg\" \/>\n\t<meta property=\"og:image:width\" content=\"1200\" \/>\n\t<meta property=\"og:image:height\" content=\"800\" \/>\n\t<meta property=\"og:image:type\" content=\"image\/jpeg\" \/>\n<meta name=\"author\" content=\"Benoit Charette\" \/>\n<meta name=\"twitter:card\" content=\"summary_large_image\" \/>\n<meta name=\"twitter:creator\" content=\"@canadamotorjobs\" \/>\n<meta name=\"twitter:site\" content=\"@canadamotorjobs\" \/>\n<meta name=\"twitter:label1\" content=\"\u00c9crit par\" \/>\n\t<meta name=\"twitter:data1\" content=\"Benoit Charette\" \/>\n\t<meta name=\"twitter:label2\" content=\"Estimation du temps de lecture\" \/>\n\t<meta name=\"twitter:data2\" content=\"2 minutes\" \/>\n<!-- \/ Yoast SEO plugin. -->","yoast_head_json":{"title":"Le Ram 1500 abandonne le V8 Hemi pour le moteur Hurricane \u00e0 six cylindres - CanadaMotorJobs.com","description":"Le Ram 1500 abandonne le V8 Hemi pour le moteur Hurricane \u00e0 six cylindres - Benoit Charette - Annuel automobile - CanadaMotorJobs.com.","robots":{"index":"index","follow":"follow","max-snippet":"max-snippet:-1","max-image-preview":"max-image-preview:large","max-video-preview":"max-video-preview:-1"},"og_locale":"fr_CA","og_type":"article","og_title":"Le Ram 1500 abandonne le V8 Hemi pour le moteur Hurricane \u00e0 six cylindres - CanadaMotorJobs.com","og_description":"Le Ram 1500 abandonne le V8 Hemi pour le moteur Hurricane \u00e0 six cylindres - Benoit Charette - Annuel automobile - CanadaMotorJobs.com.","og_url":"https:\/\/news.canadamotorjobs.com\/fr\/le-ram-1500-abandonne-le-v8-hemi-pour-le-moteur-hurricane-a-six-cylindres\/","og_site_name":"CanadaMotorJobs.com","article_publisher":"https:\/\/www.facebook.com\/canadamotorjobs\/","article_published_time":"2023-11-07T12:27:31+00:00","article_modified_time":"2023-11-07T12:30:44+00:00","og_image":[{"width":1200,"height":800,"url":"https:\/\/news.canadamotorjobs.com\/wp-content\/uploads\/2023\/11\/RM025_062FNobp7mgrv383h33ri6d7bugunc0.jpg","type":"image\/jpeg"}],"author":"Benoit Charette","twitter_card":"summary_large_image","twitter_creator":"@canadamotorjobs","twitter_site":"@canadamotorjobs","twitter_misc":{"\u00c9crit par":"Benoit Charette","Estimation du temps de lecture":"2 minutes"},"schema":{"@context":"https:\/\/schema.org","@graph":[{"@type":"Article","@id":"https:\/\/news.canadamotorjobs.com\/fr\/le-ram-1500-abandonne-le-v8-hemi-pour-le-moteur-hurricane-a-six-cylindres\/#article","isPartOf":{"@id":"https:\/\/news.canadamotorjobs.com\/fr\/le-ram-1500-abandonne-le-v8-hemi-pour-le-moteur-hurricane-a-six-cylindres\/"},"author":{"name":"Benoit Charette","@id":"https:\/\/news.canadamotorjobs.com\/#\/schema\/person\/51793d1f87d44011d7bcc2ed99269a90"},"headline":"Le Ram 1500 abandonne le V8 Hemi pour le moteur Hurricane \u00e0 six cylindres","datePublished":"2023-11-07T12:27:31+00:00","dateModified":"2023-11-07T12:30:44+00:00","mainEntityOfPage":{"@id":"https:\/\/news.canadamotorjobs.com\/fr\/le-ram-1500-abandonne-le-v8-hemi-pour-le-moteur-hurricane-a-six-cylindres\/"},"wordCount":410,"publisher":{"@id":"https:\/\/news.canadamotorjobs.com\/#organization"},"image":{"@id":"https:\/\/news.canadamotorjobs.com\/fr\/le-ram-1500-abandonne-le-v8-hemi-pour-le-moteur-hurricane-a-six-cylindres\/#primaryimage"},"thumbnailUrl":"https:\/\/news.canadamotorjobs.com\/wp-content\/uploads\/2023\/11\/RM025_062FNobp7mgrv383h33ri6d7bugunc0.jpg","articleSection":["Annuel automobile"],"inLanguage":"fr-CA"},{"@type":"WebPage","@id":"https:\/\/news.canadamotorjobs.com\/fr\/le-ram-1500-abandonne-le-v8-hemi-pour-le-moteur-hurricane-a-six-cylindres\/","url":"https:\/\/news.canadamotorjobs.com\/fr\/le-ram-1500-abandonne-le-v8-hemi-pour-le-moteur-hurricane-a-six-cylindres\/","name":"Le Ram 1500 abandonne le V8 Hemi pour le moteur Hurricane \u00e0 six cylindres - CanadaMotorJobs.com","isPartOf":{"@id":"https:\/\/news.canadamotorjobs.com\/#website"},"primaryImageOfPage":{"@id":"https:\/\/news.canadamotorjobs.com\/fr\/le-ram-1500-abandonne-le-v8-hemi-pour-le-moteur-hurricane-a-six-cylindres\/#primaryimage"},"image":{"@id":"https:\/\/news.canadamotorjobs.com\/fr\/le-ram-1500-abandonne-le-v8-hemi-pour-le-moteur-hurricane-a-six-cylindres\/#primaryimage"},"thumbnailUrl":"https:\/\/news.canadamotorjobs.com\/wp-content\/uploads\/2023\/11\/RM025_062FNobp7mgrv383h33ri6d7bugunc0.jpg","datePublished":"2023-11-07T12:27:31+00:00","dateModified":"2023-11-07T12:30:44+00:00","description":"Le Ram 1500 abandonne le V8 Hemi pour le moteur Hurricane \u00e0 six cylindres - Benoit Charette - Annuel automobile - CanadaMotorJobs.com.","breadcrumb":{"@id":"https:\/\/news.canadamotorjobs.com\/fr\/le-ram-1500-abandonne-le-v8-hemi-pour-le-moteur-hurricane-a-six-cylindres\/#breadcrumb"},"inLanguage":"fr-CA","potentialAction":[{"@type":"ReadAction","target":["https:\/\/news.canadamotorjobs.com\/fr\/le-ram-1500-abandonne-le-v8-hemi-pour-le-moteur-hurricane-a-six-cylindres\/"]}]},{"@type":"ImageObject","inLanguage":"fr-CA","@id":"https:\/\/news.canadamotorjobs.com\/fr\/le-ram-1500-abandonne-le-v8-hemi-pour-le-moteur-hurricane-a-six-cylindres\/#primaryimage","url":"https:\/\/news.canadamotorjobs.com\/wp-content\/uploads\/2023\/11\/RM025_062FNobp7mgrv383h33ri6d7bugunc0.jpg","contentUrl":"https:\/\/news.canadamotorjobs.com\/wp-content\/uploads\/2023\/11\/RM025_062FNobp7mgrv383h33ri6d7bugunc0.jpg","width":1200,"height":800},{"@type":"BreadcrumbList","@id":"https:\/\/news.canadamotorjobs.com\/fr\/le-ram-1500-abandonne-le-v8-hemi-pour-le-moteur-hurricane-a-six-cylindres\/#breadcrumb","itemListElement":[{"@type":"ListItem","position":1,"name":"Home","item":"https:\/\/news.canadamotorjobs.com\/fr\/blog\/"},{"@type":"ListItem","position":2,"name":"Le Ram 1500 abandonne le V8 Hemi pour le moteur Hurricane \u00e0 six cylindres"}]},{"@type":"WebSite","@id":"https:\/\/news.canadamotorjobs.com\/#website","url":"https:\/\/news.canadamotorjobs.com\/","name":"CanadaMotorJobs.com","description":"Automotive Jobs","publisher":{"@id":"https:\/\/news.canadamotorjobs.com\/#organization"},"potentialAction":[{"@type":"SearchAction","target":{"@type":"EntryPoint","urlTemplate":"https:\/\/news.canadamotorjobs.com\/?s={search_term_string}"},"query-input":"required name=search_term_string"}],"inLanguage":"fr-CA"},{"@type":"Organization","@id":"https:\/\/news.canadamotorjobs.com\/#organization","name":"Canada Motor Jobs","url":"https:\/\/news.canadamotorjobs.com\/","logo":{"@type":"ImageObject","inLanguage":"fr-CA","@id":"https:\/\/news.canadamotorjobs.com\/#\/schema\/logo\/image\/","url":"https:\/\/news.canadamotorjobs.com\/wp-content\/uploads\/2022\/10\/logo-canada-motor-jobs-1.png","contentUrl":"https:\/\/news.canadamotorjobs.com\/wp-content\/uploads\/2022\/10\/logo-canada-motor-jobs-1.png","width":800,"height":400,"caption":"Canada Motor Jobs"},"image":{"@id":"https:\/\/news.canadamotorjobs.com\/#\/schema\/logo\/image\/"},"sameAs":["https:\/\/www.facebook.com\/canadamotorjobs\/","https:\/\/x.com\/canadamotorjobs","https:\/\/www.instagram.com\/canadamotorjobs\/","https:\/\/www.linkedin.com\/company\/canadamotorjobs"]},{"@type":"Person","@id":"https:\/\/news.canadamotorjobs.com\/#\/schema\/person\/51793d1f87d44011d7bcc2ed99269a90","name":"Benoit Charette","image":{"@type":"ImageObject","inLanguage":"fr-CA","@id":"https:\/\/news.canadamotorjobs.com\/#\/schema\/person\/image\/","url":"https:\/\/secure.gravatar.com\/avatar\/45f3d2eebcccd909668d7ce7ea7267b6?s=96&d=mm&r=g","contentUrl":"https:\/\/secure.gravatar.com\/avatar\/45f3d2eebcccd909668d7ce7ea7267b6?s=96&d=mm&r=g","caption":"Benoit Charette"},"description":"Benoit Charette \/ Propri\u00e9taire et r\u00e9dacteur en chef Benoit Charette pratique le journalisme automobile depuis bient\u00f4t 30 ans. Il a fait ses classes au c\u00f4t\u00e9 de Daniel H\u00e9raud et au Carnet de route de 1992 \u00e0 2001. Il est fondateur, copropri\u00e9taire et r\u00e9dacteur en chef de L\u2019Annuel de l\u2019automobile, qu\u2019il publie depuis 2001. Il a anim\u00e9 les \u00e9missions RPM et RPM+ sur V et les L\u00e9gendes de la route sur Historia. \u00c0 la radio depuis 1986, il reprend l\u2019antenne cette ann\u00e9e sur les ondes de Cogeco et participe pour la deuxi\u00e8me ann\u00e9e \u00e0 l\u2019\u00e9mission Passion Auto sur RDS en plus de mettre en ligne le site Web officiel de L\u2019Annuel de l\u2019automobile sur annuelauto.ca.","sameAs":["https:\/\/annuelauto.ca\/"],"url":"https:\/\/news.canadamotorjobs.com\/fr\/author\/benoit-charette\/"}]}},"_links":{"self":[{"href":"https:\/\/news.canadamotorjobs.com\/fr\/wp-json\/wp\/v2\/posts\/153299"}],"collection":[{"href":"https:\/\/news.canadamotorjobs.com\/fr\/wp-json\/wp\/v2\/posts"}],"about":[{"href":"https:\/\/news.canadamotorjobs.com\/fr\/wp-json\/wp\/v2\/types\/post"}],"author":[{"embeddable":true,"href":"https:\/\/news.canadamotorjobs.com\/fr\/wp-json\/wp\/v2\/users\/8"}],"replies":[{"embeddable":true,"href":"https:\/\/news.canadamotorjobs.com\/fr\/wp-json\/wp\/v2\/comments?post=153299"}],"version-history":[{"count":2,"href":"https:\/\/news.canadamotorjobs.com\/fr\/wp-json\/wp\/v2\/posts\/153299\/revisions"}],"predecessor-version":[{"id":153303,"href":"https:\/\/news.canadamotorjobs.com\/fr\/wp-json\/wp\/v2\/posts\/153299\/revisions\/153303"}],"wp:featuredmedia":[{"embeddable":true,"href":"https:\/\/news.canadamotorjobs.com\/fr\/wp-json\/wp\/v2\/media\/153301"}],"wp:attachment":[{"href":"https:\/\/news.canadamotorjobs.com\/fr\/wp-json\/wp\/v2\/media?parent=153299"}],"wp:term":[{"taxonomy":"category","embeddable":true,"href":"https:\/\/news.canadamotorjobs.com\/fr\/wp-json\/wp\/v2\/categories?post=153299"},{"taxonomy":"post_tag","embeddable":true,"href":"https:\/\/news.canadamotorjobs.com\/fr\/wp-json\/wp\/v2\/tags?post=153299"}],"curies":[{"name":"wp","href":"https:\/\/api.w.org\/{rel}","templated":true}]}}