{"id":153253,"date":"2023-11-06T08:53:17","date_gmt":"2023-11-06T13:53:17","guid":{"rendered":"https:\/\/news.canadamotorjobs.com\/?p=153253"},"modified":"2023-11-06T09:01:24","modified_gmt":"2023-11-06T14:01:24","slug":"la-nouvelle-image-verte-de-volvo","status":"publish","type":"post","link":"https:\/\/news.canadamotorjobs.com\/fr\/la-nouvelle-image-verte-de-volvo\/","title":{"rendered":"La nouvelle image verte de Volvo"},"content":{"rendered":"<\/p>\n<p><em>Barcelone, Espagne<\/em> &#8211; Volvo a entrepris une qu\u00eate audacieuse, promettant que d&#8217;ici 2030, tous ses destriers sur les routes seraient dot\u00e9s d&#8217;un c\u0153ur \u00e9lectrique. Et d&#8217;ici 2025, une \u00e9pop\u00e9e \u00e9lectrique se pr\u00e9pare avec le tout premier mod\u00e8le de cette \u00e8re, le petit VUS EX30, 100 % \u00e9lectrique.<\/p>\n<h3><strong>L&#8217;Aube d&#8217;une nouvelle \u00e8re<br \/>\n<\/strong><\/h3>\n<p>\nL&#8217;EX30 est un aventurier compact, le plus agile, rapide et puissant de toute la saga de Volvo. Ses mensurations le placent \u00e0 la lisi\u00e8re de l&#8217;histoire : 4 233 millim\u00e8tres de long, 1 837 mm de large et 1 555 mm de haut, avec un empattement de 2 650 mm. Sa silhouette r\u00e9v\u00e8le des airs de famille, une calandre gardienne, des phares num\u00e9riques en forme de marteau de Thor et des feux arri\u00e8re divis\u00e9s. Une ceinture de caisse s&#8217;\u00e9levant, une illusion d&#8217;un &#8220;toit flottant&#8221;, un capot qui plonge en drame, des passages de roues intr\u00e9pides, des porte-\u00e0-faux minimalistes, c&#8217;est un r\u00eave d&#8217;\u00e9l\u00e9gance.<\/p>\n<h3><strong>Gardien de l&#8217;avenir<\/strong><\/h3>\n<p>\nLa s\u00e9curit\u00e9 est une \u00e9toile fixe dans le ciel de Volvo. L&#8217;EX30 d\u00e9voile un tr\u00e9sor d&#8217;aides \u00e0 la conduite, un h\u00e9ritage de mod\u00e8les prestigieux. Le Pilot Assist guide le voyageur dans les m\u00e9andres des voies lorsque les clignotants appellent. Le Park Pilot Assist, incarnation de la s\u00e9r\u00e9nade, prend en charge le ballet du stationnement. L&#8217;alerte de sortie, en gardien vigilant, r\u00e9v\u00e8le la pr\u00e9sence d&#8217;un cycliste \u00e0 l&#8217;ouverture des portes, et un nouveau rituel de freinage automatique prend vie pour conjurer les p\u00e9rils des intersections.<\/p>\n<h3><strong>Havre de repos<\/strong><\/h3>\n<p>\nSous une armure modeste, l&#8217;EX30 offre un sanctuaire g\u00e9n\u00e9reux \u00e0 ses aventuriers. Il n&#8217;a pas de console centrale, lib\u00e9rant l&#8217;espace en un \u00e9tendard sur le tableau de bord. Une symphonie de Harman Kardon \u00e9merge de l&#8217;obscurit\u00e9, laissant de l&#8217;espace pour d&#8217;autres tr\u00e9sors. Le levier de transmission s&#8217;efface avec discr\u00e9tion. Cependant, le coffre reste un pr\u00e9cieux reliquaire de seulement 318 litres.<\/p>\n<h3><strong>Un \u00e9cran qui r\u00e8gne en ma\u00eetre<\/strong><\/h3>\n<p>\nL&#8217;EX30 se distingue par un \u00e9cran central \u00e9rig\u00e9 en oracle vertical, le gardien de tous les secrets, climatiques, cartographiques, m\u00e9lodiques. Une transition douce, semblable \u00e0 un rituel, obscurcit l&#8217;horizon derri\u00e8re le volant. Le syst\u00e8me n\u00e9cessite un apprentissage, mais promet r\u00e9activit\u00e9 et convivialit\u00e9.<\/p>\n<h3><strong>Un sanctuaire pour voyageurs<\/strong><\/h3>\n<p>\nLes si\u00e8ges arri\u00e8re, accueillants et hospitaliers, offrent une retraite apaisante pour deux voyageurs. Une garde au toit vaste et un espace g\u00e9n\u00e9reux pour les jambes invitent \u00e0 la d\u00e9tente. Des tr\u00e9sors se dissimulent dans des recoins secrets. La luminosit\u00e9 inonde l&#8217;habitacle gr\u00e2ce au toit panoramique. Les mat\u00e9riaux recycl\u00e9s utilis\u00e9s ajoutent une note verte, mais certains se montrent rigides au toucher.<\/p>\n<h3><strong>Baladeuse dans l&#8217;\u00e2me<br \/>\n<\/strong><\/h3>\n<p>\nL&#8217;EX30 offre un choix d&#8217;aventures, une qu\u00eate \u00e0 deux facettes. Le mod\u00e8le \u00e0 un moteur privil\u00e9gie l&#8217;efficacit\u00e9 et l&#8217;autonomie. Le mod\u00e8le \u00e0 double moteur embrasse les performances. Le premier d\u00e9voile une conduite \u00e9quilibr\u00e9e, le second rugit en abattant un 0-100 km\/h en 3,6 secondes. Les aventuriers d\u00e9couvrent une suspension ferme mais confortable, une visibilit\u00e9 sans faille, et la sagesse de l&#8217;a\u00e9rodynamisme.<\/p>\n<h3><strong>La magie des chevaux \u00e9lectriques<\/strong><\/h3>\n<p>\nLes deux versions de l&#8217;EX30 abritent une batterie d&#8217;une capacit\u00e9 totale de 69 kWh, d\u00e9voilant une puissance enchanteresse. Le mod\u00e8le \u00e0 un moteur offre 268 chevaux et une autonomie de 442 kilom\u00e8tres. Le mod\u00e8le \u00e0 double moteur embrasse une puissance totale de 422 chevaux, avec une autonomie estim\u00e9e de 422 kilom\u00e8tres. Une magie de recharge rapide en courant continu \u00e9claire l&#8217;aventure, r\u00e9v\u00e9lant que de 10 % \u00e0 80 % de capacit\u00e9 ne prend qu&#8217;environ 27 minutes.<\/p>\n<h3><strong>Peu gourmand<\/strong><\/h3>\n<p>\nLes premi\u00e8res l\u00e9gendes parlent de consommations impressionnantes. Le mod\u00e8le \u00e0 un moteur r\u00e9v\u00e8le une consommation de 13,2 kWh pour 100 km. Le mod\u00e8le \u00e0 double moteur, malgr\u00e9 ses 422 chevaux, affiche une consommation moyenne de 16,6 kWh pour 100 km.<\/p>\n<h3><strong>Techno moderne<\/strong><\/h3>\n<p>\nL&#8217;EX30 se dresse comme une fresque technologique tiss\u00e9e par Google et guid\u00e9e par la puissance 5G. Les march\u00e9s d&#8217;application offrent des tr\u00e9sors, de Spotify \u00e0 YouTube. Apple CarPlay entre dans l&#8217;aventure. Des lanternes USB-C jalonnent le chemin \u00e9lectronique. L&#8217;\u00e9cran central d\u00e9voile le sc\u00e9nario des fonctions du navire. La personnalisation se r\u00e9v\u00e8le avec des th\u00e8mes int\u00e9rieurs et des th\u00e8mes d&#8217;ambiance.<\/p>\n<h3><strong>Les prix<\/strong><\/h3>\n<p>\nLe prix de d\u00e9part pour l&#8217;EX30 \u00e0 un seul moteur est de 53 700 $. Des options et des frais s&#8217;ajoutent. Les versions \u00e0 deux moteurs sont propos\u00e9es entre 56 900 $ et 62 100 $. Des subventions provinciales et f\u00e9d\u00e9rales donnent un coup de pouce \u00e0 l&#8217;aventure. Le mod\u00e8le de base aux \u00c9tats-Unis d\u00e9bute \u00e0 34 700 $, une nuance qui intrigue.<\/p>\n<h3><strong>Conclusion <\/strong><\/h3>\n<p>\nVolvo place ses r\u00eaves dans l&#8217;EX30, cherchant \u00e0 conqu\u00e9rir le monde \u00e9lectrique. Le voyage commence \u00e0 la fin du printemps, ann\u00e9e 2025. L&#8217;espoir d&#8217;un mod\u00e8le plus abordable demeure, mais pour le moment, l&#8217;EX30 promet un r\u00eave \u00e9lectrique. Un nouveau chapitre dans la l\u00e9gende de Volvo s&#8217;ouvre.<\/p>\n<h3><strong>Forces<\/strong><\/h3>\n<p>\nPuissant (2 moteurs),<\/p>\n<p>Format Pratique,<\/p>\n<p>Un Style Unique<\/p>\n<h3><strong>Faiblesses<\/strong><\/h3>\n<p>\nUn syst\u00e8me d&#8217;Infodivertissement qui demande une adaptation,<\/p>\n<p>Un prix de base qui aurait d\u00fb \u00eatre plus bas,<\/p>\n<p>Pas de poign\u00e9e int\u00e9rieure pour aider \u00e0 embarquer<\/p>\n<p>\u00a0<\/p>\n<p>Le texte <a rel=\"nofollow\" href=\"https:\/\/annuelauto.ca\/la-nouvelle-image-verte-de-volvo\/\">La nouvelle image verte de Volvo<\/a> provient de <a rel=\"nofollow\" href=\"https:\/\/annuelauto.ca\">L&#8217;annuel de l&#8217;automobile &#8211; Actualit\u00e9 automobile<\/a><\/p>\n<p><\/p>\n","protected":false},"excerpt":{"rendered":"<p>Barcelone, Espagne &#8211; Volvo a entrepris une qu\u00eate audacieuse, promettant que d&#8217;ici 2030, tous ses destriers sur les routes seraient dot\u00e9s d&#8217;un c\u0153ur \u00e9lectrique. Et d&#8217;ici 2025, une \u00e9pop\u00e9e \u00e9lectrique se pr\u00e9pare avec le tout premier mod\u00e8le de cette \u00e8re, le petit VUS EX30, 100 % \u00e9lectrique. L&#8217;Aube d&#8217;une nouvelle \u00e8re L&#8217;EX30 est un aventurier [&hellip;]<\/p>\n","protected":false},"author":8,"featured_media":153255,"comment_status":"close","ping_status":"closed","sticky":false,"template":"","format":"standard","meta":{"_monsterinsights_skip_tracking":false,"_monsterinsights_sitenote_active":false,"_monsterinsights_sitenote_note":"","_monsterinsights_sitenote_category":0,"footnotes":""},"categories":[101],"tags":[],"yoast_head":"<!-- This site is optimized with the Yoast SEO plugin v23.2 - https:\/\/yoast.com\/wordpress\/plugins\/seo\/ -->\n<title>La nouvelle image verte de Volvo - CanadaMotorJobs.com<\/title>\n<meta name=\"description\" content=\"La nouvelle image verte de Volvo - Benoit Charette - Annuel automobile - CanadaMotorJobs.com.\" \/>\n<meta name=\"robots\" content=\"index, follow, max-snippet:-1, max-image-preview:large, max-video-preview:-1\" \/>\n<meta property=\"og:locale\" content=\"fr_CA\" \/>\n<meta property=\"og:type\" content=\"article\" \/>\n<meta property=\"og:title\" content=\"La nouvelle image verte de Volvo - CanadaMotorJobs.com\" \/>\n<meta property=\"og:description\" content=\"La nouvelle image verte de Volvo - Benoit Charette - Annuel automobile - CanadaMotorJobs.com.\" \/>\n<meta property=\"og:url\" content=\"https:\/\/news.canadamotorjobs.com\/fr\/la-nouvelle-image-verte-de-volvo\/\" \/>\n<meta property=\"og:site_name\" content=\"CanadaMotorJobs.com\" \/>\n<meta property=\"article:publisher\" content=\"https:\/\/www.facebook.com\/canadamotorjobs\/\" \/>\n<meta property=\"article:published_time\" content=\"2023-11-06T13:53:17+00:00\" \/>\n<meta property=\"article:modified_time\" content=\"2023-11-06T14:01:24+00:00\" \/>\n<meta property=\"og:image\" content=\"https:\/\/news.canadamotorjobs.com\/wp-content\/uploads\/2023\/11\/IMG_7186.jpg\" \/>\n\t<meta property=\"og:image:width\" content=\"1067\" \/>\n\t<meta property=\"og:image:height\" content=\"800\" \/>\n\t<meta property=\"og:image:type\" content=\"image\/jpeg\" \/>\n<meta name=\"author\" content=\"Benoit Charette\" \/>\n<meta name=\"twitter:card\" content=\"summary_large_image\" \/>\n<meta name=\"twitter:creator\" content=\"@canadamotorjobs\" \/>\n<meta name=\"twitter:site\" content=\"@canadamotorjobs\" \/>\n<meta name=\"twitter:label1\" content=\"\u00c9crit par\" \/>\n\t<meta name=\"twitter:data1\" content=\"Benoit Charette\" \/>\n\t<meta name=\"twitter:label2\" content=\"Estimation du temps de lecture\" \/>\n\t<meta name=\"twitter:data2\" content=\"4 minutes\" \/>\n<!-- \/ Yoast SEO plugin. -->","yoast_head_json":{"title":"La nouvelle image verte de Volvo - CanadaMotorJobs.com","description":"La nouvelle image verte de Volvo - Benoit Charette - Annuel automobile - CanadaMotorJobs.com.","robots":{"index":"index","follow":"follow","max-snippet":"max-snippet:-1","max-image-preview":"max-image-preview:large","max-video-preview":"max-video-preview:-1"},"og_locale":"fr_CA","og_type":"article","og_title":"La nouvelle image verte de Volvo - CanadaMotorJobs.com","og_description":"La nouvelle image verte de Volvo - Benoit Charette - Annuel automobile - CanadaMotorJobs.com.","og_url":"https:\/\/news.canadamotorjobs.com\/fr\/la-nouvelle-image-verte-de-volvo\/","og_site_name":"CanadaMotorJobs.com","article_publisher":"https:\/\/www.facebook.com\/canadamotorjobs\/","article_published_time":"2023-11-06T13:53:17+00:00","article_modified_time":"2023-11-06T14:01:24+00:00","og_image":[{"width":1067,"height":800,"url":"https:\/\/news.canadamotorjobs.com\/wp-content\/uploads\/2023\/11\/IMG_7186.jpg","type":"image\/jpeg"}],"author":"Benoit Charette","twitter_card":"summary_large_image","twitter_creator":"@canadamotorjobs","twitter_site":"@canadamotorjobs","twitter_misc":{"\u00c9crit par":"Benoit Charette","Estimation du temps de lecture":"4 minutes"},"schema":{"@context":"https:\/\/schema.org","@graph":[{"@type":"Article","@id":"https:\/\/news.canadamotorjobs.com\/fr\/la-nouvelle-image-verte-de-volvo\/#article","isPartOf":{"@id":"https:\/\/news.canadamotorjobs.com\/fr\/la-nouvelle-image-verte-de-volvo\/"},"author":{"name":"Benoit Charette","@id":"https:\/\/news.canadamotorjobs.com\/#\/schema\/person\/51793d1f87d44011d7bcc2ed99269a90"},"headline":"La nouvelle image verte de Volvo","datePublished":"2023-11-06T13:53:17+00:00","dateModified":"2023-11-06T14:01:24+00:00","mainEntityOfPage":{"@id":"https:\/\/news.canadamotorjobs.com\/fr\/la-nouvelle-image-verte-de-volvo\/"},"wordCount":920,"publisher":{"@id":"https:\/\/news.canadamotorjobs.com\/#organization"},"image":{"@id":"https:\/\/news.canadamotorjobs.com\/fr\/la-nouvelle-image-verte-de-volvo\/#primaryimage"},"thumbnailUrl":"https:\/\/news.canadamotorjobs.com\/wp-content\/uploads\/2023\/11\/IMG_7186.jpg","articleSection":["Annuel automobile"],"inLanguage":"fr-CA"},{"@type":"WebPage","@id":"https:\/\/news.canadamotorjobs.com\/fr\/la-nouvelle-image-verte-de-volvo\/","url":"https:\/\/news.canadamotorjobs.com\/fr\/la-nouvelle-image-verte-de-volvo\/","name":"La nouvelle image verte de Volvo - CanadaMotorJobs.com","isPartOf":{"@id":"https:\/\/news.canadamotorjobs.com\/#website"},"primaryImageOfPage":{"@id":"https:\/\/news.canadamotorjobs.com\/fr\/la-nouvelle-image-verte-de-volvo\/#primaryimage"},"image":{"@id":"https:\/\/news.canadamotorjobs.com\/fr\/la-nouvelle-image-verte-de-volvo\/#primaryimage"},"thumbnailUrl":"https:\/\/news.canadamotorjobs.com\/wp-content\/uploads\/2023\/11\/IMG_7186.jpg","datePublished":"2023-11-06T13:53:17+00:00","dateModified":"2023-11-06T14:01:24+00:00","description":"La nouvelle image verte de Volvo - Benoit Charette - Annuel automobile - CanadaMotorJobs.com.","breadcrumb":{"@id":"https:\/\/news.canadamotorjobs.com\/fr\/la-nouvelle-image-verte-de-volvo\/#breadcrumb"},"inLanguage":"fr-CA","potentialAction":[{"@type":"ReadAction","target":["https:\/\/news.canadamotorjobs.com\/fr\/la-nouvelle-image-verte-de-volvo\/"]}]},{"@type":"ImageObject","inLanguage":"fr-CA","@id":"https:\/\/news.canadamotorjobs.com\/fr\/la-nouvelle-image-verte-de-volvo\/#primaryimage","url":"https:\/\/news.canadamotorjobs.com\/wp-content\/uploads\/2023\/11\/IMG_7186.jpg","contentUrl":"https:\/\/news.canadamotorjobs.com\/wp-content\/uploads\/2023\/11\/IMG_7186.jpg","width":1067,"height":800},{"@type":"BreadcrumbList","@id":"https:\/\/news.canadamotorjobs.com\/fr\/la-nouvelle-image-verte-de-volvo\/#breadcrumb","itemListElement":[{"@type":"ListItem","position":1,"name":"Home","item":"https:\/\/news.canadamotorjobs.com\/fr\/blog\/"},{"@type":"ListItem","position":2,"name":"La nouvelle image verte de Volvo"}]},{"@type":"WebSite","@id":"https:\/\/news.canadamotorjobs.com\/#website","url":"https:\/\/news.canadamotorjobs.com\/","name":"CanadaMotorJobs.com","description":"Automotive Jobs","publisher":{"@id":"https:\/\/news.canadamotorjobs.com\/#organization"},"potentialAction":[{"@type":"SearchAction","target":{"@type":"EntryPoint","urlTemplate":"https:\/\/news.canadamotorjobs.com\/?s={search_term_string}"},"query-input":"required name=search_term_string"}],"inLanguage":"fr-CA"},{"@type":"Organization","@id":"https:\/\/news.canadamotorjobs.com\/#organization","name":"Canada Motor Jobs","url":"https:\/\/news.canadamotorjobs.com\/","logo":{"@type":"ImageObject","inLanguage":"fr-CA","@id":"https:\/\/news.canadamotorjobs.com\/#\/schema\/logo\/image\/","url":"https:\/\/news.canadamotorjobs.com\/wp-content\/uploads\/2022\/10\/logo-canada-motor-jobs-1.png","contentUrl":"https:\/\/news.canadamotorjobs.com\/wp-content\/uploads\/2022\/10\/logo-canada-motor-jobs-1.png","width":800,"height":400,"caption":"Canada Motor Jobs"},"image":{"@id":"https:\/\/news.canadamotorjobs.com\/#\/schema\/logo\/image\/"},"sameAs":["https:\/\/www.facebook.com\/canadamotorjobs\/","https:\/\/x.com\/canadamotorjobs","https:\/\/www.instagram.com\/canadamotorjobs\/","https:\/\/www.linkedin.com\/company\/canadamotorjobs"]},{"@type":"Person","@id":"https:\/\/news.canadamotorjobs.com\/#\/schema\/person\/51793d1f87d44011d7bcc2ed99269a90","name":"Benoit Charette","image":{"@type":"ImageObject","inLanguage":"fr-CA","@id":"https:\/\/news.canadamotorjobs.com\/#\/schema\/person\/image\/","url":"https:\/\/secure.gravatar.com\/avatar\/45f3d2eebcccd909668d7ce7ea7267b6?s=96&d=mm&r=g","contentUrl":"https:\/\/secure.gravatar.com\/avatar\/45f3d2eebcccd909668d7ce7ea7267b6?s=96&d=mm&r=g","caption":"Benoit Charette"},"description":"Benoit Charette \/ Propri\u00e9taire et r\u00e9dacteur en chef Benoit Charette pratique le journalisme automobile depuis bient\u00f4t 30 ans. Il a fait ses classes au c\u00f4t\u00e9 de Daniel H\u00e9raud et au Carnet de route de 1992 \u00e0 2001. Il est fondateur, copropri\u00e9taire et r\u00e9dacteur en chef de L\u2019Annuel de l\u2019automobile, qu\u2019il publie depuis 2001. Il a anim\u00e9 les \u00e9missions RPM et RPM+ sur V et les L\u00e9gendes de la route sur Historia. \u00c0 la radio depuis 1986, il reprend l\u2019antenne cette ann\u00e9e sur les ondes de Cogeco et participe pour la deuxi\u00e8me ann\u00e9e \u00e0 l\u2019\u00e9mission Passion Auto sur RDS en plus de mettre en ligne le site Web officiel de L\u2019Annuel de l\u2019automobile sur annuelauto.ca.","sameAs":["https:\/\/annuelauto.ca\/"],"url":"https:\/\/news.canadamotorjobs.com\/fr\/author\/benoit-charette\/"}]}},"_links":{"self":[{"href":"https:\/\/news.canadamotorjobs.com\/fr\/wp-json\/wp\/v2\/posts\/153253"}],"collection":[{"href":"https:\/\/news.canadamotorjobs.com\/fr\/wp-json\/wp\/v2\/posts"}],"about":[{"href":"https:\/\/news.canadamotorjobs.com\/fr\/wp-json\/wp\/v2\/types\/post"}],"author":[{"embeddable":true,"href":"https:\/\/news.canadamotorjobs.com\/fr\/wp-json\/wp\/v2\/users\/8"}],"replies":[{"embeddable":true,"href":"https:\/\/news.canadamotorjobs.com\/fr\/wp-json\/wp\/v2\/comments?post=153253"}],"version-history":[{"count":2,"href":"https:\/\/news.canadamotorjobs.com\/fr\/wp-json\/wp\/v2\/posts\/153253\/revisions"}],"predecessor-version":[{"id":153257,"href":"https:\/\/news.canadamotorjobs.com\/fr\/wp-json\/wp\/v2\/posts\/153253\/revisions\/153257"}],"wp:featuredmedia":[{"embeddable":true,"href":"https:\/\/news.canadamotorjobs.com\/fr\/wp-json\/wp\/v2\/media\/153255"}],"wp:attachment":[{"href":"https:\/\/news.canadamotorjobs.com\/fr\/wp-json\/wp\/v2\/media?parent=153253"}],"wp:term":[{"taxonomy":"category","embeddable":true,"href":"https:\/\/news.canadamotorjobs.com\/fr\/wp-json\/wp\/v2\/categories?post=153253"},{"taxonomy":"post_tag","embeddable":true,"href":"https:\/\/news.canadamotorjobs.com\/fr\/wp-json\/wp\/v2\/tags?post=153253"}],"curies":[{"name":"wp","href":"https:\/\/api.w.org\/{rel}","templated":true}]}}