{"id":153226,"date":"2023-11-03T09:33:25","date_gmt":"2023-11-03T13:33:25","guid":{"rendered":"https:\/\/news.canadamotorjobs.com\/?p=153226"},"modified":"2023-11-03T09:44:04","modified_gmt":"2023-11-03T13:44:04","slug":"une-nouvelle-ere-de-syndicalisation-dans-lindustrie-automobile-americaine","status":"publish","type":"post","link":"https:\/\/news.canadamotorjobs.com\/fr\/une-nouvelle-ere-de-syndicalisation-dans-lindustrie-automobile-americaine\/","title":{"rendered":"Une nouvelle \u00e8re de syndicalisation dans l\u2019industrie automobile am\u00e9ricaine"},"content":{"rendered":"<\/p>\n<p>Dans une r\u00e9cente avanc\u00e9e, les Travailleurs unis de l&#8217;automobile (UAW) ont r\u00e9ussi \u00e0 n\u00e9gocier des accords historiques avec les g\u00e9ants de l&#8217;automobile, Ford, General Motors et Stellantis, la soci\u00e9t\u00e9 m\u00e8re de Jeep et Chrysler. Ces accords, qui pr\u00e9voient des gains significatifs en termes de salaires et d&#8217;avantages sociaux, sont susceptibles de d\u00e9clencher une course \u00e0 la syndicalisation dans toute l&#8217;industrie automobile am\u00e9ricaine.<\/p>\n<h3>De grandes ambitions<\/h3>\n<p>\nLes ambitions de l&#8217;UAW vont au-del\u00e0 des constructeurs traditionnels de Detroit. Le pr\u00e9sident de l&#8217;UAW, Shawn Fain, a clairement exprim\u00e9 l&#8217;objectif de syndiquer d&#8217;autres constructeurs, y compris Tesla et d&#8217;autres acteurs non syndiqu\u00e9s. Pour atteindre cet objectif, l&#8217;UAW compte sur les nouveaux contrats conclus avec les constructeurs de Detroit comme un levier pour attirer de nouveaux membres.<\/p>\n<h3>Des obstacles de taille<\/h3>\n<p>\nCependant, l&#8217;UAW devra relever des d\u00e9fis de taille pour syndiquer des entreprises non syndiqu\u00e9es, en particulier celles d\u00e9tenues par des int\u00e9r\u00eats \u00e9trangers, comme Toyota, Hyundai, Honda, Volvo, Mercedes, BMW, Nissan et Volkswagen, ainsi que Tesla. Ces entreprises ont jusqu&#8217;ici \u00e9chapp\u00e9 au syndicat en raison de divers obstacles, notamment la r\u00e9sistance de la direction, les lois du travail d\u00e9favorables et l&#8217;hostilit\u00e9 politique dans le Sud des \u00c9tats-Unis.<\/p>\n<h3>De la pression pour des constructeurs comme Toyota et Tesla<\/h3>\n<p>\nMalgr\u00e9 ces obstacles, les accords contractuels conclus par l&#8217;UAW pourraient inciter les constructeurs non syndiqu\u00e9s \u00e0 augmenter les salaires et les avantages sociaux de mani\u00e8re pr\u00e9ventive pour \u00e9viter la syndicalisation. Il est \u00e0 noter que Toyota a d\u00e9j\u00e0 augment\u00e9 les salaires de ses employ\u00e9s de 9,2 % en r\u00e9ponse \u00e0 ces accords.<\/p>\n<h3>Un chemin rempli d\u2019emb\u00fbches<\/h3>\n<p>\nCependant, il est important de souligner que le chemin de la syndicalisation est sem\u00e9 d&#8217;emb\u00fbches aux \u00c9tats-Unis, o\u00f9 les entreprises ont souvent recours \u00e0 des tactiques anti-syndicales pour dissuader les employ\u00e9s de voter en faveur d&#8217;un syndicat. De plus, m\u00eame en cas de victoire du syndicat, les n\u00e9gociations sur les salaires et les avantages sociaux peuvent s&#8217;\u00e9tendre sur de nombreuses ann\u00e9es, donnant aux entreprises un avantage temporel.<\/p>\n<h3>L\u2019anti syndicalisme du Sud<\/h3>\n<p>\nL&#8217;UAW devra \u00e9galement composer avec des lois du travail et des politiciens hostiles aux syndicats dans le Sud. N\u00e9anmoins, les r\u00e9centes victoires de l&#8217;UAW contre les constructeurs de Detroit marquent un tournant et renforcent sa position pour organiser des campagnes de syndicalisation fructueuses contre les constructeurs \u00e9trangers.<\/p>\n<h3>Et Tesla dans tout cela<\/h3>\n<p>\nLa bataille la plus m\u00e9diatis\u00e9e s&#8217;annonce \u00eatre celle contre Tesla, dirig\u00e9e par Elon Musk, un fervent opposant aux syndicats. L&#8217;UAW a d\u00e9j\u00e0 tent\u00e9 sans succ\u00e8s de s&#8217;implanter chez Tesla par le pass\u00e9, mais la donne pourrait changer avec les nouveaux accords contractuels. Toutefois, cette lutte s&#8217;annonce difficile en raison de la r\u00e9sistance anticip\u00e9e de Musk.<\/p>\n<h3>On veut mettre le pr\u00e9sident dans le coup<\/h3>\n<p>\nLes d\u00e9fenseurs des syndicats appellent le pr\u00e9sident Joe Biden \u00e0 soutenir les efforts de l&#8217;UAW pour syndiquer les entreprises non syndiqu\u00e9es recevant des fonds f\u00e9d\u00e9raux. Ils esp\u00e8rent que l&#8217;administration Biden encouragera la neutralit\u00e9 des constructeurs automobiles envers les syndicats et n\u00e9gociera des normes de base dans les usines de v\u00e9hicules \u00e9lectriques du Sud.<\/p>\n<p>En fin de compte, ces d\u00e9veloppements marquent une nouvelle \u00e8re de syndicalisation dans l&#8217;industrie automobile am\u00e9ricaine, avec des opportunit\u00e9s et des d\u00e9fis consid\u00e9rables pour l&#8217;UAW.<\/p>\n<p>Avec les renseignements de CNBC et Automotive News<\/p>\n<p>\u00a0<\/p>\n<p>Le texte <a rel=\"nofollow\" href=\"https:\/\/annuelauto.ca\/une-nouvelle-ere-de-syndicalisation-dans-lindustrie-automobile-americaine\/\">Une nouvelle \u00e8re de syndicalisation dans l\u2019industrie automobile am\u00e9ricaine<\/a> provient de <a rel=\"nofollow\" href=\"https:\/\/annuelauto.ca\">L&#8217;annuel de l&#8217;automobile &#8211; Actualit\u00e9 automobile<\/a><\/p>\n<p><\/p>\n","protected":false},"excerpt":{"rendered":"<p>Dans une r\u00e9cente avanc\u00e9e, les Travailleurs unis de l&#8217;automobile (UAW) ont r\u00e9ussi \u00e0 n\u00e9gocier des accords historiques avec les g\u00e9ants de l&#8217;automobile, Ford, General Motors et Stellantis, la soci\u00e9t\u00e9 m\u00e8re de Jeep et Chrysler. Ces accords, qui pr\u00e9voient des gains significatifs en termes de salaires et d&#8217;avantages sociaux, sont susceptibles de d\u00e9clencher une course \u00e0 [&hellip;]<\/p>\n","protected":false},"author":8,"featured_media":153228,"comment_status":"close","ping_status":"closed","sticky":false,"template":"","format":"standard","meta":{"_monsterinsights_skip_tracking":false,"_monsterinsights_sitenote_active":false,"_monsterinsights_sitenote_note":"","_monsterinsights_sitenote_category":0,"footnotes":""},"categories":[101],"tags":[],"yoast_head":"<!-- This site is optimized with the Yoast SEO plugin v23.2 - https:\/\/yoast.com\/wordpress\/plugins\/seo\/ -->\n<title>Une nouvelle \u00e8re de syndicalisation dans l\u2019industrie automobile am\u00e9ricaine - CanadaMotorJobs.com<\/title>\n<meta name=\"description\" content=\"Une nouvelle \u00e8re de syndicalisation dans l\u2019industrie automobile am\u00e9ricaine - Benoit Charette - Annuel automobile - CanadaMotorJobs.com.\" \/>\n<meta name=\"robots\" content=\"index, follow, max-snippet:-1, max-image-preview:large, max-video-preview:-1\" \/>\n<meta property=\"og:locale\" content=\"fr_CA\" \/>\n<meta property=\"og:type\" content=\"article\" \/>\n<meta property=\"og:title\" content=\"Une nouvelle \u00e8re de syndicalisation dans l\u2019industrie automobile am\u00e9ricaine - CanadaMotorJobs.com\" \/>\n<meta property=\"og:description\" content=\"Une nouvelle \u00e8re de syndicalisation dans l\u2019industrie automobile am\u00e9ricaine - Benoit Charette - Annuel automobile - CanadaMotorJobs.com.\" \/>\n<meta property=\"og:url\" content=\"https:\/\/news.canadamotorjobs.com\/fr\/une-nouvelle-ere-de-syndicalisation-dans-lindustrie-automobile-americaine\/\" \/>\n<meta property=\"og:site_name\" content=\"CanadaMotorJobs.com\" \/>\n<meta property=\"article:publisher\" content=\"https:\/\/www.facebook.com\/canadamotorjobs\/\" \/>\n<meta property=\"article:published_time\" content=\"2023-11-03T13:33:25+00:00\" \/>\n<meta property=\"article:modified_time\" content=\"2023-11-03T13:44:04+00:00\" \/>\n<meta property=\"og:image\" content=\"https:\/\/news.canadamotorjobs.com\/wp-content\/uploads\/2023\/11\/1x-1.jpg\" \/>\n\t<meta property=\"og:image:width\" content=\"2000\" \/>\n\t<meta property=\"og:image:height\" content=\"1334\" \/>\n\t<meta property=\"og:image:type\" content=\"image\/jpeg\" \/>\n<meta name=\"author\" content=\"Benoit Charette\" \/>\n<meta name=\"twitter:card\" content=\"summary_large_image\" \/>\n<meta name=\"twitter:creator\" content=\"@canadamotorjobs\" \/>\n<meta name=\"twitter:site\" content=\"@canadamotorjobs\" \/>\n<meta name=\"twitter:label1\" content=\"\u00c9crit par\" \/>\n\t<meta name=\"twitter:data1\" content=\"Benoit Charette\" \/>\n\t<meta name=\"twitter:label2\" content=\"Estimation du temps de lecture\" \/>\n\t<meta name=\"twitter:data2\" content=\"3 minutes\" \/>\n<!-- \/ Yoast SEO plugin. -->","yoast_head_json":{"title":"Une nouvelle \u00e8re de syndicalisation dans l\u2019industrie automobile am\u00e9ricaine - CanadaMotorJobs.com","description":"Une nouvelle \u00e8re de syndicalisation dans l\u2019industrie automobile am\u00e9ricaine - Benoit Charette - Annuel automobile - CanadaMotorJobs.com.","robots":{"index":"index","follow":"follow","max-snippet":"max-snippet:-1","max-image-preview":"max-image-preview:large","max-video-preview":"max-video-preview:-1"},"og_locale":"fr_CA","og_type":"article","og_title":"Une nouvelle \u00e8re de syndicalisation dans l\u2019industrie automobile am\u00e9ricaine - CanadaMotorJobs.com","og_description":"Une nouvelle \u00e8re de syndicalisation dans l\u2019industrie automobile am\u00e9ricaine - Benoit Charette - Annuel automobile - CanadaMotorJobs.com.","og_url":"https:\/\/news.canadamotorjobs.com\/fr\/une-nouvelle-ere-de-syndicalisation-dans-lindustrie-automobile-americaine\/","og_site_name":"CanadaMotorJobs.com","article_publisher":"https:\/\/www.facebook.com\/canadamotorjobs\/","article_published_time":"2023-11-03T13:33:25+00:00","article_modified_time":"2023-11-03T13:44:04+00:00","og_image":[{"width":2000,"height":1334,"url":"https:\/\/news.canadamotorjobs.com\/wp-content\/uploads\/2023\/11\/1x-1.jpg","type":"image\/jpeg"}],"author":"Benoit Charette","twitter_card":"summary_large_image","twitter_creator":"@canadamotorjobs","twitter_site":"@canadamotorjobs","twitter_misc":{"\u00c9crit par":"Benoit Charette","Estimation du temps de lecture":"3 minutes"},"schema":{"@context":"https:\/\/schema.org","@graph":[{"@type":"Article","@id":"https:\/\/news.canadamotorjobs.com\/fr\/une-nouvelle-ere-de-syndicalisation-dans-lindustrie-automobile-americaine\/#article","isPartOf":{"@id":"https:\/\/news.canadamotorjobs.com\/fr\/une-nouvelle-ere-de-syndicalisation-dans-lindustrie-automobile-americaine\/"},"author":{"name":"Benoit Charette","@id":"https:\/\/news.canadamotorjobs.com\/#\/schema\/person\/51793d1f87d44011d7bcc2ed99269a90"},"headline":"Une nouvelle \u00e8re de syndicalisation dans l\u2019industrie automobile am\u00e9ricaine","datePublished":"2023-11-03T13:33:25+00:00","dateModified":"2023-11-03T13:44:04+00:00","mainEntityOfPage":{"@id":"https:\/\/news.canadamotorjobs.com\/fr\/une-nouvelle-ere-de-syndicalisation-dans-lindustrie-automobile-americaine\/"},"wordCount":638,"publisher":{"@id":"https:\/\/news.canadamotorjobs.com\/#organization"},"image":{"@id":"https:\/\/news.canadamotorjobs.com\/fr\/une-nouvelle-ere-de-syndicalisation-dans-lindustrie-automobile-americaine\/#primaryimage"},"thumbnailUrl":"https:\/\/news.canadamotorjobs.com\/wp-content\/uploads\/2023\/11\/1x-1.jpg","articleSection":["Annuel automobile"],"inLanguage":"fr-CA"},{"@type":"WebPage","@id":"https:\/\/news.canadamotorjobs.com\/fr\/une-nouvelle-ere-de-syndicalisation-dans-lindustrie-automobile-americaine\/","url":"https:\/\/news.canadamotorjobs.com\/fr\/une-nouvelle-ere-de-syndicalisation-dans-lindustrie-automobile-americaine\/","name":"Une nouvelle \u00e8re de syndicalisation dans l\u2019industrie automobile am\u00e9ricaine - CanadaMotorJobs.com","isPartOf":{"@id":"https:\/\/news.canadamotorjobs.com\/#website"},"primaryImageOfPage":{"@id":"https:\/\/news.canadamotorjobs.com\/fr\/une-nouvelle-ere-de-syndicalisation-dans-lindustrie-automobile-americaine\/#primaryimage"},"image":{"@id":"https:\/\/news.canadamotorjobs.com\/fr\/une-nouvelle-ere-de-syndicalisation-dans-lindustrie-automobile-americaine\/#primaryimage"},"thumbnailUrl":"https:\/\/news.canadamotorjobs.com\/wp-content\/uploads\/2023\/11\/1x-1.jpg","datePublished":"2023-11-03T13:33:25+00:00","dateModified":"2023-11-03T13:44:04+00:00","description":"Une nouvelle \u00e8re de syndicalisation dans l\u2019industrie automobile am\u00e9ricaine - Benoit Charette - Annuel automobile - CanadaMotorJobs.com.","breadcrumb":{"@id":"https:\/\/news.canadamotorjobs.com\/fr\/une-nouvelle-ere-de-syndicalisation-dans-lindustrie-automobile-americaine\/#breadcrumb"},"inLanguage":"fr-CA","potentialAction":[{"@type":"ReadAction","target":["https:\/\/news.canadamotorjobs.com\/fr\/une-nouvelle-ere-de-syndicalisation-dans-lindustrie-automobile-americaine\/"]}]},{"@type":"ImageObject","inLanguage":"fr-CA","@id":"https:\/\/news.canadamotorjobs.com\/fr\/une-nouvelle-ere-de-syndicalisation-dans-lindustrie-automobile-americaine\/#primaryimage","url":"https:\/\/news.canadamotorjobs.com\/wp-content\/uploads\/2023\/11\/1x-1.jpg","contentUrl":"https:\/\/news.canadamotorjobs.com\/wp-content\/uploads\/2023\/11\/1x-1.jpg","width":2000,"height":1334},{"@type":"BreadcrumbList","@id":"https:\/\/news.canadamotorjobs.com\/fr\/une-nouvelle-ere-de-syndicalisation-dans-lindustrie-automobile-americaine\/#breadcrumb","itemListElement":[{"@type":"ListItem","position":1,"name":"Home","item":"https:\/\/news.canadamotorjobs.com\/fr\/blog\/"},{"@type":"ListItem","position":2,"name":"Une nouvelle \u00e8re de syndicalisation dans l\u2019industrie automobile am\u00e9ricaine"}]},{"@type":"WebSite","@id":"https:\/\/news.canadamotorjobs.com\/#website","url":"https:\/\/news.canadamotorjobs.com\/","name":"CanadaMotorJobs.com","description":"Automotive Jobs","publisher":{"@id":"https:\/\/news.canadamotorjobs.com\/#organization"},"potentialAction":[{"@type":"SearchAction","target":{"@type":"EntryPoint","urlTemplate":"https:\/\/news.canadamotorjobs.com\/?s={search_term_string}"},"query-input":"required name=search_term_string"}],"inLanguage":"fr-CA"},{"@type":"Organization","@id":"https:\/\/news.canadamotorjobs.com\/#organization","name":"Canada Motor Jobs","url":"https:\/\/news.canadamotorjobs.com\/","logo":{"@type":"ImageObject","inLanguage":"fr-CA","@id":"https:\/\/news.canadamotorjobs.com\/#\/schema\/logo\/image\/","url":"https:\/\/news.canadamotorjobs.com\/wp-content\/uploads\/2022\/10\/logo-canada-motor-jobs-1.png","contentUrl":"https:\/\/news.canadamotorjobs.com\/wp-content\/uploads\/2022\/10\/logo-canada-motor-jobs-1.png","width":800,"height":400,"caption":"Canada Motor Jobs"},"image":{"@id":"https:\/\/news.canadamotorjobs.com\/#\/schema\/logo\/image\/"},"sameAs":["https:\/\/www.facebook.com\/canadamotorjobs\/","https:\/\/x.com\/canadamotorjobs","https:\/\/www.instagram.com\/canadamotorjobs\/","https:\/\/www.linkedin.com\/company\/canadamotorjobs"]},{"@type":"Person","@id":"https:\/\/news.canadamotorjobs.com\/#\/schema\/person\/51793d1f87d44011d7bcc2ed99269a90","name":"Benoit Charette","image":{"@type":"ImageObject","inLanguage":"fr-CA","@id":"https:\/\/news.canadamotorjobs.com\/#\/schema\/person\/image\/","url":"https:\/\/secure.gravatar.com\/avatar\/45f3d2eebcccd909668d7ce7ea7267b6?s=96&d=mm&r=g","contentUrl":"https:\/\/secure.gravatar.com\/avatar\/45f3d2eebcccd909668d7ce7ea7267b6?s=96&d=mm&r=g","caption":"Benoit Charette"},"description":"Benoit Charette \/ Propri\u00e9taire et r\u00e9dacteur en chef Benoit Charette pratique le journalisme automobile depuis bient\u00f4t 30 ans. Il a fait ses classes au c\u00f4t\u00e9 de Daniel H\u00e9raud et au Carnet de route de 1992 \u00e0 2001. Il est fondateur, copropri\u00e9taire et r\u00e9dacteur en chef de L\u2019Annuel de l\u2019automobile, qu\u2019il publie depuis 2001. Il a anim\u00e9 les \u00e9missions RPM et RPM+ sur V et les L\u00e9gendes de la route sur Historia. \u00c0 la radio depuis 1986, il reprend l\u2019antenne cette ann\u00e9e sur les ondes de Cogeco et participe pour la deuxi\u00e8me ann\u00e9e \u00e0 l\u2019\u00e9mission Passion Auto sur RDS en plus de mettre en ligne le site Web officiel de L\u2019Annuel de l\u2019automobile sur annuelauto.ca.","sameAs":["https:\/\/annuelauto.ca\/"],"url":"https:\/\/news.canadamotorjobs.com\/fr\/author\/benoit-charette\/"}]}},"_links":{"self":[{"href":"https:\/\/news.canadamotorjobs.com\/fr\/wp-json\/wp\/v2\/posts\/153226"}],"collection":[{"href":"https:\/\/news.canadamotorjobs.com\/fr\/wp-json\/wp\/v2\/posts"}],"about":[{"href":"https:\/\/news.canadamotorjobs.com\/fr\/wp-json\/wp\/v2\/types\/post"}],"author":[{"embeddable":true,"href":"https:\/\/news.canadamotorjobs.com\/fr\/wp-json\/wp\/v2\/users\/8"}],"replies":[{"embeddable":true,"href":"https:\/\/news.canadamotorjobs.com\/fr\/wp-json\/wp\/v2\/comments?post=153226"}],"version-history":[{"count":2,"href":"https:\/\/news.canadamotorjobs.com\/fr\/wp-json\/wp\/v2\/posts\/153226\/revisions"}],"predecessor-version":[{"id":153230,"href":"https:\/\/news.canadamotorjobs.com\/fr\/wp-json\/wp\/v2\/posts\/153226\/revisions\/153230"}],"wp:featuredmedia":[{"embeddable":true,"href":"https:\/\/news.canadamotorjobs.com\/fr\/wp-json\/wp\/v2\/media\/153228"}],"wp:attachment":[{"href":"https:\/\/news.canadamotorjobs.com\/fr\/wp-json\/wp\/v2\/media?parent=153226"}],"wp:term":[{"taxonomy":"category","embeddable":true,"href":"https:\/\/news.canadamotorjobs.com\/fr\/wp-json\/wp\/v2\/categories?post=153226"},{"taxonomy":"post_tag","embeddable":true,"href":"https:\/\/news.canadamotorjobs.com\/fr\/wp-json\/wp\/v2\/tags?post=153226"}],"curies":[{"name":"wp","href":"https:\/\/api.w.org\/{rel}","templated":true}]}}