{"id":153172,"date":"2023-11-03T08:05:34","date_gmt":"2023-11-03T12:05:34","guid":{"rendered":"https:\/\/news.canadamotorjobs.com\/?p=153172"},"modified":"2023-11-03T08:14:27","modified_gmt":"2023-11-03T12:14:27","slug":"nouvelle-batterie-bmw-plus-dautonomie-que-tesla","status":"publish","type":"post","link":"https:\/\/news.canadamotorjobs.com\/fr\/nouvelle-batterie-bmw-plus-dautonomie-que-tesla\/","title":{"rendered":"Nouvelle batterie BMW : Plus d\u2019autonomie que Tesla"},"content":{"rendered":"<\/p>\n<p>BMW a r\u00e9cemment d\u00e9voil\u00e9 ses nouvelles cellules de batterie de sixi\u00e8me g\u00e9n\u00e9ration, affirmant qu&#8217;elles surpassent non seulement leurs propres batteries prismatiques actuelles, mais aussi celles de Tesla. Voici ce que vous devez savoir :<\/p>\n<h3><strong>Les nouvelles cellules de batterie Gen 6 de BMW<\/strong><\/h3>\n<p>\nAu Centre de comp\u00e9tence en fabrication de cellules du groupe BMW \u00e0 Parsdorf, en Allemagne, la production d&#8217;\u00e9chantillons de ces nouvelles cellules de batterie a d\u00e9but\u00e9. Elles seront utilis\u00e9es dans les futurs v\u00e9hicules \u00e9lectriques de BMW (Neue Klasse) \u00e0 partir de 2025, marquant une avanc\u00e9e significative.<\/p>\n<h3><strong>Des performances de haut niveau<\/strong><\/h3>\n<p>\nLes nouvelles cellules, avec un diam\u00e8tre de 46 mm et une hauteur de 95 mm ou 120 mm selon la version, offrent une densit\u00e9 \u00e9nerg\u00e9tique sup\u00e9rieure de 20 %, une autonomie accrue de 30 % et des \u00e9missions de carbone li\u00e9es \u00e0 la production inf\u00e9rieures de 60 % par rapport aux cellules actuelles de BMW. Cela permettra aux mod\u00e8les de la Nouvelle Classe de proposer une autonomie pouvant atteindre 500 miles (~800 km).<\/p>\n<h3><strong>Ingr\u00e9dients cl\u00e9s<\/strong><\/h3>\n<p>\nCes cellules utilisent une teneur en nickel plus \u00e9lev\u00e9e, une teneur en cobalt plus faible du c\u00f4t\u00e9 de la cathode, et une teneur en silicium plus \u00e9lev\u00e9e du c\u00f4t\u00e9 de l&#8217;anode, par rapport aux cellules pr\u00e9c\u00e9dentes. Ces choix contribuent \u00e0 am\u00e9liorer les performances des batteries.<\/p>\n<h3><strong>Le d\u00e9fi pour Tesla<\/strong><\/h3>\n<p>\nLe directeur de la production du groupe BMW, Milan Nedeljkovic, a d\u00e9clar\u00e9 : &#8220;Tesla doit combler l&#8217;\u00e9cart avec nous. En fait, nous ne voyons pas d&#8217;\u00e9cart avec Tesla.&#8221; Il souligne que cette conception de batterie est parfaitement adapt\u00e9e \u00e0 leurs produits et \u00e0 leur vision des performances de conduite.<\/p>\n<h3><strong>Production \u00e0 grande \u00e9chelle<\/strong><\/h3>\n<p>\nBien que le d\u00e9veloppement ait eu lieu en interne, la production \u00e0 grande \u00e9chelle sera assur\u00e9e par les fournisseurs CATL et Eve Energy dans six usines diff\u00e9rentes, r\u00e9parties en Europe, en Chine et en Am\u00e9rique du Nord. BMW se consacre \u00e0 perfectionner la recette des cellules de batterie au Centre de comp\u00e9tence en mati\u00e8re de fabrication de cellules avant de passer \u00e0 la production \u00e0 grande \u00e9chelle.<\/p>\n<p>En conclusion, BMW annonce des avanc\u00e9es significatives dans sa technologie de batteries, d\u00e9fiant Tesla sur le front de l&#8217;autonomie et de la performance. Ces nouvelles cellules de batterie promettent de propulser les futurs v\u00e9hicules \u00e9lectriques BMW vers de nouveaux sommets en mati\u00e8re d&#8217;autonomie et d&#8217;efficacit\u00e9 \u00e9nerg\u00e9tique.<\/p>\n<p>\u00a0<\/p>\n<p>Avec des renseignements de carscoops<\/p>\n<p>\u00a0<\/p>\n<p>Le texte <a rel=\"nofollow\" href=\"https:\/\/annuelauto.ca\/nouvelle-batterie-bmw-plus-dautonomie-que-tesla\/\">Nouvelle batterie BMW : Plus d\u2019autonomie que Tesla<\/a> provient de <a rel=\"nofollow\" href=\"https:\/\/annuelauto.ca\">L&#8217;annuel de l&#8217;automobile &#8211; Actualit\u00e9 automobile<\/a><\/p>\n<p><\/p>\n","protected":false},"excerpt":{"rendered":"<p>BMW a r\u00e9cemment d\u00e9voil\u00e9 ses nouvelles cellules de batterie de sixi\u00e8me g\u00e9n\u00e9ration, affirmant qu&#8217;elles surpassent non seulement leurs propres batteries prismatiques actuelles, mais aussi celles de Tesla. Voici ce que vous devez savoir : Les nouvelles cellules de batterie Gen 6 de BMW Au Centre de comp\u00e9tence en fabrication de cellules du groupe BMW \u00e0 [&hellip;]<\/p>\n","protected":false},"author":8,"featured_media":153174,"comment_status":"close","ping_status":"closed","sticky":false,"template":"","format":"standard","meta":{"_monsterinsights_skip_tracking":false,"_monsterinsights_sitenote_active":false,"_monsterinsights_sitenote_note":"","_monsterinsights_sitenote_category":0,"footnotes":""},"categories":[101],"tags":[],"yoast_head":"<!-- This site is optimized with the Yoast SEO plugin v23.2 - https:\/\/yoast.com\/wordpress\/plugins\/seo\/ -->\n<title>Nouvelle batterie BMW : Plus d\u2019autonomie que Tesla - CanadaMotorJobs.com<\/title>\n<meta name=\"description\" content=\"Nouvelle batterie BMW : Plus d\u2019autonomie que Tesla - Benoit Charette - Annuel automobile - CanadaMotorJobs.com.\" \/>\n<meta name=\"robots\" content=\"index, follow, max-snippet:-1, max-image-preview:large, max-video-preview:-1\" \/>\n<meta property=\"og:locale\" content=\"fr_CA\" \/>\n<meta property=\"og:type\" content=\"article\" \/>\n<meta property=\"og:title\" content=\"Nouvelle batterie BMW : Plus d\u2019autonomie que Tesla - CanadaMotorJobs.com\" \/>\n<meta property=\"og:description\" content=\"Nouvelle batterie BMW : Plus d\u2019autonomie que Tesla - Benoit Charette - Annuel automobile - CanadaMotorJobs.com.\" \/>\n<meta property=\"og:url\" content=\"https:\/\/news.canadamotorjobs.com\/fr\/nouvelle-batterie-bmw-plus-dautonomie-que-tesla\/\" \/>\n<meta property=\"og:site_name\" content=\"CanadaMotorJobs.com\" \/>\n<meta property=\"article:publisher\" content=\"https:\/\/www.facebook.com\/canadamotorjobs\/\" \/>\n<meta property=\"article:published_time\" content=\"2023-11-03T12:05:34+00:00\" \/>\n<meta property=\"article:modified_time\" content=\"2023-11-03T12:14:27+00:00\" \/>\n<meta property=\"og:image\" content=\"https:\/\/news.canadamotorjobs.com\/wp-content\/uploads\/2023\/11\/BMW-i3-Neue-Klasse-rendering.jpg\" \/>\n\t<meta property=\"og:image:width\" content=\"1280\" \/>\n\t<meta property=\"og:image:height\" content=\"815\" \/>\n\t<meta property=\"og:image:type\" content=\"image\/jpeg\" \/>\n<meta name=\"author\" content=\"Benoit Charette\" \/>\n<meta name=\"twitter:card\" content=\"summary_large_image\" \/>\n<meta name=\"twitter:creator\" content=\"@canadamotorjobs\" \/>\n<meta name=\"twitter:site\" content=\"@canadamotorjobs\" \/>\n<meta name=\"twitter:label1\" content=\"\u00c9crit par\" \/>\n\t<meta name=\"twitter:data1\" content=\"Benoit Charette\" \/>\n\t<meta name=\"twitter:label2\" content=\"Estimation du temps de lecture\" \/>\n\t<meta name=\"twitter:data2\" content=\"2 minutes\" \/>\n<!-- \/ Yoast SEO plugin. -->","yoast_head_json":{"title":"Nouvelle batterie BMW : Plus d\u2019autonomie que Tesla - CanadaMotorJobs.com","description":"Nouvelle batterie BMW : Plus d\u2019autonomie que Tesla - Benoit Charette - Annuel automobile - CanadaMotorJobs.com.","robots":{"index":"index","follow":"follow","max-snippet":"max-snippet:-1","max-image-preview":"max-image-preview:large","max-video-preview":"max-video-preview:-1"},"og_locale":"fr_CA","og_type":"article","og_title":"Nouvelle batterie BMW : Plus d\u2019autonomie que Tesla - CanadaMotorJobs.com","og_description":"Nouvelle batterie BMW : Plus d\u2019autonomie que Tesla - Benoit Charette - Annuel automobile - CanadaMotorJobs.com.","og_url":"https:\/\/news.canadamotorjobs.com\/fr\/nouvelle-batterie-bmw-plus-dautonomie-que-tesla\/","og_site_name":"CanadaMotorJobs.com","article_publisher":"https:\/\/www.facebook.com\/canadamotorjobs\/","article_published_time":"2023-11-03T12:05:34+00:00","article_modified_time":"2023-11-03T12:14:27+00:00","og_image":[{"width":1280,"height":815,"url":"https:\/\/news.canadamotorjobs.com\/wp-content\/uploads\/2023\/11\/BMW-i3-Neue-Klasse-rendering.jpg","type":"image\/jpeg"}],"author":"Benoit Charette","twitter_card":"summary_large_image","twitter_creator":"@canadamotorjobs","twitter_site":"@canadamotorjobs","twitter_misc":{"\u00c9crit par":"Benoit Charette","Estimation du temps de lecture":"2 minutes"},"schema":{"@context":"https:\/\/schema.org","@graph":[{"@type":"Article","@id":"https:\/\/news.canadamotorjobs.com\/fr\/nouvelle-batterie-bmw-plus-dautonomie-que-tesla\/#article","isPartOf":{"@id":"https:\/\/news.canadamotorjobs.com\/fr\/nouvelle-batterie-bmw-plus-dautonomie-que-tesla\/"},"author":{"name":"Benoit Charette","@id":"https:\/\/news.canadamotorjobs.com\/#\/schema\/person\/51793d1f87d44011d7bcc2ed99269a90"},"headline":"Nouvelle batterie BMW : Plus d\u2019autonomie que Tesla","datePublished":"2023-11-03T12:05:34+00:00","dateModified":"2023-11-03T12:14:27+00:00","mainEntityOfPage":{"@id":"https:\/\/news.canadamotorjobs.com\/fr\/nouvelle-batterie-bmw-plus-dautonomie-que-tesla\/"},"wordCount":439,"publisher":{"@id":"https:\/\/news.canadamotorjobs.com\/#organization"},"image":{"@id":"https:\/\/news.canadamotorjobs.com\/fr\/nouvelle-batterie-bmw-plus-dautonomie-que-tesla\/#primaryimage"},"thumbnailUrl":"https:\/\/news.canadamotorjobs.com\/wp-content\/uploads\/2023\/11\/BMW-i3-Neue-Klasse-rendering.jpg","articleSection":["Annuel automobile"],"inLanguage":"fr-CA"},{"@type":"WebPage","@id":"https:\/\/news.canadamotorjobs.com\/fr\/nouvelle-batterie-bmw-plus-dautonomie-que-tesla\/","url":"https:\/\/news.canadamotorjobs.com\/fr\/nouvelle-batterie-bmw-plus-dautonomie-que-tesla\/","name":"Nouvelle batterie BMW : Plus d\u2019autonomie que Tesla - CanadaMotorJobs.com","isPartOf":{"@id":"https:\/\/news.canadamotorjobs.com\/#website"},"primaryImageOfPage":{"@id":"https:\/\/news.canadamotorjobs.com\/fr\/nouvelle-batterie-bmw-plus-dautonomie-que-tesla\/#primaryimage"},"image":{"@id":"https:\/\/news.canadamotorjobs.com\/fr\/nouvelle-batterie-bmw-plus-dautonomie-que-tesla\/#primaryimage"},"thumbnailUrl":"https:\/\/news.canadamotorjobs.com\/wp-content\/uploads\/2023\/11\/BMW-i3-Neue-Klasse-rendering.jpg","datePublished":"2023-11-03T12:05:34+00:00","dateModified":"2023-11-03T12:14:27+00:00","description":"Nouvelle batterie BMW : Plus d\u2019autonomie que Tesla - Benoit Charette - Annuel automobile - CanadaMotorJobs.com.","breadcrumb":{"@id":"https:\/\/news.canadamotorjobs.com\/fr\/nouvelle-batterie-bmw-plus-dautonomie-que-tesla\/#breadcrumb"},"inLanguage":"fr-CA","potentialAction":[{"@type":"ReadAction","target":["https:\/\/news.canadamotorjobs.com\/fr\/nouvelle-batterie-bmw-plus-dautonomie-que-tesla\/"]}]},{"@type":"ImageObject","inLanguage":"fr-CA","@id":"https:\/\/news.canadamotorjobs.com\/fr\/nouvelle-batterie-bmw-plus-dautonomie-que-tesla\/#primaryimage","url":"https:\/\/news.canadamotorjobs.com\/wp-content\/uploads\/2023\/11\/BMW-i3-Neue-Klasse-rendering.jpg","contentUrl":"https:\/\/news.canadamotorjobs.com\/wp-content\/uploads\/2023\/11\/BMW-i3-Neue-Klasse-rendering.jpg","width":1280,"height":815},{"@type":"BreadcrumbList","@id":"https:\/\/news.canadamotorjobs.com\/fr\/nouvelle-batterie-bmw-plus-dautonomie-que-tesla\/#breadcrumb","itemListElement":[{"@type":"ListItem","position":1,"name":"Home","item":"https:\/\/news.canadamotorjobs.com\/fr\/blog\/"},{"@type":"ListItem","position":2,"name":"Nouvelle batterie BMW : Plus d\u2019autonomie que Tesla"}]},{"@type":"WebSite","@id":"https:\/\/news.canadamotorjobs.com\/#website","url":"https:\/\/news.canadamotorjobs.com\/","name":"CanadaMotorJobs.com","description":"Automotive Jobs","publisher":{"@id":"https:\/\/news.canadamotorjobs.com\/#organization"},"potentialAction":[{"@type":"SearchAction","target":{"@type":"EntryPoint","urlTemplate":"https:\/\/news.canadamotorjobs.com\/?s={search_term_string}"},"query-input":"required name=search_term_string"}],"inLanguage":"fr-CA"},{"@type":"Organization","@id":"https:\/\/news.canadamotorjobs.com\/#organization","name":"Canada Motor Jobs","url":"https:\/\/news.canadamotorjobs.com\/","logo":{"@type":"ImageObject","inLanguage":"fr-CA","@id":"https:\/\/news.canadamotorjobs.com\/#\/schema\/logo\/image\/","url":"https:\/\/news.canadamotorjobs.com\/wp-content\/uploads\/2022\/10\/logo-canada-motor-jobs-1.png","contentUrl":"https:\/\/news.canadamotorjobs.com\/wp-content\/uploads\/2022\/10\/logo-canada-motor-jobs-1.png","width":800,"height":400,"caption":"Canada Motor Jobs"},"image":{"@id":"https:\/\/news.canadamotorjobs.com\/#\/schema\/logo\/image\/"},"sameAs":["https:\/\/www.facebook.com\/canadamotorjobs\/","https:\/\/x.com\/canadamotorjobs","https:\/\/www.instagram.com\/canadamotorjobs\/","https:\/\/www.linkedin.com\/company\/canadamotorjobs"]},{"@type":"Person","@id":"https:\/\/news.canadamotorjobs.com\/#\/schema\/person\/51793d1f87d44011d7bcc2ed99269a90","name":"Benoit Charette","image":{"@type":"ImageObject","inLanguage":"fr-CA","@id":"https:\/\/news.canadamotorjobs.com\/#\/schema\/person\/image\/","url":"https:\/\/secure.gravatar.com\/avatar\/45f3d2eebcccd909668d7ce7ea7267b6?s=96&d=mm&r=g","contentUrl":"https:\/\/secure.gravatar.com\/avatar\/45f3d2eebcccd909668d7ce7ea7267b6?s=96&d=mm&r=g","caption":"Benoit Charette"},"description":"Benoit Charette \/ Propri\u00e9taire et r\u00e9dacteur en chef Benoit Charette pratique le journalisme automobile depuis bient\u00f4t 30 ans. Il a fait ses classes au c\u00f4t\u00e9 de Daniel H\u00e9raud et au Carnet de route de 1992 \u00e0 2001. Il est fondateur, copropri\u00e9taire et r\u00e9dacteur en chef de L\u2019Annuel de l\u2019automobile, qu\u2019il publie depuis 2001. Il a anim\u00e9 les \u00e9missions RPM et RPM+ sur V et les L\u00e9gendes de la route sur Historia. \u00c0 la radio depuis 1986, il reprend l\u2019antenne cette ann\u00e9e sur les ondes de Cogeco et participe pour la deuxi\u00e8me ann\u00e9e \u00e0 l\u2019\u00e9mission Passion Auto sur RDS en plus de mettre en ligne le site Web officiel de L\u2019Annuel de l\u2019automobile sur annuelauto.ca.","sameAs":["https:\/\/annuelauto.ca\/"],"url":"https:\/\/news.canadamotorjobs.com\/fr\/author\/benoit-charette\/"}]}},"_links":{"self":[{"href":"https:\/\/news.canadamotorjobs.com\/fr\/wp-json\/wp\/v2\/posts\/153172"}],"collection":[{"href":"https:\/\/news.canadamotorjobs.com\/fr\/wp-json\/wp\/v2\/posts"}],"about":[{"href":"https:\/\/news.canadamotorjobs.com\/fr\/wp-json\/wp\/v2\/types\/post"}],"author":[{"embeddable":true,"href":"https:\/\/news.canadamotorjobs.com\/fr\/wp-json\/wp\/v2\/users\/8"}],"replies":[{"embeddable":true,"href":"https:\/\/news.canadamotorjobs.com\/fr\/wp-json\/wp\/v2\/comments?post=153172"}],"version-history":[{"count":2,"href":"https:\/\/news.canadamotorjobs.com\/fr\/wp-json\/wp\/v2\/posts\/153172\/revisions"}],"predecessor-version":[{"id":153176,"href":"https:\/\/news.canadamotorjobs.com\/fr\/wp-json\/wp\/v2\/posts\/153172\/revisions\/153176"}],"wp:featuredmedia":[{"embeddable":true,"href":"https:\/\/news.canadamotorjobs.com\/fr\/wp-json\/wp\/v2\/media\/153174"}],"wp:attachment":[{"href":"https:\/\/news.canadamotorjobs.com\/fr\/wp-json\/wp\/v2\/media?parent=153172"}],"wp:term":[{"taxonomy":"category","embeddable":true,"href":"https:\/\/news.canadamotorjobs.com\/fr\/wp-json\/wp\/v2\/categories?post=153172"},{"taxonomy":"post_tag","embeddable":true,"href":"https:\/\/news.canadamotorjobs.com\/fr\/wp-json\/wp\/v2\/tags?post=153172"}],"curies":[{"name":"wp","href":"https:\/\/api.w.org\/{rel}","templated":true}]}}