{"id":153103,"date":"2023-11-02T07:20:54","date_gmt":"2023-11-02T11:20:54","guid":{"rendered":"https:\/\/news.canadamotorjobs.com\/?p=153103"},"modified":"2023-11-02T07:36:04","modified_gmt":"2023-11-02T11:36:04","slug":"bmw-x6-m60i","status":"publish","type":"post","link":"https:\/\/news.canadamotorjobs.com\/fr\/bmw-x6-m60i\/","title":{"rendered":"BMW X6 M60i"},"content":{"rendered":"<\/p>\n<p>Apparemment, le X6 de BMW n\u2019a pas dit son dernier mot. Ce mod\u00e8le de VUS sportif est un pionnier de ce qu\u2019on peut appeler le march\u00e9 des gros v\u00e9hicules multisegments haut de gamme. Il vient avec certaines qualit\u00e9s manifestes. Par exemple, sa silhouette profil\u00e9e et tr\u00e8s sportive attire des acheteurs qui veulent le \u00ab\u00a0S\u00a0\u00bb plus que le \u00ab\u00a0U\u00a0\u00bb dans l\u2019expression \u00ab\u00a0VUS\u00a0\u00bb. Sa m\u00e9canique hyper puissante aussi.<\/p>\n<p>Le X6 a aussi ses d\u00e9fauts. Justement, sa silhouette profil\u00e9e et tr\u00e8s sportive, qui rend la portion arri\u00e8re de ce mod\u00e8le pas mal moins pratique que celle du X5, avec qui il partage beaucoup de composants. En plus, le X5, on va se le dire, c\u2019est le \u00abvrai\u00bb VUS de luxe. L\u2019original. C\u2019\u00e9tait le premier gros VUS de BMW, celui \u00e0 qui le constructeur bavarois doit son \u00e9norme succ\u00e8s commercial des 20 derni\u00e8res ann\u00e9es en Am\u00e9rique du Nord, si on peut r\u00e9sumer \u00e7a comme \u00e7a.<\/p>\n<p>Mais, voil\u00e0. Le X6 a \u00e9t\u00e9 grandement mis \u00e0 niveau dans la derni\u00e8re ann\u00e9e. Et parce que les clients des constructeurs allemands semblent en vouloir toujours plus, on a ajout\u00e9 deux variantes M qui n\u2019ont peur de rien. Le X6 M60i a un V8 biturbo sous le capot qui produit 530 chevaux. Et si ce n\u2019est pas assez, le X6 M Competition fait monter la puissance totale \u00e0 617 chevaux. C\u2019est \u00e9norme!<\/p>\n<p>C\u2019est probablement trop. C\u2019est extr\u00eamement d\u00e9cadent. Et au prix o\u00f9 BMW vend le X6, c\u2019est un v\u00e9hicule qui est aussi un peu nich\u00e9. Sa version de base co\u00fbte au bas mot 95\u00a0000$ et on n\u2019a encore ajout\u00e9 aucune option. Le X6 M60i co\u00fbte 145\u00a0000$. \u00c9videmment, \u00e0 ce prix, tout est une question de go\u00fbt, mais il y a peut-\u00eatre du c\u00f4t\u00e9 de chez Porsche ou m\u00eame chez Tesla un Cayenne e-Hybrid ou un Model S Plaid qui vaudrait le coup d\u2019\u0153il, avant de se pr\u00e9cipiter sur un X6.<\/p>\n<p>Cela dit, la formule dans les trois cas est la m\u00eame\u00a0: on assume la d\u00e9mesure compl\u00e8te de la b\u00eate. Et surtout, on parvient \u00e0 la pr\u00e9senter d\u2019une fa\u00e7on qui rend le tout si agr\u00e9able \u00e0 conduire qu\u2019on oublie un peu ce qu\u2019on a sous la main. Car au volant du X6 M60i, on a l\u2019impression d\u2019\u00eatre sur un nuage, tellement le v\u00e9hicule est raffin\u00e9. La bo\u00eete de transmission passe les rapports rapidement mais doucement. On a toujours tout le couple d\u00e9sir\u00e9 sous l\u2019acc\u00e9l\u00e9rateur. Et on ne s\u2019en aper\u00e7oit que trop tard, mais on d\u00e9passe constamment la limite de vitesse. Si souvent, en fait, que \u00e7a devient irritant.<\/p>\n<p>Il faut dire que le V8 biturbo de BMW est une cylindr\u00e9e remarquable. Mais BMW a aussi r\u00e9ussi \u00e0 l\u2019optimiser de fa\u00e7on \u00e0 le rendre un peu plus raisonnable, m\u00eame \u00e0 la pompe. \u00c0 moins de piloter ce X6 sur une piste de course, vous devriez obtenir une consommation moyenne qui se situe aux alentours des 11 \u00e0 12 litres aux 100 kilom\u00e8tres.<\/p>\n<h3>C\u2019est pas mal.<\/h3>\n<p>\nEn prime, l\u2019habitacle est tr\u00e8s bien insonoris\u00e9. On entend \u00e0 peine le moteur rugir, et on entend encore moins tous les bruits environnants. C\u2019est tr\u00e8s silencieux. \u00c7a laisse toute la place \u00e0 la sono, qui a un mode ambiophonique \u00e9tonnamment convaincant.<\/p>\n<p>Au volant, ou m\u00eame comme passager, on ne manque pas de d\u00e9gagement, mais \u00e7a se g\u00e2te un peu \u00e0 l\u2019arri\u00e8re, vu la courbe du toit. Ceci n\u2019est pas un v\u00e9hicule familial, ou en tout cas, il l\u2019est moins qu\u2019un VUS plus conventionnel, comme le X5, justement.<\/p>\n<p>Mais l\u2019objectif du X6, surtout dans ses livr\u00e9es \u00e0 \u00e9cusson M, n\u2019est pas de faire plaisir \u00e0 la famille. C\u2019est vraiment d\u2019attirer les gens qui \u00e0 une autre \u00e9poque auraient voulu une S\u00e9rie 5, ou m\u00eame une M5, et qui comme le reste du march\u00e9 automobile pr\u00e9f\u00e8rent aujourd\u2019hui les attributs d\u2019un VUS.<\/p>\n<p>Car le X6, c\u2019est exactement \u00e7a\u00a0: la partie du bas est celle d\u2019un VUS. La partie du haut est celle d\u2019une grosse berline allemande. Son comportement d\u00e9pend du moteur qui a sous le capot. Et dans tous les cas, vu son prix de d\u00e9tail, on a l\u2019impression que les acheteurs pr\u00e9f\u00e9reront peut-\u00eatre un VUS tout \u00e9lectrique de la gamme \u00abiX\u00bb de BMW, ce qui, \u00e0 bien y penser, ne r\u00e9duira pas beaucoup leur plaisir de conduire, mais leur permettra aussi de conduire un v\u00e9hicule mieux adapt\u00e9s \u00e0 notre r\u00e9alit\u00e9 actuelle.<\/p>\n<p>Le texte <a rel=\"nofollow\" href=\"https:\/\/annuelauto.ca\/bmw-x6-m60i\/\">BMW X6 M60i<\/a> provient de <a rel=\"nofollow\" href=\"https:\/\/annuelauto.ca\">L&#8217;annuel de l&#8217;automobile &#8211; Actualit\u00e9 automobile<\/a><\/p>\n<p><\/p>\n","protected":false},"excerpt":{"rendered":"<p>Apparemment, le X6 de BMW n\u2019a pas dit son dernier mot. Ce mod\u00e8le de VUS sportif est un pionnier de ce qu\u2019on peut appeler le march\u00e9 des gros v\u00e9hicules multisegments haut de gamme. Il vient avec certaines qualit\u00e9s manifestes. Par exemple, sa silhouette profil\u00e9e et tr\u00e8s sportive attire des acheteurs qui veulent le \u00ab\u00a0S\u00a0\u00bb plus [&hellip;]<\/p>\n","protected":false},"author":8,"featured_media":153105,"comment_status":"close","ping_status":"closed","sticky":false,"template":"","format":"standard","meta":{"_monsterinsights_skip_tracking":false,"_monsterinsights_sitenote_active":false,"_monsterinsights_sitenote_note":"","_monsterinsights_sitenote_category":0,"footnotes":""},"categories":[101],"tags":[],"yoast_head":"<!-- This site is optimized with the Yoast SEO plugin v23.2 - https:\/\/yoast.com\/wordpress\/plugins\/seo\/ -->\n<title>BMW X6 M60i - CanadaMotorJobs.com<\/title>\n<meta name=\"description\" content=\"BMW X6 M60i - Benoit Charette - Annuel automobile - CanadaMotorJobs.com.\" \/>\n<meta name=\"robots\" content=\"index, follow, max-snippet:-1, max-image-preview:large, max-video-preview:-1\" \/>\n<meta property=\"og:locale\" content=\"fr_CA\" \/>\n<meta property=\"og:type\" content=\"article\" \/>\n<meta property=\"og:title\" content=\"BMW X6 M60i - CanadaMotorJobs.com\" \/>\n<meta property=\"og:description\" content=\"BMW X6 M60i - Benoit Charette - Annuel automobile - CanadaMotorJobs.com.\" \/>\n<meta property=\"og:url\" content=\"https:\/\/news.canadamotorjobs.com\/fr\/bmw-x6-m60i\/\" \/>\n<meta property=\"og:site_name\" content=\"CanadaMotorJobs.com\" \/>\n<meta property=\"article:publisher\" content=\"https:\/\/www.facebook.com\/canadamotorjobs\/\" \/>\n<meta property=\"article:published_time\" content=\"2023-11-02T11:20:54+00:00\" \/>\n<meta property=\"article:modified_time\" content=\"2023-11-02T11:36:04+00:00\" \/>\n<meta property=\"og:image\" content=\"https:\/\/news.canadamotorjobs.com\/wp-content\/uploads\/2023\/11\/P90367362_highRes_the-new-bmw-x6-m-and.jpg\" \/>\n\t<meta property=\"og:image:width\" content=\"1200\" \/>\n\t<meta property=\"og:image:height\" content=\"800\" \/>\n\t<meta property=\"og:image:type\" content=\"image\/jpeg\" \/>\n<meta name=\"author\" content=\"Benoit Charette\" \/>\n<meta name=\"twitter:card\" content=\"summary_large_image\" \/>\n<meta name=\"twitter:creator\" content=\"@canadamotorjobs\" \/>\n<meta name=\"twitter:site\" content=\"@canadamotorjobs\" \/>\n<meta name=\"twitter:label1\" content=\"\u00c9crit par\" \/>\n\t<meta name=\"twitter:data1\" content=\"Benoit Charette\" \/>\n\t<meta name=\"twitter:label2\" content=\"Estimation du temps de lecture\" \/>\n\t<meta name=\"twitter:data2\" content=\"4 minutes\" \/>\n<!-- \/ Yoast SEO plugin. -->","yoast_head_json":{"title":"BMW X6 M60i - CanadaMotorJobs.com","description":"BMW X6 M60i - Benoit Charette - Annuel automobile - CanadaMotorJobs.com.","robots":{"index":"index","follow":"follow","max-snippet":"max-snippet:-1","max-image-preview":"max-image-preview:large","max-video-preview":"max-video-preview:-1"},"og_locale":"fr_CA","og_type":"article","og_title":"BMW X6 M60i - CanadaMotorJobs.com","og_description":"BMW X6 M60i - Benoit Charette - Annuel automobile - CanadaMotorJobs.com.","og_url":"https:\/\/news.canadamotorjobs.com\/fr\/bmw-x6-m60i\/","og_site_name":"CanadaMotorJobs.com","article_publisher":"https:\/\/www.facebook.com\/canadamotorjobs\/","article_published_time":"2023-11-02T11:20:54+00:00","article_modified_time":"2023-11-02T11:36:04+00:00","og_image":[{"width":1200,"height":800,"url":"https:\/\/news.canadamotorjobs.com\/wp-content\/uploads\/2023\/11\/P90367362_highRes_the-new-bmw-x6-m-and.jpg","type":"image\/jpeg"}],"author":"Benoit Charette","twitter_card":"summary_large_image","twitter_creator":"@canadamotorjobs","twitter_site":"@canadamotorjobs","twitter_misc":{"\u00c9crit par":"Benoit Charette","Estimation du temps de lecture":"4 minutes"},"schema":{"@context":"https:\/\/schema.org","@graph":[{"@type":"Article","@id":"https:\/\/news.canadamotorjobs.com\/fr\/bmw-x6-m60i\/#article","isPartOf":{"@id":"https:\/\/news.canadamotorjobs.com\/fr\/bmw-x6-m60i\/"},"author":{"name":"Benoit Charette","@id":"https:\/\/news.canadamotorjobs.com\/#\/schema\/person\/51793d1f87d44011d7bcc2ed99269a90"},"headline":"BMW X6 M60i","datePublished":"2023-11-02T11:20:54+00:00","dateModified":"2023-11-02T11:36:04+00:00","mainEntityOfPage":{"@id":"https:\/\/news.canadamotorjobs.com\/fr\/bmw-x6-m60i\/"},"wordCount":815,"publisher":{"@id":"https:\/\/news.canadamotorjobs.com\/#organization"},"image":{"@id":"https:\/\/news.canadamotorjobs.com\/fr\/bmw-x6-m60i\/#primaryimage"},"thumbnailUrl":"https:\/\/news.canadamotorjobs.com\/wp-content\/uploads\/2023\/11\/P90367362_highRes_the-new-bmw-x6-m-and.jpg","articleSection":["Annuel automobile"],"inLanguage":"fr-CA"},{"@type":"WebPage","@id":"https:\/\/news.canadamotorjobs.com\/fr\/bmw-x6-m60i\/","url":"https:\/\/news.canadamotorjobs.com\/fr\/bmw-x6-m60i\/","name":"BMW X6 M60i - CanadaMotorJobs.com","isPartOf":{"@id":"https:\/\/news.canadamotorjobs.com\/#website"},"primaryImageOfPage":{"@id":"https:\/\/news.canadamotorjobs.com\/fr\/bmw-x6-m60i\/#primaryimage"},"image":{"@id":"https:\/\/news.canadamotorjobs.com\/fr\/bmw-x6-m60i\/#primaryimage"},"thumbnailUrl":"https:\/\/news.canadamotorjobs.com\/wp-content\/uploads\/2023\/11\/P90367362_highRes_the-new-bmw-x6-m-and.jpg","datePublished":"2023-11-02T11:20:54+00:00","dateModified":"2023-11-02T11:36:04+00:00","description":"BMW X6 M60i - Benoit Charette - Annuel automobile - CanadaMotorJobs.com.","breadcrumb":{"@id":"https:\/\/news.canadamotorjobs.com\/fr\/bmw-x6-m60i\/#breadcrumb"},"inLanguage":"fr-CA","potentialAction":[{"@type":"ReadAction","target":["https:\/\/news.canadamotorjobs.com\/fr\/bmw-x6-m60i\/"]}]},{"@type":"ImageObject","inLanguage":"fr-CA","@id":"https:\/\/news.canadamotorjobs.com\/fr\/bmw-x6-m60i\/#primaryimage","url":"https:\/\/news.canadamotorjobs.com\/wp-content\/uploads\/2023\/11\/P90367362_highRes_the-new-bmw-x6-m-and.jpg","contentUrl":"https:\/\/news.canadamotorjobs.com\/wp-content\/uploads\/2023\/11\/P90367362_highRes_the-new-bmw-x6-m-and.jpg","width":1200,"height":800},{"@type":"BreadcrumbList","@id":"https:\/\/news.canadamotorjobs.com\/fr\/bmw-x6-m60i\/#breadcrumb","itemListElement":[{"@type":"ListItem","position":1,"name":"Home","item":"https:\/\/news.canadamotorjobs.com\/fr\/blog\/"},{"@type":"ListItem","position":2,"name":"BMW X6 M60i"}]},{"@type":"WebSite","@id":"https:\/\/news.canadamotorjobs.com\/#website","url":"https:\/\/news.canadamotorjobs.com\/","name":"CanadaMotorJobs.com","description":"Automotive Jobs","publisher":{"@id":"https:\/\/news.canadamotorjobs.com\/#organization"},"potentialAction":[{"@type":"SearchAction","target":{"@type":"EntryPoint","urlTemplate":"https:\/\/news.canadamotorjobs.com\/?s={search_term_string}"},"query-input":"required name=search_term_string"}],"inLanguage":"fr-CA"},{"@type":"Organization","@id":"https:\/\/news.canadamotorjobs.com\/#organization","name":"Canada Motor Jobs","url":"https:\/\/news.canadamotorjobs.com\/","logo":{"@type":"ImageObject","inLanguage":"fr-CA","@id":"https:\/\/news.canadamotorjobs.com\/#\/schema\/logo\/image\/","url":"https:\/\/news.canadamotorjobs.com\/wp-content\/uploads\/2022\/10\/logo-canada-motor-jobs-1.png","contentUrl":"https:\/\/news.canadamotorjobs.com\/wp-content\/uploads\/2022\/10\/logo-canada-motor-jobs-1.png","width":800,"height":400,"caption":"Canada Motor Jobs"},"image":{"@id":"https:\/\/news.canadamotorjobs.com\/#\/schema\/logo\/image\/"},"sameAs":["https:\/\/www.facebook.com\/canadamotorjobs\/","https:\/\/x.com\/canadamotorjobs","https:\/\/www.instagram.com\/canadamotorjobs\/","https:\/\/www.linkedin.com\/company\/canadamotorjobs"]},{"@type":"Person","@id":"https:\/\/news.canadamotorjobs.com\/#\/schema\/person\/51793d1f87d44011d7bcc2ed99269a90","name":"Benoit Charette","image":{"@type":"ImageObject","inLanguage":"fr-CA","@id":"https:\/\/news.canadamotorjobs.com\/#\/schema\/person\/image\/","url":"https:\/\/secure.gravatar.com\/avatar\/45f3d2eebcccd909668d7ce7ea7267b6?s=96&d=mm&r=g","contentUrl":"https:\/\/secure.gravatar.com\/avatar\/45f3d2eebcccd909668d7ce7ea7267b6?s=96&d=mm&r=g","caption":"Benoit Charette"},"description":"Benoit Charette \/ Propri\u00e9taire et r\u00e9dacteur en chef Benoit Charette pratique le journalisme automobile depuis bient\u00f4t 30 ans. Il a fait ses classes au c\u00f4t\u00e9 de Daniel H\u00e9raud et au Carnet de route de 1992 \u00e0 2001. Il est fondateur, copropri\u00e9taire et r\u00e9dacteur en chef de L\u2019Annuel de l\u2019automobile, qu\u2019il publie depuis 2001. Il a anim\u00e9 les \u00e9missions RPM et RPM+ sur V et les L\u00e9gendes de la route sur Historia. \u00c0 la radio depuis 1986, il reprend l\u2019antenne cette ann\u00e9e sur les ondes de Cogeco et participe pour la deuxi\u00e8me ann\u00e9e \u00e0 l\u2019\u00e9mission Passion Auto sur RDS en plus de mettre en ligne le site Web officiel de L\u2019Annuel de l\u2019automobile sur annuelauto.ca.","sameAs":["https:\/\/annuelauto.ca\/"],"url":"https:\/\/news.canadamotorjobs.com\/fr\/author\/benoit-charette\/"}]}},"_links":{"self":[{"href":"https:\/\/news.canadamotorjobs.com\/fr\/wp-json\/wp\/v2\/posts\/153103"}],"collection":[{"href":"https:\/\/news.canadamotorjobs.com\/fr\/wp-json\/wp\/v2\/posts"}],"about":[{"href":"https:\/\/news.canadamotorjobs.com\/fr\/wp-json\/wp\/v2\/types\/post"}],"author":[{"embeddable":true,"href":"https:\/\/news.canadamotorjobs.com\/fr\/wp-json\/wp\/v2\/users\/8"}],"replies":[{"embeddable":true,"href":"https:\/\/news.canadamotorjobs.com\/fr\/wp-json\/wp\/v2\/comments?post=153103"}],"version-history":[{"count":2,"href":"https:\/\/news.canadamotorjobs.com\/fr\/wp-json\/wp\/v2\/posts\/153103\/revisions"}],"predecessor-version":[{"id":153107,"href":"https:\/\/news.canadamotorjobs.com\/fr\/wp-json\/wp\/v2\/posts\/153103\/revisions\/153107"}],"wp:featuredmedia":[{"embeddable":true,"href":"https:\/\/news.canadamotorjobs.com\/fr\/wp-json\/wp\/v2\/media\/153105"}],"wp:attachment":[{"href":"https:\/\/news.canadamotorjobs.com\/fr\/wp-json\/wp\/v2\/media?parent=153103"}],"wp:term":[{"taxonomy":"category","embeddable":true,"href":"https:\/\/news.canadamotorjobs.com\/fr\/wp-json\/wp\/v2\/categories?post=153103"},{"taxonomy":"post_tag","embeddable":true,"href":"https:\/\/news.canadamotorjobs.com\/fr\/wp-json\/wp\/v2\/tags?post=153103"}],"curies":[{"name":"wp","href":"https:\/\/api.w.org\/{rel}","templated":true}]}}