{"id":153084,"date":"2023-11-02T07:09:10","date_gmt":"2023-11-02T11:09:10","guid":{"rendered":"https:\/\/news.canadamotorjobs.com\/?p=153084"},"modified":"2023-11-02T07:13:48","modified_gmt":"2023-11-02T11:13:48","slug":"on-pourrait-bientot-pouvoir-charger-sa-voiture-electrique-en-10-minutes","status":"publish","type":"post","link":"https:\/\/news.canadamotorjobs.com\/fr\/on-pourrait-bientot-pouvoir-charger-sa-voiture-electrique-en-10-minutes\/","title":{"rendered":"On pourrait bient\u00f4t pouvoir charger sa voiture \u00e9lectrique en 10 minutes"},"content":{"rendered":"<\/p>\n<p>Une entreprise technologique d\u2019Isra\u00ebl dit avoir effectu\u00e9 une perc\u00e9e majeure dans une application d\u2019intelligence artificielle qui lui permettrait de recharger pleinement et en 10 minutes seulement la batterie d\u2019un v\u00e9hicule \u00e9lectrique, sans endommager ses composants ni sans r\u00e9duire la dur\u00e9e de sa vie utile.<\/p>\n<p>L\u2019entreprise, appel\u00e9e StoreDot, dit avoir test\u00e9 sa batterie au lithium en la soumettant d\u2019abord \u00e0 1000 recharges compl\u00e8tes, durant lesquelles elle n\u2019a observ\u00e9 aucune d\u00e9gradation additionnelle \u00e0 celle d\u2019une batterie de v\u00e9hicule \u00e9lectrique conventionnelle.<\/p>\n<p>Son processus permet de charger \u00e0 vitesse normale une batterie pour une charge qui irait de 0 \u00e0 10 % de sa capacit\u00e9, puis d\u2019appliquer une recharge extr\u00eamement rapide pour passer de 10 \u00e0 80 % de sa capacit\u00e9, puis de compl\u00e9ter la recharge \u00e0 une vitesse moindre pour passer de 80 \u00e0 100 % de sa capacit\u00e9.<\/p>\n<p>C\u2019est la recharge rapide de 10 \u00e0 80 % qui peut se faire en 10 minutes ou moins, et c\u2019est l\u00e0 o\u00f9 StoreDot joue un peu sur les mots, mais \u00e7a permet aussi de bien comprendre comment fonctionnent les v\u00e9hicules \u00e9lectriques d\u00e9j\u00e0 en march\u00e9. Car pour fonctionner ad\u00e9quatement, les v\u00e9hicules \u00e9lectriques n\u2019utilisent jamais la totalit\u00e9 de la capacit\u00e9 de leur batterie. Le 100% que vous voyez indiqu\u00e9 dans les cadrans derri\u00e8re le volant de votre voiture ne repr\u00e9sentent pas la pleine charge de votre batterie, mais seulement sa charge utile.<\/p>\n<p>Et cette charge utile ressemble beaucoup \u00e0 la zone du milieu, le 10 \u00e0 80 % de la charge r\u00e9elle de la batterie, que StoreDot peut compl\u00e9ter en 10 minutes ou moins. C\u2019est int\u00e9ressant, \u00e9tant donn\u00e9 qu\u2019en ce moment, le mieux qu\u2019on peut faire sur les v\u00e9hicules \u00e9lectriques les plus modernes est d\u2019atteindre 80% de recharge en 20 \u00e0 30 minutes.<\/p>\n<p>Si on arrive \u00e0 couper \u00e7a en deux ou en trois, pour que \u00e7a ne prenne qu\u2019une dizaine de minutes en tout, on parvient \u00e0 reproduire \u00e0 peu pr\u00e8s la m\u00eame exp\u00e9rience que celle que vivent les automobilistes quand ils arr\u00eatent \u00e0 la station-service pour faire le plein d\u2019essence.<\/p>\n<p>Et c\u2019est, semble-t-il, l\u2019objectif de StoreDot. On verra bien si sa technologie finit par \u00eatre mise en march\u00e9\u2026 StoreDot est une startup qui est financ\u00e9e entre autres par le groupe Volvo\u2026<\/p>\n<p>Le texte <a rel=\"nofollow\" href=\"https:\/\/annuelauto.ca\/on-pourrait-bientot-pouvoir-charger-sa-voiture-electrique-en-10-minutes\/\">On pourrait bient\u00f4t pouvoir charger sa voiture \u00e9lectrique en 10 minutes<\/a> provient de <a rel=\"nofollow\" href=\"https:\/\/annuelauto.ca\">L&#8217;annuel de l&#8217;automobile &#8211; Actualit\u00e9 automobile<\/a><\/p>\n<p><\/p>\n","protected":false},"excerpt":{"rendered":"<p>Une entreprise technologique d\u2019Isra\u00ebl dit avoir effectu\u00e9 une perc\u00e9e majeure dans une application d\u2019intelligence artificielle qui lui permettrait de recharger pleinement et en 10 minutes seulement la batterie d\u2019un v\u00e9hicule \u00e9lectrique, sans endommager ses composants ni sans r\u00e9duire la dur\u00e9e de sa vie utile. L\u2019entreprise, appel\u00e9e StoreDot, dit avoir test\u00e9 sa batterie au lithium en [&hellip;]<\/p>\n","protected":false},"author":8,"featured_media":153086,"comment_status":"close","ping_status":"closed","sticky":false,"template":"","format":"standard","meta":{"_monsterinsights_skip_tracking":false,"_monsterinsights_sitenote_active":false,"_monsterinsights_sitenote_note":"","_monsterinsights_sitenote_category":0,"footnotes":""},"categories":[101],"tags":[],"yoast_head":"<!-- This site is optimized with the Yoast SEO plugin v23.2 - https:\/\/yoast.com\/wordpress\/plugins\/seo\/ -->\n<title>On pourrait bient\u00f4t pouvoir charger sa voiture \u00e9lectrique en 10 minutes - CanadaMotorJobs.com<\/title>\n<meta name=\"description\" content=\"On pourrait bient\u00f4t pouvoir charger sa voiture \u00e9lectrique en 10 minutes - Benoit Charette - Annuel automobile - CanadaMotorJobs.com.\" \/>\n<meta name=\"robots\" content=\"index, follow, max-snippet:-1, max-image-preview:large, max-video-preview:-1\" \/>\n<meta property=\"og:locale\" content=\"fr_CA\" \/>\n<meta property=\"og:type\" content=\"article\" \/>\n<meta property=\"og:title\" content=\"On pourrait bient\u00f4t pouvoir charger sa voiture \u00e9lectrique en 10 minutes - CanadaMotorJobs.com\" \/>\n<meta property=\"og:description\" content=\"On pourrait bient\u00f4t pouvoir charger sa voiture \u00e9lectrique en 10 minutes - Benoit Charette - Annuel automobile - CanadaMotorJobs.com.\" \/>\n<meta property=\"og:url\" content=\"https:\/\/news.canadamotorjobs.com\/fr\/on-pourrait-bientot-pouvoir-charger-sa-voiture-electrique-en-10-minutes\/\" \/>\n<meta property=\"og:site_name\" content=\"CanadaMotorJobs.com\" \/>\n<meta property=\"article:publisher\" content=\"https:\/\/www.facebook.com\/canadamotorjobs\/\" \/>\n<meta property=\"article:published_time\" content=\"2023-11-02T11:09:10+00:00\" \/>\n<meta property=\"article:modified_time\" content=\"2023-11-02T11:13:48+00:00\" \/>\n<meta property=\"og:image\" content=\"https:\/\/news.canadamotorjobs.com\/wp-content\/uploads\/2023\/11\/storedot.png\" \/>\n\t<meta property=\"og:image:width\" content=\"773\" \/>\n\t<meta property=\"og:image:height\" content=\"501\" \/>\n\t<meta property=\"og:image:type\" content=\"image\/png\" \/>\n<meta name=\"author\" content=\"Benoit Charette\" \/>\n<meta name=\"twitter:card\" content=\"summary_large_image\" \/>\n<meta name=\"twitter:creator\" content=\"@canadamotorjobs\" \/>\n<meta name=\"twitter:site\" content=\"@canadamotorjobs\" \/>\n<meta name=\"twitter:label1\" content=\"\u00c9crit par\" \/>\n\t<meta name=\"twitter:data1\" content=\"Benoit Charette\" \/>\n\t<meta name=\"twitter:label2\" content=\"Estimation du temps de lecture\" \/>\n\t<meta name=\"twitter:data2\" content=\"2 minutes\" \/>\n<!-- \/ Yoast SEO plugin. -->","yoast_head_json":{"title":"On pourrait bient\u00f4t pouvoir charger sa voiture \u00e9lectrique en 10 minutes - CanadaMotorJobs.com","description":"On pourrait bient\u00f4t pouvoir charger sa voiture \u00e9lectrique en 10 minutes - Benoit Charette - Annuel automobile - CanadaMotorJobs.com.","robots":{"index":"index","follow":"follow","max-snippet":"max-snippet:-1","max-image-preview":"max-image-preview:large","max-video-preview":"max-video-preview:-1"},"og_locale":"fr_CA","og_type":"article","og_title":"On pourrait bient\u00f4t pouvoir charger sa voiture \u00e9lectrique en 10 minutes - CanadaMotorJobs.com","og_description":"On pourrait bient\u00f4t pouvoir charger sa voiture \u00e9lectrique en 10 minutes - Benoit Charette - Annuel automobile - CanadaMotorJobs.com.","og_url":"https:\/\/news.canadamotorjobs.com\/fr\/on-pourrait-bientot-pouvoir-charger-sa-voiture-electrique-en-10-minutes\/","og_site_name":"CanadaMotorJobs.com","article_publisher":"https:\/\/www.facebook.com\/canadamotorjobs\/","article_published_time":"2023-11-02T11:09:10+00:00","article_modified_time":"2023-11-02T11:13:48+00:00","og_image":[{"width":773,"height":501,"url":"https:\/\/news.canadamotorjobs.com\/wp-content\/uploads\/2023\/11\/storedot.png","type":"image\/png"}],"author":"Benoit Charette","twitter_card":"summary_large_image","twitter_creator":"@canadamotorjobs","twitter_site":"@canadamotorjobs","twitter_misc":{"\u00c9crit par":"Benoit Charette","Estimation du temps de lecture":"2 minutes"},"schema":{"@context":"https:\/\/schema.org","@graph":[{"@type":"Article","@id":"https:\/\/news.canadamotorjobs.com\/fr\/on-pourrait-bientot-pouvoir-charger-sa-voiture-electrique-en-10-minutes\/#article","isPartOf":{"@id":"https:\/\/news.canadamotorjobs.com\/fr\/on-pourrait-bientot-pouvoir-charger-sa-voiture-electrique-en-10-minutes\/"},"author":{"name":"Benoit Charette","@id":"https:\/\/news.canadamotorjobs.com\/#\/schema\/person\/51793d1f87d44011d7bcc2ed99269a90"},"headline":"On pourrait bient\u00f4t pouvoir charger sa voiture \u00e9lectrique en 10 minutes","datePublished":"2023-11-02T11:09:10+00:00","dateModified":"2023-11-02T11:13:48+00:00","mainEntityOfPage":{"@id":"https:\/\/news.canadamotorjobs.com\/fr\/on-pourrait-bientot-pouvoir-charger-sa-voiture-electrique-en-10-minutes\/"},"wordCount":408,"publisher":{"@id":"https:\/\/news.canadamotorjobs.com\/#organization"},"image":{"@id":"https:\/\/news.canadamotorjobs.com\/fr\/on-pourrait-bientot-pouvoir-charger-sa-voiture-electrique-en-10-minutes\/#primaryimage"},"thumbnailUrl":"https:\/\/news.canadamotorjobs.com\/wp-content\/uploads\/2023\/11\/storedot.png","articleSection":["Annuel automobile"],"inLanguage":"fr-CA"},{"@type":"WebPage","@id":"https:\/\/news.canadamotorjobs.com\/fr\/on-pourrait-bientot-pouvoir-charger-sa-voiture-electrique-en-10-minutes\/","url":"https:\/\/news.canadamotorjobs.com\/fr\/on-pourrait-bientot-pouvoir-charger-sa-voiture-electrique-en-10-minutes\/","name":"On pourrait bient\u00f4t pouvoir charger sa voiture \u00e9lectrique en 10 minutes - CanadaMotorJobs.com","isPartOf":{"@id":"https:\/\/news.canadamotorjobs.com\/#website"},"primaryImageOfPage":{"@id":"https:\/\/news.canadamotorjobs.com\/fr\/on-pourrait-bientot-pouvoir-charger-sa-voiture-electrique-en-10-minutes\/#primaryimage"},"image":{"@id":"https:\/\/news.canadamotorjobs.com\/fr\/on-pourrait-bientot-pouvoir-charger-sa-voiture-electrique-en-10-minutes\/#primaryimage"},"thumbnailUrl":"https:\/\/news.canadamotorjobs.com\/wp-content\/uploads\/2023\/11\/storedot.png","datePublished":"2023-11-02T11:09:10+00:00","dateModified":"2023-11-02T11:13:48+00:00","description":"On pourrait bient\u00f4t pouvoir charger sa voiture \u00e9lectrique en 10 minutes - Benoit Charette - Annuel automobile - CanadaMotorJobs.com.","breadcrumb":{"@id":"https:\/\/news.canadamotorjobs.com\/fr\/on-pourrait-bientot-pouvoir-charger-sa-voiture-electrique-en-10-minutes\/#breadcrumb"},"inLanguage":"fr-CA","potentialAction":[{"@type":"ReadAction","target":["https:\/\/news.canadamotorjobs.com\/fr\/on-pourrait-bientot-pouvoir-charger-sa-voiture-electrique-en-10-minutes\/"]}]},{"@type":"ImageObject","inLanguage":"fr-CA","@id":"https:\/\/news.canadamotorjobs.com\/fr\/on-pourrait-bientot-pouvoir-charger-sa-voiture-electrique-en-10-minutes\/#primaryimage","url":"https:\/\/news.canadamotorjobs.com\/wp-content\/uploads\/2023\/11\/storedot.png","contentUrl":"https:\/\/news.canadamotorjobs.com\/wp-content\/uploads\/2023\/11\/storedot.png","width":773,"height":501},{"@type":"BreadcrumbList","@id":"https:\/\/news.canadamotorjobs.com\/fr\/on-pourrait-bientot-pouvoir-charger-sa-voiture-electrique-en-10-minutes\/#breadcrumb","itemListElement":[{"@type":"ListItem","position":1,"name":"Home","item":"https:\/\/news.canadamotorjobs.com\/fr\/blog\/"},{"@type":"ListItem","position":2,"name":"On pourrait bient\u00f4t pouvoir charger sa voiture \u00e9lectrique en 10 minutes"}]},{"@type":"WebSite","@id":"https:\/\/news.canadamotorjobs.com\/#website","url":"https:\/\/news.canadamotorjobs.com\/","name":"CanadaMotorJobs.com","description":"Automotive Jobs","publisher":{"@id":"https:\/\/news.canadamotorjobs.com\/#organization"},"potentialAction":[{"@type":"SearchAction","target":{"@type":"EntryPoint","urlTemplate":"https:\/\/news.canadamotorjobs.com\/?s={search_term_string}"},"query-input":"required name=search_term_string"}],"inLanguage":"fr-CA"},{"@type":"Organization","@id":"https:\/\/news.canadamotorjobs.com\/#organization","name":"Canada Motor Jobs","url":"https:\/\/news.canadamotorjobs.com\/","logo":{"@type":"ImageObject","inLanguage":"fr-CA","@id":"https:\/\/news.canadamotorjobs.com\/#\/schema\/logo\/image\/","url":"https:\/\/news.canadamotorjobs.com\/wp-content\/uploads\/2022\/10\/logo-canada-motor-jobs-1.png","contentUrl":"https:\/\/news.canadamotorjobs.com\/wp-content\/uploads\/2022\/10\/logo-canada-motor-jobs-1.png","width":800,"height":400,"caption":"Canada Motor Jobs"},"image":{"@id":"https:\/\/news.canadamotorjobs.com\/#\/schema\/logo\/image\/"},"sameAs":["https:\/\/www.facebook.com\/canadamotorjobs\/","https:\/\/x.com\/canadamotorjobs","https:\/\/www.instagram.com\/canadamotorjobs\/","https:\/\/www.linkedin.com\/company\/canadamotorjobs"]},{"@type":"Person","@id":"https:\/\/news.canadamotorjobs.com\/#\/schema\/person\/51793d1f87d44011d7bcc2ed99269a90","name":"Benoit Charette","image":{"@type":"ImageObject","inLanguage":"fr-CA","@id":"https:\/\/news.canadamotorjobs.com\/#\/schema\/person\/image\/","url":"https:\/\/secure.gravatar.com\/avatar\/45f3d2eebcccd909668d7ce7ea7267b6?s=96&d=mm&r=g","contentUrl":"https:\/\/secure.gravatar.com\/avatar\/45f3d2eebcccd909668d7ce7ea7267b6?s=96&d=mm&r=g","caption":"Benoit Charette"},"description":"Benoit Charette \/ Propri\u00e9taire et r\u00e9dacteur en chef Benoit Charette pratique le journalisme automobile depuis bient\u00f4t 30 ans. Il a fait ses classes au c\u00f4t\u00e9 de Daniel H\u00e9raud et au Carnet de route de 1992 \u00e0 2001. Il est fondateur, copropri\u00e9taire et r\u00e9dacteur en chef de L\u2019Annuel de l\u2019automobile, qu\u2019il publie depuis 2001. Il a anim\u00e9 les \u00e9missions RPM et RPM+ sur V et les L\u00e9gendes de la route sur Historia. \u00c0 la radio depuis 1986, il reprend l\u2019antenne cette ann\u00e9e sur les ondes de Cogeco et participe pour la deuxi\u00e8me ann\u00e9e \u00e0 l\u2019\u00e9mission Passion Auto sur RDS en plus de mettre en ligne le site Web officiel de L\u2019Annuel de l\u2019automobile sur annuelauto.ca.","sameAs":["https:\/\/annuelauto.ca\/"],"url":"https:\/\/news.canadamotorjobs.com\/fr\/author\/benoit-charette\/"}]}},"_links":{"self":[{"href":"https:\/\/news.canadamotorjobs.com\/fr\/wp-json\/wp\/v2\/posts\/153084"}],"collection":[{"href":"https:\/\/news.canadamotorjobs.com\/fr\/wp-json\/wp\/v2\/posts"}],"about":[{"href":"https:\/\/news.canadamotorjobs.com\/fr\/wp-json\/wp\/v2\/types\/post"}],"author":[{"embeddable":true,"href":"https:\/\/news.canadamotorjobs.com\/fr\/wp-json\/wp\/v2\/users\/8"}],"replies":[{"embeddable":true,"href":"https:\/\/news.canadamotorjobs.com\/fr\/wp-json\/wp\/v2\/comments?post=153084"}],"version-history":[{"count":2,"href":"https:\/\/news.canadamotorjobs.com\/fr\/wp-json\/wp\/v2\/posts\/153084\/revisions"}],"predecessor-version":[{"id":153088,"href":"https:\/\/news.canadamotorjobs.com\/fr\/wp-json\/wp\/v2\/posts\/153084\/revisions\/153088"}],"wp:featuredmedia":[{"embeddable":true,"href":"https:\/\/news.canadamotorjobs.com\/fr\/wp-json\/wp\/v2\/media\/153086"}],"wp:attachment":[{"href":"https:\/\/news.canadamotorjobs.com\/fr\/wp-json\/wp\/v2\/media?parent=153084"}],"wp:term":[{"taxonomy":"category","embeddable":true,"href":"https:\/\/news.canadamotorjobs.com\/fr\/wp-json\/wp\/v2\/categories?post=153084"},{"taxonomy":"post_tag","embeddable":true,"href":"https:\/\/news.canadamotorjobs.com\/fr\/wp-json\/wp\/v2\/tags?post=153084"}],"curies":[{"name":"wp","href":"https:\/\/api.w.org\/{rel}","templated":true}]}}